{"id":69574,"date":"2024-08-23T19:52:17","date_gmt":"2024-08-24T01:52:17","guid":{"rendered":"https:\/\/www.grieta.org.mx\/?p=69574"},"modified":"2024-09-04T10:12:52","modified_gmt":"2024-09-04T16:12:52","slug":"ayuntamiento-de-campeche-inicia-despidos-en-el-smapac-por-privatizacion-de-servicios-publicos","status":"publish","type":"post","link":"http:\/\/www.grieta.org.mx\/index.php\/2024\/08\/23\/ayuntamiento-de-campeche-inicia-despidos-en-el-smapac-por-privatizacion-de-servicios-publicos\/","title":{"rendered":"Ayuntamiento de Campeche inicia despidos en el Smapac por privatizaci\u00f3n de servicios p\u00fablicos"},"content":{"rendered":"<p>Roberto Espinoza \/ Por Esto!<\/p>\n<p>El cese de los trabajadores en el Ayuntamiento de Campeche no se hizo esperar. Desde este viernes por la tarde, un grupo de cinco trabajadores sindicalizados del Sistema Municipal de Agua Potable y Alcantarillado de Campeche (Smapac) indic\u00f3 que hab\u00edan sido dados de baja sin una raz\u00f3n justificada.<\/p>\n<p>Gerardo Manuel Apolinar, uno de los afectados, refiri\u00f3 que fueron convocados desde las primeras horas de la ma\u00f1ana para reunirse con el nuevo encargado del \u00e1rea jur\u00eddica, identificado como \u201cWalther\u201d, quien les inform\u00f3 que ya no continuar\u00edan como trabajadores de la descentralizada.<\/p>\n<p>\u201cNos dijeron que ya no necesitan de nuestros servicios, que son \u00f3rdenes de arriba y que la pr\u00f3xima semana vayamos a buscar nuestros finiquitos porque ya nos hab\u00edan dado de baja y no se pod\u00eda hacer nada\u201d, dijo.<\/p>\n<p>Refirieron que buscar\u00e1n que el sindicato al que pertenecen atienda su situaci\u00f3n, ya que todos los trabajadores de Smapac pertenecen a un sindicato. Por lo tanto, esperan que en pr\u00f3ximos d\u00edas sean reinstalados o iniciar\u00e1n el proceso legal.<\/p>\n<p>JGH<\/p>\n<p><a href=\"https:\/\/www.poresto.net\/campeche\/2024\/8\/23\/ayuntamiento-de-campeche-inicia-despidos-en-el-smapac-por-privatizacion-de-servicios-publicos.html\" rel=\"noopener\" target=\"_blank\">https:\/\/www.poresto.net\/campeche\/2024\/8\/23\/ayuntamiento-de-campeche-inicia-despidos-en-el-smapac-por-privatizacion-de-servicios-publicos.html<\/a><\/p>\n","protected":false},"excerpt":{"rendered":"<p>Roberto Espinoza \/ Por Esto! El cese de los trabajadores en el Ayuntamiento de Campeche no se hizo esperar. Desde este viernes por la tarde, un grupo de cinco trabajadores &hellip; <a href=\"http:\/\/www.grieta.org.mx\/index.php\/2024\/08\/23\/ayuntamiento-de-campeche-inicia-despidos-en-el-smapac-por-privatizacion-de-servicios-publicos\/\" class=\"more-link\">Leer m\u00e1s<\/a><\/p>\n","protected":false},"author":2,"featured_media":69593,"comment_status":"closed","ping_status":"closed","sticky":false,"template":"","format":"standard","meta":{"ngg_post_thumbnail":0,"_jetpack_newsletter_access":"","_jetpack_dont_email_post_to_subs":false,"_jetpack_newsletter_tier_id":0,"_jetpack_memberships_contains_paywalled_content":false,"_jetpack_memberships_contains_paid_content":false,"footnotes":""},"categories":[11,80,910,2,3212,83],"tags":[105,163,2841,252],"class_list":["post-69574","post","type-post","status-publish","format-standard","has-post-thumbnail","hentry","category-campeche","category-cintillo","category-explotacion-y-precariedad-laboral","category-noticias-nacionales","category-precariedad-laboral-en-campeche","category-temas-nacionales","tag-derechos-laborales","tag-despidos","tag-explotacion-y-precariedad-laboral","tag-privatizacion","entry"],"jetpack_featured_media_url":"http:\/\/www.grieta.org.mx\/wp-content\/uploads\/2024\/09\/Despido-e1725466200453.jpg","jetpack_sharing_enabled":true,"jetpack_shortlink":"https:\/\/wp.me\/p7ZJR4-i6a","jetpack_likes_enabled":false,"jetpack-related-posts":[{"id":69786,"url":"http:\/\/www.grieta.org.mx\/index.php\/2024\/09\/09\/sindicalizados-del-ayuntamiento-de-campeche-protestan-ante-los-despidos-injustificados\/","url_meta":{"origin":69574,"position":0},"title":"Sindicalizados del Ayuntamiento de Campeche protestan ante los despidos injustificados","author":"grieta","date":"9 septiembre, 2024","format":false,"excerpt":"Wilbert Casanova Villamonte \/ Por Esto! Una fracci\u00f3n del Sindicato \u00danico de Trabajadores al Servicio del Gobierno Municipal (Sutsgm), presidida por Luis Fernando Chab Ruiz, llev\u00f3 a cabo una protesta en la sede del Ayuntamiento de Campeche. La manifestaci\u00f3n se centr\u00f3 en la demanda de que cesen los despidos que\u2026","rel":"","context":"En &quot;Campeche&quot;","block_context":{"text":"Campeche","link":"http:\/\/www.grieta.org.mx\/index.php\/category\/noticias-nacionales\/campeche\/"},"img":{"alt_text":"","src":"https:\/\/i0.wp.com\/www.grieta.org.mx\/wp-content\/uploads\/2024\/09\/Despidos-e1727142053526.jpg?resize=350%2C200","width":350,"height":200,"srcset":"https:\/\/i0.wp.com\/www.grieta.org.mx\/wp-content\/uploads\/2024\/09\/Despidos-e1727142053526.jpg?resize=350%2C200 1x, https:\/\/i0.wp.com\/www.grieta.org.mx\/wp-content\/uploads\/2024\/09\/Despidos-e1727142053526.jpg?resize=525%2C300 1.5x, https:\/\/i0.wp.com\/www.grieta.org.mx\/wp-content\/uploads\/2024\/09\/Despidos-e1727142053526.jpg?resize=700%2C400 2x"},"classes":[]},{"id":69356,"url":"http:\/\/www.grieta.org.mx\/index.php\/2024\/07\/23\/trabajadores-de-limpieza-del-hospital-oncologico-en-campeche-exigen-pago-de-su-quincena\/","url_meta":{"origin":69574,"position":1},"title":"Trabajadores de limpieza del Hospital Oncol\u00f3gico en Campeche exigen pago de su quincena","author":"grieta","date":"23 julio, 2024","format":false,"excerpt":"Wilbert Casanova \/ Por Esto! Al menos 17 trabajadoras y trabajadores de la compa\u00f1\u00eda Ah Kim Pech no reciben el pago de su quincena tras laborar en el Hospital Oncol\u00f3gico, denunciaron las inconformes. Explicaron que la empresa termin\u00f3 su contrato con el hospital que atiende a las personas con c\u00e1ncer,\u2026","rel":"","context":"En &quot;Campeche&quot;","block_context":{"text":"Campeche","link":"http:\/\/www.grieta.org.mx\/index.php\/category\/noticias-nacionales\/campeche\/"},"img":{"alt_text":"","src":"https:\/\/i0.wp.com\/www.grieta.org.mx\/wp-content\/uploads\/2024\/07\/Hospital-e1722280675600.jpg?resize=350%2C200","width":350,"height":200,"srcset":"https:\/\/i0.wp.com\/www.grieta.org.mx\/wp-content\/uploads\/2024\/07\/Hospital-e1722280675600.jpg?resize=350%2C200 1x, https:\/\/i0.wp.com\/www.grieta.org.mx\/wp-content\/uploads\/2024\/07\/Hospital-e1722280675600.jpg?resize=525%2C300 1.5x, https:\/\/i0.wp.com\/www.grieta.org.mx\/wp-content\/uploads\/2024\/07\/Hospital-e1722280675600.jpg?resize=700%2C400 2x"},"classes":[]},{"id":71444,"url":"http:\/\/www.grieta.org.mx\/index.php\/2025\/03\/28\/con-30-anos-de-servicio-despiden-injustificadamente-a-trabajadores-del-ayuntamiento-de-carmen-campeche\/","url_meta":{"origin":69574,"position":2},"title":"Con 30 a\u00f1os de servicio, despiden injustificadamente a trabajadores del Ayuntamiento de Carmen (Campeche)","author":"grieta","date":"28 marzo, 2025","format":false,"excerpt":"Perla Prado \/ Por Esto! Al menos 20 trabajadores del Ayuntamiento del Carmen, en su mayor\u00eda mujeres con m\u00e1s de 30 a\u00f1os de servicio, fueron despedidos sin ninguna consideraci\u00f3n de la administraci\u00f3n que encabeza Pablo Guti\u00e9rrez Lazarus, por lo que no se descartan posibles paros laborales y medidas de protesta\u2026","rel":"","context":"En &quot;Campeche&quot;","block_context":{"text":"Campeche","link":"http:\/\/www.grieta.org.mx\/index.php\/category\/noticias-nacionales\/campeche\/"},"img":{"alt_text":"","src":"https:\/\/i0.wp.com\/www.grieta.org.mx\/wp-content\/uploads\/2025\/03\/Despidos-e1743258100754.jpg?resize=350%2C200","width":350,"height":200,"srcset":"https:\/\/i0.wp.com\/www.grieta.org.mx\/wp-content\/uploads\/2025\/03\/Despidos-e1743258100754.jpg?resize=350%2C200 1x, https:\/\/i0.wp.com\/www.grieta.org.mx\/wp-content\/uploads\/2025\/03\/Despidos-e1743258100754.jpg?resize=525%2C300 1.5x, https:\/\/i0.wp.com\/www.grieta.org.mx\/wp-content\/uploads\/2025\/03\/Despidos-e1743258100754.jpg?resize=700%2C400 2x"},"classes":[]},{"id":70013,"url":"http:\/\/www.grieta.org.mx\/index.php\/2024\/10\/05\/incertidumbre-entre-500-trabajadores-del-rancho-santa-genoveva-en-campeche\/","url_meta":{"origin":69574,"position":3},"title":"Incertidumbre Entre 500 Trabajadores del Rancho Santa Genoveva en Campeche","author":"grieta","date":"5 octubre, 2024","format":false,"excerpt":"Redacci\u00f3n\/CAMBIO 22 La empresa manda a descansar por dos meses a sus empleados sin darles mayores explicaciones \u25ba Temen cierre de la compa\u00f1\u00eda agropecuaria establecida hace 22 a\u00f1os en la entidad HOPELCH\u00c9N, CAM., 5 de octubre.- Establecida hace 22 a\u00f1os en Campeche, con el prop\u00f3sito de realizar actividades forestales y\u2026","rel":"","context":"En &quot;Campeche&quot;","block_context":{"text":"Campeche","link":"http:\/\/www.grieta.org.mx\/index.php\/category\/noticias-nacionales\/campeche\/"},"img":{"alt_text":"","src":"https:\/\/i0.wp.com\/www.grieta.org.mx\/wp-content\/uploads\/2024\/10\/Rancho-e1728222112241.jpg?resize=350%2C200","width":350,"height":200,"srcset":"https:\/\/i0.wp.com\/www.grieta.org.mx\/wp-content\/uploads\/2024\/10\/Rancho-e1728222112241.jpg?resize=350%2C200 1x, https:\/\/i0.wp.com\/www.grieta.org.mx\/wp-content\/uploads\/2024\/10\/Rancho-e1728222112241.jpg?resize=525%2C300 1.5x, https:\/\/i0.wp.com\/www.grieta.org.mx\/wp-content\/uploads\/2024\/10\/Rancho-e1728222112241.jpg?resize=700%2C400 2x"},"classes":[]},{"id":70066,"url":"http:\/\/www.grieta.org.mx\/index.php\/2024\/10\/06\/acusan-despidos-masivos-en-empresas-que-trabajan-para-pemex-en-ciudad-del-carmen-campeche\/","url_meta":{"origin":69574,"position":4},"title":"Acusan despidos masivos en empresas que trabajan para PEMEX en Ciudad del Carmen (Campeche)","author":"grieta","date":"6 octubre, 2024","format":false,"excerpt":"Perla Prado \/ Por Esto! Si en a\u00f1os anteriores cuando Petr\u00f3leos Mexicanos (PEMEX) le pagaba a sus proveedores los trabajadores sufr\u00edan por no recibir su aguinaldo, este 2024 el panorama se vislumbra peor debido a que ya empezaron los despidos masivos para no cumplir con esa prestaci\u00f3n anual, manifestaron algunos\u2026","rel":"","context":"En &quot;Campeche&quot;","block_context":{"text":"Campeche","link":"http:\/\/www.grieta.org.mx\/index.php\/category\/noticias-nacionales\/campeche\/"},"img":{"alt_text":"","src":"https:\/\/i0.wp.com\/www.grieta.org.mx\/wp-content\/uploads\/2024\/10\/Petroleros-e1728417423180.jpg?resize=350%2C200","width":350,"height":200,"srcset":"https:\/\/i0.wp.com\/www.grieta.org.mx\/wp-content\/uploads\/2024\/10\/Petroleros-e1728417423180.jpg?resize=350%2C200 1x, https:\/\/i0.wp.com\/www.grieta.org.mx\/wp-content\/uploads\/2024\/10\/Petroleros-e1728417423180.jpg?resize=525%2C300 1.5x, https:\/\/i0.wp.com\/www.grieta.org.mx\/wp-content\/uploads\/2024\/10\/Petroleros-e1728417423180.jpg?resize=700%2C400 2x"},"classes":[]},{"id":69128,"url":"http:\/\/www.grieta.org.mx\/index.php\/2024\/05\/31\/trabajadores-del-imss-centro-realizan-planton-por-malas-condiciones-del-hospital-campeche\/","url_meta":{"origin":69574,"position":5},"title":"Trabajadores del IMSS centro realizan plant\u00f3n por malas condiciones del Hospital (Campeche)","author":"grieta","date":"31 mayo, 2024","format":false,"excerpt":"JR \/ La I Noticias Trabajadores del IMSS aseguran que llevan m\u00e1s de un a\u00f1os esperando la finalizaci\u00f3n de la remodelaci\u00f3n del hospital CAMPECHE.- Con gritos \u201cHospital nuevo\u201d, trabajadores se manifestaron a las afueras del IMSS del Centro con el prop\u00f3sito de exigir mejores condiciones de trabajo. Esta ma\u00f1ana un\u2026","rel":"","context":"En &quot;Campeche&quot;","block_context":{"text":"Campeche","link":"http:\/\/www.grieta.org.mx\/index.php\/category\/noticias-nacionales\/campeche\/"},"img":{"alt_text":"","src":"https:\/\/i0.wp.com\/www.grieta.org.mx\/wp-content\/uploads\/2024\/06\/ImssCampeche-e1718049949437.jpg?resize=350%2C200","width":350,"height":200,"srcset":"https:\/\/i0.wp.com\/www.grieta.org.mx\/wp-content\/uploads\/2024\/06\/ImssCampeche-e1718049949437.jpg?resize=350%2C200 1x, https:\/\/i0.wp.com\/www.grieta.org.mx\/wp-content\/uploads\/2024\/06\/ImssCampeche-e1718049949437.jpg?resize=525%2C300 1.5x, https:\/\/i0.wp.com\/www.grieta.org.mx\/wp-content\/uploads\/2024\/06\/ImssCampeche-e1718049949437.jpg?resize=700%2C400 2x"},"classes":[]}],"_links":{"self":[{"href":"http:\/\/www.grieta.org.mx\/index.php\/wp-json\/wp\/v2\/posts\/69574","targetHints":{"allow":["GET"]}}],"collection":[{"href":"http:\/\/www.grieta.org.mx\/index.php\/wp-json\/wp\/v2\/posts"}],"about":[{"href":"http:\/\/www.grieta.org.mx\/index.php\/wp-json\/wp\/v2\/types\/post"}],"author":[{"embeddable":true,"href":"http:\/\/www.grieta.org.mx\/index.php\/wp-json\/wp\/v2\/users\/2"}],"replies":[{"embeddable":true,"href":"http:\/\/www.grieta.org.mx\/index.php\/wp-json\/wp\/v2\/comments?post=69574"}],"version-history":[{"count":1,"href":"http:\/\/www.grieta.org.mx\/index.php\/wp-json\/wp\/v2\/posts\/69574\/revisions"}],"predecessor-version":[{"id":69594,"href":"http:\/\/www.grieta.org.mx\/index.php\/wp-json\/wp\/v2\/posts\/69574\/revisions\/69594"}],"wp:featuredmedia":[{"embeddable":true,"href":"http:\/\/www.grieta.org.mx\/index.php\/wp-json\/wp\/v2\/media\/69593"}],"wp:attachment":[{"href":"http:\/\/www.grieta.org.mx\/index.php\/wp-json\/wp\/v2\/media?parent=69574"}],"wp:term":[{"taxonomy":"category","embeddable":true,"href":"http:\/\/www.grieta.org.mx\/index.php\/wp-json\/wp\/v2\/categories?post=69574"},{"taxonomy":"post_tag","embeddable":true,"href":"http:\/\/www.grieta.org.mx\/index.php\/wp-json\/wp\/v2\/tags?post=69574"}],"curies":[{"name":"wp","href":"https:\/\/api.w.org\/{rel}","templated":true}]}}