{"id":69360,"date":"2024-08-01T17:42:14","date_gmt":"2024-08-01T23:42:14","guid":{"rendered":"https:\/\/www.grieta.org.mx\/?p=69360"},"modified":"2024-11-11T18:51:47","modified_gmt":"2024-11-12T00:51:47","slug":"recomenzamos","status":"publish","type":"post","link":"http:\/\/www.grieta.org.mx\/index.php\/2024\/08\/01\/recomenzamos\/","title":{"rendered":"\u00bfRECOMENZAMOS?"},"content":{"rendered":"<p style=\"text-align: center;\"><strong>\u00bfRECOMENZAMOS?<\/strong><\/p>\n<p style=\"text-align: right;\"><em>La higuera frota su viento<\/em><br \/>\n<em>con la lija de sus ramas,<\/em><br \/>\n<em>y el monte, gato gardu\u00f1o,<\/em><br \/>\n<em>eriza sus pitas agrias.<\/em><br \/>\n<em>\u00bfPero qui\u00e9n vendr\u00e1? \u00bfY por d\u00f3nde\u2026?<\/em><\/p>\n<p style=\"text-align: right;\"><em>(Romance Son\u00e1mbulo.<\/em><br \/>\n<em>Federico Garc\u00eda Lorca)<\/em><\/p>\n<p>S\u00ed, el viento y la monta\u00f1a parecen conocerse desde hace tiempo. Podr\u00eda decirles la fecha exacta, pero no viene al caso\u2026 o cosa, seg\u00fan. Puede que no se entienda esa firme pero aparente resignaci\u00f3n o resistencia: la monta\u00f1a en soportar uno y otro zarpazo; el viento en su aparente replegarse, darse por vencido para regresar luego. Siempre lo mismo, siempre diferente.<\/p>\n<p>Pero no son estos atropellados requiebros los que le preocupan a la monta\u00f1a. Ha visto peores, si es que le preguntan. No, las que le ocupan son las tormentas que llegan con trascabos, m\u00e1quinas excavadoras, buscadores de minerales, empresas tur\u00edsticas, f\u00e1bricas, centros comerciales, trenes, gobiernos que simulan ser lo que no son, destrucci\u00f3n, muerte. En suma: el sistema.<\/p>\n<p>As\u00ed que no ser\u00eda de extra\u00f1ar que lleguen a un acuerdo, monta\u00f1a y viento. Despu\u00e9s de todo, comparten la misma madre: Ixmucan\u00e9, la m\u00e1s sabedora.<\/p>\n<p>No, no les dir\u00e9 la fecha exacta de su primer encuentro. Pero digamos que se conocen de tiempo atr\u00e1s, que el gesto esc\u00e9ptico y la mueca de desprecio de la monta\u00f1a ante los primeros rayos y ventarrones es algo ya rutinario. Lo mismo la insolencia del viento al arrancarle a la monta\u00f1a, a fuerza de lluvias, vientos y truenos, mechones de la verde cabellera. Los ara\u00f1azos que con torpe pasi\u00f3n lanza el viento, heridas como zanjas acuosas, no alcanzan a atenuar el acre rechazo del monte. Se encuentran, se desencuentran, y, al cabo, terminan por abrazarse y despedirse sin promesas, ni confesiones. Una compleja relaci\u00f3n que mucho tiene de aceptaci\u00f3n y de rechazo. \u201cAmor\u201d, pues.<\/p>\n<p>-*-<\/p>\n<p>Dicen que dicen que cuentan que narra una leyenda a\u00fan por escribirse, que hubo una reuni\u00f3n y que a ella convocaron a la familia de Vot\u00e1n, guardi\u00e1n y coraz\u00f3n del pueblo. Y as\u00ed dijo la monta\u00f1a:<\/p>\n<p><em>\u201cMis cr\u00edas, las m\u00e1s queridas, ya viene lo que leyeron antes en mis pieles y cabellos. El viento hermano, el se\u00f1or Ik\u00b4, trae noticias fieras de otra tormenta, la m\u00e1s mortal de todas. Ya lo sabemos. Y toca a toda la familia resistir y defender. Ustedes son los guardianes que fueron creados para proteger. Sin ustedes, morimos y sin sentido vagamos. Sin nosotras, ustedes se vuelven seres perdidos, con s\u00f3lo vac\u00edo en su coraz\u00f3n y sin esperanza en su existencia. Cuenta el Ik\u00b4 lo que su coraz\u00f3n mir\u00f3: que, en cielo y tierra, los animales comparten la inquietud y la zozobra.<\/em><\/p>\n<p><em>Lo escuchan en el Cauca y en los barrios de Eslovenia. En el Jap\u00f3n y en Australia. En el Canad\u00e1 y en SLUMIL K\u00b4AJXEMK\u00b4OP. En Noruega, en Suecia, en Dinamarca y en la Nicaragua que ni se rinde, ni se vende, \u00a1jam\u00e1s! En La Polvorilla y en la herida que el tren trans\u00edstmico, llaga supurante se hace en el coraz\u00f3n de los originarios que luchan. En las patrias que la guerra multiplica como desgracias y en quien tiene los Brazos Abiertos para socorrer al desvalido. En Ostula y en Groenlandia. En el Hait\u00ed torturado y en los cenotes mayas mancillados por los rieles de la demagogia. En los desplazados y en el desalojado de la vida por la extorsi\u00f3n. En la @ libertaria que advierte, desde hace tiempo, que el Estado no es una soluci\u00f3n sino un problema. En la ni\u00f1a palestina que con esa bomba recibi\u00f3 la inc\u00f3gnita de la vida\u2026 y la certeza de la muerte.<\/em><\/p>\n<p><em>As\u00ed lo hablan al hermano pueblo Saami, al mapuche, al gitano con la casa a cuestas, al originario de todas las tierras y mares, a quien lucha y resiste en la tierra que se crece para arriba, al pescador que en el mar labra la vida. Se lo cuentan a ni\u00f1as que entienden la lengua olvidada. A ni\u00f1os de mirada seria. A mujeres que buscan ausencias forzadas. A las personas ya de edad que maquillan sus cicatrices como arrugas dolientes. A quienes no son ni \u00e9l ni ella y que se chingue Roma. A todos los seres humanos que, como el ma\u00edz, tiene todos los colores y en la mesa, el suelo, el regazo tiene todos los modos.<\/em><\/p>\n<p><em>Pero no todos escuchan. S\u00f3lo quien mira lejos y hondo, entiende lo que esa palabra que habla Ixmucan\u00e9, la m\u00e1s sabedora, dice y advierte.<\/em><\/p>\n<p><em>As\u00ed que busquen el modo, mis cr\u00edas. Y busquen el qui\u00e9n. Levanten la palabra con el se\u00f1or Ik\u00b4 en una mano y mi coraz\u00f3n en el otro. Recuerden al mundo que la muerte y el ma\u00f1ana se gestan en las sombras de la noche. La luz se forja en la oscuridad\u201d<\/em><\/p>\n<p>-*-<\/p>\n<p>S\u00ed, se volvieron a encontrar el viento y la monta\u00f1a. Pero esta vez fue diferente. La madrugada hab\u00eda alargado su llegada, sofocada tal vez por el calor, pero al primer rayo rajando el huap\u00e1c, se present\u00f3 de inmediato con una lluvia como bofetada.<\/p>\n<p>En la champa, el ruido de las gotas sobre el techo de l\u00e1mina poco o nada permit\u00eda escuchar. Pero se alcanzaba a mirar con nitidez, gracias a la tambaleante benevolencia de un mechero, sobre la mesa -quemada y con briznas de tabaco h\u00famedo-, un papel con m\u00faltiples rayones. En \u00e9l, lo \u00fanico que se le\u00eda con claridad era:<\/p>\n<p>\u201cLa paciencia es virtud del guerrero\u201d.<\/p>\n<p>Vale. Salud y que la noche nos encuentre como es ley, es decir, despiertos.<br \/>\nDesde las monta\u00f1as del Sureste Mexicano.<\/p>\n<p>&nbsp;<\/p>\n<p><img loading=\"lazy\" decoding=\"async\" data-attachment-id=\"69362\" data-permalink=\"http:\/\/www.grieta.org.mx\/index.php\/2024\/08\/01\/recomenzamos\/firma-3\/\" data-orig-file=\"http:\/\/www.grieta.org.mx\/wp-content\/uploads\/2024\/08\/firma.webp\" data-orig-size=\"640,518\" data-comments-opened=\"0\" data-image-meta=\"{&quot;aperture&quot;:&quot;0&quot;,&quot;credit&quot;:&quot;&quot;,&quot;camera&quot;:&quot;&quot;,&quot;caption&quot;:&quot;&quot;,&quot;created_timestamp&quot;:&quot;0&quot;,&quot;copyright&quot;:&quot;&quot;,&quot;focal_length&quot;:&quot;0&quot;,&quot;iso&quot;:&quot;0&quot;,&quot;shutter_speed&quot;:&quot;0&quot;,&quot;title&quot;:&quot;&quot;,&quot;orientation&quot;:&quot;0&quot;}\" data-image-title=\"firma\" data-image-description=\"\" data-image-caption=\"\" data-medium-file=\"http:\/\/www.grieta.org.mx\/wp-content\/uploads\/2024\/08\/firma-300x243.webp\" data-large-file=\"http:\/\/www.grieta.org.mx\/wp-content\/uploads\/2024\/08\/firma.webp\" class=\"alignnone wp-image-69362 size-medium\" src=\"http:\/\/www.grieta.org.mx\/wp-content\/uploads\/2024\/08\/firma-300x243.webp\" alt=\"\" width=\"300\" height=\"243\" srcset=\"http:\/\/www.grieta.org.mx\/wp-content\/uploads\/2024\/08\/firma-300x243.webp 300w, http:\/\/www.grieta.org.mx\/wp-content\/uploads\/2024\/08\/firma.webp 640w\" sizes=\"auto, (max-width: 300px) 100vw, 300px\" \/><\/p>\n<p>&nbsp;<\/p>\n<p>EL CAPIT\u00c1N.<br \/>\nAgosto del 2024.<\/p>\n<p>P.D.- S\u00ed, claro, y de la guerrera.\u00a0 S\u00ed, y de <em>loa guerreroa<\/em>.\u00a0 \u00bfDe le guerrere? \u00bfEn serio?<\/p>\n<p>&nbsp;<\/p>\n<p><a href=\"https:\/\/enlacezapatista.ezln.org.mx\/2024\/08\/01\/recomenzamos\/\">https:\/\/enlacezapatista.ezln.org.mx\/2024\/08\/01\/recomenzamos\/<\/a><\/p>\n","protected":false},"excerpt":{"rendered":"<p>\u00bfRECOMENZAMOS? La higuera frota su viento con la lija de sus ramas, y el monte, gato gardu\u00f1o, eriza sus pitas agrias. \u00bfPero qui\u00e9n vendr\u00e1? \u00bfY por d\u00f3nde\u2026? (Romance Son\u00e1mbulo. Federico &hellip; <a href=\"http:\/\/www.grieta.org.mx\/index.php\/2024\/08\/01\/recomenzamos\/\" class=\"more-link\">Leer m\u00e1s<\/a><\/p>\n","protected":false},"author":2,"featured_media":69361,"comment_status":"closed","ping_status":"closed","sticky":false,"template":"","format":"standard","meta":{"ngg_post_thumbnail":0,"_jetpack_newsletter_access":"","_jetpack_dont_email_post_to_subs":false,"_jetpack_newsletter_tier_id":0,"_jetpack_memberships_contains_paywalled_content":false,"_jetpack_memberships_contains_paid_content":false,"footnotes":""},"categories":[80,74,907,2,78],"tags":[2839,466],"class_list":["post-69360","post","type-post","status-publish","format-standard","has-post-thumbnail","hentry","category-cintillo","category-ezln","category-ezln-2","category-noticias-nacionales","category-palabras-del-ezln","tag-comunicados-ezln","tag-ezln","entry"],"jetpack_featured_media_url":"http:\/\/www.grieta.org.mx\/wp-content\/uploads\/2024\/08\/imagen.jpg","jetpack_sharing_enabled":true,"jetpack_shortlink":"https:\/\/wp.me\/p7ZJR4-i2I","jetpack_likes_enabled":false,"jetpack-related-posts":[{"id":57325,"url":"http:\/\/www.grieta.org.mx\/index.php\/2021\/03\/08\/las-que-no-estan\/","url_meta":{"origin":69360,"position":0},"title":"LAS QUE NO EST\u00c1N.","author":"Admin","date":"8 marzo, 2021","format":false,"excerpt":"LAS QUE NO EST\u00c1N. SUS HISTORIAS. SUS ALEGR\u00cdAS Y SUS TRISTEZAS. SUS DOLORES Y SUS RABIAS. SUS OLVIDOS Y SUS MEMORIAS. SUS RISAS Y SUS L\u00c1GRIMAS. SUS PRESENCIAS Y SUS AUSENCIAS. SUS CORAZONES. SUS ESPERANZAS. SU DIGNIDAD. SUS CALENDARIOS. LOS QUE CUMPLIERON. LOS QUE LES QUEDARON Y LES QUEDAMOS A\u2026","rel":"","context":"En &quot;CINTILLO&quot;","block_context":{"text":"CINTILLO","link":"http:\/\/www.grieta.org.mx\/index.php\/category\/cintillo\/"},"img":{"alt_text":"","src":"https:\/\/i0.wp.com\/www.grieta.org.mx\/wp-content\/uploads\/2020\/11\/21841-ezln-ejercito-zapatista_400px.jpg?resize=350%2C200","width":350,"height":200},"classes":[]},{"id":59253,"url":"http:\/\/www.grieta.org.mx\/index.php\/2021\/05\/06\/sobre-el-mar\/","url_meta":{"origin":69360,"position":1},"title":"SOBRE EL MAR.","author":"Admin","date":"6 mayo, 2021","format":false,"excerpt":"SOBRE EL MAR. Mayo del 2021. \u00a0 Pensando en sus pasajeros, como debe de ser, el capit\u00e1n Ludwig recomend\u00f3 salir el d\u00eda 2 en la tarde.\u00a0 El oleaje previsto para el d\u00eda 3 iba a hacer sufrir a l@s noveles mariner@s m\u00e1s de la cuenta.\u00a0 Por eso el capit\u00e1n propuso\u2026","rel":"","context":"En &quot;CINTILLO&quot;","block_context":{"text":"CINTILLO","link":"http:\/\/www.grieta.org.mx\/index.php\/category\/cintillo\/"},"img":{"alt_text":"","src":"https:\/\/i0.wp.com\/www.grieta.org.mx\/wp-content\/uploads\/2021\/05\/Screenshot_2021-05-06-Enlace-Zapatista.jpg?resize=350%2C200","width":350,"height":200,"srcset":"https:\/\/i0.wp.com\/www.grieta.org.mx\/wp-content\/uploads\/2021\/05\/Screenshot_2021-05-06-Enlace-Zapatista.jpg?resize=350%2C200 1x, https:\/\/i0.wp.com\/www.grieta.org.mx\/wp-content\/uploads\/2021\/05\/Screenshot_2021-05-06-Enlace-Zapatista.jpg?resize=525%2C300 1.5x, https:\/\/i0.wp.com\/www.grieta.org.mx\/wp-content\/uploads\/2021\/05\/Screenshot_2021-05-06-Enlace-Zapatista.jpg?resize=700%2C400 2x, https:\/\/i0.wp.com\/www.grieta.org.mx\/wp-content\/uploads\/2021\/05\/Screenshot_2021-05-06-Enlace-Zapatista.jpg?resize=1050%2C600 3x, https:\/\/i0.wp.com\/www.grieta.org.mx\/wp-content\/uploads\/2021\/05\/Screenshot_2021-05-06-Enlace-Zapatista.jpg?resize=1400%2C800 4x"},"classes":[]},{"id":72017,"url":"http:\/\/www.grieta.org.mx\/index.php\/2025\/07\/16\/3-posdatas-3-vi-el-inconforme\/","url_meta":{"origin":69360,"position":2},"title":"3 posdatas 3 VI.- EL INCONFORME","author":"grieta","date":"16 julio, 2025","format":false,"excerpt":"3 posdatas 3 VI.- EL INCONFORME \u00a0 Primero buf\u00f3 irritado.\u00a0 Erizada la piel como gato hura\u00f1o y rebelde, desde\u00f1oso de cajas y pir\u00e1mides.\u00a0 As\u00ed nom\u00e1s, sin avisar siquiera. Luego, para quien no sabe, una especie de caricia tierna.\u00a0 Despu\u00e9s los zarpazos creciendo en cantidad y fuerza.\u00a0 M\u00e1s luego, un remolino\u2026","rel":"","context":"En &quot;CINTILLO&quot;","block_context":{"text":"CINTILLO","link":"http:\/\/www.grieta.org.mx\/index.php\/category\/cintillo\/"},"img":{"alt_text":"","src":"https:\/\/i0.wp.com\/www.grieta.org.mx\/wp-content\/uploads\/2025\/07\/Captura-de-pantalla-2025-07-16-141743.png?resize=350%2C200","width":350,"height":200,"srcset":"https:\/\/i0.wp.com\/www.grieta.org.mx\/wp-content\/uploads\/2025\/07\/Captura-de-pantalla-2025-07-16-141743.png?resize=350%2C200 1x, https:\/\/i0.wp.com\/www.grieta.org.mx\/wp-content\/uploads\/2025\/07\/Captura-de-pantalla-2025-07-16-141743.png?resize=525%2C300 1.5x, https:\/\/i0.wp.com\/www.grieta.org.mx\/wp-content\/uploads\/2025\/07\/Captura-de-pantalla-2025-07-16-141743.png?resize=700%2C400 2x"},"classes":[]},{"id":72148,"url":"http:\/\/www.grieta.org.mx\/index.php\/2025\/08\/09\/resumen-de-la-segunda-participacion-zapatista-en-el-encuentro-de-resistencias-y-rebeldias-dia-5-de-agosto-del-2025\/","url_meta":{"origin":69360,"position":3},"title":"Resumen: de la segunda participaci\u00f3n zapatista en el Encuentro de Resistencias y Rebeld\u00edas, d\u00eda 5 de agosto del 2025","author":"grieta","date":"9 agosto, 2025","format":false,"excerpt":"Resumen: de la segunda participaci\u00f3n zapatista en el Encuentro de Resistencias y Rebeld\u00edas, d\u00eda 5 de agosto del 2025 Previously En una sorpresiva mirada al pasado, a nuestros anteriores, los pueblos zapatistas reval\u00faan su presente y los problemas que afrontan.\u00a0 A ra\u00edz de su asistencia a la Asamblea de los\u2026","rel":"","context":"En &quot;CINTILLO&quot;","block_context":{"text":"CINTILLO","link":"http:\/\/www.grieta.org.mx\/index.php\/category\/cintillo\/"},"img":{"alt_text":"","src":"https:\/\/i0.wp.com\/www.grieta.org.mx\/wp-content\/uploads\/2025\/08\/dia-dos-encuentro-rebeldia.png?resize=350%2C200","width":350,"height":200,"srcset":"https:\/\/i0.wp.com\/www.grieta.org.mx\/wp-content\/uploads\/2025\/08\/dia-dos-encuentro-rebeldia.png?resize=350%2C200 1x, https:\/\/i0.wp.com\/www.grieta.org.mx\/wp-content\/uploads\/2025\/08\/dia-dos-encuentro-rebeldia.png?resize=525%2C300 1.5x, https:\/\/i0.wp.com\/www.grieta.org.mx\/wp-content\/uploads\/2025\/08\/dia-dos-encuentro-rebeldia.png?resize=700%2C400 2x"},"classes":[]},{"id":70981,"url":"http:\/\/www.grieta.org.mx\/index.php\/2025\/02\/16\/alto-a-los-ataques-contra-la-ucizoni-pronunciamiento-del-congreso-nacional-indigena-y-el-ezln-en-apoyo-a-quienes-resisten-en-el-istmo\/","url_meta":{"origin":69360,"position":4},"title":"ALTO A LOS ATAQUES CONTRA LA UCIZONI. PRONUNCIAMIENTO DEL CONGRESO NACIONAL IND\u00cdGENA Y EL EZLN EN APOYO A QUIENES RESISTEN EN EL ISTMO","author":"grieta","date":"16 febrero, 2025","format":false,"excerpt":"ALTO A LOS ATAQUES CONTRA LA UCIZONI PRONUNCIAMIENTO DEL CONGRESO NACIONAL IND\u00cdGENA Y EL EZLN EN APOYO A QUIENES RESISTEN EN EL ISTMO. A los pueblos ind\u00edgenas de M\u00e9xico y del mundo A las organizaciones en resistencia A la sociedad civil nacional e internacional Hermanas y hermanos: Desde el Congreso\u2026","rel":"","context":"En &quot;CINTILLO&quot;","block_context":{"text":"CINTILLO","link":"http:\/\/www.grieta.org.mx\/index.php\/category\/cintillo\/"},"img":{"alt_text":"","src":"https:\/\/i0.wp.com\/www.grieta.org.mx\/wp-content\/uploads\/2025\/02\/ucizoni.png?resize=350%2C200","width":350,"height":200,"srcset":"https:\/\/i0.wp.com\/www.grieta.org.mx\/wp-content\/uploads\/2025\/02\/ucizoni.png?resize=350%2C200 1x, https:\/\/i0.wp.com\/www.grieta.org.mx\/wp-content\/uploads\/2025\/02\/ucizoni.png?resize=525%2C300 1.5x, https:\/\/i0.wp.com\/www.grieta.org.mx\/wp-content\/uploads\/2025\/02\/ucizoni.png?resize=700%2C400 2x"},"classes":[]},{"id":61830,"url":"http:\/\/www.grieta.org.mx\/index.php\/2021\/09\/21\/cipog-ez-se-suma-al-llamado-del-ezln-para-exigir-el-alto-a-las-provocaciones-y-que-se-abandone-el-culto-a-la-muerte-que-los-malos-gobiernos-profesan\/","url_meta":{"origin":69360,"position":5},"title":"CIPOG-EZ SE SUMA AL LLAMADO DEL EZLN, PARA EXIGIR EL ALTO A LAS PROVOCACIONES Y QUE SE ABANDONE EL CULTO A LA MUERTE QUE LOS MALOS GOBIERNOS PROFESAN.","author":"grieta","date":"21 septiembre, 2021","format":false,"excerpt":"AL EJ\u00c9RCITO ZAPATISTA DE LIBERACI\u00d3N NACIONAL AL CONCEJO IND\u00cdGENA DE GOBIERNO AL CONGRESO NACIONAL IND\u00cdGENA A LAS REDES DE REBELD\u00cdA Y RESISTENCIA A LA SEXTA NACIONAL E INTERNACIONAL A LOS MEDIOS DE COMUNICACI\u00d3N \u00a0 20 de septiembre de 2021 \u00a0 Ante el llamado que hacen los hermanos, hermanas y hermanoas\u2026","rel":"","context":"En &quot;CINTILLO&quot;","block_context":{"text":"CINTILLO","link":"http:\/\/www.grieta.org.mx\/index.php\/category\/cintillo\/"},"img":{"alt_text":"","src":"https:\/\/i0.wp.com\/www.grieta.org.mx\/wp-content\/uploads\/2021\/09\/cabezera1.jpg?resize=350%2C200","width":350,"height":200,"srcset":"https:\/\/i0.wp.com\/www.grieta.org.mx\/wp-content\/uploads\/2021\/09\/cabezera1.jpg?resize=350%2C200 1x, https:\/\/i0.wp.com\/www.grieta.org.mx\/wp-content\/uploads\/2021\/09\/cabezera1.jpg?resize=525%2C300 1.5x, https:\/\/i0.wp.com\/www.grieta.org.mx\/wp-content\/uploads\/2021\/09\/cabezera1.jpg?resize=700%2C400 2x, https:\/\/i0.wp.com\/www.grieta.org.mx\/wp-content\/uploads\/2021\/09\/cabezera1.jpg?resize=1050%2C600 3x"},"classes":[]}],"_links":{"self":[{"href":"http:\/\/www.grieta.org.mx\/index.php\/wp-json\/wp\/v2\/posts\/69360","targetHints":{"allow":["GET"]}}],"collection":[{"href":"http:\/\/www.grieta.org.mx\/index.php\/wp-json\/wp\/v2\/posts"}],"about":[{"href":"http:\/\/www.grieta.org.mx\/index.php\/wp-json\/wp\/v2\/types\/post"}],"author":[{"embeddable":true,"href":"http:\/\/www.grieta.org.mx\/index.php\/wp-json\/wp\/v2\/users\/2"}],"replies":[{"embeddable":true,"href":"http:\/\/www.grieta.org.mx\/index.php\/wp-json\/wp\/v2\/comments?post=69360"}],"version-history":[{"count":1,"href":"http:\/\/www.grieta.org.mx\/index.php\/wp-json\/wp\/v2\/posts\/69360\/revisions"}],"predecessor-version":[{"id":70459,"href":"http:\/\/www.grieta.org.mx\/index.php\/wp-json\/wp\/v2\/posts\/69360\/revisions\/70459"}],"wp:featuredmedia":[{"embeddable":true,"href":"http:\/\/www.grieta.org.mx\/index.php\/wp-json\/wp\/v2\/media\/69361"}],"wp:attachment":[{"href":"http:\/\/www.grieta.org.mx\/index.php\/wp-json\/wp\/v2\/media?parent=69360"}],"wp:term":[{"taxonomy":"category","embeddable":true,"href":"http:\/\/www.grieta.org.mx\/index.php\/wp-json\/wp\/v2\/categories?post=69360"},{"taxonomy":"post_tag","embeddable":true,"href":"http:\/\/www.grieta.org.mx\/index.php\/wp-json\/wp\/v2\/tags?post=69360"}],"curies":[{"name":"wp","href":"https:\/\/api.w.org\/{rel}","templated":true}]}}