{"id":69349,"date":"2024-07-15T11:10:59","date_gmt":"2024-07-15T17:10:59","guid":{"rendered":"https:\/\/www.grieta.org.mx\/?p=69349"},"modified":"2024-07-27T11:30:32","modified_gmt":"2024-07-27T17:30:32","slug":"construccion-del-tramo-7-del-tren-maya-sigue-pese-a-suspension-judicial-y-denuncia-de-desacato","status":"publish","type":"post","link":"http:\/\/www.grieta.org.mx\/index.php\/2024\/07\/15\/construccion-del-tramo-7-del-tren-maya-sigue-pese-a-suspension-judicial-y-denuncia-de-desacato\/","title":{"rendered":"Construcci\u00f3n del Tramo 7 del Tren Maya sigue pese a suspensi\u00f3n judicial y denuncia de desacato"},"content":{"rendered":"<p>La construcci\u00f3n de las obras del tramo 7 del Tren Maya contin\u00faan, pese a que existe una suspensi\u00f3n definitiva. Por ello, comunidades mayas de Campeche, en la Reserva de la Biosfera de Calakmul, siguen con la batalla legal y denuncian al gobierno de desacato.<\/p>\n<p>Despu\u00e9s de 4 a\u00f1os y medio del primer amparo, en 2020, para detener la construcci\u00f3n del tramo 7 del Tren Maya por no haber sido consultados conforme al Convenio 169 de la OIT, el Consejo Regional Ind\u00edgena y Popular de Xpujil no desiste en su lucha, pues ya comienzan a ver los estragos en sus comunidades: tala, deforestaci\u00f3n, contaminaci\u00f3n, especulaci\u00f3n inmobiliaria y un proceso de desplazamiento.<\/p>\n<p>Tras el decreto presidencial para considerarla una obra de seguridad nacional, quedan muy pocos juicios contra el Tren Maya, pero sobrevive el de la localidad de Xpujil, pues desde el 4 de marzo de 2020 un juez dict\u00f3 a su favor la primera suspensi\u00f3n de la construcci\u00f3n. <\/p>\n<p>Romel Gonz\u00e1lez D\u00edaz, integrante del Consejo Regional Ind\u00edgena y Popular de Xpujil, dice en entrevista con Animal Pol\u00edtico que esto se debe a que la ley no es retroactiva y presentaron la demanda de amparo antes del decreto. Demostraron que se vulner\u00f3 el derecho de los pueblos ind\u00edgenas a una consulta libre, previa e informada. El gobierno no llev\u00f3 ni int\u00e9rpretes a la asamblea consultiva que organiz\u00f3.<\/p>\n<p><img loading=\"lazy\" decoding=\"async\" data-attachment-id=\"69351\" data-permalink=\"http:\/\/www.grieta.org.mx\/index.php\/2024\/07\/15\/construccion-del-tramo-7-del-tren-maya-sigue-pese-a-suspension-judicial-y-denuncia-de-desacato\/screenshot-51\/\" data-orig-file=\"http:\/\/www.grieta.org.mx\/wp-content\/uploads\/2024\/07\/TrenDesacato-e1722100871255.jpg\" data-orig-size=\"800,539\" data-comments-opened=\"0\" data-image-meta=\"{&quot;aperture&quot;:&quot;0&quot;,&quot;credit&quot;:&quot;&quot;,&quot;camera&quot;:&quot;&quot;,&quot;caption&quot;:&quot;Screenshot&quot;,&quot;created_timestamp&quot;:&quot;0&quot;,&quot;copyright&quot;:&quot;&quot;,&quot;focal_length&quot;:&quot;0&quot;,&quot;iso&quot;:&quot;0&quot;,&quot;shutter_speed&quot;:&quot;0&quot;,&quot;title&quot;:&quot;Screenshot&quot;,&quot;orientation&quot;:&quot;1&quot;}\" data-image-title=\"Screenshot\" data-image-description=\"\" data-image-caption=\"&lt;p&gt;Screenshot&lt;\/p&gt;\n\" data-medium-file=\"http:\/\/www.grieta.org.mx\/wp-content\/uploads\/2024\/07\/TrenDesacato-300x202.jpg\" data-large-file=\"http:\/\/www.grieta.org.mx\/wp-content\/uploads\/2024\/07\/TrenDesacato-e1722100871255.jpg\" src=\"http:\/\/www.grieta.org.mx\/wp-content\/uploads\/2024\/07\/TrenDesacato-e1722100871255.jpg\" alt=\"\" width=\"800\" height=\"539\" class=\"size-full wp-image-69351\" \/><br \/>\nUna estructura de las obras del Tren Maya en el tramo 7 en Chetumal, Quintana Roo, colaps\u00f3 en junio pasado. Foto Cuartoscuro\/Archivo<\/p>\n<p>Para Romel se trat\u00f3 de un enga\u00f1o, pues solo fueron a hacerles promesas e hicieron una lista de necesidades de las comunidades y se juntaron 2 mil 600 peticiones, pero ninguna se ha cumplido. <\/p>\n<p>\u201cLo que queda claro es que el Poder Ejecutivo, representado por L\u00f3pez Obrador, est\u00e1 violando los derechos de los pueblos\u201d, dice el responsable del \u00e1rea jur\u00eddica y defensor comunitario, en referencia a la falta de una consulta ind\u00edgena adecuada y \u201cde buena fe\u201d.<\/p>\n<p>El pasado 1 de julio, el Tribunal Colegiado en Materias de Trabajo y Administrativa del Decimocuarto Circuito, con residencia en M\u00e9rida, Yucat\u00e1n, confirm\u00f3 la suspensi\u00f3n definitiva del juicio de amparo indirecto 1519\/2021, luego de que la Consejer\u00eda jur\u00eddica de la presidencia y Fonatur interpusieron un recurso de revisi\u00f3n para intentar revertirla.<\/p>\n<p>En ese momento, estaba pendiente notificar al Comit\u00e9 T\u00e9cnico Interinstitucional, creado para dar seguimiento a los compromisos con las comunidades afectadas por el Tren Maya, sobre el desacato a la suspensi\u00f3n, tras una denuncia.<\/p>\n<p>Pero Romel Gonz\u00e1lez acusa una serie de medidas dilatorias en el proceso: \u201cdec\u00edan, notif\u00edcame y dan otros domicilios. Imag\u00ednate, todav\u00eda ahorita siguen diciendo que no se les puede notificar en algunas cosas, porque no es su domicilio, no se dan por enterados\u201d.<\/p>\n<p><img loading=\"lazy\" decoding=\"async\" data-attachment-id=\"69352\" data-permalink=\"http:\/\/www.grieta.org.mx\/index.php\/2024\/07\/15\/construccion-del-tramo-7-del-tren-maya-sigue-pese-a-suspension-judicial-y-denuncia-de-desacato\/screenshot-52\/\" data-orig-file=\"http:\/\/www.grieta.org.mx\/wp-content\/uploads\/2024\/07\/TrenDesacato2-e1722100990319.jpg\" data-orig-size=\"800,530\" data-comments-opened=\"0\" data-image-meta=\"{&quot;aperture&quot;:&quot;0&quot;,&quot;credit&quot;:&quot;&quot;,&quot;camera&quot;:&quot;&quot;,&quot;caption&quot;:&quot;Screenshot&quot;,&quot;created_timestamp&quot;:&quot;0&quot;,&quot;copyright&quot;:&quot;&quot;,&quot;focal_length&quot;:&quot;0&quot;,&quot;iso&quot;:&quot;0&quot;,&quot;shutter_speed&quot;:&quot;0&quot;,&quot;title&quot;:&quot;Screenshot&quot;,&quot;orientation&quot;:&quot;1&quot;}\" data-image-title=\"\" data-image-description=\"\" data-image-caption=\"\" data-medium-file=\"http:\/\/www.grieta.org.mx\/wp-content\/uploads\/2024\/07\/TrenDesacato2-300x199.jpg\" data-large-file=\"http:\/\/www.grieta.org.mx\/wp-content\/uploads\/2024\/07\/TrenDesacato2-e1722100990319.jpg\" src=\"http:\/\/www.grieta.org.mx\/wp-content\/uploads\/2024\/07\/TrenDesacato2-e1722100990319.jpg\" alt=\"\" width=\"800\" height=\"530\" class=\"alignnone size-full wp-image-69352\" \/><br \/>\nFoto: Cuartoscuro\/Archivo<\/p>\n<p>Por ello, apenas el pasado 13 de julio, el Juez Primero de Distrito de Yucat\u00e1n determin\u00f3 que la responsabilidad recae en Fonatur, con sede en Ciudad de M\u00e9xico, que debe indicar el domicilio exacto del Comit\u00e9 T\u00e9cnico Interinstitucional para futuras notificaciones y si Fonatur se niega a recibir el oficio, el juez tomar\u00e1 las medidas correspondientes.<\/p>\n<p>El Tramo 7 se ubica entre los estados de Campeche y Quintana Roo. Las v\u00edas atraviesan Nicol\u00e1s Bravo, en Quintana Roo, y Xpujil, Centenario y Esc\u00e1rcega, en Campeche. <\/p>\n<p>El pasado 8 de julio, habitantes de Nicol\u00e1s Bravo realizaron bloqueos en puntos de acceso clave para las obras, en protesta por los da\u00f1os ocasionados por los veh\u00edculos pesados y en exigencia de la reparaci\u00f3n de las calles. <\/p>\n<p>Las afectaciones en Xpujil, seg\u00fan el Consejo Regional Ind\u00edgena y Popular, van desde inundaciones, socavones y ca\u00edda de puentes. <\/p>\n<p>\u201cAhorita est\u00e1n saliendo socavones. Se han derrumbado puentes, no conocen la regi\u00f3n, y adem\u00e1s, como tienen la presi\u00f3n del presidente, que quiere inaugurar todo en unos meses, pues lo est\u00e1n haciendo con prisas\u201d, comenta Romel. La propia Manifestaci\u00f3n de Impacto Ambiental del Tramo 7, que fue presentada en 2022, reconoce el peligro de inundaciones en \u00e9poca de lluvia y advierte de estructuras k\u00e1rsticas, que pueden generar hundimientos.<\/p>\n<p><a href=\"https:\/\/animalpolitico.com\/politica\/tren-maya-tramo-construccion-desacato\" rel=\"noopener\" target=\"_blank\">https:\/\/animalpolitico.com\/politica\/tren-maya-tramo-construccion-desacato<\/a><\/p>\n","protected":false},"excerpt":{"rendered":"<p>La construcci\u00f3n de las obras del tramo 7 del Tren Maya contin\u00faan, pese a que existe una suspensi\u00f3n definitiva. Por ello, comunidades mayas de Campeche, en la Reserva de la &hellip; <a href=\"http:\/\/www.grieta.org.mx\/index.php\/2024\/07\/15\/construccion-del-tramo-7-del-tren-maya-sigue-pese-a-suspension-judicial-y-denuncia-de-desacato\/\" class=\"more-link\">Leer m\u00e1s<\/a><\/p>\n","protected":false},"author":2,"featured_media":69350,"comment_status":"closed","ping_status":"closed","sticky":false,"template":"","format":"standard","meta":{"ngg_post_thumbnail":0,"_jetpack_newsletter_access":"","_jetpack_dont_email_post_to_subs":false,"_jetpack_newsletter_tier_id":0,"_jetpack_memberships_contains_paywalled_content":false,"_jetpack_memberships_contains_paid_content":false,"footnotes":""},"categories":[69,3066,11,80,2997,2749,2258,958,976,984,1,954,3,922,926,944,952,2,28,1876,1877,1875,2026,36],"tags":[384,4006,1878,200],"class_list":["post-69349","post","type-post","status-publish","format-standard","has-post-thumbnail","hentry","category-25-xpujil","category-abuso-de-autoridad-en-campeche","category-campeche","category-cintillo","category-despojo-de-tierras-en-campeche","category-destruccion-y-contaminacion-ambiental-en-quintana-roo","category-ecocidio-en-campeche","category-esp-campeche","category-esp-quintana-roo","category-esp-yucatan","category-espejos-de-la-resistencia","category-espejos-estados","category-megaproyectos","category-megaproyectos-estados","category-mp-campeche","category-mp-quintana-roo","category-mp-yucatan","category-noticias-nacionales","category-quintana-roo","category-resistencia-al-tren-maya-en-la-peninsula-de-yucatan-quintana-roo","category-resistencia-al-tren-maya-en-la-peninsula-de-yucatan-campeche","category-resistencia-al-tren-maya-en-la-peninsula-de-yucatan","category-tren-maya","category-yucatan","tag-amparo","tag-desacato","tag-tren-maya","tag-xpujil","entry"],"jetpack_featured_media_url":"http:\/\/www.grieta.org.mx\/wp-content\/uploads\/2024\/07\/TrenAmparo-e1722100744359.jpg","jetpack_sharing_enabled":true,"jetpack_shortlink":"https:\/\/wp.me\/p7ZJR4-i2x","jetpack_likes_enabled":false,"jetpack-related-posts":[{"id":47874,"url":"http:\/\/www.grieta.org.mx\/index.php\/2020\/04\/13\/las-vias-torcidas-del-tren-maya-video\/","url_meta":{"origin":69349,"position":0},"title":"Las v\u00edas torcidas del tren maya (Video)","author":"grieta","date":"13 abril, 2020","format":false,"excerpt":"https:\/\/www.youtube.com\/watch?v=k8FRX9eT0YY","rel":"","context":"En &quot;16. Pueblo Maya&quot;","block_context":{"text":"16. Pueblo Maya","link":"http:\/\/www.grieta.org.mx\/index.php\/category\/espejos-de-la-resistencia\/16-pueblo-maya\/"},"img":{"alt_text":"","src":"https:\/\/i0.wp.com\/www.grieta.org.mx\/wp-content\/uploads\/2020\/04\/ViasTorcidasTrenMaya.png?resize=350%2C200","width":350,"height":200,"srcset":"https:\/\/i0.wp.com\/www.grieta.org.mx\/wp-content\/uploads\/2020\/04\/ViasTorcidasTrenMaya.png?resize=350%2C200 1x, https:\/\/i0.wp.com\/www.grieta.org.mx\/wp-content\/uploads\/2020\/04\/ViasTorcidasTrenMaya.png?resize=525%2C300 1.5x, https:\/\/i0.wp.com\/www.grieta.org.mx\/wp-content\/uploads\/2020\/04\/ViasTorcidasTrenMaya.png?resize=700%2C400 2x"},"classes":[]},{"id":45360,"url":"http:\/\/www.grieta.org.mx\/index.php\/2020\/02\/27\/no-estamos-peleando-la-suspension-provisional-del-tren-maya-sino-la-definitiva-cruz-rueda\/","url_meta":{"origin":69349,"position":1},"title":"&#8220;No estamos peleando la suspensi\u00f3n provisional del Tren Maya, sino la definitiva&#8221;: Cruz Rueda","author":"grieta","date":"27 febrero, 2020","format":false,"excerpt":"Impugnaci\u00f3n de Presidencia \"no nos quita el sue\u00f1o\" Abraham Bote \/Foto: Tomada de Twitter \/La Jornada Maya M\u00e9rida, Yucat\u00e1n Respecto a la impugnaci\u00f3n que realiz\u00f3 la Presidencia de la Rep\u00fablica y el apoderado de la Naci\u00f3n Financiera (Nafin), contra la suspensi\u00f3n provisional del proyecto de Tren Maya, la asesora jur\u00eddica\u2026","rel":"","context":"En &quot;16. Pueblo Maya&quot;","block_context":{"text":"16. Pueblo Maya","link":"http:\/\/www.grieta.org.mx\/index.php\/category\/espejos-de-la-resistencia\/16-pueblo-maya\/"},"img":{"alt_text":"","src":"https:\/\/i0.wp.com\/www.grieta.org.mx\/wp-content\/uploads\/2020\/02\/TrenMallaCampeche.png?resize=350%2C200","width":350,"height":200,"srcset":"https:\/\/i0.wp.com\/www.grieta.org.mx\/wp-content\/uploads\/2020\/02\/TrenMallaCampeche.png?resize=350%2C200 1x, https:\/\/i0.wp.com\/www.grieta.org.mx\/wp-content\/uploads\/2020\/02\/TrenMallaCampeche.png?resize=525%2C300 1.5x, https:\/\/i0.wp.com\/www.grieta.org.mx\/wp-content\/uploads\/2020\/02\/TrenMallaCampeche.png?resize=700%2C400 2x"},"classes":[]},{"id":67059,"url":"http:\/\/www.grieta.org.mx\/index.php\/2023\/05\/03\/caravana-el-sur-resiste-pide-a-la-sedena-suspender-obras-en-el-tramo-7-del-tren-maya-campeche\/","url_meta":{"origin":69349,"position":2},"title":"Caravana El Sur Resiste pide a la Sedena suspender obras en el Tramo 7 del Tren Maya (Campeche)","author":"grieta","date":"3 mayo, 2023","format":false,"excerpt":"Cambio 22 XPUJIL, CAMPECHE, 3 de mayo.- Los integrantes del movimiento Caravana El Sur Resiste llegaron al campamento de la Secretar\u00eda de la Defensa Nacional (Sedena) en Xpujil, municipio de Calakmul, Campeche, para hacer entrega a los ingenieros militares de documentos que acreditan que el Tramo 7 del Tren Maya\u2026","rel":"","context":"En &quot;25. Xpujil&quot;","block_context":{"text":"25. Xpujil","link":"http:\/\/www.grieta.org.mx\/index.php\/category\/espejos-de-la-resistencia\/25-xpujil\/"},"img":{"alt_text":"","src":"https:\/\/i0.wp.com\/www.grieta.org.mx\/wp-content\/uploads\/2023\/06\/SurResiste-e1687537548743.jpg?resize=350%2C200","width":350,"height":200,"srcset":"https:\/\/i0.wp.com\/www.grieta.org.mx\/wp-content\/uploads\/2023\/06\/SurResiste-e1687537548743.jpg?resize=350%2C200 1x, https:\/\/i0.wp.com\/www.grieta.org.mx\/wp-content\/uploads\/2023\/06\/SurResiste-e1687537548743.jpg?resize=525%2C300 1.5x, https:\/\/i0.wp.com\/www.grieta.org.mx\/wp-content\/uploads\/2023\/06\/SurResiste-e1687537548743.jpg?resize=700%2C400 2x"},"classes":[]},{"id":35945,"url":"http:\/\/www.grieta.org.mx\/index.php\/2019\/07\/05\/expansion-de-megaproyectos-en-la-peninsula-de-yucatan-video\/","url_meta":{"origin":69349,"position":3},"title":"Expansi\u00f3n de Megaproyectos en la Pen\u00ednsula de Yucat\u00e1n (Video)","author":"grieta","date":"5 julio, 2019","format":false,"excerpt":"https:\/\/youtu.be\/qLBARIAaBsI","rel":"","context":"En &quot;Campeche&quot;","block_context":{"text":"Campeche","link":"http:\/\/www.grieta.org.mx\/index.php\/category\/noticias-nacionales\/campeche\/"},"img":{"alt_text":"","src":"https:\/\/i0.wp.com\/img.youtube.com\/vi\/qLBARIAaBsI\/0.jpg?resize=350%2C200","width":350,"height":200},"classes":[]},{"id":48940,"url":"http:\/\/www.grieta.org.mx\/index.php\/2020\/05\/11\/interponen-queja-ante-la-cndh-contra-obras-del-tren-maya\/","url_meta":{"origin":69349,"position":4},"title":"Interponen queja ante la CNDH contra obras del Tren Maya","author":"grieta","date":"11 mayo, 2020","format":false,"excerpt":"Lilia Balam \/ Informe Fracto Colectivos ind\u00edgenas y organizaciones civiles argumentaron que continuar con la construcci\u00f3n del proyecto durante la pandemia vulnera los derechos de los pobladores de la regi\u00f3n. Colectivos ind\u00edgenas y organizaciones civiles de la Pen\u00ednsula de Yucat\u00e1n interpusieron una queja ante la Comisi\u00f3n Nacional de los Derechos\u2026","rel":"","context":"En &quot;Campeche&quot;","block_context":{"text":"Campeche","link":"http:\/\/www.grieta.org.mx\/index.php\/category\/noticias-nacionales\/campeche\/"},"img":{"alt_text":"","src":"https:\/\/i0.wp.com\/www.grieta.org.mx\/wp-content\/uploads\/2020\/05\/tren_maya.jpg1_-640x360-1-e1589284542406.jpg?resize=350%2C200","width":350,"height":200,"srcset":"https:\/\/i0.wp.com\/www.grieta.org.mx\/wp-content\/uploads\/2020\/05\/tren_maya.jpg1_-640x360-1-e1589284542406.jpg?resize=350%2C200 1x, https:\/\/i0.wp.com\/www.grieta.org.mx\/wp-content\/uploads\/2020\/05\/tren_maya.jpg1_-640x360-1-e1589284542406.jpg?resize=525%2C300 1.5x, https:\/\/i0.wp.com\/www.grieta.org.mx\/wp-content\/uploads\/2020\/05\/tren_maya.jpg1_-640x360-1-e1589284542406.jpg?resize=700%2C400 2x"},"classes":[]},{"id":50050,"url":"http:\/\/www.grieta.org.mx\/index.php\/2020\/05\/31\/los-derechos-indigenas-son-pisoteados-con-impunidad-presidencial-y-sin-recato-dicen-mayas-a-amlo\/","url_meta":{"origin":69349,"position":5},"title":"Los derechos ind\u00edgenas \u201cson pisoteados con impunidad presidencial y sin recato\u201d, dicen mayas a AMLO","author":"grieta","date":"31 mayo, 2020","format":false,"excerpt":"Redacci\u00f3n \/ Sin Embargo \u201cSr. L\u00f3pez, viene usted a Yucat\u00e1n, la tierra donde los malos gobiernos (de los tres niveles) se ponen sin decencia ni recato al servicio de megaproyectos de alma podrida, sembrando discordia y conflictos sociales en nuestras comunidades. Llega usted, Sr. L\u00f3pez, al Yucat\u00e1n donde la ilegalidad,\u2026","rel":"","context":"En &quot;16. Pueblo Maya&quot;","block_context":{"text":"16. Pueblo Maya","link":"http:\/\/www.grieta.org.mx\/index.php\/category\/espejos-de-la-resistencia\/16-pueblo-maya\/"},"img":{"alt_text":"","src":"https:\/\/i0.wp.com\/www.grieta.org.mx\/wp-content\/uploads\/2020\/05\/amloco-tirano-rex-e1590968383995.jpg?resize=350%2C200","width":350,"height":200,"srcset":"https:\/\/i0.wp.com\/www.grieta.org.mx\/wp-content\/uploads\/2020\/05\/amloco-tirano-rex-e1590968383995.jpg?resize=350%2C200 1x, https:\/\/i0.wp.com\/www.grieta.org.mx\/wp-content\/uploads\/2020\/05\/amloco-tirano-rex-e1590968383995.jpg?resize=525%2C300 1.5x, https:\/\/i0.wp.com\/www.grieta.org.mx\/wp-content\/uploads\/2020\/05\/amloco-tirano-rex-e1590968383995.jpg?resize=700%2C400 2x"},"classes":[]}],"_links":{"self":[{"href":"http:\/\/www.grieta.org.mx\/index.php\/wp-json\/wp\/v2\/posts\/69349","targetHints":{"allow":["GET"]}}],"collection":[{"href":"http:\/\/www.grieta.org.mx\/index.php\/wp-json\/wp\/v2\/posts"}],"about":[{"href":"http:\/\/www.grieta.org.mx\/index.php\/wp-json\/wp\/v2\/types\/post"}],"author":[{"embeddable":true,"href":"http:\/\/www.grieta.org.mx\/index.php\/wp-json\/wp\/v2\/users\/2"}],"replies":[{"embeddable":true,"href":"http:\/\/www.grieta.org.mx\/index.php\/wp-json\/wp\/v2\/comments?post=69349"}],"version-history":[{"count":1,"href":"http:\/\/www.grieta.org.mx\/index.php\/wp-json\/wp\/v2\/posts\/69349\/revisions"}],"predecessor-version":[{"id":69353,"href":"http:\/\/www.grieta.org.mx\/index.php\/wp-json\/wp\/v2\/posts\/69349\/revisions\/69353"}],"wp:featuredmedia":[{"embeddable":true,"href":"http:\/\/www.grieta.org.mx\/index.php\/wp-json\/wp\/v2\/media\/69350"}],"wp:attachment":[{"href":"http:\/\/www.grieta.org.mx\/index.php\/wp-json\/wp\/v2\/media?parent=69349"}],"wp:term":[{"taxonomy":"category","embeddable":true,"href":"http:\/\/www.grieta.org.mx\/index.php\/wp-json\/wp\/v2\/categories?post=69349"},{"taxonomy":"post_tag","embeddable":true,"href":"http:\/\/www.grieta.org.mx\/index.php\/wp-json\/wp\/v2\/tags?post=69349"}],"curies":[{"name":"wp","href":"https:\/\/api.w.org\/{rel}","templated":true}]}}