{"id":69346,"date":"2024-07-26T11:04:40","date_gmt":"2024-07-26T17:04:40","guid":{"rendered":"https:\/\/www.grieta.org.mx\/?p=69346"},"modified":"2024-07-27T11:10:39","modified_gmt":"2024-07-27T17:10:39","slug":"amagan-con-cerrar-puente-llevan-seis-meses-sin-cobrar-campeche","status":"publish","type":"post","link":"http:\/\/www.grieta.org.mx\/index.php\/2024\/07\/26\/amagan-con-cerrar-puente-llevan-seis-meses-sin-cobrar-campeche\/","title":{"rendered":"Amagan con cerrar puente; llevan seis meses sin cobrar (Campeche)"},"content":{"rendered":"<p>Campeche Hoy<\/p>\n<p>CARMEN, CAMP.- Angustiados por hasta seis meses sin cobrar sus remuneraciones, trabajadores de empresas proveedoras de Petr\u00f3leos Mexicanos (Pemex), bajo el argumento del impago de la petrolera nacional, amenazan con bloquear el Puente Zacatal.<\/p>\n<p>Los obreros, quienes pidieron el anonimato por temor a la represalias, expusieron que en algunas empresas ya son hasta seis meses sin cobrar, derivado a que Pemex no paga a sus proveedores.<\/p>\n<p>\u201cSon aproximadamente 250 obreros de diversas compa\u00f1\u00edas, las cuales brindan servicios y suministros a Pemex, quienes no han pagado las prestaciones a sus trabajadores, los cuales a su vez enfrentan problemas legales\u201d.<\/p>\n<p>Detallaron que algunos obreros tienen juicios de pensi\u00f3n alimenticia y al incumplir con esta obligaci\u00f3n, son sancionados, cuando en realidad ellos no ha cobrar sus salarios.<\/p>\n<p>\u201cEstamos cansados de las promesas de Octavio Romero Oropeza, director general de Pemex, ya que siempre fija fechas que no cumple y mientras la clases obrera es la que padece sus mentiras\u201d.<\/p>\n<p>Indicaron que la fecha m\u00e1s reciente que fij\u00f3 Romero Oropeza fue el mes de agosto, el cual se encuentra a unos d\u00edas de cumplirse y no hay\u00b9 manera que pague como prometi\u00f3.<\/p>\n<p>Sostuvieron que de mantenerse la negativa de Romero Oropeza de pagar a sus proveedores, habr\u00e1n de bloquear el Puente Zacatal en los pr\u00f3ximos d\u00edas, para exigir que cumpla sus compromisos, antes de que concluya la administraci\u00f3n.<\/p>\n<p><a href=\"http:\/\/campechehoy.mx\/2024\/07\/26\/amagan-con-cerrar-puente-llevan-seis-meses-sin-cobrar\/\" rel=\"noopener\" target=\"_blank\">http:\/\/campechehoy.mx\/2024\/07\/26\/amagan-con-cerrar-puente-llevan-seis-meses-sin-cobrar\/<\/a><\/p>\n","protected":false},"excerpt":{"rendered":"<p>Campeche Hoy CARMEN, CAMP.- Angustiados por hasta seis meses sin cobrar sus remuneraciones, trabajadores de empresas proveedoras de Petr\u00f3leos Mexicanos (Pemex), bajo el argumento del impago de la petrolera nacional, &hellip; <a href=\"http:\/\/www.grieta.org.mx\/index.php\/2024\/07\/26\/amagan-con-cerrar-puente-llevan-seis-meses-sin-cobrar-campeche\/\" class=\"more-link\">Leer m\u00e1s<\/a><\/p>\n","protected":false},"author":2,"featured_media":69347,"comment_status":"closed","ping_status":"closed","sticky":false,"template":"","format":"standard","meta":{"ngg_post_thumbnail":0,"_jetpack_newsletter_access":"","_jetpack_dont_email_post_to_subs":false,"_jetpack_newsletter_tier_id":0,"_jetpack_memberships_contains_paywalled_content":false,"_jetpack_memberships_contains_paid_content":false,"footnotes":""},"categories":[11,80,1040,910,2,83],"tags":[1690,113,105,2841,125],"class_list":["post-69346","post","type-post","status-publish","format-standard","has-post-thumbnail","hentry","category-campeche","category-cintillo","category-conflictos-laborales-en-campeche","category-explotacion-y-precariedad-laboral","category-noticias-nacionales","category-temas-nacionales","tag-adeudo-de-salarios","tag-conflictos-laborales","tag-derechos-laborales","tag-explotacion-y-precariedad-laboral","tag-pemex","entry"],"jetpack_featured_media_url":"http:\/\/www.grieta.org.mx\/wp-content\/uploads\/2024\/07\/Puente-e1722100074644.jpg","jetpack_sharing_enabled":true,"jetpack_shortlink":"https:\/\/wp.me\/p7ZJR4-i2u","jetpack_likes_enabled":false,"jetpack-related-posts":[{"id":68637,"url":"http:\/\/www.grieta.org.mx\/index.php\/2024\/03\/15\/obreros-toman-la-embarcacion-la-bamba-exigen-pago-de-salarios-campeche\/","url_meta":{"origin":69346,"position":0},"title":"Obreros toman la embarcaci\u00f3n La Bamba; exigen pago de salarios (Campeche)","author":"grieta","date":"15 marzo, 2024","format":false,"excerpt":"JOS\u00c9 HERRERA \/ GRUPO CANT\u00d3N \/ Campeche Hoy CIUDAD DEL CARNEN, CAMP.- Obreros de la empresa Demar y tripulaci\u00f3n de la embarcaci\u00f3n La Bamba, tomaron en protesta este buque, exigiendo el pago de sus salarios vencidos. Lo anterior fue dado a conocer a los medios de comunicaci\u00f3n los familiares de\u2026","rel":"","context":"En &quot;Campeche&quot;","block_context":{"text":"Campeche","link":"http:\/\/www.grieta.org.mx\/index.php\/category\/noticias-nacionales\/campeche\/"},"img":{"alt_text":"","src":"https:\/\/i0.wp.com\/www.grieta.org.mx\/wp-content\/uploads\/2024\/03\/Campeche-e1710780123560.jpg?resize=350%2C200","width":350,"height":200,"srcset":"https:\/\/i0.wp.com\/www.grieta.org.mx\/wp-content\/uploads\/2024\/03\/Campeche-e1710780123560.jpg?resize=350%2C200 1x, https:\/\/i0.wp.com\/www.grieta.org.mx\/wp-content\/uploads\/2024\/03\/Campeche-e1710780123560.jpg?resize=525%2C300 1.5x, https:\/\/i0.wp.com\/www.grieta.org.mx\/wp-content\/uploads\/2024\/03\/Campeche-e1710780123560.jpg?resize=700%2C400 2x"},"classes":[]},{"id":59609,"url":"http:\/\/www.grieta.org.mx\/index.php\/2021\/05\/27\/obreros-corren-riesgo-por-practicas-antihigienicas-en-plataformas-campeche\/","url_meta":{"origin":69346,"position":1},"title":"Obreros corren riesgo por pr\u00e1cticas antihigi\u00e9nicas en plataformas ( Campeche)","author":"grieta","date":"27 mayo, 2021","format":false,"excerpt":"Campeche Hoy CAMPECHE. Trabajadores de plataformas iniciaron paros escalonados, en protesta por la mala calidad de los alimentos, as\u00ed como la poca limpieza con la que manipulan los insumos, esto ha desatado al menos seis casos de intoxicaciones masivas. Ante esto, obreros decidieron manifestarse con pancartas en las que exigieron\u2026","rel":"","context":"En &quot;Campeche&quot;","block_context":{"text":"Campeche","link":"http:\/\/www.grieta.org.mx\/index.php\/category\/noticias-nacionales\/campeche\/"},"img":{"alt_text":"","src":"https:\/\/i0.wp.com\/www.grieta.org.mx\/wp-content\/uploads\/2021\/05\/e8a389a4-7c52-432b-858d-405996153bfc.jpg?resize=350%2C200","width":350,"height":200,"srcset":"https:\/\/i0.wp.com\/www.grieta.org.mx\/wp-content\/uploads\/2021\/05\/e8a389a4-7c52-432b-858d-405996153bfc.jpg?resize=350%2C200 1x, https:\/\/i0.wp.com\/www.grieta.org.mx\/wp-content\/uploads\/2021\/05\/e8a389a4-7c52-432b-858d-405996153bfc.jpg?resize=525%2C300 1.5x, https:\/\/i0.wp.com\/www.grieta.org.mx\/wp-content\/uploads\/2021\/05\/e8a389a4-7c52-432b-858d-405996153bfc.jpg?resize=700%2C400 2x"},"classes":[]},{"id":70066,"url":"http:\/\/www.grieta.org.mx\/index.php\/2024\/10\/06\/acusan-despidos-masivos-en-empresas-que-trabajan-para-pemex-en-ciudad-del-carmen-campeche\/","url_meta":{"origin":69346,"position":2},"title":"Acusan despidos masivos en empresas que trabajan para PEMEX en Ciudad del Carmen (Campeche)","author":"grieta","date":"6 octubre, 2024","format":false,"excerpt":"Perla Prado \/ Por Esto! Si en a\u00f1os anteriores cuando Petr\u00f3leos Mexicanos (PEMEX) le pagaba a sus proveedores los trabajadores sufr\u00edan por no recibir su aguinaldo, este 2024 el panorama se vislumbra peor debido a que ya empezaron los despidos masivos para no cumplir con esa prestaci\u00f3n anual, manifestaron algunos\u2026","rel":"","context":"En &quot;Campeche&quot;","block_context":{"text":"Campeche","link":"http:\/\/www.grieta.org.mx\/index.php\/category\/noticias-nacionales\/campeche\/"},"img":{"alt_text":"","src":"https:\/\/i0.wp.com\/www.grieta.org.mx\/wp-content\/uploads\/2024\/10\/Petroleros-e1728417423180.jpg?resize=350%2C200","width":350,"height":200,"srcset":"https:\/\/i0.wp.com\/www.grieta.org.mx\/wp-content\/uploads\/2024\/10\/Petroleros-e1728417423180.jpg?resize=350%2C200 1x, https:\/\/i0.wp.com\/www.grieta.org.mx\/wp-content\/uploads\/2024\/10\/Petroleros-e1728417423180.jpg?resize=525%2C300 1.5x, https:\/\/i0.wp.com\/www.grieta.org.mx\/wp-content\/uploads\/2024\/10\/Petroleros-e1728417423180.jpg?resize=700%2C400 2x"},"classes":[]},{"id":53143,"url":"http:\/\/www.grieta.org.mx\/index.php\/2020\/09\/08\/obreros-de-plataformas-de-la-sonda-de-campeche-inician-huelga-de-hambre\/","url_meta":{"origin":69346,"position":3},"title":"Obreros de plataformas de la Sonda de Campeche inician huelga de hambre","author":"grieta","date":"8 septiembre, 2020","format":false,"excerpt":"Rosa Santana \/ Proceso CIUDAD DEL CARMEN, Cam. (apro).- Cientos de obreros abordo de las plataformas petroleras Abkat\u00fan Alfa, Pool Alfa y N1, en la Sonda de Campeche, se declararon en huelga de hambre en protesta por el deficiente servicio de alimentaci\u00f3n que reciben de la empresa Topqual Food 365.\u2026","rel":"","context":"En &quot;Campeche&quot;","block_context":{"text":"Campeche","link":"http:\/\/www.grieta.org.mx\/index.php\/category\/noticias-nacionales\/campeche\/"},"img":{"alt_text":"","src":"https:\/\/i0.wp.com\/www.grieta.org.mx\/wp-content\/uploads\/2020\/09\/sonda-campec-he-e1599675029340.jpg?resize=350%2C200","width":350,"height":200,"srcset":"https:\/\/i0.wp.com\/www.grieta.org.mx\/wp-content\/uploads\/2020\/09\/sonda-campec-he-e1599675029340.jpg?resize=350%2C200 1x, https:\/\/i0.wp.com\/www.grieta.org.mx\/wp-content\/uploads\/2020\/09\/sonda-campec-he-e1599675029340.jpg?resize=525%2C300 1.5x, https:\/\/i0.wp.com\/www.grieta.org.mx\/wp-content\/uploads\/2020\/09\/sonda-campec-he-e1599675029340.jpg?resize=700%2C400 2x"},"classes":[]},{"id":9598,"url":"http:\/\/www.grieta.org.mx\/index.php\/2016\/09\/10\/conflictos-laborales-en-campeche\/","url_meta":{"origin":69346,"position":4},"title":"Conflictos laborales en Campeche","author":"grieta","date":"10 septiembre, 2016","format":false,"excerpt":"10\/09\/16. Despiden a obreros de PASA por protestar (Campeche) Tribuna 09\/09\/16. Jubilados exigen pago de bonos (Campeche) Tribuna 06\/09\/16. Paran otra vez los polic\u00edas; sin bono (Campeche) Tribuna 30\/08\/16. Bloquean Planta de Nitr\u00f3geno Cantarell (Campeche) Tribuna 20\/08\/16. Paralizan labores en Cobacam (Campeche) Tribuna 12\/08\/16. Plantean demandas empleados del INAH (Campeche)\u2026","rel":"","context":"En &quot;Campeche&quot;","block_context":{"text":"Campeche","link":"http:\/\/www.grieta.org.mx\/index.php\/category\/noticias-nacionales\/campeche\/"},"img":{"alt_text":"","src":"https:\/\/i0.wp.com\/www.grieta.org.mx\/wp-content\/uploads\/2018\/03\/14524434_1106112876131411_958039263622046936_o.jpg?resize=350%2C200","width":350,"height":200,"srcset":"https:\/\/i0.wp.com\/www.grieta.org.mx\/wp-content\/uploads\/2018\/03\/14524434_1106112876131411_958039263622046936_o.jpg?resize=350%2C200 1x, https:\/\/i0.wp.com\/www.grieta.org.mx\/wp-content\/uploads\/2018\/03\/14524434_1106112876131411_958039263622046936_o.jpg?resize=525%2C300 1.5x, https:\/\/i0.wp.com\/www.grieta.org.mx\/wp-content\/uploads\/2018\/03\/14524434_1106112876131411_958039263622046936_o.jpg?resize=700%2C400 2x"},"classes":[]},{"id":68798,"url":"http:\/\/www.grieta.org.mx\/index.php\/2024\/04\/07\/un-trabajador-muerto-y-13-heridos-en-un-incendio-en-una-plataforma-de-pemex-campeche\/","url_meta":{"origin":69346,"position":5},"title":"Un trabajador muerto y 13 heridos en un incendio en una plataforma de Pemex (Campeche)","author":"grieta","date":"7 abril, 2024","format":false,"excerpt":"Pablo Ferri \/ El Pa\u00eds Un incendio en una plataforma de Pemex en Campeche, en el sur de M\u00e9xico, ha dejado un muerto y 13 heridos, seg\u00fan ha confirmado la empresa paraestatal, en un comunicado divulgado este domingo. Pemex no ha dado detalles del origen y los motivos del siniestro.\u2026","rel":"","context":"En &quot;Campeche&quot;","block_context":{"text":"Campeche","link":"http:\/\/www.grieta.org.mx\/index.php\/category\/noticias-nacionales\/campeche\/"},"img":{"alt_text":"","src":"https:\/\/i0.wp.com\/www.grieta.org.mx\/wp-content\/uploads\/2024\/04\/Incendio-e1712951433295.jpg?resize=350%2C200","width":350,"height":200,"srcset":"https:\/\/i0.wp.com\/www.grieta.org.mx\/wp-content\/uploads\/2024\/04\/Incendio-e1712951433295.jpg?resize=350%2C200 1x, https:\/\/i0.wp.com\/www.grieta.org.mx\/wp-content\/uploads\/2024\/04\/Incendio-e1712951433295.jpg?resize=525%2C300 1.5x, https:\/\/i0.wp.com\/www.grieta.org.mx\/wp-content\/uploads\/2024\/04\/Incendio-e1712951433295.jpg?resize=700%2C400 2x"},"classes":[]}],"_links":{"self":[{"href":"http:\/\/www.grieta.org.mx\/index.php\/wp-json\/wp\/v2\/posts\/69346","targetHints":{"allow":["GET"]}}],"collection":[{"href":"http:\/\/www.grieta.org.mx\/index.php\/wp-json\/wp\/v2\/posts"}],"about":[{"href":"http:\/\/www.grieta.org.mx\/index.php\/wp-json\/wp\/v2\/types\/post"}],"author":[{"embeddable":true,"href":"http:\/\/www.grieta.org.mx\/index.php\/wp-json\/wp\/v2\/users\/2"}],"replies":[{"embeddable":true,"href":"http:\/\/www.grieta.org.mx\/index.php\/wp-json\/wp\/v2\/comments?post=69346"}],"version-history":[{"count":1,"href":"http:\/\/www.grieta.org.mx\/index.php\/wp-json\/wp\/v2\/posts\/69346\/revisions"}],"predecessor-version":[{"id":69348,"href":"http:\/\/www.grieta.org.mx\/index.php\/wp-json\/wp\/v2\/posts\/69346\/revisions\/69348"}],"wp:featuredmedia":[{"embeddable":true,"href":"http:\/\/www.grieta.org.mx\/index.php\/wp-json\/wp\/v2\/media\/69347"}],"wp:attachment":[{"href":"http:\/\/www.grieta.org.mx\/index.php\/wp-json\/wp\/v2\/media?parent=69346"}],"wp:term":[{"taxonomy":"category","embeddable":true,"href":"http:\/\/www.grieta.org.mx\/index.php\/wp-json\/wp\/v2\/categories?post=69346"},{"taxonomy":"post_tag","embeddable":true,"href":"http:\/\/www.grieta.org.mx\/index.php\/wp-json\/wp\/v2\/tags?post=69346"}],"curies":[{"name":"wp","href":"https:\/\/api.w.org\/{rel}","templated":true}]}}