{"id":69341,"date":"2024-07-19T18:14:27","date_gmt":"2024-07-20T00:14:27","guid":{"rendered":"https:\/\/www.grieta.org.mx\/?p=69341"},"modified":"2024-07-24T18:41:39","modified_gmt":"2024-07-25T00:41:39","slug":"por-acoso-y-hostigamiento-presionan-para-destituir-al-rector-de-la-upy-yucatan","status":"publish","type":"post","link":"http:\/\/www.grieta.org.mx\/index.php\/2024\/07\/19\/por-acoso-y-hostigamiento-presionan-para-destituir-al-rector-de-la-upy-yucatan\/","title":{"rendered":"Por acoso y hostigamiento, presionan para destituir al rector de la UPY (Yucat\u00e1n)"},"content":{"rendered":"<p>Haz Ruido<\/p>\n<blockquote><p>Estudiantes y personal docente exigen el cese de Alfredo Ulibarri por violentar a las mujeres que trabajan en el plantel.<\/p><\/blockquote>\n<p>M\u00e9rida, Yucat\u00e1n, 19 de julio de 2024.- Estudiantes de la Universidad Polit\u00e9cnica de Yucat\u00e1n (UPY) se manifestaron ayer en las instalaciones educativas para respaldar a las maestras y trabadoras administrativas v\u00edctimas de acoso laboral y hostigamiento sexual por parte rector del plantel educativo, Alfredo Ulibarri Benitez.<\/p>\n<p>En redes sociales se realizaron denuncias p\u00fablicas en contra de dicho directivo, a quien incluso acusan de acosar a dos mujeres embarazadas.<\/p>\n<p>Por tal raz\u00f3n, el alumnado exigi\u00f3 a las autoridades estatales que destituyan a dicho rector para que la UPY sea un espacio libre de violencia de g\u00e9nero, sobre todo porque hace poco recibi\u00f3 el \u201cDistintivo Violeta\u201d de la Secretar\u00eda de Mujeres (Semujeres).<\/p>\n<img loading=\"lazy\" decoding=\"async\" data-attachment-id=\"69343\" data-permalink=\"http:\/\/www.grieta.org.mx\/index.php\/2024\/07\/19\/por-acoso-y-hostigamiento-presionan-para-destituir-al-rector-de-la-upy-yucatan\/screenshot-48\/\" data-orig-file=\"http:\/\/www.grieta.org.mx\/wp-content\/uploads\/2024\/07\/Upy-e1721867890617.jpg\" data-orig-size=\"800,600\" data-comments-opened=\"0\" data-image-meta=\"{&quot;aperture&quot;:&quot;0&quot;,&quot;credit&quot;:&quot;&quot;,&quot;camera&quot;:&quot;&quot;,&quot;caption&quot;:&quot;Screenshot&quot;,&quot;created_timestamp&quot;:&quot;0&quot;,&quot;copyright&quot;:&quot;&quot;,&quot;focal_length&quot;:&quot;0&quot;,&quot;iso&quot;:&quot;0&quot;,&quot;shutter_speed&quot;:&quot;0&quot;,&quot;title&quot;:&quot;Screenshot&quot;,&quot;orientation&quot;:&quot;1&quot;}\" data-image-title=\"Screenshot\" data-image-description=\"\" data-image-caption=\"&lt;p&gt;Screenshot&lt;\/p&gt;\n\" data-medium-file=\"http:\/\/www.grieta.org.mx\/wp-content\/uploads\/2024\/07\/Upy-300x225.jpg\" data-large-file=\"http:\/\/www.grieta.org.mx\/wp-content\/uploads\/2024\/07\/Upy-e1721867890617.jpg\" src=\"http:\/\/www.grieta.org.mx\/wp-content\/uploads\/2024\/07\/Upy-e1721867890617.jpg\" alt=\"\" width=\"800\" height=\"600\" class=\"size-full wp-image-69343\" \/>\n<p>De acuerdo con versiones que ha surgido sobre esta situaci\u00f3n, Alfredo Ulibarri es se\u00f1alado de acosar a la jefa de Control Escolar y a la encargada de Recursos Humanos del plantel, entre otras trabajadoras.<\/p>\n<p>\u201cHan sido numerosas las docentes y colaboradoras que antes trabajaban en la universidad y que han compartido los abusos y el acoso que sufrieron por parte de Ulibarri. Muchas de ellas dejaron la universidad por miedo a represalias de su parte, al igual que m\u00e1s mujeres que actualmente trabajan aqu\u00ed\u201d, se lee en una de las denuncias p\u00fablicas en redes sociales.<\/p>\n<p>Ayer en la protesta, una de las v\u00edctimas agradeci\u00f3 el apoyo de los alumnos y declar\u00f3 que acudir al sal\u00f3n a dar clases es su lugar seguro, ya que cuando regresa a sus labores administrativas sufre hostigamiento.<\/p>\n<p>Tanto las y los maestros como el estudiantado se ha organizado para seguir presionando a las autoridades hasta que dicho rector sea destituido.<\/p>\n<p><a href=\"https:\/\/www.hazruido.mx\/reportes\/por-acoso-y-hostigamiento-presionan-para-destituir-al-rector-de-la-upy\/\" rel=\"noopener\" target=\"_blank\">https:\/\/www.hazruido.mx\/reportes\/por-acoso-y-hostigamiento-presionan-para-destituir-al-rector-de-la-upy\/<\/a><\/p>\n","protected":false},"excerpt":{"rendered":"<p>Haz Ruido Estudiantes y personal docente exigen el cese de Alfredo Ulibarri por violentar a las mujeres que trabajan en el plantel. M\u00e9rida, Yucat\u00e1n, 19 de julio de 2024.- Estudiantes &hellip; <a href=\"http:\/\/www.grieta.org.mx\/index.php\/2024\/07\/19\/por-acoso-y-hostigamiento-presionan-para-destituir-al-rector-de-la-upy-yucatan\/\" class=\"more-link\">Leer m\u00e1s<\/a><\/p>\n","protected":false},"author":2,"featured_media":69342,"comment_status":"closed","ping_status":"closed","sticky":false,"template":"","format":"standard","meta":{"ngg_post_thumbnail":0,"_jetpack_newsletter_access":"","_jetpack_dont_email_post_to_subs":false,"_jetpack_newsletter_tier_id":0,"_jetpack_memberships_contains_paywalled_content":false,"_jetpack_memberships_contains_paid_content":false,"footnotes":""},"categories":[80,3168,2,2547,36],"tags":[2054,1824,3190],"class_list":["post-69341","post","type-post","status-publish","format-standard","has-post-thumbnail","hentry","category-cintillo","category-lucha-de-las-mujeres-en-yucatan","category-noticias-nacionales","category-violencia-contra-las-mujeres-en-yucatan","category-yucatan","tag-acoso-laboral","tag-acoso-sexual","tag-lucha-contra-el-acoso","entry"],"jetpack_featured_media_url":"http:\/\/www.grieta.org.mx\/wp-content\/uploads\/2024\/07\/Hostigador-e1721867769166.jpg","jetpack_sharing_enabled":true,"jetpack_shortlink":"https:\/\/wp.me\/p7ZJR4-i2p","jetpack_likes_enabled":false,"jetpack-related-posts":[{"id":45975,"url":"http:\/\/www.grieta.org.mx\/index.php\/2020\/03\/06\/protestan-universitarias-nuevamente-por-acoso-sexual-en-la-uady\/","url_meta":{"origin":69341,"position":0},"title":"Protestan universitarias nuevamente por acoso sexual en la UADY","author":"grieta","date":"6 marzo, 2020","format":false,"excerpt":"J\u00e9ssica Garc\u00eda \/ Noticaribe M\u00c9RIDA, MX.- Por segunda ocasi\u00f3n, estudiantes yucatecas se manifestaron en evento p\u00fablico como una denuncia por los casos de acoso sexual que se registran dentro de las instituciones universitarias. Tras realizar un evento para conmemorar el D\u00eda Internacional de la Mujer en la Universidad Aut\u00f3noma de\u2026","rel":"","context":"En &quot;CINTILLO&quot;","block_context":{"text":"CINTILLO","link":"http:\/\/www.grieta.org.mx\/index.php\/category\/cintillo\/"},"img":{"alt_text":"","src":"https:\/\/i0.wp.com\/www.grieta.org.mx\/wp-content\/uploads\/2020\/03\/AcosoUady-e1583950386998.png?resize=350%2C200","width":350,"height":200,"srcset":"https:\/\/i0.wp.com\/www.grieta.org.mx\/wp-content\/uploads\/2020\/03\/AcosoUady-e1583950386998.png?resize=350%2C200 1x, https:\/\/i0.wp.com\/www.grieta.org.mx\/wp-content\/uploads\/2020\/03\/AcosoUady-e1583950386998.png?resize=525%2C300 1.5x, https:\/\/i0.wp.com\/www.grieta.org.mx\/wp-content\/uploads\/2020\/03\/AcosoUady-e1583950386998.png?resize=700%2C400 2x"},"classes":[]},{"id":34517,"url":"http:\/\/www.grieta.org.mx\/index.php\/2019\/06\/10\/alumnos-de-la-uady-protestan-ante-caso-de-acoso-yucatan\/","url_meta":{"origin":69341,"position":1},"title":"Alumnos de la Uady protestan ante caso de acoso (Yucat\u00e1n)","author":"grieta","date":"10 junio, 2019","format":false,"excerpt":"Yucat\u00e1n a la Mano Tras la denuncia que realiz\u00f3 por medio de redes sociales una estudiante de la Preparatoria 1 de la Universidad Aut\u00f3noma de Yucat\u00e1n (Uady), en la cual acusaba a un profesor de haberla acosado, un grupo de j\u00f3venes realiza una marcha en apoyo a la alumna. Con\u2026","rel":"","context":"En &quot;CINTILLO&quot;","block_context":{"text":"CINTILLO","link":"http:\/\/www.grieta.org.mx\/index.php\/category\/cintillo\/"},"img":{"alt_text":"","src":"https:\/\/i0.wp.com\/www.grieta.org.mx\/wp-content\/uploads\/2019\/06\/UadyAcoso.png?resize=350%2C200","width":350,"height":200,"srcset":"https:\/\/i0.wp.com\/www.grieta.org.mx\/wp-content\/uploads\/2019\/06\/UadyAcoso.png?resize=350%2C200 1x, https:\/\/i0.wp.com\/www.grieta.org.mx\/wp-content\/uploads\/2019\/06\/UadyAcoso.png?resize=525%2C300 1.5x, https:\/\/i0.wp.com\/www.grieta.org.mx\/wp-content\/uploads\/2019\/06\/UadyAcoso.png?resize=700%2C400 2x, https:\/\/i0.wp.com\/www.grieta.org.mx\/wp-content\/uploads\/2019\/06\/UadyAcoso.png?resize=1050%2C600 3x"},"classes":[]},{"id":65881,"url":"http:\/\/www.grieta.org.mx\/index.php\/2022\/12\/06\/alumnas-de-la-prepa-2-de-la-uady-protestan-por-caso-de-violencia-sexual-yucatan\/","url_meta":{"origin":69341,"position":2},"title":"Alumnas de la Prepa 2 de la UADY protestan por caso de violencia sexual (Yucat\u00e1n)","author":"grieta","date":"6 diciembre, 2022","format":false,"excerpt":"Daniel Santiago \/ Por Esto! La tarde de hoy alumnos, familiares, amigos de Valeria quien fuese v\u00edctima de abuso sexual, realizaron una manifestaci\u00f3n a las afueras del edificio central de la Universidad Aut\u00f3noma de Yucat\u00e1n (UADY) ubicado en el centro de M\u00e9rida bloqueando la calle 60 y 57 con el\u2026","rel":"","context":"En &quot;CINTILLO&quot;","block_context":{"text":"CINTILLO","link":"http:\/\/www.grieta.org.mx\/index.php\/category\/cintillo\/"},"img":{"alt_text":"","src":"https:\/\/i0.wp.com\/www.grieta.org.mx\/wp-content\/uploads\/2022\/12\/uady-e1670419351387.jpg?resize=350%2C200","width":350,"height":200,"srcset":"https:\/\/i0.wp.com\/www.grieta.org.mx\/wp-content\/uploads\/2022\/12\/uady-e1670419351387.jpg?resize=350%2C200 1x, https:\/\/i0.wp.com\/www.grieta.org.mx\/wp-content\/uploads\/2022\/12\/uady-e1670419351387.jpg?resize=525%2C300 1.5x, https:\/\/i0.wp.com\/www.grieta.org.mx\/wp-content\/uploads\/2022\/12\/uady-e1670419351387.jpg?resize=700%2C400 2x"},"classes":[]},{"id":46063,"url":"http:\/\/www.grieta.org.mx\/index.php\/2020\/03\/11\/alumnas-exhiben-nombres-de-40-docentes-y-alumnos-por-acoso-sexual-en-la-uady\/","url_meta":{"origin":69341,"position":3},"title":"Alumnas exhiben nombres de 40 docentes y alumnos por acoso sexual en la UADY","author":"grieta","date":"11 marzo, 2020","format":false,"excerpt":"J\u00e9ssica Garc\u00eda \/ Noticaribe M\u00c9RIDA, MX.- El ruido que la voz de mujeres est\u00e1n haciendo en Yucat\u00e1n no para y este d\u00eda, en la Facultad de Contadur\u00eda de la Universidad Aut\u00f3noma del estado (UADY) cientos de estudiantes colocaron un tendedero en donde colocaron los nombres de los maestros y estudiantes\u2026","rel":"","context":"En &quot;CINTILLO&quot;","block_context":{"text":"CINTILLO","link":"http:\/\/www.grieta.org.mx\/index.php\/category\/cintillo\/"},"img":{"alt_text":"","src":"https:\/\/i0.wp.com\/www.grieta.org.mx\/wp-content\/uploads\/2020\/03\/UadyTendedero-e1584042972816.png?resize=350%2C200","width":350,"height":200,"srcset":"https:\/\/i0.wp.com\/www.grieta.org.mx\/wp-content\/uploads\/2020\/03\/UadyTendedero-e1584042972816.png?resize=350%2C200 1x, https:\/\/i0.wp.com\/www.grieta.org.mx\/wp-content\/uploads\/2020\/03\/UadyTendedero-e1584042972816.png?resize=525%2C300 1.5x, https:\/\/i0.wp.com\/www.grieta.org.mx\/wp-content\/uploads\/2020\/03\/UadyTendedero-e1584042972816.png?resize=700%2C400 2x"},"classes":[]},{"id":44456,"url":"http:\/\/www.grieta.org.mx\/index.php\/2020\/02\/17\/uady-sin-acoso-senala-nuevos-casos-de-acoso-a-estudiantes\/","url_meta":{"origin":69341,"position":4},"title":"&#8216;UADY sin acoso&#8217; se\u00f1ala nuevos casos de acoso a estudiantes","author":"grieta","date":"17 febrero, 2020","format":false,"excerpt":"La Verdad Uady sin acoso se\u00f1ala nuevos casos de acoso a estudiantes Como bien se sabe la Universidad Aut\u00f3noma de Yucat\u00e1n ha sufrido muchos se\u00f1alamientos por presuntos casos de acoso a estudiantes y esta ocasi\u00f3n no es la excepci\u00f3n. Este nuevo caso se supo gracias a que el portal \u2018UADY\u2026","rel":"","context":"En &quot;CINTILLO&quot;","block_context":{"text":"CINTILLO","link":"http:\/\/www.grieta.org.mx\/index.php\/category\/cintillo\/"},"img":{"alt_text":"","src":"https:\/\/i0.wp.com\/www.grieta.org.mx\/wp-content\/uploads\/2020\/02\/denuncia_abuso_en_uady_1.jpg_793492074.jpg?resize=350%2C200","width":350,"height":200,"srcset":"https:\/\/i0.wp.com\/www.grieta.org.mx\/wp-content\/uploads\/2020\/02\/denuncia_abuso_en_uady_1.jpg_793492074.jpg?resize=350%2C200 1x, https:\/\/i0.wp.com\/www.grieta.org.mx\/wp-content\/uploads\/2020\/02\/denuncia_abuso_en_uady_1.jpg_793492074.jpg?resize=525%2C300 1.5x, https:\/\/i0.wp.com\/www.grieta.org.mx\/wp-content\/uploads\/2020\/02\/denuncia_abuso_en_uady_1.jpg_793492074.jpg?resize=700%2C400 2x"},"classes":[]},{"id":63117,"url":"http:\/\/www.grieta.org.mx\/index.php\/2022\/01\/20\/estudiantes-de-la-mayab-exigen-que-no-quede-impune-la-red-de-violencia-digital-yucatan\/","url_meta":{"origin":69341,"position":5},"title":"Estudiantes de la Mayab exigen que no quede impune la red de violencia digital (Yucat\u00e1n)","author":"grieta","date":"20 enero, 2022","format":false,"excerpt":"Lilia Balam \/ Haz Ruido Adem\u00e1s de este caso, la colectiva Violetas del An\u00e1huac asegur\u00f3 que recibe al menos una denuncia de bullying, acoso u hostigamiento sexual a la semana por parte de las alumnas. M\u00e9rida, Yucat\u00e1n, 20 de enero del 2022.- Al grito de \u201c\u00a1Sororidad somos todas!\u201d, alumnas de\u2026","rel":"","context":"En &quot;CINTILLO&quot;","block_context":{"text":"CINTILLO","link":"http:\/\/www.grieta.org.mx\/index.php\/category\/cintillo\/"},"img":{"alt_text":"","src":"https:\/\/i0.wp.com\/www.grieta.org.mx\/wp-content\/uploads\/2022\/01\/ViolenciaDigitalMayab-e1642816762101.png?resize=350%2C200","width":350,"height":200,"srcset":"https:\/\/i0.wp.com\/www.grieta.org.mx\/wp-content\/uploads\/2022\/01\/ViolenciaDigitalMayab-e1642816762101.png?resize=350%2C200 1x, https:\/\/i0.wp.com\/www.grieta.org.mx\/wp-content\/uploads\/2022\/01\/ViolenciaDigitalMayab-e1642816762101.png?resize=525%2C300 1.5x, https:\/\/i0.wp.com\/www.grieta.org.mx\/wp-content\/uploads\/2022\/01\/ViolenciaDigitalMayab-e1642816762101.png?resize=700%2C400 2x"},"classes":[]}],"_links":{"self":[{"href":"http:\/\/www.grieta.org.mx\/index.php\/wp-json\/wp\/v2\/posts\/69341","targetHints":{"allow":["GET"]}}],"collection":[{"href":"http:\/\/www.grieta.org.mx\/index.php\/wp-json\/wp\/v2\/posts"}],"about":[{"href":"http:\/\/www.grieta.org.mx\/index.php\/wp-json\/wp\/v2\/types\/post"}],"author":[{"embeddable":true,"href":"http:\/\/www.grieta.org.mx\/index.php\/wp-json\/wp\/v2\/users\/2"}],"replies":[{"embeddable":true,"href":"http:\/\/www.grieta.org.mx\/index.php\/wp-json\/wp\/v2\/comments?post=69341"}],"version-history":[{"count":1,"href":"http:\/\/www.grieta.org.mx\/index.php\/wp-json\/wp\/v2\/posts\/69341\/revisions"}],"predecessor-version":[{"id":69344,"href":"http:\/\/www.grieta.org.mx\/index.php\/wp-json\/wp\/v2\/posts\/69341\/revisions\/69344"}],"wp:featuredmedia":[{"embeddable":true,"href":"http:\/\/www.grieta.org.mx\/index.php\/wp-json\/wp\/v2\/media\/69342"}],"wp:attachment":[{"href":"http:\/\/www.grieta.org.mx\/index.php\/wp-json\/wp\/v2\/media?parent=69341"}],"wp:term":[{"taxonomy":"category","embeddable":true,"href":"http:\/\/www.grieta.org.mx\/index.php\/wp-json\/wp\/v2\/categories?post=69341"},{"taxonomy":"post_tag","embeddable":true,"href":"http:\/\/www.grieta.org.mx\/index.php\/wp-json\/wp\/v2\/tags?post=69341"}],"curies":[{"name":"wp","href":"https:\/\/api.w.org\/{rel}","templated":true}]}}