{"id":69326,"date":"2024-07-12T17:21:00","date_gmt":"2024-07-12T23:21:00","guid":{"rendered":"https:\/\/www.grieta.org.mx\/?p=69326"},"modified":"2024-07-23T17:33:43","modified_gmt":"2024-07-23T23:33:43","slug":"apicultores-denuncian-muerte-masiva-de-abejas-por-uso-de-toxicos-en-cultivos-de-campeche","status":"publish","type":"post","link":"http:\/\/www.grieta.org.mx\/index.php\/2024\/07\/12\/apicultores-denuncian-muerte-masiva-de-abejas-por-uso-de-toxicos-en-cultivos-de-campeche\/","title":{"rendered":"Apicultores denuncian muerte masiva de abejas por uso de t\u00f3xicos en cultivos de Campeche"},"content":{"rendered":"<p>Fanny Miranda \/ Milenio<\/p>\n<p>Campeche, M\u00e9xico.<br \/>\nEl colectivo de comunidades mayas de Los Chenes, denunci\u00f3 la muerte masiva de abejas por intoxicaci\u00f3n con plaguicidas altamente peligrosos, que son utilizados en el cultivo de chile habanero en la comunidad de Ich-Ek en Hopelch\u00e9n, Campeche.<\/p>\n<p>Los apicultores revisaron un total de 11 apiarios confirmando la muerte de m\u00e1s de 248 colmenas, lo que representa la p\u00e9rdida del patrimonio de m\u00e1s de 40 a\u00f1os de trabajo de las familias apicultoras.<\/p>\n<p>    \u201cLos apicultores y familias afectadas reclamamos a las autoridades e instituciones gubernamentales la carencia de justicia a nuestras peticiones de frenar actividades que atentan contra la apicultura y la biodiversidad&#8221;.<\/p>\n<p>    Despu\u00e9s de una d\u00e9cada de denuncias y acciones legales nos enfrentamos a un sistema de justicia ineficiente, discriminador que prioriza los privilegios de personas que con sus actividades contribuyen al aumento del cambio clim\u00e1tico, la opresi\u00f3n y violaci\u00f3n de los derechos de comunidades ind\u00edgenas y la devastaci\u00f3n del territorio ancestral de los mayas\u201d, enunciaron. <\/p>\n<p>Mediante un comunicado, el colectivo explic\u00f3 que, a principios del mes de julio, ante el paso del hurac\u00e1n Beryl sobre la pen\u00ednsula de Yucat\u00e1n, se activaron las alertas y sistemas de prevenci\u00f3n, por lo que se visitaron los apiarios cuyo riesgo de inundaci\u00f3n y afectaciones por ca\u00edda de \u00e1rboles represent\u00f3 un riesgo para las colmenas, de esta forma pudieron percatarse de la afectaci\u00f3n por plaguicidas.<\/p>\n<p>    \u201cLos apicultores realizaron un monitoreo de campo en un radio cercano a los predios donde se encuentran sus colmenas, identificando un pol\u00edgono a aproximadamente de 1.5 a tres kil\u00f3metros de distancia con un total de 13 hect\u00e1reas de chile habanero en diferentes etapas de cultivo, cultivo con gran susceptibilidad a las plagas que requiere de grandes cantidades de sustancias altamente t\u00f3xicas para las abejas y la biodiversidad\u201d. <\/p>\n<p>Plaguicidas atentan en contra de colmenas<\/p>\n<p>En un estudio realizado por el Instituto Nacional de Equilibrio Ecol\u00f3gico y Cambio Clim\u00e1tico (INEEC) en marzo del 2023, se identificaron nueve de 13 plaguicidas investigados en la regi\u00f3n de Hopelch\u00e9n, como resultado los siguientes datos:<\/p>\n<p>Toxicidad moderada<\/p>\n<p>    Acetamiprid<br \/>\n    Cyprodinil<br \/>\n    Nicosulfuron<br \/>\n    Thiacloprid<\/p>\n<p>Alta toxicidad <\/p>\n<p>    Dimethoate<br \/>\n    Fipronil<br \/>\n    Imidacloprid<br \/>\n    Thiamethoxam<\/p>\n<p>El 56 por ciento de los sitios cerca de las colmenas conten\u00edan al menos un insecticida peligroso para las abejas, sugiriendo una relaci\u00f3n con la muerte masiva. Este hallazgo indica pr\u00e1cticas inadecuadas de manejo de plaguicidas en la regi\u00f3n, incluyendo mezclas que potencian su efecto nocivo.<\/p>\n<p>La vinculaci\u00f3n de la muerte masiva de las abejas con fumigaciones agr\u00edcolas de todo tipo en la regi\u00f3n maya de los Chenes, se sum\u00f3 a la larga lista documentada por apicultores en a\u00f1os anteriores y en este 2024, como el registrado en la comunidad de San Francisco Suc-Tuc y crucero de Ox\u00e1, en el mes de marzo.<\/p>\n<p>\u00bfQu\u00e9 acciones ha ejercido el gobierno?<\/p>\n<p>El impulso de la producci\u00f3n agroindustrial en el Estado de Campeche, ha incentivado a continuar con pr\u00e1cticas de producci\u00f3n con consecuencias negativas sobre la biodiversidad y las comunidades mayas que han dependido por generaciones de la actividad ap\u00edcola.<\/p>\n<p>    \u201cEn el municipio de Hopelch\u00e9n a pesar de contar con amparos y suspensiones definitivas de las fumigaciones con plaguicidas altamente peligrosos otorgados por el sistema de justicia mexicano, las afectaciones a las abejas y polinizadores se siguen dando de manera sistem\u00e1tica&#8221;.<\/p>\n<p>    &#8220;Esto sin que las autoridades de los tres niveles de gobierno act\u00faen de forma efectiva, castigando a quienes resultan responsables de estos actos que atentan contra la naturaleza, los derechos humanos e incumplen con la legislaci\u00f3n y las leyes mexicanas\u201d, mencionaron. <\/p>\n<p>El colectivo lament\u00f3 que la evidente desvinculaci\u00f3n interinstitucional, es un claro ejemplo del desinter\u00e9s que las administraciones gubernamentales actuales y pasadas tienen sobre estas situaciones cada vez m\u00e1s recurrentes.<\/p>\n<p>Evadiendo a su paso las responsabilidades que por ley se deben acatar para frenar el uso de sustancias altamente peligrosas, no solo para las abejas sino tambi\u00e9n para la salud humana de las poblaciones aleda\u00f1as a los campos de cultivo.<\/p>\n<p>    \u201cEl no atender oportunamente estas afectaciones y sin contar con la reparaci\u00f3n de da\u00f1os afecta no solo al tema medioambiental, sino tambi\u00e9n con los derechos que como pueblo maya originario en el territorio debemos tener garantes&#8221;.<\/p>\n<p>    &#8220;Entre las cuales podemos mencionar el derecho a un medioambiente sano, a gozar de agua limpia y de calidad, derecho a la soberan\u00eda alimentaria y la libre determinaci\u00f3n, derecho de acceso a la alimentaci\u00f3n sana y la seguridad alimentaria\u201d, enfatizaron. <\/p>\n<p>En ese sentido, el colectivo se pronunci\u00f3 firme para recibir una respuesta urgente a esta problem\u00e1tica.   <\/p>\n<p>    \u201cExigimos una respuesta urgente a la situaci\u00f3n que actualmente sufrimos como apicultores por falta de protecci\u00f3n de la actividad, exigimos que las instituciones asuman la responsabilidad y competencias correspondientes&#8221;.<\/p>\n<p>    &#8220;As\u00ed como la vinculaci\u00f3n interinstitucional de los tres niveles de gobierno y la reparaci\u00f3n del da\u00f1o con medidas preventivas para evitar que estos acontecimientos lamentables se contin\u00faen dando no solo en la regi\u00f3n de los Chenes, sino en toda la pen\u00ednsula de Yucat\u00e1n\u201d, finalizaron. <\/p>\n<p>IAZD<\/p>\n<p><a href=\"https:\/\/www.milenio.com\/estados\/colectivo-denuncia-muerte-de-colmenas-por-insecticidas-en-campeche\" rel=\"noopener\" target=\"_blank\">https:\/\/www.milenio.com\/estados\/colectivo-denuncia-muerte-de-colmenas-por-insecticidas-en-campeche<\/a><\/p>\n","protected":false},"excerpt":{"rendered":"<p>Fanny Miranda \/ Milenio Campeche, M\u00e9xico. El colectivo de comunidades mayas de Los Chenes, denunci\u00f3 la muerte masiva de abejas por intoxicaci\u00f3n con plaguicidas altamente peligrosos, que son utilizados en &hellip; <a href=\"http:\/\/www.grieta.org.mx\/index.php\/2024\/07\/12\/apicultores-denuncian-muerte-masiva-de-abejas-por-uso-de-toxicos-en-cultivos-de-campeche\/\" class=\"more-link\">Leer m\u00e1s<\/a><\/p>\n","protected":false},"author":2,"featured_media":69327,"comment_status":"closed","ping_status":"closed","sticky":false,"template":"","format":"standard","meta":{"ngg_post_thumbnail":0,"_jetpack_newsletter_access":"","_jetpack_dont_email_post_to_subs":false,"_jetpack_newsletter_tier_id":0,"_jetpack_memberships_contains_paywalled_content":false,"_jetpack_memberships_contains_paid_content":false,"footnotes":""},"categories":[60,42,11,80,1311,2258,958,954,3,922,926,2],"tags":[281,744,160,3220,2722],"class_list":["post-69326","post","type-post","status-publish","format-standard","has-post-thumbnail","hentry","category-16-pueblo-maya","category-agroindustria","category-campeche","category-cintillo","category-contaminacion-y-danos-a-la-salud-en-campeche","category-ecocidio-en-campeche","category-esp-campeche","category-espejos-estados","category-megaproyectos","category-megaproyectos-estados","category-mp-campeche","category-noticias-nacionales","tag-agroindustria","tag-agroquimicos","tag-apicultores","tag-falta-de-justicia","tag-muerte-de-abejas","entry"],"jetpack_featured_media_url":"http:\/\/www.grieta.org.mx\/wp-content\/uploads\/2024\/07\/Chenes-e1721777079271.jpg","jetpack_sharing_enabled":true,"jetpack_shortlink":"https:\/\/wp.me\/p7ZJR4-i2a","jetpack_likes_enabled":false,"jetpack-related-posts":[{"id":68382,"url":"http:\/\/www.grieta.org.mx\/index.php\/2024\/01\/26\/denuncian-nuevo-envenenamiento-y-muerte-masiva-de-abejas-en-hopelchen-campeche\/","url_meta":{"origin":69326,"position":0},"title":"Denuncian nuevo envenenamiento y muerte masiva de abejas en Hopelch\u00e9n, Campeche","author":"grieta","date":"26 enero, 2024","format":false,"excerpt":"Ra\u00fal Ojeda \/ Milenio Campeche \/ El Colectivo Maya de los Chenes denunci\u00f3 un nuevo caso de envenenamiento y muerte masiva abejas en el municipio de Hopelch\u00e9n, Campeche. El se\u00f1alamiento ocurre a un a\u00f1o de la primera muerte masiva de abejas en esta regi\u00f3n maya. En la actualidad, las presentan\u2026","rel":"","context":"En &quot;Agroindustria&quot;","block_context":{"text":"Agroindustria","link":"http:\/\/www.grieta.org.mx\/index.php\/category\/megaproyectos\/agroindustria\/"},"img":{"alt_text":"","src":"https:\/\/i0.wp.com\/www.grieta.org.mx\/wp-content\/uploads\/2024\/01\/Abejas-e1706390391426.jpg?resize=350%2C200","width":350,"height":200,"srcset":"https:\/\/i0.wp.com\/www.grieta.org.mx\/wp-content\/uploads\/2024\/01\/Abejas-e1706390391426.jpg?resize=350%2C200 1x, https:\/\/i0.wp.com\/www.grieta.org.mx\/wp-content\/uploads\/2024\/01\/Abejas-e1706390391426.jpg?resize=525%2C300 1.5x, https:\/\/i0.wp.com\/www.grieta.org.mx\/wp-content\/uploads\/2024\/01\/Abejas-e1706390391426.jpg?resize=700%2C400 2x"},"classes":[]},{"id":66634,"url":"http:\/\/www.grieta.org.mx\/index.php\/2023\/03\/25\/campeche-reportan-muerte-masiva-de-abejas-por-fumigacion-con-agrotoxicos\/","url_meta":{"origin":69326,"position":1},"title":"Campeche: Reportan muerte masiva de abejas por fumigaci\u00f3n con agrot\u00f3xicos","author":"grieta","date":"25 marzo, 2023","format":false,"excerpt":"Terceravia.mx El d\u00eda 22 de marzo del presente a\u00f1o aproximadamente a las 16:00 hs, apicultores y habitantes de esta localidad se percataron de un extra\u00f1o comportamiento de las colmenas de abejas que poseen. Por los s\u00edntomas y la cantidad de insectos que perec\u00edan, se alertaron y contactaron a otros apicultores\u2026","rel":"","context":"En &quot;Campeche&quot;","block_context":{"text":"Campeche","link":"http:\/\/www.grieta.org.mx\/index.php\/category\/noticias-nacionales\/campeche\/"},"img":{"alt_text":"","src":"https:\/\/i0.wp.com\/www.grieta.org.mx\/wp-content\/uploads\/2023\/03\/Abejas-e1679836012469.jpg?resize=350%2C200","width":350,"height":200,"srcset":"https:\/\/i0.wp.com\/www.grieta.org.mx\/wp-content\/uploads\/2023\/03\/Abejas-e1679836012469.jpg?resize=350%2C200 1x, https:\/\/i0.wp.com\/www.grieta.org.mx\/wp-content\/uploads\/2023\/03\/Abejas-e1679836012469.jpg?resize=525%2C300 1.5x, https:\/\/i0.wp.com\/www.grieta.org.mx\/wp-content\/uploads\/2023\/03\/Abejas-e1679836012469.jpg?resize=700%2C400 2x"},"classes":[]},{"id":67592,"url":"http:\/\/www.grieta.org.mx\/index.php\/2023\/08\/30\/apicultores-mayas-de-campeche-denuncian-incumplimiento-de-suspensiones-de-amparos\/","url_meta":{"origin":69326,"position":2},"title":"Apicultores mayas de Campeche denuncian incumplimiento de suspensiones de amparos","author":"grieta","date":"30 agosto, 2023","format":false,"excerpt":"Octavio Mart\u00ednez \/ Proceso PLAYA DEL CARMEN, Q. Roo (apro).- Miembros del Colectivo de Comunidades Mayas de los Chenes denunciaron el incumplimiento de suspensiones de amparos con las que buscan proteger a las abejas luego de la mortandad ocurrida en Hopelch\u00e9n, Campeche. Tras la muerte generalizada de la especie registrada\u2026","rel":"","context":"En &quot;16. Pueblo Maya&quot;","block_context":{"text":"16. Pueblo Maya","link":"http:\/\/www.grieta.org.mx\/index.php\/category\/espejos-de-la-resistencia\/16-pueblo-maya\/"},"img":{"alt_text":"","src":"https:\/\/i0.wp.com\/www.grieta.org.mx\/wp-content\/uploads\/2023\/08\/Apicultores-e1693523495706.jpg?resize=350%2C200","width":350,"height":200,"srcset":"https:\/\/i0.wp.com\/www.grieta.org.mx\/wp-content\/uploads\/2023\/08\/Apicultores-e1693523495706.jpg?resize=350%2C200 1x, https:\/\/i0.wp.com\/www.grieta.org.mx\/wp-content\/uploads\/2023\/08\/Apicultores-e1693523495706.jpg?resize=525%2C300 1.5x, https:\/\/i0.wp.com\/www.grieta.org.mx\/wp-content\/uploads\/2023\/08\/Apicultores-e1693523495706.jpg?resize=700%2C400 2x"},"classes":[]},{"id":66959,"url":"http:\/\/www.grieta.org.mx\/index.php\/2023\/05\/23\/por-la-muerte-de-abejas-colectivo-maya-exige-se-declare-zona-de-emergencia-en-hopelchen-campeche\/","url_meta":{"origin":69326,"position":3},"title":"Por la muerte de abejas, colectivo maya exige se declare zona de emergencia en Hopelch\u00e9n (Campeche)","author":"grieta","date":"23 mayo, 2023","format":false,"excerpt":"Por Esto! El Colectivo de Comunidades Mayas de los Chenes en rueda de prensa exigen con prontitud a las autoridades de los tres niveles de gobierno se declare Zona de Emergencia el municipio de Hopelch\u00e9n por la muerte de miles de colmenas de abejas que equivale a m\u00e1s de 12\u2026","rel":"","context":"En &quot;Agroindustria&quot;","block_context":{"text":"Agroindustria","link":"http:\/\/www.grieta.org.mx\/index.php\/category\/megaproyectos\/agroindustria\/"},"img":{"alt_text":"","src":"https:\/\/i0.wp.com\/www.grieta.org.mx\/wp-content\/uploads\/2023\/05\/Hopelchen-e1685036714387.jpg?resize=350%2C200","width":350,"height":200,"srcset":"https:\/\/i0.wp.com\/www.grieta.org.mx\/wp-content\/uploads\/2023\/05\/Hopelchen-e1685036714387.jpg?resize=350%2C200 1x, https:\/\/i0.wp.com\/www.grieta.org.mx\/wp-content\/uploads\/2023\/05\/Hopelchen-e1685036714387.jpg?resize=525%2C300 1.5x, https:\/\/i0.wp.com\/www.grieta.org.mx\/wp-content\/uploads\/2023\/05\/Hopelchen-e1685036714387.jpg?resize=700%2C400 2x"},"classes":[]},{"id":70716,"url":"http:\/\/www.grieta.org.mx\/index.php\/2024\/12\/04\/sentencia-historica-reconoce-papel-crucial-de-las-abejas-para-los-ecosistemas-campeche\/","url_meta":{"origin":69326,"position":4},"title":"Sentencia hist\u00f3rica reconoce papel crucial de las abejas para los ecosistemas (Campeche)","author":"grieta","date":"4 diciembre, 2024","format":false,"excerpt":"Renata Bessi \/ Avispa Midia En portada: La deforestaci\u00f3n y el uso masivo de agrot\u00f3xicos son las principales amenazas para la supervivencia de las abejas en Campeche. En la imagen, apicultores muestran la muerte masiva de estos insectos. Foto: Colectivo Maya de los Chenes. Apicultores mayas de Hopelch\u00e9n, municipio del\u2026","rel":"","context":"En &quot;Agroindustria&quot;","block_context":{"text":"Agroindustria","link":"http:\/\/www.grieta.org.mx\/index.php\/category\/megaproyectos\/agroindustria\/"},"img":{"alt_text":"","src":"https:\/\/i0.wp.com\/www.grieta.org.mx\/wp-content\/uploads\/2024\/12\/Historica-e1734902559424.jpg?resize=350%2C200","width":350,"height":200,"srcset":"https:\/\/i0.wp.com\/www.grieta.org.mx\/wp-content\/uploads\/2024\/12\/Historica-e1734902559424.jpg?resize=350%2C200 1x, https:\/\/i0.wp.com\/www.grieta.org.mx\/wp-content\/uploads\/2024\/12\/Historica-e1734902559424.jpg?resize=525%2C300 1.5x, https:\/\/i0.wp.com\/www.grieta.org.mx\/wp-content\/uploads\/2024\/12\/Historica-e1734902559424.jpg?resize=700%2C400 2x"},"classes":[]},{"id":27125,"url":"http:\/\/www.grieta.org.mx\/index.php\/2018\/10\/09\/reportan-muerte-de-abejas-durante-fumigacion-de-soya-campeche\/","url_meta":{"origin":69326,"position":5},"title":"Reportan muerte de abejas durante fumigaci\u00f3n de soya (Campeche)","author":"grieta","date":"9 octubre, 2018","format":false,"excerpt":"Hopelch\u00e9n.- El productor Feliciano Uc\u00e1n Poot, integrante del Colectivo Ap\u00edcola Maya de Los Chenes, denunci\u00f3 que avionetas est\u00e1n fumigando grandes extensiones de cultivos de soya, ocasionando la muerte de las abejas de colmenas ubicadas en inmediaciones de esos sembrad\u00edos de oleaginosas. Uc\u00e1n Poot asegur\u00f3 que los fungicidas primero debilitan a\u2026","rel":"","context":"En &quot;16. Pueblo Maya&quot;","block_context":{"text":"16. Pueblo Maya","link":"http:\/\/www.grieta.org.mx\/index.php\/category\/espejos-de-la-resistencia\/16-pueblo-maya\/"},"img":{"alt_text":"","src":"https:\/\/i0.wp.com\/www.grieta.org.mx\/wp-content\/uploads\/2018\/10\/MuerteAbejasCampeche.png?resize=350%2C200","width":350,"height":200,"srcset":"https:\/\/i0.wp.com\/www.grieta.org.mx\/wp-content\/uploads\/2018\/10\/MuerteAbejasCampeche.png?resize=350%2C200 1x, https:\/\/i0.wp.com\/www.grieta.org.mx\/wp-content\/uploads\/2018\/10\/MuerteAbejasCampeche.png?resize=525%2C300 1.5x, https:\/\/i0.wp.com\/www.grieta.org.mx\/wp-content\/uploads\/2018\/10\/MuerteAbejasCampeche.png?resize=700%2C400 2x"},"classes":[]}],"_links":{"self":[{"href":"http:\/\/www.grieta.org.mx\/index.php\/wp-json\/wp\/v2\/posts\/69326","targetHints":{"allow":["GET"]}}],"collection":[{"href":"http:\/\/www.grieta.org.mx\/index.php\/wp-json\/wp\/v2\/posts"}],"about":[{"href":"http:\/\/www.grieta.org.mx\/index.php\/wp-json\/wp\/v2\/types\/post"}],"author":[{"embeddable":true,"href":"http:\/\/www.grieta.org.mx\/index.php\/wp-json\/wp\/v2\/users\/2"}],"replies":[{"embeddable":true,"href":"http:\/\/www.grieta.org.mx\/index.php\/wp-json\/wp\/v2\/comments?post=69326"}],"version-history":[{"count":1,"href":"http:\/\/www.grieta.org.mx\/index.php\/wp-json\/wp\/v2\/posts\/69326\/revisions"}],"predecessor-version":[{"id":69328,"href":"http:\/\/www.grieta.org.mx\/index.php\/wp-json\/wp\/v2\/posts\/69326\/revisions\/69328"}],"wp:featuredmedia":[{"embeddable":true,"href":"http:\/\/www.grieta.org.mx\/index.php\/wp-json\/wp\/v2\/media\/69327"}],"wp:attachment":[{"href":"http:\/\/www.grieta.org.mx\/index.php\/wp-json\/wp\/v2\/media?parent=69326"}],"wp:term":[{"taxonomy":"category","embeddable":true,"href":"http:\/\/www.grieta.org.mx\/index.php\/wp-json\/wp\/v2\/categories?post=69326"},{"taxonomy":"post_tag","embeddable":true,"href":"http:\/\/www.grieta.org.mx\/index.php\/wp-json\/wp\/v2\/tags?post=69326"}],"curies":[{"name":"wp","href":"https:\/\/api.w.org\/{rel}","templated":true}]}}