{"id":6930,"date":"2015-09-19T04:12:11","date_gmt":"2015-09-19T04:12:11","guid":{"rendered":"http:\/\/50.22.11.12\/~grietaor\/?p=6930"},"modified":"2016-03-29T04:13:29","modified_gmt":"2016-03-29T04:13:29","slug":"cnte-protesta-contra-la-reforma-educativa","status":"publish","type":"post","link":"http:\/\/www.grieta.org.mx\/index.php\/2015\/09\/19\/cnte-protesta-contra-la-reforma-educativa\/","title":{"rendered":"CNTE protesta contra la reforma educativa"},"content":{"rendered":"<p>Lorena Cano, Sinaloa.<\/p>\n<p>Guasave, Sinaloa.- Profesores del CNTE de Guasave y Los Mochis, se manifestaron en las principales calles de la ciudad como medida de rechazo a la reforma educativa la cual describieron como arbitraria hac\u00eda sus derechos laborales, por los que dijeron han luchado toda su vida profesional.<\/p>\n<p>Aunque anticiparon movilizaciones para el aniversario de la desaparici\u00f3n de los 43 normalistas de Ayotzinapa, as\u00ed como un paro laboral el pr\u00f3ximo mes indicaron se buscara estos no afecten el programa educativo ni a los j\u00f3venes estudiantes.<\/p>\n<p>La manifestaci\u00f3n pac\u00edfica concluy\u00f3 con un mitin en el cruce de la avenida Zaragoza y calle Corregidora.<\/p>\n<p><a href=\"http:\/\/www.debate.com.mx\/guasave\/CNTE-protesta-contra-la-reforma-educativa-20150919-0078.html\" target=\"_blank\">www.debate.com.mx\/guasave\/CNTE-protesta-contra-la-reforma-educativa-20150919-0078.html<\/a><\/p>\n","protected":false},"excerpt":{"rendered":"<p>Lorena Cano, Sinaloa. Guasave, Sinaloa.- Profesores del CNTE de Guasave y Los Mochis, se manifestaron en las principales calles de la ciudad como medida de rechazo a la reforma educativa &hellip; <a href=\"http:\/\/www.grieta.org.mx\/index.php\/2015\/09\/19\/cnte-protesta-contra-la-reforma-educativa\/\" class=\"more-link\">Leer m\u00e1s<\/a><\/p>\n","protected":false},"author":2,"featured_media":21928,"comment_status":"closed","ping_status":"open","sticky":false,"template":"","format":"standard","meta":{"ngg_post_thumbnail":0,"_jetpack_newsletter_access":"","_jetpack_dont_email_post_to_subs":false,"_jetpack_newsletter_tier_id":0,"_jetpack_memberships_contains_paywalled_content":false,"_jetpack_memberships_contains_paid_content":false,"footnotes":""},"categories":[80,164],"tags":[105,107,133],"class_list":["post-6930","post","type-post","status-publish","format-standard","has-post-thumbnail","hentry","category-cintillo","category-sinaloa","tag-derechos-laborales","tag-educacion","tag-maestros","entry"],"jetpack_featured_media_url":"http:\/\/www.grieta.org.mx\/wp-content\/uploads\/2018\/03\/14524434_1106112876131411_958039263622046936_o.jpg","jetpack_sharing_enabled":true,"jetpack_shortlink":"https:\/\/wp.me\/p7ZJR4-1NM","jetpack_likes_enabled":false,"jetpack-related-posts":[{"id":15280,"url":"http:\/\/www.grieta.org.mx\/index.php\/2016\/06\/22\/maestros-se-unen-a-movimiento\/","url_meta":{"origin":6930,"position":0},"title":"Maestros se unen a movimiento (Sinaloa)","author":"grieta","date":"22 junio, 2016","format":false,"excerpt":"Redacci\u00f3n El Debate, Sinaloa. Guasave, Sinaloa.- El representante de la CNTE en el municipio, Jos\u00e9 Pilar S\u00e1inz, se\u00f1al\u00f3 que en medida de protesta a las reformas de la salud y la educaci\u00f3n se unieron al movimiento de los m\u00e9dicos. Durante su manifestaci\u00f3n, que se llev\u00f3 a cabo por la tarde,\u2026","rel":"","context":"En &quot;CINTILLO&quot;","block_context":{"text":"CINTILLO","link":"http:\/\/www.grieta.org.mx\/index.php\/category\/cintillo\/"},"img":{"alt_text":"","src":"https:\/\/i0.wp.com\/www.grieta.org.mx\/wp-content\/uploads\/2018\/03\/14524434_1106112876131411_958039263622046936_o.jpg?resize=350%2C200","width":350,"height":200,"srcset":"https:\/\/i0.wp.com\/www.grieta.org.mx\/wp-content\/uploads\/2018\/03\/14524434_1106112876131411_958039263622046936_o.jpg?resize=350%2C200 1x, https:\/\/i0.wp.com\/www.grieta.org.mx\/wp-content\/uploads\/2018\/03\/14524434_1106112876131411_958039263622046936_o.jpg?resize=525%2C300 1.5x, https:\/\/i0.wp.com\/www.grieta.org.mx\/wp-content\/uploads\/2018\/03\/14524434_1106112876131411_958039263622046936_o.jpg?resize=700%2C400 2x"},"classes":[]},{"id":6903,"url":"http:\/\/www.grieta.org.mx\/index.php\/2016\/09\/13\/reforma-educativa-y-evaluacion-al-desempeno-en-sinaloa\/","url_meta":{"origin":6930,"position":1},"title":"Movilizaciones contra la Reforma educativa y evaluaci\u00f3n magisterial en Sinaloa","author":"grieta","date":"13 septiembre, 2016","format":false,"excerpt":"13\/09\/16. Mantienen lucha maestros cesados (Sinaloa) Noroeste 08\/09\/16. Maestros bloquean oficinas de la SNTE 27 (Sinaloa) El Debate 02\/09\/16. Maestros protestan en glorieta tur\u00edstica (Sinaloa) El Debate 29\/08\/16. \u201c\u00a1Un burro con le\u00f1a sabe m\u00e1s que Pe\u00f1a!\u201d, corean maestros en Sinaloa Proceso 20\/08\/16. Los maestros no se dan por vencidos (Sinaloa)\u2026","rel":"","context":"En &quot;NOTICIAS NACIONALES&quot;","block_context":{"text":"NOTICIAS NACIONALES","link":"http:\/\/www.grieta.org.mx\/index.php\/category\/noticias-nacionales\/"},"img":{"alt_text":"","src":"https:\/\/i0.wp.com\/www.grieta.org.mx\/wp-content\/uploads\/2018\/03\/14524434_1106112876131411_958039263622046936_o.jpg?resize=350%2C200","width":350,"height":200,"srcset":"https:\/\/i0.wp.com\/www.grieta.org.mx\/wp-content\/uploads\/2018\/03\/14524434_1106112876131411_958039263622046936_o.jpg?resize=350%2C200 1x, https:\/\/i0.wp.com\/www.grieta.org.mx\/wp-content\/uploads\/2018\/03\/14524434_1106112876131411_958039263622046936_o.jpg?resize=525%2C300 1.5x, https:\/\/i0.wp.com\/www.grieta.org.mx\/wp-content\/uploads\/2018\/03\/14524434_1106112876131411_958039263622046936_o.jpg?resize=700%2C400 2x"},"classes":[]},{"id":15276,"url":"http:\/\/www.grieta.org.mx\/index.php\/2016\/06\/25\/va-a-caer-la-reforma-va-a-caer-protestan-maestros\/","url_meta":{"origin":6930,"position":2},"title":"\u00a1Va a caer, la reforma va a caer! protestan maestros (Sinaloa)","author":"grieta","date":"25 junio, 2016","format":false,"excerpt":"Zulma Morales, Sinaloa. Culiac\u00e1n, Sinaloa.- Docentes de Sinaloa se reunieron hoy con al finalidad de emprender una marcha pac\u00edfica en apoyo a la CNTE y en contra de la Reforma Educativa. Decenas de maestros levantaron la voz y sus pancartas en una marcha por la avenida Obreg\u00f3n, donde demandan que\u2026","rel":"","context":"En &quot;CINTILLO&quot;","block_context":{"text":"CINTILLO","link":"http:\/\/www.grieta.org.mx\/index.php\/category\/cintillo\/"},"img":{"alt_text":"","src":"https:\/\/i0.wp.com\/www.grieta.org.mx\/wp-content\/uploads\/2018\/03\/14524434_1106112876131411_958039263622046936_o.jpg?resize=350%2C200","width":350,"height":200,"srcset":"https:\/\/i0.wp.com\/www.grieta.org.mx\/wp-content\/uploads\/2018\/03\/14524434_1106112876131411_958039263622046936_o.jpg?resize=350%2C200 1x, https:\/\/i0.wp.com\/www.grieta.org.mx\/wp-content\/uploads\/2018\/03\/14524434_1106112876131411_958039263622046936_o.jpg?resize=525%2C300 1.5x, https:\/\/i0.wp.com\/www.grieta.org.mx\/wp-content\/uploads\/2018\/03\/14524434_1106112876131411_958039263622046936_o.jpg?resize=700%2C400 2x"},"classes":[]},{"id":17091,"url":"http:\/\/www.grieta.org.mx\/index.php\/2016\/07\/09\/marcha-la-cnte-en-sinaloa-en-apoyo-a-maestros-de-oaxaca\/","url_meta":{"origin":6930,"position":3},"title":"Marcha la CNTE en Sinaloa en apoyo a maestros de Oaxaca","author":"grieta","date":"9 julio, 2016","format":false,"excerpt":"Blanca Peinado, Sinaloa. Culiac\u00e1n, Sin.- Maestros pertenecientes a la Coordinadora Nacional de Trabajadores de la Educaci\u00f3n en Sinaloa, marcharon en la capital del estado en apoyo a las v\u00edctimas y presos pol\u00edticos en Oaxaca que sufren los costos de oponerse a la reforma de este sector, declar\u00f3 Victoriano Reyes Rosas.\u2026","rel":"","context":"En &quot;CINTILLO&quot;","block_context":{"text":"CINTILLO","link":"http:\/\/www.grieta.org.mx\/index.php\/category\/cintillo\/"},"img":{"alt_text":"","src":"https:\/\/i0.wp.com\/www.grieta.org.mx\/wp-content\/uploads\/2018\/03\/14524434_1106112876131411_958039263622046936_o.jpg?resize=350%2C200","width":350,"height":200,"srcset":"https:\/\/i0.wp.com\/www.grieta.org.mx\/wp-content\/uploads\/2018\/03\/14524434_1106112876131411_958039263622046936_o.jpg?resize=350%2C200 1x, https:\/\/i0.wp.com\/www.grieta.org.mx\/wp-content\/uploads\/2018\/03\/14524434_1106112876131411_958039263622046936_o.jpg?resize=525%2C300 1.5x, https:\/\/i0.wp.com\/www.grieta.org.mx\/wp-content\/uploads\/2018\/03\/14524434_1106112876131411_958039263622046936_o.jpg?resize=700%2C400 2x"},"classes":[]},{"id":13944,"url":"http:\/\/www.grieta.org.mx\/index.php\/2016\/06\/03\/maestros-de-guanajuato-sinaloa-y-tabasco-se-unen-a-la-lucha-en-defensa-de-la-educacion-y-los-derechos-laborales\/","url_meta":{"origin":6930,"position":4},"title":"Maestros de Guanajuato, Sinaloa y Tabasco se unen a la lucha en defensa de la educaci\u00f3n y los derechos laborales","author":"grieta","date":"3 junio, 2016","format":false,"excerpt":"Redacci\u00f3n Revoluci\u00f3n 3.0 (03 de junio, 2016).- En Guanajuato, Sinaloa y Tabasco los maestros el d\u00eda de ayer se unieron a las protestas y apoyan el paro nacional realizado la Coordinadora Nacional de Trabajadores de la Educaci\u00f3n (CNTE). La Secretar\u00eda de Educaci\u00f3n P\u00fablica tuvo que suspender labores ante las protestas\u2026","rel":"","context":"En &quot;CINTILLO&quot;","block_context":{"text":"CINTILLO","link":"http:\/\/www.grieta.org.mx\/index.php\/category\/cintillo\/"},"img":{"alt_text":"","src":"https:\/\/i0.wp.com\/www.grieta.org.mx\/wp-content\/uploads\/2018\/03\/14524434_1106112876131411_958039263622046936_o.jpg?resize=350%2C200","width":350,"height":200,"srcset":"https:\/\/i0.wp.com\/www.grieta.org.mx\/wp-content\/uploads\/2018\/03\/14524434_1106112876131411_958039263622046936_o.jpg?resize=350%2C200 1x, https:\/\/i0.wp.com\/www.grieta.org.mx\/wp-content\/uploads\/2018\/03\/14524434_1106112876131411_958039263622046936_o.jpg?resize=525%2C300 1.5x, https:\/\/i0.wp.com\/www.grieta.org.mx\/wp-content\/uploads\/2018\/03\/14524434_1106112876131411_958039263622046936_o.jpg?resize=700%2C400 2x"},"classes":[]},{"id":14542,"url":"http:\/\/www.grieta.org.mx\/index.php\/2016\/06\/17\/cnte-lleva-su-protesta-contra-reforma-educativa-a-carmen-campeche\/","url_meta":{"origin":6930,"position":5},"title":"CNTE lleva su protesta contra Reforma Educativa a Carmen (Campeche)","author":"grieta","date":"17 junio, 2016","format":false,"excerpt":"CIUDAD DEL CARMEN, Cam. 17 de junio del 2016.- Nuevamente, integrantes de la Coordinadora Nacional de los Trabajadores de la Educaci\u00f3n (CNTE), en coordinaci\u00f3n con padres de familia, organizaciones y alumnos, realizaron una marcha-mitin en la Isla, saliendo de la Glorieta del Camar\u00f3n rumbo a la plaza principal de esta\u2026","rel":"","context":"En &quot;campeche&quot;","block_context":{"text":"campeche","link":"http:\/\/www.grieta.org.mx\/index.php\/category\/campeche\/"},"img":{"alt_text":"","src":"https:\/\/i0.wp.com\/www.grieta.org.mx\/wp-content\/uploads\/2018\/03\/14524434_1106112876131411_958039263622046936_o.jpg?resize=350%2C200","width":350,"height":200,"srcset":"https:\/\/i0.wp.com\/www.grieta.org.mx\/wp-content\/uploads\/2018\/03\/14524434_1106112876131411_958039263622046936_o.jpg?resize=350%2C200 1x, https:\/\/i0.wp.com\/www.grieta.org.mx\/wp-content\/uploads\/2018\/03\/14524434_1106112876131411_958039263622046936_o.jpg?resize=525%2C300 1.5x, https:\/\/i0.wp.com\/www.grieta.org.mx\/wp-content\/uploads\/2018\/03\/14524434_1106112876131411_958039263622046936_o.jpg?resize=700%2C400 2x"},"classes":[]}],"_links":{"self":[{"href":"http:\/\/www.grieta.org.mx\/index.php\/wp-json\/wp\/v2\/posts\/6930","targetHints":{"allow":["GET"]}}],"collection":[{"href":"http:\/\/www.grieta.org.mx\/index.php\/wp-json\/wp\/v2\/posts"}],"about":[{"href":"http:\/\/www.grieta.org.mx\/index.php\/wp-json\/wp\/v2\/types\/post"}],"author":[{"embeddable":true,"href":"http:\/\/www.grieta.org.mx\/index.php\/wp-json\/wp\/v2\/users\/2"}],"replies":[{"embeddable":true,"href":"http:\/\/www.grieta.org.mx\/index.php\/wp-json\/wp\/v2\/comments?post=6930"}],"version-history":[{"count":1,"href":"http:\/\/www.grieta.org.mx\/index.php\/wp-json\/wp\/v2\/posts\/6930\/revisions"}],"predecessor-version":[{"id":6931,"href":"http:\/\/www.grieta.org.mx\/index.php\/wp-json\/wp\/v2\/posts\/6930\/revisions\/6931"}],"wp:featuredmedia":[{"embeddable":true,"href":"http:\/\/www.grieta.org.mx\/index.php\/wp-json\/wp\/v2\/media\/21928"}],"wp:attachment":[{"href":"http:\/\/www.grieta.org.mx\/index.php\/wp-json\/wp\/v2\/media?parent=6930"}],"wp:term":[{"taxonomy":"category","embeddable":true,"href":"http:\/\/www.grieta.org.mx\/index.php\/wp-json\/wp\/v2\/categories?post=6930"},{"taxonomy":"post_tag","embeddable":true,"href":"http:\/\/www.grieta.org.mx\/index.php\/wp-json\/wp\/v2\/tags?post=6930"}],"curies":[{"name":"wp","href":"https:\/\/api.w.org\/{rel}","templated":true}]}}