{"id":69294,"date":"2024-06-30T17:07:02","date_gmt":"2024-06-30T23:07:02","guid":{"rendered":"https:\/\/www.grieta.org.mx\/?p=69294"},"modified":"2024-07-10T17:35:15","modified_gmt":"2024-07-10T23:35:15","slug":"en-el-acueducto-xpujil-agua-contaminada-y-fuga-de-dinero-campeche","status":"publish","type":"post","link":"http:\/\/www.grieta.org.mx\/index.php\/2024\/06\/30\/en-el-acueducto-xpujil-agua-contaminada-y-fuga-de-dinero-campeche\/","title":{"rendered":"En el acueducto Xpujil, agua contaminada y fuga de dinero (Campeche)"},"content":{"rendered":"<p>Silke Grasreiner \/ Revista Proceso<\/p>\n<blockquote><p>El \u201cNuevo Acueducto L\u00f3pez Mateos-Xpujil\u201d se iba a entregar en diciembre de 2022, pero hasta el mes pasado no estaba listo y los habitantes de Calakmul padecen escasez de agua desde hace meses. Adem\u00e1s, los militares no han rendido cuentas por 439 millones de pesos, de los 956 millones que recibieron.<\/p><\/blockquote>\n<p>XPUJIL, Camp.\u2013 \u201cYa no va a hacer falta el agua. Ya se termin\u00f3 esta obra, este acueducto\u201d, asegur\u00f3 el presidente Andr\u00e9s Manuel L\u00f3pez Obrador en la inauguraci\u00f3n del acueducto en Xpujil, el 26 de enero \u00faltimo.<\/p>\n<p>Desde entonces, lo que se ha distribuido mediante esta obra no es ni una sola gota. Los pobladores recuerdan las palabras del presidente como una burla de sus necesidades m\u00e1s b\u00e1sicas. Para los afectados el retraso de la obra es un desastre real que padecen a diario.<\/p>\n<p>Apesta el l\u00edquido marr\u00f3n, entremezclado con lodo, algas y otras materias que se entrega a los residentes de Xpujil por pipas de agua. Procede de una laguna cerca de la ciudad. Est\u00e1n agradecidos por recibir al menos eso.<\/p>\n<p>Sin embargo, el agua contaminada tiene efectos secundarios: \u201cA mi beb\u00e9 de dos meses le est\u00e1n saliendo ronchitas muy feas. Aqu\u00ed toda la cuarter\u00eda est\u00e1 as\u00ed con ronchitas en todo el cuerpo por el agua de jag\u00fcey. No podremos vivir as\u00ed\u201d, dice Victoria (cuyo nombre real se reserva).<\/p>\n<p><img loading=\"lazy\" decoding=\"async\" data-attachment-id=\"69296\" data-permalink=\"http:\/\/www.grieta.org.mx\/index.php\/2024\/06\/30\/en-el-acueducto-xpujil-agua-contaminada-y-fuga-de-dinero-campeche\/screenshot-28\/\" data-orig-file=\"http:\/\/www.grieta.org.mx\/wp-content\/uploads\/2024\/07\/AcueductoXpujil2-e1720653816553.jpg\" data-orig-size=\"800,255\" data-comments-opened=\"0\" data-image-meta=\"{&quot;aperture&quot;:&quot;0&quot;,&quot;credit&quot;:&quot;&quot;,&quot;camera&quot;:&quot;&quot;,&quot;caption&quot;:&quot;Screenshot&quot;,&quot;created_timestamp&quot;:&quot;0&quot;,&quot;copyright&quot;:&quot;&quot;,&quot;focal_length&quot;:&quot;0&quot;,&quot;iso&quot;:&quot;0&quot;,&quot;shutter_speed&quot;:&quot;0&quot;,&quot;title&quot;:&quot;Screenshot&quot;,&quot;orientation&quot;:&quot;1&quot;}\" data-image-title=\"Screenshot\" data-image-description=\"\" data-image-caption=\"&lt;p&gt;Screenshot&lt;\/p&gt;\n\" data-medium-file=\"http:\/\/www.grieta.org.mx\/wp-content\/uploads\/2024\/07\/AcueductoXpujil2-300x96.jpg\" data-large-file=\"http:\/\/www.grieta.org.mx\/wp-content\/uploads\/2024\/07\/AcueductoXpujil2-1024x326.jpg\" src=\"http:\/\/www.grieta.org.mx\/wp-content\/uploads\/2024\/07\/AcueductoXpujil2-e1720653816553.jpg\" alt=\"\" width=\"800\" height=\"255\" class=\"size-full wp-image-69296\" \/><br \/>\nJag\u00fcey. Agua sucia para la gente. Foto: Silke Grasreiner.<\/p>\n<p>Anteriormente, Xpujil y 23 pueblos situados a lo largo de la carretera federal 186, entre Esc\u00e1rcega y Chetumal, se abastec\u00edan de un acueducto construido en 2005 que transportaba agua de tres pozos profundos desde el pueblo de L\u00f3pez Mateos, a 96.7 kil\u00f3metros hasta Xpujil. En vista del incremento de la demanda de agua en la regi\u00f3n por el Tren Maya, el gobierno prometi\u00f3 construir un nuevo acueducto para aumentar la capacidad de 32 a 230 litros por segundo.<\/p>\n<p>La Secretar\u00eda de la Defensa Nacional (Sedena) fue encargada del proyecto \u201cNuevo Acueducto L\u00f3pez Mateos-Xpujil (NALM:X)\u201d, como se llama oficialmente. Pero tal y como ocurri\u00f3 con el Tramo 7 del Tren Maya (Proceso VI, diciembre 2023) no s\u00f3lo no se termin\u00f3 a tiempo, sino que tambi\u00e9n hubo irregularidades.<\/p>\n<p>En noviembre de 2023 la Auditor\u00eda Superior de la Federaci\u00f3n (ASF) public\u00f3 que los militares no pudieron justificar gastos por 439.7 millones de pesos de los de 956.3 millones destinados para la obra en 2022.<\/p>\n<p>Hasta mayo de 2024 parte de los tubos del nuevo acueducto ni siquiera hab\u00eda sido colocada o conectada, como demuestran fotos de dron. Adem\u00e1s, la calidad de la parte terminada es deficiente, afirman cuatro ingenieros, dos militares y dos civiles, quienes trabajaron directamente en el nuevo acueducto y que desean permanecer en el anonimato por miedo a represalias. Uno de ellos califica la obra como una \u201crapi\u00f1a de lo peor\u201d.<\/p>\n<p><img loading=\"lazy\" decoding=\"async\" data-attachment-id=\"69297\" data-permalink=\"http:\/\/www.grieta.org.mx\/index.php\/2024\/06\/30\/en-el-acueducto-xpujil-agua-contaminada-y-fuga-de-dinero-campeche\/screenshot-29\/\" data-orig-file=\"http:\/\/www.grieta.org.mx\/wp-content\/uploads\/2024\/07\/AcueductoXpujil3-e1720653913271.jpg\" data-orig-size=\"800,332\" data-comments-opened=\"0\" data-image-meta=\"{&quot;aperture&quot;:&quot;0&quot;,&quot;credit&quot;:&quot;&quot;,&quot;camera&quot;:&quot;&quot;,&quot;caption&quot;:&quot;Screenshot&quot;,&quot;created_timestamp&quot;:&quot;0&quot;,&quot;copyright&quot;:&quot;&quot;,&quot;focal_length&quot;:&quot;0&quot;,&quot;iso&quot;:&quot;0&quot;,&quot;shutter_speed&quot;:&quot;0&quot;,&quot;title&quot;:&quot;Screenshot&quot;,&quot;orientation&quot;:&quot;1&quot;}\" data-image-title=\"Screenshot\" data-image-description=\"\" data-image-caption=\"&lt;p&gt;Screenshot&lt;\/p&gt;\n\" data-medium-file=\"http:\/\/www.grieta.org.mx\/wp-content\/uploads\/2024\/07\/AcueductoXpujil3-300x125.jpg\" data-large-file=\"http:\/\/www.grieta.org.mx\/wp-content\/uploads\/2024\/07\/AcueductoXpujil3-1024x425.jpg\" src=\"http:\/\/www.grieta.org.mx\/wp-content\/uploads\/2024\/07\/AcueductoXpujil3-e1720653913271.jpg\" alt=\"\" width=\"800\" height=\"332\" class=\"size-full wp-image-69297\" \/><br \/>\nFuga en el acueducto Xpujil. Foto: Silke Grasreiner.<\/p>\n<p>Cerca de 70% de los tubos de RPFV (poli\u00e9ster reforzado con fibra de vidrio) que ocupa el nuevo acueducto provienen del productor O-tek; y 30% del proveedor WEX Pipe. En estos \u00faltimos \u201chay fugas por todos lados\u201d, dice uno de los ingenieros civiles entrevistados. Estas fugas, incluso, se hubieran descubierto durante las pruebas de la tuber\u00eda, \u201cpero lo enterraron\u201d, revela.<\/p>\n<p>De acuerdo con la norma de la Comisi\u00f3n Nacional del Agua (Conagua), las pruebas a presi\u00f3n se tienen que realizar cada 500 metros. \u201cSi quieres probar un kil\u00f3metro, dos kil\u00f3metros por las prisas, puedes tener problemas\u201d, advierte uno de los ingenieros militares. Pero eso fue exactamente lo que pas\u00f3: \u201cNo hicieron las pruebas hidrost\u00e1ticas\u201d, expone.<\/p>\n<p>Seg\u00fan su observaci\u00f3n, tampoco se respetaron las normas sobre la nivelaci\u00f3n de los tubos y la compactaci\u00f3n de la tierra antes de asentar los tubos en la zanja: \u201cYo no puedo pasarme m\u00e1s de tres grados entre el tubo y el tubo porque se crea ah\u00ed un punto de inflexi\u00f3n\u201d, especifica el ingeniero militar. Para su trabajo \u00e9l dijo que tuvo \u201csiete cuadrillas de top\u00f3grafos verificando los puntos\u201d, pero despu\u00e9s ya no vio a ninguno.<\/p>\n<p>En cuanto a la compactaci\u00f3n de la tierra, explica: \u201cTienes que compactarla; empezaba a llover, se empezaba a filtrar el agua, y nos sacaba el tubo en las partes donde no hab\u00edamos compactado bien. Entonces lo que les pas\u00f3 es que no lo siguieron. Pensaron que era tubo com\u00fan y corriente y avanzaron muchos kil\u00f3metros, pero mal ejecutado\u201d.<\/p>\n<p>Desde su inicio, la responsabilidad financiera y t\u00e9cnica del proyecto NALM:X fue asignada al entonces general Brigadier e ingeniero militar Ra\u00fal Manzano V\u00e9lez, quien tambi\u00e9n estuvo a cargo del Centro Coordinador del Tren Maya.<\/p>\n<p>Un subordinado resume la actitud del general Manzano: \u201cA \u00e9l nunca le interes\u00f3 la obra, nunca se apareci\u00f3. Le preocupaba imponer su poder en lugar de avance de la obra\u201d. Tras salir a la luz los gastos sin comprobar, dados a conocer por la ASF, Manzano no fue obligado a revelar sus cuentas, sino al contrario: el 16 de noviembre de 2023 la Sedena anunci\u00f3 su ascenso a general de Brigada.<\/p>\n<p>Ya en verano de 2023 a Manzano le fueron asignados tres proyectos m\u00e1s de infraestructura en Baja California: una planta de tratamiento de aguas residuales, la construcci\u00f3n de un viaducto elevado y una garita conocida como Otay II. Al mismo tiempo \u00e9l sigue siendo el responsable del acueducto en Campeche, como confirman los convenios sobre la obra, a los cuales Proceso tuvo acceso.<\/p>\n<p><img loading=\"lazy\" decoding=\"async\" data-attachment-id=\"69298\" data-permalink=\"http:\/\/www.grieta.org.mx\/index.php\/2024\/06\/30\/en-el-acueducto-xpujil-agua-contaminada-y-fuga-de-dinero-campeche\/screenshot-30\/\" data-orig-file=\"http:\/\/www.grieta.org.mx\/wp-content\/uploads\/2024\/07\/AcueductoXpujil4-e1720654006365.jpg\" data-orig-size=\"800,499\" data-comments-opened=\"0\" data-image-meta=\"{&quot;aperture&quot;:&quot;0&quot;,&quot;credit&quot;:&quot;&quot;,&quot;camera&quot;:&quot;&quot;,&quot;caption&quot;:&quot;Screenshot&quot;,&quot;created_timestamp&quot;:&quot;0&quot;,&quot;copyright&quot;:&quot;&quot;,&quot;focal_length&quot;:&quot;0&quot;,&quot;iso&quot;:&quot;0&quot;,&quot;shutter_speed&quot;:&quot;0&quot;,&quot;title&quot;:&quot;Screenshot&quot;,&quot;orientation&quot;:&quot;1&quot;}\" data-image-title=\"Screenshot\" data-image-description=\"\" data-image-caption=\"&lt;p&gt;Screenshot&lt;\/p&gt;\n\" data-medium-file=\"http:\/\/www.grieta.org.mx\/wp-content\/uploads\/2024\/07\/AcueductoXpujil4-300x187.jpg\" data-large-file=\"http:\/\/www.grieta.org.mx\/wp-content\/uploads\/2024\/07\/AcueductoXpujil4-1024x639.jpg\" src=\"http:\/\/www.grieta.org.mx\/wp-content\/uploads\/2024\/07\/AcueductoXpujil4-e1720654006365.jpg\" alt=\"\" width=\"800\" height=\"499\" class=\"size-full wp-image-69298\" \/><br \/>\nManzano V\u00e9lez. Irregularidades. Foto: Especial.<\/p>\n<p>Este medio solicit\u00f3 a la Sedena una entrevista con el general Manzano. A finales de marzo \u00faltimo la solicitud fue negada \u201ccon motivo del proceso de elecciones\u201d. A una nueva solicitud enviada el 3 de junio \u00faltimo, la Secretar\u00eda ya no respondi\u00f3.<\/p>\n<p>Tubos vac\u00edos, manos llenas<\/p>\n<p>Proceso tuvo acceso tambi\u00e9n a los contratos que celebr\u00f3 Manzano con proveedores. En 2022 contrat\u00f3, entre otros, a la empresa Indave, SA de CV, que renta maquinaria. El coordinador de Indave in situ era Felipe del \u00c1ngel Malibr\u00e1n, un futbolista retirado. Malibr\u00e1n es \u201cel director t\u00e9cnico de una escuela del equipo Correcaminos, donde va el hijo del general\u201d, seg\u00fan un ingeniero militar. \u201cAh\u00ed es donde se da el principal desv\u00edo, en lo que es maquinaria, de varios millones de pesos\u201d, agrega.<\/p>\n<p>El contrato de 2022 con Indave fue por una cantidad m\u00e1xima de 72 millones de pesos. \u201cCuando estuve pidiendo m\u00e1quinas no me llegaban\u201d, denuncia el ingeniero militar. \u201cEl general pagaba 20 y me llegaba una o dos. Y las otras 19 s\u00f3lo existen en papel\u201d. <\/p>\n<p>Fragmento del reportaje publicado en la edici\u00f3n 0013 de la revista Proceso, correspondiente a julio de 2024<\/p>\n<p><a href=\"https:\/\/www.proceso.com.mx\/reportajes\/2024\/6\/30\/en-el-acueducto-xpujil-agua-contaminada-fuga-de-dinero-331932.html\" rel=\"noopener\" target=\"_blank\">https:\/\/www.proceso.com.mx\/reportajes\/2024\/6\/30\/en-el-acueducto-xpujil-agua-contaminada-fuga-de-dinero-331932.html<\/a><\/p>\n","protected":false},"excerpt":{"rendered":"<p>Silke Grasreiner \/ Revista Proceso El \u201cNuevo Acueducto L\u00f3pez Mateos-Xpujil\u201d se iba a entregar en diciembre de 2022, pero hasta el mes pasado no estaba listo y los habitantes de &hellip; <a href=\"http:\/\/www.grieta.org.mx\/index.php\/2024\/06\/30\/en-el-acueducto-xpujil-agua-contaminada-y-fuga-de-dinero-campeche\/\" class=\"more-link\">Leer m\u00e1s<\/a><\/p>\n","protected":false},"author":2,"featured_media":69295,"comment_status":"closed","ping_status":"closed","sticky":false,"template":"","format":"standard","meta":{"ngg_post_thumbnail":0,"_jetpack_newsletter_access":"","_jetpack_dont_email_post_to_subs":false,"_jetpack_newsletter_tier_id":0,"_jetpack_memberships_contains_paywalled_content":false,"_jetpack_memberships_contains_paid_content":false,"footnotes":""},"categories":[69,11,80,1311,914,3009,958,1,954,3,922,926,2,83,2026],"tags":[447,4205,198,410,2403,614,1879,1878,200],"class_list":["post-69294","post","type-post","status-publish","format-standard","has-post-thumbnail","hentry","category-25-xpujil","category-campeche","category-cintillo","category-contaminacion-y-danos-a-la-salud-en-campeche","category-privatizacion-del-agua","category-crisis-del-agua-en-campeche","category-esp-campeche","category-espejos-de-la-resistencia","category-espejos-estados","category-megaproyectos","category-megaproyectos-estados","category-mp-campeche","category-noticias-nacionales","category-temas-nacionales","category-tren-maya","tag-acueducto","tag-agua-contaminada","tag-calakmul","tag-corrupcion","tag-crisis-del-agua","tag-militarizacion","tag-pueblo-maya","tag-tren-maya","tag-xpujil","entry"],"jetpack_featured_media_url":"http:\/\/www.grieta.org.mx\/wp-content\/uploads\/2024\/07\/AcueductoXpujil-e1720653722203.jpg","jetpack_sharing_enabled":true,"jetpack_shortlink":"https:\/\/wp.me\/p7ZJR4-i1E","jetpack_likes_enabled":false,"jetpack-related-posts":[{"id":67166,"url":"http:\/\/www.grieta.org.mx\/index.php\/2023\/07\/03\/habitantes-de-xpujil-denuncian-que-militares-restringen-el-uso-del-agua-campeche\/","url_meta":{"origin":69294,"position":0},"title":"Habitantes de Xpujil denuncian que militares restringen el uso del agua (Campeche)","author":"grieta","date":"3 julio, 2023","format":false,"excerpt":"Itzel Chan \/ Haz Ruido Las y los pobladores observaron que ahora el agua es conducida a los hoteles en construcci\u00f3n cerca de Calakmul, los cuales forman parte del proyecto del Tren Maya. M\u00e9rida, Yucat\u00e1n, 3 de julio de 2023.-Habitantes de Xpujil, comunidad maya del sur de Campeche, denuncian que\u2026","rel":"","context":"En &quot;25. Xpujil&quot;","block_context":{"text":"25. Xpujil","link":"http:\/\/www.grieta.org.mx\/index.php\/category\/espejos-de-la-resistencia\/25-xpujil\/"},"img":{"alt_text":"","src":"https:\/\/i0.wp.com\/www.grieta.org.mx\/wp-content\/uploads\/2023\/07\/Xpujil-e1688848821346.jpg?resize=350%2C200","width":350,"height":200,"srcset":"https:\/\/i0.wp.com\/www.grieta.org.mx\/wp-content\/uploads\/2023\/07\/Xpujil-e1688848821346.jpg?resize=350%2C200 1x, https:\/\/i0.wp.com\/www.grieta.org.mx\/wp-content\/uploads\/2023\/07\/Xpujil-e1688848821346.jpg?resize=525%2C300 1.5x, https:\/\/i0.wp.com\/www.grieta.org.mx\/wp-content\/uploads\/2023\/07\/Xpujil-e1688848821346.jpg?resize=700%2C400 2x"},"classes":[]},{"id":68141,"url":"http:\/\/www.grieta.org.mx\/index.php\/2023\/11\/02\/calakmul-el-acueducto-inconcluso-de-la-sedena-y-439-millones-de-pesos-por-comprobar-campeche\/","url_meta":{"origin":69294,"position":1},"title":"Calakmul: El acueducto inconcluso de la Sedena y 439 millones de pesos por comprobar (Campeche)","author":"grieta","date":"2 noviembre, 2023","format":false,"excerpt":"Mathieu Tourliere \/ Revista Proceso La Conagua, responsable de instalar 96.71 kil\u00f3metros de tuber\u00eda, deleg\u00f3 sus responsabilidades a la Sedena mediante un \u201cconvenio de colaboraci\u00f3n\u201d. La obra deb\u00eda entregarse el 31 de diciembre de 2022, se destinaron 956.3 mdp, pero la Sedena solo ha comprobado la ejecuci\u00f3n de 526 mdp,\u2026","rel":"","context":"En &quot;Campeche&quot;","block_context":{"text":"Campeche","link":"http:\/\/www.grieta.org.mx\/index.php\/category\/noticias-nacionales\/campeche\/"},"img":{"alt_text":"","src":"https:\/\/i0.wp.com\/www.grieta.org.mx\/wp-content\/uploads\/2023\/11\/TrenCalakmul-e1700518334628.jpg?resize=350%2C200","width":350,"height":200,"srcset":"https:\/\/i0.wp.com\/www.grieta.org.mx\/wp-content\/uploads\/2023\/11\/TrenCalakmul-e1700518334628.jpg?resize=350%2C200 1x, https:\/\/i0.wp.com\/www.grieta.org.mx\/wp-content\/uploads\/2023\/11\/TrenCalakmul-e1700518334628.jpg?resize=525%2C300 1.5x, https:\/\/i0.wp.com\/www.grieta.org.mx\/wp-content\/uploads\/2023\/11\/TrenCalakmul-e1700518334628.jpg?resize=700%2C400 2x"},"classes":[]},{"id":69383,"url":"http:\/\/www.grieta.org.mx\/index.php\/2024\/08\/07\/vecinos-de-calakmul-denuncian-que-el-agua-potable-sale-con-lodo-exigen-solucion-campeche\/","url_meta":{"origin":69294,"position":2},"title":"Vecinos de Calakmul denuncian que el agua potable sale con lodo; exigen soluci\u00f3n (Campeche)","author":"grieta","date":"7 agosto, 2024","format":false,"excerpt":"Joaqu\u00edn Guevara \/ Por Esto! Habitantes de la Regi\u00f3n de Xpujil, Calakmul, desde hace tres d\u00edas tienen problemas por el servicio de mala calidad del agua potable debido a que, de sus llaves, ha salido agua con lodo, que no puede ser utilizada para consumo humano y el Servicio de\u2026","rel":"","context":"En &quot;Campeche&quot;","block_context":{"text":"Campeche","link":"http:\/\/www.grieta.org.mx\/index.php\/category\/noticias-nacionales\/campeche\/"},"img":{"alt_text":"","src":"https:\/\/i0.wp.com\/www.grieta.org.mx\/wp-content\/uploads\/2024\/08\/XpujilAgua-e1723593774495.jpg?resize=350%2C200","width":350,"height":200,"srcset":"https:\/\/i0.wp.com\/www.grieta.org.mx\/wp-content\/uploads\/2024\/08\/XpujilAgua-e1723593774495.jpg?resize=350%2C200 1x, https:\/\/i0.wp.com\/www.grieta.org.mx\/wp-content\/uploads\/2024\/08\/XpujilAgua-e1723593774495.jpg?resize=525%2C300 1.5x, https:\/\/i0.wp.com\/www.grieta.org.mx\/wp-content\/uploads\/2024\/08\/XpujilAgua-e1723593774495.jpg?resize=700%2C400 2x"},"classes":[]},{"id":67059,"url":"http:\/\/www.grieta.org.mx\/index.php\/2023\/05\/03\/caravana-el-sur-resiste-pide-a-la-sedena-suspender-obras-en-el-tramo-7-del-tren-maya-campeche\/","url_meta":{"origin":69294,"position":3},"title":"Caravana El Sur Resiste pide a la Sedena suspender obras en el Tramo 7 del Tren Maya (Campeche)","author":"grieta","date":"3 mayo, 2023","format":false,"excerpt":"Cambio 22 XPUJIL, CAMPECHE, 3 de mayo.- Los integrantes del movimiento Caravana El Sur Resiste llegaron al campamento de la Secretar\u00eda de la Defensa Nacional (Sedena) en Xpujil, municipio de Calakmul, Campeche, para hacer entrega a los ingenieros militares de documentos que acreditan que el Tramo 7 del Tren Maya\u2026","rel":"","context":"En &quot;25. Xpujil&quot;","block_context":{"text":"25. Xpujil","link":"http:\/\/www.grieta.org.mx\/index.php\/category\/espejos-de-la-resistencia\/25-xpujil\/"},"img":{"alt_text":"","src":"https:\/\/i0.wp.com\/www.grieta.org.mx\/wp-content\/uploads\/2023\/06\/SurResiste-e1687537548743.jpg?resize=350%2C200","width":350,"height":200,"srcset":"https:\/\/i0.wp.com\/www.grieta.org.mx\/wp-content\/uploads\/2023\/06\/SurResiste-e1687537548743.jpg?resize=350%2C200 1x, https:\/\/i0.wp.com\/www.grieta.org.mx\/wp-content\/uploads\/2023\/06\/SurResiste-e1687537548743.jpg?resize=525%2C300 1.5x, https:\/\/i0.wp.com\/www.grieta.org.mx\/wp-content\/uploads\/2023\/06\/SurResiste-e1687537548743.jpg?resize=700%2C400 2x"},"classes":[]},{"id":47874,"url":"http:\/\/www.grieta.org.mx\/index.php\/2020\/04\/13\/las-vias-torcidas-del-tren-maya-video\/","url_meta":{"origin":69294,"position":4},"title":"Las v\u00edas torcidas del tren maya (Video)","author":"grieta","date":"13 abril, 2020","format":false,"excerpt":"https:\/\/www.youtube.com\/watch?v=k8FRX9eT0YY","rel":"","context":"En &quot;16. Pueblo Maya&quot;","block_context":{"text":"16. Pueblo Maya","link":"http:\/\/www.grieta.org.mx\/index.php\/category\/espejos-de-la-resistencia\/16-pueblo-maya\/"},"img":{"alt_text":"","src":"https:\/\/i0.wp.com\/www.grieta.org.mx\/wp-content\/uploads\/2020\/04\/ViasTorcidasTrenMaya.png?resize=350%2C200","width":350,"height":200,"srcset":"https:\/\/i0.wp.com\/www.grieta.org.mx\/wp-content\/uploads\/2020\/04\/ViasTorcidasTrenMaya.png?resize=350%2C200 1x, https:\/\/i0.wp.com\/www.grieta.org.mx\/wp-content\/uploads\/2020\/04\/ViasTorcidasTrenMaya.png?resize=525%2C300 1.5x, https:\/\/i0.wp.com\/www.grieta.org.mx\/wp-content\/uploads\/2020\/04\/ViasTorcidasTrenMaya.png?resize=700%2C400 2x"},"classes":[]},{"id":67055,"url":"http:\/\/www.grieta.org.mx\/index.php\/2023\/06\/22\/sedena-continua-construccion-de-hotel-en-calakmul-pese-a-denuncias-de-ambientalistas-campeche\/","url_meta":{"origin":69294,"position":5},"title":"Sedena Contin\u00faa Construcci\u00f3n de Hotel en Calakmul, Pese a Denuncias de Ambientalistas (Campeche)","author":"grieta","date":"22 junio, 2023","format":false,"excerpt":"Cambio 22 CHETUMAL, 22 de junio.- La construcci\u00f3n de un hotel casino en asociado al Tren Maya medio de la Reserva de la Bi\u00f3sfera de Calakmul, en Campeche, contin\u00faa, pese a que ambientalistas han intensificado sus denuncias contra la Secretar\u00eda de la Defensa Nacional (Sedena), a la que acusan de\u2026","rel":"","context":"En &quot;25. Xpujil&quot;","block_context":{"text":"25. Xpujil","link":"http:\/\/www.grieta.org.mx\/index.php\/category\/espejos-de-la-resistencia\/25-xpujil\/"},"img":{"alt_text":"","src":"https:\/\/i0.wp.com\/www.grieta.org.mx\/wp-content\/uploads\/2023\/06\/Calakmul-e1687522585268.jpg?resize=350%2C200","width":350,"height":200,"srcset":"https:\/\/i0.wp.com\/www.grieta.org.mx\/wp-content\/uploads\/2023\/06\/Calakmul-e1687522585268.jpg?resize=350%2C200 1x, https:\/\/i0.wp.com\/www.grieta.org.mx\/wp-content\/uploads\/2023\/06\/Calakmul-e1687522585268.jpg?resize=525%2C300 1.5x, https:\/\/i0.wp.com\/www.grieta.org.mx\/wp-content\/uploads\/2023\/06\/Calakmul-e1687522585268.jpg?resize=700%2C400 2x"},"classes":[]}],"_links":{"self":[{"href":"http:\/\/www.grieta.org.mx\/index.php\/wp-json\/wp\/v2\/posts\/69294","targetHints":{"allow":["GET"]}}],"collection":[{"href":"http:\/\/www.grieta.org.mx\/index.php\/wp-json\/wp\/v2\/posts"}],"about":[{"href":"http:\/\/www.grieta.org.mx\/index.php\/wp-json\/wp\/v2\/types\/post"}],"author":[{"embeddable":true,"href":"http:\/\/www.grieta.org.mx\/index.php\/wp-json\/wp\/v2\/users\/2"}],"replies":[{"embeddable":true,"href":"http:\/\/www.grieta.org.mx\/index.php\/wp-json\/wp\/v2\/comments?post=69294"}],"version-history":[{"count":1,"href":"http:\/\/www.grieta.org.mx\/index.php\/wp-json\/wp\/v2\/posts\/69294\/revisions"}],"predecessor-version":[{"id":69299,"href":"http:\/\/www.grieta.org.mx\/index.php\/wp-json\/wp\/v2\/posts\/69294\/revisions\/69299"}],"wp:featuredmedia":[{"embeddable":true,"href":"http:\/\/www.grieta.org.mx\/index.php\/wp-json\/wp\/v2\/media\/69295"}],"wp:attachment":[{"href":"http:\/\/www.grieta.org.mx\/index.php\/wp-json\/wp\/v2\/media?parent=69294"}],"wp:term":[{"taxonomy":"category","embeddable":true,"href":"http:\/\/www.grieta.org.mx\/index.php\/wp-json\/wp\/v2\/categories?post=69294"},{"taxonomy":"post_tag","embeddable":true,"href":"http:\/\/www.grieta.org.mx\/index.php\/wp-json\/wp\/v2\/tags?post=69294"}],"curies":[{"name":"wp","href":"https:\/\/api.w.org\/{rel}","templated":true}]}}