{"id":69286,"date":"2024-07-08T14:11:15","date_gmt":"2024-07-08T20:11:15","guid":{"rendered":"https:\/\/www.grieta.org.mx\/?p=69286"},"modified":"2024-07-09T14:25:54","modified_gmt":"2024-07-09T20:25:54","slug":"tesoco-el-pueblo-que-expulso-a-los-volquetes-del-tren-maya-yucatan","status":"publish","type":"post","link":"http:\/\/www.grieta.org.mx\/index.php\/2024\/07\/08\/tesoco-el-pueblo-que-expulso-a-los-volquetes-del-tren-maya-yucatan\/","title":{"rendered":"Tesoco, el pueblo que expuls\u00f3 a los volquetes del Tren Maya (Yucat\u00e1n)"},"content":{"rendered":"<p>Por Herbeth Escalante \/ Fotos de Lorenzo Hern\u00e1ndez \/ Haz Ruido<\/p>\n<blockquote><p>Adem\u00e1s de que conduc\u00edan imprudentemente, empezaron a generar conflictos en la comisar\u00eda, ya que beb\u00edan alcohol en la v\u00eda p\u00fablica todas las noches, protagonizaban esc\u00e1ndalos y pleitos, orinaban en la calle frente a todos, algunos consum\u00edan drogas y acosaban a las mujeres. El pueblo maya se organiz\u00f3 y los sac\u00f3.<\/p><\/blockquote>\n<p>M\u00e9rida, Yucat\u00e1n, 8 de julio de 2024.- En la entrada de la comisar\u00eda maya de Tesoco, Valladolid, un peque\u00f1o letrero en espa\u00f1ol advierte que est\u00e1 prohibida la entrada a los volquetes que se utilizaban en la megaobra del Tren Maya. Los pobladores tomaron esta decisi\u00f3n para que no ocurra una tragedia y porque estaban hartos de las groser\u00edas, los esc\u00e1ndalos y el acoso de los choferes.<\/p>\n<p>Desde 2020 y conforme avanzaban los trabajos de construcci\u00f3n, los volqueteros originarios de otros estados del pa\u00eds -como San Luis Potos\u00ed, Tabasco, Guanajuato y Tlaxcala- llegaron a esta comunidad en busca de casas para rentar, por su cercan\u00eda con la obra del Tramo 4.<\/p>\n<img loading=\"lazy\" decoding=\"async\" data-attachment-id=\"69288\" data-permalink=\"http:\/\/www.grieta.org.mx\/index.php\/2024\/07\/08\/tesoco-el-pueblo-que-expulso-a-los-volquetes-del-tren-maya-yucatan\/screenshot-23\/\" data-orig-file=\"http:\/\/www.grieta.org.mx\/wp-content\/uploads\/2024\/07\/Tesoco2-e1720556126123.jpg\" data-orig-size=\"800,529\" data-comments-opened=\"0\" data-image-meta=\"{&quot;aperture&quot;:&quot;0&quot;,&quot;credit&quot;:&quot;&quot;,&quot;camera&quot;:&quot;&quot;,&quot;caption&quot;:&quot;Screenshot&quot;,&quot;created_timestamp&quot;:&quot;0&quot;,&quot;copyright&quot;:&quot;&quot;,&quot;focal_length&quot;:&quot;0&quot;,&quot;iso&quot;:&quot;0&quot;,&quot;shutter_speed&quot;:&quot;0&quot;,&quot;title&quot;:&quot;Screenshot&quot;,&quot;orientation&quot;:&quot;1&quot;}\" data-image-title=\"Screenshot\" data-image-description=\"\" data-image-caption=\"&lt;p&gt;Screenshot&lt;\/p&gt;\n\" data-medium-file=\"http:\/\/www.grieta.org.mx\/wp-content\/uploads\/2024\/07\/Tesoco2-300x198.jpg\" data-large-file=\"http:\/\/www.grieta.org.mx\/wp-content\/uploads\/2024\/07\/Tesoco2-e1720556126123.jpg\" src=\"http:\/\/www.grieta.org.mx\/wp-content\/uploads\/2024\/07\/Tesoco2-e1720556126123.jpg\" alt=\"\" width=\"800\" height=\"529\" class=\"size-full wp-image-69288\" \/>\n<p>Los primeros obreros en instalarse dejaban sus volquetes afuera de las viviendas que alquilaban. Eran apenas tres veh\u00edculos pesados, pero con el paso del tiempo el pueblo se llen\u00f3 de \u00e9stos, como si fuera un estacionamiento p\u00fablico: En frente de la iglesia, a un costado de la escuela, en los alrededores del parque y hasta obstaculizaban la calle principal.<\/p>\n<p>El entonces comisario municipal de Tesoco, Rodolfo Bat\u00fan Hau, lleg\u00f3 a contar hasta 60 volquetes, lo que gener\u00f3 preocupaci\u00f3n entre los habitantes, ya que los choferes conduc\u00edan a exceso de velocidad en las angostas y tranquilas calles del pueblo. Crec\u00eda el temor de que atropellaran a un ni\u00f1o o a la gente que se mueve en bicicleta.<\/p>\n<p>Explic\u00f3 que aument\u00f3 dr\u00e1sticamente la llegada de estos camiones de volteo a Tesoco luego de que fueron expulsados de la cabecera de Valladolid por provocar un fatal accidente en octubre del 2021: Un chofer atropell\u00f3 a una pareja que transitaba en motocicleta en la colonia San Francisco y una mujer de 21 a\u00f1os falleci\u00f3 de manera instant\u00e1nea. El culpable huy\u00f3 y nadie se hizo responsable. <\/p>\n<img loading=\"lazy\" decoding=\"async\" data-attachment-id=\"69289\" data-permalink=\"http:\/\/www.grieta.org.mx\/index.php\/2024\/07\/08\/tesoco-el-pueblo-que-expulso-a-los-volquetes-del-tren-maya-yucatan\/screenshot-24\/\" data-orig-file=\"http:\/\/www.grieta.org.mx\/wp-content\/uploads\/2024\/07\/Tesoco3-e1720556201181.jpg\" data-orig-size=\"800,462\" data-comments-opened=\"0\" data-image-meta=\"{&quot;aperture&quot;:&quot;0&quot;,&quot;credit&quot;:&quot;&quot;,&quot;camera&quot;:&quot;&quot;,&quot;caption&quot;:&quot;Screenshot&quot;,&quot;created_timestamp&quot;:&quot;0&quot;,&quot;copyright&quot;:&quot;&quot;,&quot;focal_length&quot;:&quot;0&quot;,&quot;iso&quot;:&quot;0&quot;,&quot;shutter_speed&quot;:&quot;0&quot;,&quot;title&quot;:&quot;Screenshot&quot;,&quot;orientation&quot;:&quot;1&quot;}\" data-image-title=\"Screenshot\" data-image-description=\"\" data-image-caption=\"&lt;p&gt;Screenshot&lt;\/p&gt;\n\" data-medium-file=\"http:\/\/www.grieta.org.mx\/wp-content\/uploads\/2024\/07\/Tesoco3-300x173.jpg\" data-large-file=\"http:\/\/www.grieta.org.mx\/wp-content\/uploads\/2024\/07\/Tesoco3-e1720556201181.jpg\" src=\"http:\/\/www.grieta.org.mx\/wp-content\/uploads\/2024\/07\/Tesoco3-e1720556201181.jpg\" alt=\"\" width=\"800\" height=\"462\" class=\"size-full wp-image-69289\" \/>\n<p>\u201cY entonces vinieron aqu\u00ed porque encontraron casas a 2 mil 500 o 3 mil pesos, adem\u00e1s de que la gente del pueblo vende comida y lava la ropa. Aqu\u00ed la gente es muy tranquila, pac\u00edfica y todos son bienvenidos, pero los volqueteros dejaron de respetarnos\u201d, sostuvo.<\/p>\n<p>Cuando los pobladores de la comisar\u00eda sal\u00edan rumbo a su trabajo en bicicleta o en triciclo a las 6 de la ma\u00f1ana, pr\u00e1cticamente ten\u00edan que aventarse al monte a un lado del camino para evitar ser arrollados, ya que los choferes de los volquetes no bajaban la velocidad y no deten\u00edan el paso cuando se aproximaban. <\/p>\n<p>Adem\u00e1s de que conduc\u00edan imprudentemente, empezaron a generar conflictos en la comisar\u00eda, ya que beb\u00edan alcohol en la v\u00eda p\u00fablica todas las noches, protagonizaban esc\u00e1ndalos y pleitos, orinaban en la calle frente a todos, algunos consum\u00edan drogas y acosaban a las mujeres.<\/p>\n<img loading=\"lazy\" decoding=\"async\" data-attachment-id=\"69290\" data-permalink=\"http:\/\/www.grieta.org.mx\/index.php\/2024\/07\/08\/tesoco-el-pueblo-que-expulso-a-los-volquetes-del-tren-maya-yucatan\/screenshot-25\/\" data-orig-file=\"http:\/\/www.grieta.org.mx\/wp-content\/uploads\/2024\/07\/Tesoco4-e1720556277178.jpg\" data-orig-size=\"800,532\" data-comments-opened=\"0\" data-image-meta=\"{&quot;aperture&quot;:&quot;0&quot;,&quot;credit&quot;:&quot;&quot;,&quot;camera&quot;:&quot;&quot;,&quot;caption&quot;:&quot;Screenshot&quot;,&quot;created_timestamp&quot;:&quot;0&quot;,&quot;copyright&quot;:&quot;&quot;,&quot;focal_length&quot;:&quot;0&quot;,&quot;iso&quot;:&quot;0&quot;,&quot;shutter_speed&quot;:&quot;0&quot;,&quot;title&quot;:&quot;Screenshot&quot;,&quot;orientation&quot;:&quot;1&quot;}\" data-image-title=\"Screenshot\" data-image-description=\"\" data-image-caption=\"&lt;p&gt;Screenshot&lt;\/p&gt;\n\" data-medium-file=\"http:\/\/www.grieta.org.mx\/wp-content\/uploads\/2024\/07\/Tesoco4-300x199.jpg\" data-large-file=\"http:\/\/www.grieta.org.mx\/wp-content\/uploads\/2024\/07\/Tesoco4-e1720556277178.jpg\" src=\"http:\/\/www.grieta.org.mx\/wp-content\/uploads\/2024\/07\/Tesoco4-e1720556277178.jpg\" alt=\"\" width=\"800\" height=\"532\" class=\"size-full wp-image-69290\" \/>\n<p>\u201cEl pueblo empez\u00f3 a quejarse, me exig\u00eda que hiciera algo, que les llamara la atenci\u00f3n. Fue entonces que tuve una primera reuni\u00f3n con los volqueteros para advertirles que el pueblo estaba molesto, pero no obedecieron, nos mandaron a la chingada y siguieron port\u00e1ndose mal. No pensaron que fuera cierto que los sacar\u00edamos de aqu\u00ed\u201d, se\u00f1al\u00f3.<\/p>\n<p>Para tratar de llegar a un acuerdo, Rodolfo organiz\u00f3 una asamblea a la que asistieron los habitantes de Tesoco, los volqueteros y sus dirigentes sindicales de la Confederaci\u00f3n Aut\u00f3noma de Trabajadores y Empleados de M\u00e9xico (CATEM), as\u00ed como representantes de la empresa ICA. La oferta para \u201ccalmar al pueblo\u201d fue pagarle al comisariado 300 pesos de renta mensuales por cada volquete, pero la gente no acept\u00f3. <\/p>\n<p>En el encuentro, una pobladora manifest\u00f3 su preocupaci\u00f3n de que los camiones atropellaran a sus hijos cuando salieran de la escuela al reactivarse las clases presenciales (tras la pandemia), pero un volquetero la interrumpi\u00f3 abruptamente para fanfarronear que las unidades estaban aseguradas y que pod\u00edan pagarle hasta 200 mil pesos de indemnizaci\u00f3n a la familia afectada. \u201cSe resuelve con dinero y el muertito se queda 3 metros bajo tierra y no pasa nada\u201d, exclam\u00f3.<\/p>\n<p>\u201cNo hab\u00eda terminado de decir esas palabras y el pueblo se levant\u00f3. Lo tuvimos que meter preso d\u00eda y medio en el calabozo de la comisar\u00eda. Estaba asustado, pidi\u00f3 perd\u00f3n por lo que dijo y pag\u00f3 su multa de 3 mil pesos, pero esa noche el pueblo tom\u00f3 la decisi\u00f3n de expulsar a los volquetes. Nos dimos cuenta de que no se puede negociar con esa gente que vino de afuera, nos cantaron que pueden matar y pagar. Por eso los sacamos, cuando el pueblo maya se levanta, siempre gana\u201d, exclam\u00f3.<\/p>\n<img loading=\"lazy\" decoding=\"async\" data-attachment-id=\"69291\" data-permalink=\"http:\/\/www.grieta.org.mx\/index.php\/2024\/07\/08\/tesoco-el-pueblo-que-expulso-a-los-volquetes-del-tren-maya-yucatan\/screenshot-26\/\" data-orig-file=\"http:\/\/www.grieta.org.mx\/wp-content\/uploads\/2024\/07\/Tesoco5-e1720556372387.jpg\" data-orig-size=\"800,516\" data-comments-opened=\"0\" data-image-meta=\"{&quot;aperture&quot;:&quot;0&quot;,&quot;credit&quot;:&quot;&quot;,&quot;camera&quot;:&quot;&quot;,&quot;caption&quot;:&quot;Screenshot&quot;,&quot;created_timestamp&quot;:&quot;0&quot;,&quot;copyright&quot;:&quot;&quot;,&quot;focal_length&quot;:&quot;0&quot;,&quot;iso&quot;:&quot;0&quot;,&quot;shutter_speed&quot;:&quot;0&quot;,&quot;title&quot;:&quot;Screenshot&quot;,&quot;orientation&quot;:&quot;1&quot;}\" data-image-title=\"Screenshot\" data-image-description=\"\" data-image-caption=\"&lt;p&gt;Screenshot&lt;\/p&gt;\n\" data-medium-file=\"http:\/\/www.grieta.org.mx\/wp-content\/uploads\/2024\/07\/Tesoco5-300x194.jpg\" data-large-file=\"http:\/\/www.grieta.org.mx\/wp-content\/uploads\/2024\/07\/Tesoco5-e1720556372387.jpg\" src=\"http:\/\/www.grieta.org.mx\/wp-content\/uploads\/2024\/07\/Tesoco5-e1720556372387.jpg\" alt=\"\" width=\"800\" height=\"516\" class=\"size-full wp-image-69291\" \/>\n<p>Ya pasaron m\u00e1s de dos a\u00f1os desde que se fueron los camiones de volteo y la tranquilidad regres\u00f3 a Tesoco. Mientras contaba lo sucedido, el comisario supervisaba en el parque principal los preparativos del \u201cmega bailazo\u201d de la agrupaci\u00f3n tropical Cleyver y la Nueva Imagen, que esa noche ofrecer\u00eda un anhelado concierto tras casi dos a\u00f1os de restricci\u00f3n por la pandemia.<\/p>\n<p>\u201cMuy pocas personas de aqu\u00ed trabajaron en el Tren Maya, porque no nos beneficia en nada, s\u00f3lo nos trae problemas y pagan poco\u201d, asever\u00f3 Rodolfo Bat\u00fan, al tiempo de que revelaba que el polic\u00eda municipal del pueblo, Ismael Ciua Uc\u00e1n, trabaj\u00f3 en esa obra y nunca le pagaron su aguinaldo.<\/p>\n<p>El uniformado cont\u00f3 que aguant\u00f3 siete meses trabajando como ayudante de top\u00f3grafo y su labor consist\u00eda en abrir brechas en el monte con coas y motosierras. Por quejarse con los jefes de las p\u00e9simas condiciones laborales, lo corrieron y no lo liquidaron conforme a derecho. Ahora se dedica a vigilar el orden en el pueblo de mil 872 habitantes y evitar que los volqueteros regresen a perturbar la paz. <\/p>\n<p>Este reportaje se public\u00f3 originalmente en Pie de P\u00e1gina.<\/p>\n<p><a href=\"https:\/\/www.hazruido.mx\/reportes\/tesoco-el-pueblo-que-expulso-a-los-volquetes-del-tren-maya\/\" rel=\"noopener\" target=\"_blank\">https:\/\/www.hazruido.mx\/reportes\/tesoco-el-pueblo-que-expulso-a-los-volquetes-del-tren-maya\/<\/a><\/p>\n","protected":false},"excerpt":{"rendered":"<p>Por Herbeth Escalante \/ Fotos de Lorenzo Hern\u00e1ndez \/ Haz Ruido Adem\u00e1s de que conduc\u00edan imprudentemente, empezaron a generar conflictos en la comisar\u00eda, ya que beb\u00edan alcohol en la v\u00eda &hellip; <a href=\"http:\/\/www.grieta.org.mx\/index.php\/2024\/07\/08\/tesoco-el-pueblo-que-expulso-a-los-volquetes-del-tren-maya-yucatan\/\" class=\"more-link\">Leer m\u00e1s<\/a><\/p>\n","protected":false},"author":2,"featured_media":69287,"comment_status":"closed","ping_status":"closed","sticky":false,"template":"","format":"standard","meta":{"ngg_post_thumbnail":0,"_jetpack_newsletter_access":"","_jetpack_dont_email_post_to_subs":false,"_jetpack_newsletter_tier_id":0,"_jetpack_memberships_contains_paywalled_content":false,"_jetpack_memberships_contains_paid_content":false,"footnotes":""},"categories":[80,4191,3,922,926,944,952,2,1875,2026,36],"tags":[4130,1879,3646,1878],"class_list":["post-69286","post","type-post","status-publish","format-standard","has-post-thumbnail","hentry","category-cintillo","category-gentrificacion-en-yucatan","category-megaproyectos","category-megaproyectos-estados","category-mp-campeche","category-mp-quintana-roo","category-mp-yucatan","category-noticias-nacionales","category-resistencia-al-tren-maya-en-la-peninsula-de-yucatan","category-tren-maya","category-yucatan","tag-impactos-sociales-por-tren-maya","tag-pueblo-maya","tag-resistencia-contra-el-tren-maya","tag-tren-maya","entry"],"jetpack_featured_media_url":"http:\/\/www.grieta.org.mx\/wp-content\/uploads\/2024\/07\/Tesoco-e1720556051523.jpg","jetpack_sharing_enabled":true,"jetpack_shortlink":"https:\/\/wp.me\/p7ZJR4-i1w","jetpack_likes_enabled":false,"jetpack-related-posts":[{"id":47874,"url":"http:\/\/www.grieta.org.mx\/index.php\/2020\/04\/13\/las-vias-torcidas-del-tren-maya-video\/","url_meta":{"origin":69286,"position":0},"title":"Las v\u00edas torcidas del tren maya (Video)","author":"grieta","date":"13 abril, 2020","format":false,"excerpt":"https:\/\/www.youtube.com\/watch?v=k8FRX9eT0YY","rel":"","context":"En &quot;16. Pueblo Maya&quot;","block_context":{"text":"16. Pueblo Maya","link":"http:\/\/www.grieta.org.mx\/index.php\/category\/espejos-de-la-resistencia\/16-pueblo-maya\/"},"img":{"alt_text":"","src":"https:\/\/i0.wp.com\/www.grieta.org.mx\/wp-content\/uploads\/2020\/04\/ViasTorcidasTrenMaya.png?resize=350%2C200","width":350,"height":200,"srcset":"https:\/\/i0.wp.com\/www.grieta.org.mx\/wp-content\/uploads\/2020\/04\/ViasTorcidasTrenMaya.png?resize=350%2C200 1x, https:\/\/i0.wp.com\/www.grieta.org.mx\/wp-content\/uploads\/2020\/04\/ViasTorcidasTrenMaya.png?resize=525%2C300 1.5x, https:\/\/i0.wp.com\/www.grieta.org.mx\/wp-content\/uploads\/2020\/04\/ViasTorcidasTrenMaya.png?resize=700%2C400 2x"},"classes":[]},{"id":35945,"url":"http:\/\/www.grieta.org.mx\/index.php\/2019\/07\/05\/expansion-de-megaproyectos-en-la-peninsula-de-yucatan-video\/","url_meta":{"origin":69286,"position":1},"title":"Expansi\u00f3n de Megaproyectos en la Pen\u00ednsula de Yucat\u00e1n (Video)","author":"grieta","date":"5 julio, 2019","format":false,"excerpt":"https:\/\/youtu.be\/qLBARIAaBsI","rel":"","context":"En &quot;Campeche&quot;","block_context":{"text":"Campeche","link":"http:\/\/www.grieta.org.mx\/index.php\/category\/noticias-nacionales\/campeche\/"},"img":{"alt_text":"","src":"https:\/\/i0.wp.com\/img.youtube.com\/vi\/qLBARIAaBsI\/0.jpg?resize=350%2C200","width":350,"height":200},"classes":[]},{"id":65124,"url":"http:\/\/www.grieta.org.mx\/index.php\/2022\/09\/06\/ejidatarios-bloquean-autopista-yucatan\/","url_meta":{"origin":69286,"position":2},"title":"Ejidatarios bloquean autopista ( Yucat\u00e1n)","author":"grieta","date":"6 septiembre, 2022","format":false,"excerpt":"Yucat\u00e1n Ahora Este d\u00eda martes un grupo de ejidatarios bloque\u00f3 la autopista en el entronque que conduce a la comisar\u00eda de X\u00b4Can, municipio de Chemax porque no les construir\u00e1n sus dos ciclopistas. De acuerdo a V\u00edctor Manuel, secretario de consejo de vigilancia del ejido de X\u00b4Can, coment\u00f3 que la empresa\u2026","rel":"","context":"En &quot;CINTILLO&quot;","block_context":{"text":"CINTILLO","link":"http:\/\/www.grieta.org.mx\/index.php\/category\/cintillo\/"},"img":{"alt_text":"","src":"https:\/\/i0.wp.com\/www.grieta.org.mx\/wp-content\/uploads\/2022\/09\/Bloquean-e1662745747528.jpg?resize=350%2C200","width":350,"height":200,"srcset":"https:\/\/i0.wp.com\/www.grieta.org.mx\/wp-content\/uploads\/2022\/09\/Bloquean-e1662745747528.jpg?resize=350%2C200 1x, https:\/\/i0.wp.com\/www.grieta.org.mx\/wp-content\/uploads\/2022\/09\/Bloquean-e1662745747528.jpg?resize=525%2C300 1.5x, https:\/\/i0.wp.com\/www.grieta.org.mx\/wp-content\/uploads\/2022\/09\/Bloquean-e1662745747528.jpg?resize=700%2C400 2x"},"classes":[]},{"id":45360,"url":"http:\/\/www.grieta.org.mx\/index.php\/2020\/02\/27\/no-estamos-peleando-la-suspension-provisional-del-tren-maya-sino-la-definitiva-cruz-rueda\/","url_meta":{"origin":69286,"position":3},"title":"&#8220;No estamos peleando la suspensi\u00f3n provisional del Tren Maya, sino la definitiva&#8221;: Cruz Rueda","author":"grieta","date":"27 febrero, 2020","format":false,"excerpt":"Impugnaci\u00f3n de Presidencia \"no nos quita el sue\u00f1o\" Abraham Bote \/Foto: Tomada de Twitter \/La Jornada Maya M\u00e9rida, Yucat\u00e1n Respecto a la impugnaci\u00f3n que realiz\u00f3 la Presidencia de la Rep\u00fablica y el apoderado de la Naci\u00f3n Financiera (Nafin), contra la suspensi\u00f3n provisional del proyecto de Tren Maya, la asesora jur\u00eddica\u2026","rel":"","context":"En &quot;16. Pueblo Maya&quot;","block_context":{"text":"16. Pueblo Maya","link":"http:\/\/www.grieta.org.mx\/index.php\/category\/espejos-de-la-resistencia\/16-pueblo-maya\/"},"img":{"alt_text":"","src":"https:\/\/i0.wp.com\/www.grieta.org.mx\/wp-content\/uploads\/2020\/02\/TrenMallaCampeche.png?resize=350%2C200","width":350,"height":200,"srcset":"https:\/\/i0.wp.com\/www.grieta.org.mx\/wp-content\/uploads\/2020\/02\/TrenMallaCampeche.png?resize=350%2C200 1x, https:\/\/i0.wp.com\/www.grieta.org.mx\/wp-content\/uploads\/2020\/02\/TrenMallaCampeche.png?resize=525%2C300 1.5x, https:\/\/i0.wp.com\/www.grieta.org.mx\/wp-content\/uploads\/2020\/02\/TrenMallaCampeche.png?resize=700%2C400 2x"},"classes":[]},{"id":69372,"url":"http:\/\/www.grieta.org.mx\/index.php\/2024\/07\/31\/tren-maya-denuncia-penalmente-a-pobladores-de-citilcum-por-protestar-contra-la-obra-yucatan\/","url_meta":{"origin":69286,"position":4},"title":"Tren Maya denuncia penalmente a pobladores de Citilcum por protestar contra la obra (Yucat\u00e1n)","author":"grieta","date":"31 julio, 2024","format":false,"excerpt":"Revista Proceso Para desistirse de esta denuncia, la empresa exigi\u00f3 a cinco de las madres y padres de familia que participaron en esa protesta que se disculparan p\u00fablicamente y que firmaran un documento en el que asentaron que no volver\u00edan a realizar protesta alguna contra el Tren Maya. CIUDAD DE\u2026","rel":"","context":"En &quot;Abuso Autoridades en Yucat\u00e1n&quot;","block_context":{"text":"Abuso Autoridades en Yucat\u00e1n","link":"http:\/\/www.grieta.org.mx\/index.php\/category\/noticias-nacionales\/yucatan\/abuso-autoridades-en-yucatan\/"},"img":{"alt_text":"","src":"https:\/\/i0.wp.com\/www.grieta.org.mx\/wp-content\/uploads\/2024\/08\/TrenMalla-e1722882190284.jpg?resize=350%2C200","width":350,"height":200,"srcset":"https:\/\/i0.wp.com\/www.grieta.org.mx\/wp-content\/uploads\/2024\/08\/TrenMalla-e1722882190284.jpg?resize=350%2C200 1x, https:\/\/i0.wp.com\/www.grieta.org.mx\/wp-content\/uploads\/2024\/08\/TrenMalla-e1722882190284.jpg?resize=525%2C300 1.5x, https:\/\/i0.wp.com\/www.grieta.org.mx\/wp-content\/uploads\/2024\/08\/TrenMalla-e1722882190284.jpg?resize=700%2C400 2x"},"classes":[]},{"id":63716,"url":"http:\/\/www.grieta.org.mx\/index.php\/2022\/03\/09\/organizacion-indigena-condena-que-amlo-afirme-que-obras-del-tren-maya-no-se-detendran\/","url_meta":{"origin":69286,"position":5},"title":"Organizaci\u00f3n ind\u00edgena condena que AMLO afirme que obras del Tren Maya no se detendr\u00e1n","author":"grieta","date":"9 marzo, 2022","format":false,"excerpt":"Gloria Leticia D\u00edaz \/ Proceso CIUDAD DE M\u00c9XICO (apro).- La Asamblea de Defensores del Territorio Maya, M\u00fauch\u2019 X\u00edinbal, conden\u00f3 las declaraciones del presidente Andr\u00e9s Manuel L\u00f3pez Obrador quien sostuvo que las obras del Tren Maya continuar\u00e1n a pesar de resoluciones del Poder Judicial que ordenan parar su construcci\u00f3n en el\u2026","rel":"","context":"En &quot;Campeche&quot;","block_context":{"text":"Campeche","link":"http:\/\/www.grieta.org.mx\/index.php\/category\/noticias-nacionales\/campeche\/"},"img":{"alt_text":"","src":"https:\/\/i0.wp.com\/www.grieta.org.mx\/wp-content\/uploads\/2022\/03\/TrenOrganizacionIndigenaCondena-e1647560160318.png?resize=350%2C200","width":350,"height":200,"srcset":"https:\/\/i0.wp.com\/www.grieta.org.mx\/wp-content\/uploads\/2022\/03\/TrenOrganizacionIndigenaCondena-e1647560160318.png?resize=350%2C200 1x, https:\/\/i0.wp.com\/www.grieta.org.mx\/wp-content\/uploads\/2022\/03\/TrenOrganizacionIndigenaCondena-e1647560160318.png?resize=525%2C300 1.5x, https:\/\/i0.wp.com\/www.grieta.org.mx\/wp-content\/uploads\/2022\/03\/TrenOrganizacionIndigenaCondena-e1647560160318.png?resize=700%2C400 2x"},"classes":[]}],"_links":{"self":[{"href":"http:\/\/www.grieta.org.mx\/index.php\/wp-json\/wp\/v2\/posts\/69286","targetHints":{"allow":["GET"]}}],"collection":[{"href":"http:\/\/www.grieta.org.mx\/index.php\/wp-json\/wp\/v2\/posts"}],"about":[{"href":"http:\/\/www.grieta.org.mx\/index.php\/wp-json\/wp\/v2\/types\/post"}],"author":[{"embeddable":true,"href":"http:\/\/www.grieta.org.mx\/index.php\/wp-json\/wp\/v2\/users\/2"}],"replies":[{"embeddable":true,"href":"http:\/\/www.grieta.org.mx\/index.php\/wp-json\/wp\/v2\/comments?post=69286"}],"version-history":[{"count":1,"href":"http:\/\/www.grieta.org.mx\/index.php\/wp-json\/wp\/v2\/posts\/69286\/revisions"}],"predecessor-version":[{"id":69292,"href":"http:\/\/www.grieta.org.mx\/index.php\/wp-json\/wp\/v2\/posts\/69286\/revisions\/69292"}],"wp:featuredmedia":[{"embeddable":true,"href":"http:\/\/www.grieta.org.mx\/index.php\/wp-json\/wp\/v2\/media\/69287"}],"wp:attachment":[{"href":"http:\/\/www.grieta.org.mx\/index.php\/wp-json\/wp\/v2\/media?parent=69286"}],"wp:term":[{"taxonomy":"category","embeddable":true,"href":"http:\/\/www.grieta.org.mx\/index.php\/wp-json\/wp\/v2\/categories?post=69286"},{"taxonomy":"post_tag","embeddable":true,"href":"http:\/\/www.grieta.org.mx\/index.php\/wp-json\/wp\/v2\/tags?post=69286"}],"curies":[{"name":"wp","href":"https:\/\/api.w.org\/{rel}","templated":true}]}}