{"id":69163,"date":"2024-06-14T20:51:13","date_gmt":"2024-06-15T02:51:13","guid":{"rendered":"https:\/\/www.grieta.org.mx\/?p=69163"},"modified":"2024-06-17T06:19:08","modified_gmt":"2024-06-17T12:19:08","slug":"se-derrumban-placas-de-concreto-de-un-puente-del-tren-maya","status":"publish","type":"post","link":"http:\/\/www.grieta.org.mx\/index.php\/2024\/06\/14\/se-derrumban-placas-de-concreto-de-un-puente-del-tren-maya\/","title":{"rendered":"Se derrumban placas de concreto de un puente del Tren Maya"},"content":{"rendered":"<p>Haz Ruido<\/p>\n<blockquote><p>Critican la mala calidad en la construcci\u00f3n del distribuidor vial en Maxcan\u00fa.\n<\/p><\/blockquote>\n<p>M\u00e9rida, Yucat\u00e1n,14 de Junio de 2024.- Tras las m\u00e1s recientes lluvias que han ca\u00eddo en Yucat\u00e1n, este viernes se report\u00f3 el desplome de varias placas de concreto del puente que se construy\u00f3 en Maxcan\u00fa como parte del proyecto del Tren Maya.<\/p>\n<p>En las im\u00e1genes que circulan en las redes sociales tambi\u00e9n se observa que se vino abajo parte de una estructura de metal que se instal\u00f3 en la parte superior del puente.<\/p>\n<p>Afortunadamente no se reportaron personas lesionadas y las autoridades acordonaron el \u00e1rea en donde se cayeron las placas.<\/p>\n<blockquote class=\"twitter-tweet\" data-width=\"550\" data-dnt=\"true\">\n<p lang=\"es\" dir=\"ltr\">\u00a1Vaya, vaya! <\/p>\n<p>Tras las m\u00e1s recientes lluvias, se desplomaron varias placas de concreto de las paredes laterales del puente que se construy\u00f3 en Maxcan\u00fa sobre las v\u00edas del Tren Maya.<\/p>\n<p>Este hecho evidenci\u00f3 la mala calidad de esta obra. Afortunadamente no se reportan  lesionados <a href=\"https:\/\/t.co\/ywPe3Y6tN5\">pic.twitter.com\/ywPe3Y6tN5<\/a><\/p>\n<p>&mdash; #HazRuido (@HazRuidoYuc) <a href=\"https:\/\/twitter.com\/HazRuidoYuc\/status\/1802010326054949222?ref_src=twsrc%5Etfw\">June 15, 2024<\/a><\/p><\/blockquote>\n<p><script async src=\"https:\/\/platform.twitter.com\/widgets.js\" charset=\"utf-8\"><\/script><\/p>\n<p>Luego del incidente, surgieron fuertes cr\u00edticas por parte de los usuarios de las redes, ya que se evidenci\u00f3 la mala calidad con la que se construy\u00f3 dicho distribuidor vial.<\/p>\n<p>Adem\u00e1s, pobladores que viven cerca del sitio temen que pueda ocurrir un accidente mayor o que se sigan los desplomes.   <\/p>\n<p>Cabe mencionar que dicho puente cruza sobre las v\u00edas del Tren Maya, las cuales no sufrieron da\u00f1os.<\/p>\n<p>Hay que recordar que durante la construcci\u00f3n de este megaproyecto en Yucat\u00e1n, se registraron manifestaciones por parte de habitantes de Maxcan\u00fa, quienes hac\u00edan guardia frente a una maquinaria pesada para evitar que derrumbe sus viviendas.<\/p>\n<p><a href=\"https:\/\/www.hazruido.mx\/reportes\/se-derrumban-placas-de-concreto-de-un-puente-del-tren-maya\/\" rel=\"noopener\" target=\"_blank\">https:\/\/www.hazruido.mx\/reportes\/se-derrumban-placas-de-concreto-de-un-puente-del-tren-maya\/<\/a><\/p>\n","protected":false},"excerpt":{"rendered":"<p>Haz Ruido Critican la mala calidad en la construcci\u00f3n del distribuidor vial en Maxcan\u00fa. M\u00e9rida, Yucat\u00e1n,14 de Junio de 2024.- Tras las m\u00e1s recientes lluvias que han ca\u00eddo en Yucat\u00e1n, &hellip; <a href=\"http:\/\/www.grieta.org.mx\/index.php\/2024\/06\/14\/se-derrumban-placas-de-concreto-de-un-puente-del-tren-maya\/\" class=\"more-link\">Leer m\u00e1s<\/a><\/p>\n","protected":false},"author":2,"featured_media":69165,"comment_status":"closed","ping_status":"closed","sticky":false,"template":"","format":"standard","meta":{"ngg_post_thumbnail":0,"_jetpack_newsletter_access":"","_jetpack_dont_email_post_to_subs":false,"_jetpack_newsletter_tier_id":0,"_jetpack_memberships_contains_paywalled_content":false,"_jetpack_memberships_contains_paid_content":false,"footnotes":""},"categories":[80,3,922,926,944,952,2,1875,2026,36],"tags":[410,1878],"class_list":["post-69163","post","type-post","status-publish","format-standard","has-post-thumbnail","hentry","category-cintillo","category-megaproyectos","category-megaproyectos-estados","category-mp-campeche","category-mp-quintana-roo","category-mp-yucatan","category-noticias-nacionales","category-resistencia-al-tren-maya-en-la-peninsula-de-yucatan","category-tren-maya","category-yucatan","tag-corrupcion","tag-tren-maya","entry"],"jetpack_featured_media_url":"http:\/\/www.grieta.org.mx\/wp-content\/uploads\/2024\/06\/Demoler-e1718626343630.jpg","jetpack_sharing_enabled":true,"jetpack_shortlink":"https:\/\/wp.me\/p7ZJR4-hZx","jetpack_likes_enabled":false,"jetpack-related-posts":[{"id":47874,"url":"http:\/\/www.grieta.org.mx\/index.php\/2020\/04\/13\/las-vias-torcidas-del-tren-maya-video\/","url_meta":{"origin":69163,"position":0},"title":"Las v\u00edas torcidas del tren maya (Video)","author":"grieta","date":"13 abril, 2020","format":false,"excerpt":"https:\/\/www.youtube.com\/watch?v=k8FRX9eT0YY","rel":"","context":"En &quot;16. Pueblo Maya&quot;","block_context":{"text":"16. Pueblo Maya","link":"http:\/\/www.grieta.org.mx\/index.php\/category\/espejos-de-la-resistencia\/16-pueblo-maya\/"},"img":{"alt_text":"","src":"https:\/\/i0.wp.com\/www.grieta.org.mx\/wp-content\/uploads\/2020\/04\/ViasTorcidasTrenMaya.png?resize=350%2C200","width":350,"height":200,"srcset":"https:\/\/i0.wp.com\/www.grieta.org.mx\/wp-content\/uploads\/2020\/04\/ViasTorcidasTrenMaya.png?resize=350%2C200 1x, https:\/\/i0.wp.com\/www.grieta.org.mx\/wp-content\/uploads\/2020\/04\/ViasTorcidasTrenMaya.png?resize=525%2C300 1.5x, https:\/\/i0.wp.com\/www.grieta.org.mx\/wp-content\/uploads\/2020\/04\/ViasTorcidasTrenMaya.png?resize=700%2C400 2x"},"classes":[]},{"id":54460,"url":"http:\/\/www.grieta.org.mx\/index.php\/2020\/10\/25\/hacen-guardia-para-que-el-tren-maya-no-derrumbe-sus-casas\/","url_meta":{"origin":69163,"position":1},"title":"Hacen guardia para que el Tren Maya no derrumbe sus casas","author":"grieta","date":"25 octubre, 2020","format":false,"excerpt":"Herbeth Escalante \/ Haz Ruido Pobladoras y pobladores de Maxcan\u00fa se colocaron frente a la maquinaria pesada para evitar que destruyan sus viviendas y parcelas. Muchos de los habitantes no han recibido el pago por las afectaciones y el Fonatur se lava las manos diciendo que ya entreg\u00f3 el dinero\u2026","rel":"","context":"En &quot;Campeche&quot;","block_context":{"text":"Campeche","link":"http:\/\/www.grieta.org.mx\/index.php\/category\/noticias-nacionales\/campeche\/"},"img":{"alt_text":"","src":"https:\/\/i0.wp.com\/www.grieta.org.mx\/wp-content\/uploads\/2020\/10\/maxcanu-tren-maya-560x416-1.jpg?resize=350%2C200","width":350,"height":200,"srcset":"https:\/\/i0.wp.com\/www.grieta.org.mx\/wp-content\/uploads\/2020\/10\/maxcanu-tren-maya-560x416-1.jpg?resize=350%2C200 1x, https:\/\/i0.wp.com\/www.grieta.org.mx\/wp-content\/uploads\/2020\/10\/maxcanu-tren-maya-560x416-1.jpg?resize=525%2C300 1.5x"},"classes":[]},{"id":64287,"url":"http:\/\/www.grieta.org.mx\/index.php\/2022\/05\/25\/bloquean-trabajos-del-tren-maya-yucatan\/","url_meta":{"origin":69163,"position":2},"title":"Bloquean trabajos del Tren Maya (Yucat\u00e1n)","author":"grieta","date":"25 mayo, 2022","format":false,"excerpt":"Reporteros Hoy Izamal, Yucat\u00e1n; 25 de mayo de 2022 (ACOM).- Padres de familia de la escuela primaria \u00abBenito Ju\u00e1rez\u00bb pidieron la suspensi\u00f3n de los trabajos que se realizan por el proyecto del Tren Maya en el tramo Citilcum-Kimbil\u00e1 debido a que consideran que existen riesgos para la integridad f\u00edsica de\u2026","rel":"","context":"En &quot;CINTILLO&quot;","block_context":{"text":"CINTILLO","link":"http:\/\/www.grieta.org.mx\/index.php\/category\/cintillo\/"},"img":{"alt_text":"","src":"https:\/\/i0.wp.com\/www.grieta.org.mx\/wp-content\/uploads\/2022\/05\/Bloquean-e1653593071726.png?resize=350%2C200","width":350,"height":200,"srcset":"https:\/\/i0.wp.com\/www.grieta.org.mx\/wp-content\/uploads\/2022\/05\/Bloquean-e1653593071726.png?resize=350%2C200 1x, https:\/\/i0.wp.com\/www.grieta.org.mx\/wp-content\/uploads\/2022\/05\/Bloquean-e1653593071726.png?resize=525%2C300 1.5x, https:\/\/i0.wp.com\/www.grieta.org.mx\/wp-content\/uploads\/2022\/05\/Bloquean-e1653593071726.png?resize=700%2C400 2x"},"classes":[]},{"id":68844,"url":"http:\/\/www.grieta.org.mx\/index.php\/2024\/04\/29\/ambientalistas-clausuran-las-oficinas-de-semarnat-tras-calificarla-de-ecocida-quintana-roo\/","url_meta":{"origin":69163,"position":3},"title":"Ambientalistas &#8220;clausuran&#8221; las oficinas de Semarnat tras calificarla de ecocida (Quintana Roo)","author":"grieta","date":"29 abril, 2024","format":false,"excerpt":"Leslie Gordillo \/ NOTICARIBE PENINSULAR CANC\u00daN.- Un grupo de ambientalistas, representante de diferentes organismos y asociaciones civiles, se manifestaron en la zona hotelera de Canc\u00fan y clausuraron de manera simb\u00f3lica las oficinas de la Secretar\u00eda de Medio Ambiente y Recursos Naturales (Semarnat). La denuncia es que la Semarnat ha sido\u2026","rel":"","context":"En &quot;Campeche&quot;","block_context":{"text":"Campeche","link":"http:\/\/www.grieta.org.mx\/index.php\/category\/noticias-nacionales\/campeche\/"},"img":{"alt_text":"","src":"https:\/\/i0.wp.com\/www.grieta.org.mx\/wp-content\/uploads\/2024\/04\/ambientalitas-e1715552774254.jpg?resize=350%2C200","width":350,"height":200,"srcset":"https:\/\/i0.wp.com\/www.grieta.org.mx\/wp-content\/uploads\/2024\/04\/ambientalitas-e1715552774254.jpg?resize=350%2C200 1x, https:\/\/i0.wp.com\/www.grieta.org.mx\/wp-content\/uploads\/2024\/04\/ambientalitas-e1715552774254.jpg?resize=525%2C300 1.5x, https:\/\/i0.wp.com\/www.grieta.org.mx\/wp-content\/uploads\/2024\/04\/ambientalitas-e1715552774254.jpg?resize=700%2C400 2x"},"classes":[]},{"id":35945,"url":"http:\/\/www.grieta.org.mx\/index.php\/2019\/07\/05\/expansion-de-megaproyectos-en-la-peninsula-de-yucatan-video\/","url_meta":{"origin":69163,"position":4},"title":"Expansi\u00f3n de Megaproyectos en la Pen\u00ednsula de Yucat\u00e1n (Video)","author":"grieta","date":"5 julio, 2019","format":false,"excerpt":"https:\/\/youtu.be\/qLBARIAaBsI","rel":"","context":"En &quot;Campeche&quot;","block_context":{"text":"Campeche","link":"http:\/\/www.grieta.org.mx\/index.php\/category\/noticias-nacionales\/campeche\/"},"img":{"alt_text":"","src":"https:\/\/i0.wp.com\/img.youtube.com\/vi\/qLBARIAaBsI\/0.jpg?resize=350%2C200","width":350,"height":200},"classes":[]},{"id":69827,"url":"http:\/\/www.grieta.org.mx\/index.php\/2024\/09\/06\/ejidatarios-de-limones-bloquean-acceso-al-tren-maya-quintana-roo\/","url_meta":{"origin":69163,"position":5},"title":"Ejidatarios de Limones bloquean acceso al Tren Maya (Quintana Roo)","author":"grieta","date":"6 septiembre, 2024","format":false,"excerpt":"Christian Christ \/ De Peso Quintana Roo Este viernes 6 de septiembre habitantes del poblado de Limones, en el municipio de Bacalar, bloquearon temporalmente la entrada principal que conduce a la estaci\u00f3n del Tren Maya, debido al incumplimiento de acuerdos previamente pactados. El bloqueo se realiz\u00f3 en la carretera Chetumal-Canc\u00fan,\u2026","rel":"","context":"En &quot;CINTILLO&quot;","block_context":{"text":"CINTILLO","link":"http:\/\/www.grieta.org.mx\/index.php\/category\/cintillo\/"},"img":{"alt_text":"","src":"https:\/\/i0.wp.com\/www.grieta.org.mx\/wp-content\/uploads\/2024\/09\/bloqueo-e1727228798471.jpg?resize=350%2C200","width":350,"height":200,"srcset":"https:\/\/i0.wp.com\/www.grieta.org.mx\/wp-content\/uploads\/2024\/09\/bloqueo-e1727228798471.jpg?resize=350%2C200 1x, https:\/\/i0.wp.com\/www.grieta.org.mx\/wp-content\/uploads\/2024\/09\/bloqueo-e1727228798471.jpg?resize=525%2C300 1.5x, https:\/\/i0.wp.com\/www.grieta.org.mx\/wp-content\/uploads\/2024\/09\/bloqueo-e1727228798471.jpg?resize=700%2C400 2x"},"classes":[]}],"_links":{"self":[{"href":"http:\/\/www.grieta.org.mx\/index.php\/wp-json\/wp\/v2\/posts\/69163","targetHints":{"allow":["GET"]}}],"collection":[{"href":"http:\/\/www.grieta.org.mx\/index.php\/wp-json\/wp\/v2\/posts"}],"about":[{"href":"http:\/\/www.grieta.org.mx\/index.php\/wp-json\/wp\/v2\/types\/post"}],"author":[{"embeddable":true,"href":"http:\/\/www.grieta.org.mx\/index.php\/wp-json\/wp\/v2\/users\/2"}],"replies":[{"embeddable":true,"href":"http:\/\/www.grieta.org.mx\/index.php\/wp-json\/wp\/v2\/comments?post=69163"}],"version-history":[{"count":1,"href":"http:\/\/www.grieta.org.mx\/index.php\/wp-json\/wp\/v2\/posts\/69163\/revisions"}],"predecessor-version":[{"id":69166,"href":"http:\/\/www.grieta.org.mx\/index.php\/wp-json\/wp\/v2\/posts\/69163\/revisions\/69166"}],"wp:featuredmedia":[{"embeddable":true,"href":"http:\/\/www.grieta.org.mx\/index.php\/wp-json\/wp\/v2\/media\/69165"}],"wp:attachment":[{"href":"http:\/\/www.grieta.org.mx\/index.php\/wp-json\/wp\/v2\/media?parent=69163"}],"wp:term":[{"taxonomy":"category","embeddable":true,"href":"http:\/\/www.grieta.org.mx\/index.php\/wp-json\/wp\/v2\/categories?post=69163"},{"taxonomy":"post_tag","embeddable":true,"href":"http:\/\/www.grieta.org.mx\/index.php\/wp-json\/wp\/v2\/tags?post=69163"}],"curies":[{"name":"wp","href":"https:\/\/api.w.org\/{rel}","templated":true}]}}