{"id":6913,"date":"2016-08-17T04:01:48","date_gmt":"2016-08-17T09:01:48","guid":{"rendered":"http:\/\/50.22.11.12\/~grietaor\/?p=6913"},"modified":"2016-08-26T12:04:45","modified_gmt":"2016-08-26T17:04:45","slug":"tortura-en-baja-california","status":"publish","type":"post","link":"http:\/\/www.grieta.org.mx\/index.php\/2016\/08\/17\/tortura-en-baja-california\/","title":{"rendered":"Abuso polic\u00edaco y tortura en Baja California"},"content":{"rendered":"<p><strong>17\/08\/16. <\/strong><a href=\"http:\/\/www.grieta.org.mx\/index.php\/2016\/08\/17\/cedh-emite-recomendacion-contra-ministeriales-torturadores-en-bc\/\">CEDH emite recomendaci\u00f3n contra ministeriales torturadores en BC<\/a><br \/>\n<em>La Jornada Baja California<\/em><\/p>\n<p><strong>06\/08\/16. <\/strong><a href=\"http:\/\/www.grieta.org.mx\/index.php\/2016\/08\/06\/pese-al-nsjp-continuan-practicas-de-tortura-cedh-bc\/\">Pese al NSJP contin\u00faan pr\u00e1cticas de tortura: CEDH BC<\/a><br \/>\n<em>Unimexicali<\/em><\/p>\n<p><strong>06\/08\/16. <\/strong><a href=\"http:\/\/www.grieta.org.mx\/index.php\/2016\/08\/06\/recomienda-cedh-al-ayuntamiento-por-muerte-de-un-hombre\/\">Recomienda CEDH al Ayuntamiento por muerte de un hombre<\/a><br \/>\n<em>La Jornada Baja California<\/em><\/p>\n<p><strong>14\/07\/16. <\/strong><a href=\"http:\/\/www.grieta.org.mx\/index.php\/2016\/07\/14\/casi-50-quejas-contra-tortura-de-policias-de-bc-en-lo-que-va-del-ano-cedh\/\">Casi 50 quejas contra tortura de polic\u00edas de BC en lo que va del a\u00f1o: CEDH<\/a><br \/>\n<em>La Jornada Baja California<\/em><\/p>\n<p><strong>27\/05\/16. <\/strong><a href=\"http:\/\/www.grieta.org.mx\/index.php\/2016\/05\/27\/otro-caso-de-abuso-policial-policia-tortura-a-preso-en-baja-california\/\">Otro caso de abuso policial: polic\u00eda tortura a preso en Baja California<\/a><br \/>\n<em>Regeneraci\u00f3n<\/em><\/p>\n<p><strong>15\/04\/16. <\/strong><a href=\"http:\/\/www.grieta.org.mx\/index.php\/2016\/04\/15\/baja-california-presente-en-informe-de-derechos-humanos-de-eu\/\">Baja California presente en informe de Derechos Humanos de EU<\/a><br \/>\n<em>La Jornada BC<\/em><\/p>\n<p><strong>01\/02\/16. <\/strong><a href=\"http:\/\/grieta.org.mx\/index.php\/2016\/02\/01\/por-violacion-acusan-a-policias-antisecuestros\/\">Por violaci\u00f3n, acusan a polic\u00edas antisecuestros<\/a><br \/>\n<em>La Jornada BC<\/em><\/p>\n<p><strong>12\/11\/15. <\/strong><a href=\"http:\/\/grieta.org.mx\/index.php\/2015\/11\/12\/se-disparan-mas-de-700-por-ciento-quejas-por-tortura-en-bc\/\">Se disparan m\u00e1s de 700 por ciento quejas por tortura en BC<\/a><br \/>\n<em>La Jornada BC<\/em><\/p>\n<p><strong>09\/10\/15. <\/strong><a href=\"http:\/\/grieta.org.mx\/index.php\/2015\/10\/09\/el-comite-de-tortura-de-la-onu-insto-a-mexico-liberar-a-cuatro-victimas-de-tortura-presos-en-tepic\/\">El Comit\u00e9 de Tortura de la ONU inst\u00f3 a M\u00e9xico liberar a cuatro v\u00edctimas de tortura presos en Tepic<\/a><br \/>\n<em>Lindero Norte<\/em><\/p>\n","protected":false},"excerpt":{"rendered":"<p>17\/08\/16. CEDH emite recomendaci\u00f3n contra ministeriales torturadores en BC La Jornada Baja California 06\/08\/16. Pese al NSJP contin\u00faan pr\u00e1cticas de tortura: CEDH BC Unimexicali 06\/08\/16. Recomienda CEDH al Ayuntamiento por &hellip; <a href=\"http:\/\/www.grieta.org.mx\/index.php\/2016\/08\/17\/tortura-en-baja-california\/\" class=\"more-link\">Leer m\u00e1s<\/a><\/p>\n","protected":false},"author":2,"featured_media":21928,"comment_status":"closed","ping_status":"open","sticky":false,"template":"","format":"standard","meta":{"ngg_post_thumbnail":0,"_jetpack_newsletter_access":"","_jetpack_dont_email_post_to_subs":false,"_jetpack_newsletter_tier_id":0,"_jetpack_memberships_contains_paywalled_content":false,"_jetpack_memberships_contains_paid_content":false,"footnotes":""},"categories":[5,2],"tags":[],"class_list":["post-6913","post","type-post","status-publish","format-standard","has-post-thumbnail","hentry","category-baja-california","category-noticias-nacionales","entry"],"jetpack_featured_media_url":"http:\/\/www.grieta.org.mx\/wp-content\/uploads\/2018\/03\/14524434_1106112876131411_958039263622046936_o.jpg","jetpack_sharing_enabled":true,"jetpack_shortlink":"https:\/\/wp.me\/p7ZJR4-1Nv","jetpack_likes_enabled":false,"jetpack-related-posts":[{"id":20009,"url":"http:\/\/www.grieta.org.mx\/index.php\/2016\/08\/17\/cedh-emite-recomendacion-contra-ministeriales-torturadores-en-bc\/","url_meta":{"origin":6913,"position":0},"title":"CEDH emite recomendaci\u00f3n contra ministeriales torturadores en BC","author":"grieta","date":"17 agosto, 2016","format":false,"excerpt":"POR ANTONIO HERAS Tijuana, 17 de agosto.- Polic\u00edas ministeriales aplicaron toques el\u00e9ctricos en genitales de dos hombres a quienes golpearon y trataron de asfixiar con bolsas de pl\u00e1stico, para obligarlos a declararse culpables del delito de robo de veh\u00edculo, cuando se encontraban en la Procuradur\u00eda de Justicia de Baja California\u2026","rel":"","context":"En &quot;CINTILLO&quot;","block_context":{"text":"CINTILLO","link":"http:\/\/www.grieta.org.mx\/index.php\/category\/cintillo\/"},"img":{"alt_text":"","src":"https:\/\/i0.wp.com\/www.grieta.org.mx\/wp-content\/uploads\/2018\/03\/14524434_1106112876131411_958039263622046936_o.jpg?resize=350%2C200","width":350,"height":200,"srcset":"https:\/\/i0.wp.com\/www.grieta.org.mx\/wp-content\/uploads\/2018\/03\/14524434_1106112876131411_958039263622046936_o.jpg?resize=350%2C200 1x, https:\/\/i0.wp.com\/www.grieta.org.mx\/wp-content\/uploads\/2018\/03\/14524434_1106112876131411_958039263622046936_o.jpg?resize=525%2C300 1.5x, https:\/\/i0.wp.com\/www.grieta.org.mx\/wp-content\/uploads\/2018\/03\/14524434_1106112876131411_958039263622046936_o.jpg?resize=700%2C400 2x"},"classes":[]},{"id":20365,"url":"http:\/\/www.grieta.org.mx\/index.php\/2016\/08\/06\/pese-al-nsjp-continuan-practicas-de-tortura-cedh-bc\/","url_meta":{"origin":6913,"position":1},"title":"Pese al NSJP contin\u00faan pr\u00e1cticas de tortura: CEDH BC","author":"grieta","date":"6 agosto, 2016","format":false,"excerpt":"Por: Santiago Flores. TIJUANA, B. C..- A escasos dos meses de la entrada en vigor del Nuevo Sistema de Justicia Penal en Tijuana, las autoridades ministeriales de Baja California, mantienen las pr\u00e1cticas que a lo largo del a\u00f1o generaron 96 expedientes de queja contra servidores p\u00fablicos adscritos a la Procuradur\u00eda\u2026","rel":"","context":"En &quot;CINTILLO&quot;","block_context":{"text":"CINTILLO","link":"http:\/\/www.grieta.org.mx\/index.php\/category\/cintillo\/"},"img":{"alt_text":"","src":"https:\/\/i0.wp.com\/www.grieta.org.mx\/wp-content\/uploads\/2018\/03\/14524434_1106112876131411_958039263622046936_o.jpg?resize=350%2C200","width":350,"height":200,"srcset":"https:\/\/i0.wp.com\/www.grieta.org.mx\/wp-content\/uploads\/2018\/03\/14524434_1106112876131411_958039263622046936_o.jpg?resize=350%2C200 1x, https:\/\/i0.wp.com\/www.grieta.org.mx\/wp-content\/uploads\/2018\/03\/14524434_1106112876131411_958039263622046936_o.jpg?resize=525%2C300 1.5x, https:\/\/i0.wp.com\/www.grieta.org.mx\/wp-content\/uploads\/2018\/03\/14524434_1106112876131411_958039263622046936_o.jpg?resize=700%2C400 2x"},"classes":[]},{"id":20014,"url":"http:\/\/www.grieta.org.mx\/index.php\/2016\/07\/14\/casi-50-quejas-contra-tortura-de-policias-de-bc-en-lo-que-va-del-ano-cedh\/","url_meta":{"origin":6913,"position":2},"title":"Casi 50 quejas contra tortura de polic\u00edas de BC en lo que va del a\u00f1o: CEDH","author":"grieta","date":"14 julio, 2016","format":false,"excerpt":"POR ANTONIO HERAS Mexicali, 14 de julio.- Medio centenar de quejas por tortura y 17 por tratos crueles, degradantes o inhumanos se registraron en Baja California durante el primer semestre de 2016, la mayor\u00eda de ellas por hechos cometidos en Tijuana, de acuerdo a la Comisi\u00f3n Estatal de Derechos Humanos\u2026","rel":"","context":"En &quot;CINTILLO&quot;","block_context":{"text":"CINTILLO","link":"http:\/\/www.grieta.org.mx\/index.php\/category\/cintillo\/"},"img":{"alt_text":"","src":"https:\/\/i0.wp.com\/www.grieta.org.mx\/wp-content\/uploads\/2018\/03\/14524434_1106112876131411_958039263622046936_o.jpg?resize=350%2C200","width":350,"height":200,"srcset":"https:\/\/i0.wp.com\/www.grieta.org.mx\/wp-content\/uploads\/2018\/03\/14524434_1106112876131411_958039263622046936_o.jpg?resize=350%2C200 1x, https:\/\/i0.wp.com\/www.grieta.org.mx\/wp-content\/uploads\/2018\/03\/14524434_1106112876131411_958039263622046936_o.jpg?resize=525%2C300 1.5x, https:\/\/i0.wp.com\/www.grieta.org.mx\/wp-content\/uploads\/2018\/03\/14524434_1106112876131411_958039263622046936_o.jpg?resize=700%2C400 2x"},"classes":[]},{"id":5764,"url":"http:\/\/www.grieta.org.mx\/index.php\/2015\/08\/20\/denuncian-grave-corrupcion-en-la-cedh-yucatan\/","url_meta":{"origin":6913,"position":3},"title":"Denuncian grave corrupci\u00f3n en la CEDH, Yucat\u00e1n","author":"grieta","date":"20 agosto, 2015","format":false,"excerpt":"20\/08\/15. En Yucat\u00e1n se permite la tortura. Impunidad en el caso de Roberth Tzab EkKaos en la red 19\/08\/15. Acusan a ombudsman de Yucat\u00e1n de falsificar firmas en expedientesLa Jornada 18\/08\/15. Denuncian grave corrupci\u00f3n en la comisi\u00f3n estatal de derechos humanos en Yucat\u00e1nKaos en la red","rel":"","context":"En &quot;NOTICIAS NACIONALES&quot;","block_context":{"text":"NOTICIAS NACIONALES","link":"http:\/\/www.grieta.org.mx\/index.php\/category\/noticias-nacionales\/"},"img":{"alt_text":"","src":"https:\/\/i0.wp.com\/www.grieta.org.mx\/wp-content\/uploads\/2018\/03\/14524434_1106112876131411_958039263622046936_o.jpg?resize=350%2C200","width":350,"height":200,"srcset":"https:\/\/i0.wp.com\/www.grieta.org.mx\/wp-content\/uploads\/2018\/03\/14524434_1106112876131411_958039263622046936_o.jpg?resize=350%2C200 1x, https:\/\/i0.wp.com\/www.grieta.org.mx\/wp-content\/uploads\/2018\/03\/14524434_1106112876131411_958039263622046936_o.jpg?resize=525%2C300 1.5x, https:\/\/i0.wp.com\/www.grieta.org.mx\/wp-content\/uploads\/2018\/03\/14524434_1106112876131411_958039263622046936_o.jpg?resize=700%2C400 2x"},"classes":[]},{"id":27758,"url":"http:\/\/www.grieta.org.mx\/index.php\/2018\/11\/30\/bc-en-crisis-de-liquidez-se-extiende-la-inconformidad\/","url_meta":{"origin":6913,"position":4},"title":"BC, en crisis de liquidez; se extiende la inconformidad","author":"grieta","date":"30 noviembre, 2018","format":false,"excerpt":"Maestros del Centro de Estudios Cient\u00edficos y Tecnol\u00f3gicos de Baja California pararon labores en protesta porque no les han pagado salarios. Foto Luis Arellano Por Mireya Cu\u00e9llar Tijuana, 30 de noviembre.- El Instituto Estatal Electoral (Ieebc), el Poder Judicial, la Comisi\u00f3n Estatal de los Derechos Humanos (CEDH), 2 mil 300\u2026","rel":"","context":"En &quot;Baja California&quot;","block_context":{"text":"Baja California","link":"http:\/\/www.grieta.org.mx\/index.php\/category\/noticias-nacionales\/baja-california\/"},"img":{"alt_text":"","src":"https:\/\/i0.wp.com\/www.grieta.org.mx\/wp-content\/uploads\/2018\/11\/captura_de_pantalla_2018-11-30_a_las_07.23.28.png?resize=350%2C200","width":350,"height":200,"srcset":"https:\/\/i0.wp.com\/www.grieta.org.mx\/wp-content\/uploads\/2018\/11\/captura_de_pantalla_2018-11-30_a_las_07.23.28.png?resize=350%2C200 1x, https:\/\/i0.wp.com\/www.grieta.org.mx\/wp-content\/uploads\/2018\/11\/captura_de_pantalla_2018-11-30_a_las_07.23.28.png?resize=525%2C300 1.5x"},"classes":[]},{"id":7006,"url":"http:\/\/www.grieta.org.mx\/index.php\/2016\/05\/04\/feminicidios-en-baja-california\/","url_meta":{"origin":6913,"position":5},"title":"Feminicidios en Baja California","author":"grieta","date":"4 mayo, 2016","format":false,"excerpt":"Movilizaciones en contra de feminicidios 04\/05\/16. Hacen plant\u00f3n por muerte de Eneyda El Vig\u00eda 04\/05\/16. [VIDEO] Piden justicia para Eneyda Zeta 04\/05\/16. \"Ni una m\u00e1s\", advierten compa\u00f1eros de Eneyda La Jornada BC 06\/01\/16. \u201c\u00a1Alto al feminicidio!\u201d, exigen en Ensenada La Jornada BC 21\/12\/15. Exigen justicia por asesinatos de mujeres Plex\u2026","rel":"","context":"En &quot;Baja California&quot;","block_context":{"text":"Baja California","link":"http:\/\/www.grieta.org.mx\/index.php\/category\/noticias-nacionales\/baja-california\/"},"img":{"alt_text":"","src":"https:\/\/i0.wp.com\/www.grieta.org.mx\/wp-content\/uploads\/2018\/03\/14524434_1106112876131411_958039263622046936_o.jpg?resize=350%2C200","width":350,"height":200,"srcset":"https:\/\/i0.wp.com\/www.grieta.org.mx\/wp-content\/uploads\/2018\/03\/14524434_1106112876131411_958039263622046936_o.jpg?resize=350%2C200 1x, https:\/\/i0.wp.com\/www.grieta.org.mx\/wp-content\/uploads\/2018\/03\/14524434_1106112876131411_958039263622046936_o.jpg?resize=525%2C300 1.5x, https:\/\/i0.wp.com\/www.grieta.org.mx\/wp-content\/uploads\/2018\/03\/14524434_1106112876131411_958039263622046936_o.jpg?resize=700%2C400 2x"},"classes":[]}],"_links":{"self":[{"href":"http:\/\/www.grieta.org.mx\/index.php\/wp-json\/wp\/v2\/posts\/6913","targetHints":{"allow":["GET"]}}],"collection":[{"href":"http:\/\/www.grieta.org.mx\/index.php\/wp-json\/wp\/v2\/posts"}],"about":[{"href":"http:\/\/www.grieta.org.mx\/index.php\/wp-json\/wp\/v2\/types\/post"}],"author":[{"embeddable":true,"href":"http:\/\/www.grieta.org.mx\/index.php\/wp-json\/wp\/v2\/users\/2"}],"replies":[{"embeddable":true,"href":"http:\/\/www.grieta.org.mx\/index.php\/wp-json\/wp\/v2\/comments?post=6913"}],"version-history":[{"count":1,"href":"http:\/\/www.grieta.org.mx\/index.php\/wp-json\/wp\/v2\/posts\/6913\/revisions"}],"predecessor-version":[{"id":20368,"href":"http:\/\/www.grieta.org.mx\/index.php\/wp-json\/wp\/v2\/posts\/6913\/revisions\/20368"}],"wp:featuredmedia":[{"embeddable":true,"href":"http:\/\/www.grieta.org.mx\/index.php\/wp-json\/wp\/v2\/media\/21928"}],"wp:attachment":[{"href":"http:\/\/www.grieta.org.mx\/index.php\/wp-json\/wp\/v2\/media?parent=6913"}],"wp:term":[{"taxonomy":"category","embeddable":true,"href":"http:\/\/www.grieta.org.mx\/index.php\/wp-json\/wp\/v2\/categories?post=6913"},{"taxonomy":"post_tag","embeddable":true,"href":"http:\/\/www.grieta.org.mx\/index.php\/wp-json\/wp\/v2\/tags?post=6913"}],"curies":[{"name":"wp","href":"https:\/\/api.w.org\/{rel}","templated":true}]}}