{"id":69084,"date":"2024-05-26T13:57:35","date_gmt":"2024-05-26T19:57:35","guid":{"rendered":"https:\/\/www.grieta.org.mx\/?p=69084"},"modified":"2024-06-09T14:07:57","modified_gmt":"2024-06-09T20:07:57","slug":"el-resultado-mas-cruel-de-defender-el-bosque-8-mueren-por-conflicto-territorial-en-oaxaca","status":"publish","type":"post","link":"http:\/\/www.grieta.org.mx\/index.php\/2024\/05\/26\/el-resultado-mas-cruel-de-defender-el-bosque-8-mueren-por-conflicto-territorial-en-oaxaca\/","title":{"rendered":"El resultado m\u00e1s cruel de defender el bosque; 8 mueren por conflicto territorial en Oaxaca"},"content":{"rendered":"<p>Imagen: Cortes\u00eda Comunidad San Miguel<\/p>\n<p><strong>Un conflicto territorial sembr\u00f3 el miedo en San Miguel el Grande, Oaxaca. La defensa de su bosque los llev\u00f3 a enfrentar el tr\u00e1fico de madera en la sierra en Oaxaca, lo que hasta el momento ha cobrado ocho vidas.<\/strong>.<\/p>\n<p>Arturo Contreras y Ricardo Balderas \/ Pie de P\u00e1gina<\/p>\n<p>CIUDAD DE M\u00c9XICO.- \u201cHoy estamos enterrando a mi hermano, a Jos\u00e9, nuestro agente, nuestro nuevo agente. A la gente de la colonia L\u00e1zaro C\u00e1rdenas, a Gabriel\u201d dice entre l\u00e1grimas, \u00c1ngeles Cruz, en un video publicado v\u00eda redes sociales. Detr\u00e1s de ella se observa una fila de ata\u00fades de madera rodeados de flores blancas y un contingente de personas que pasan, uno a uno, a despedirse.<\/p>\n<p>\u201cAdvertimos que est\u00e1bamos en peligro\u201d, reclama. \u201cSe\u00f1or gobernador, usted nos dijo que \u00edbamos a estar seguras y hoy estoy enterrando a mi hermano. Renuncie si no puede con el cargo. \u00a1Renuncie si no puede garantizar nuestras vidas!\u201d. dice mientras su voz comienza a fragmentarse.<\/p>\n<p>En los \u00faltimos 12 meses, ocho personas del municipio de San Miguel El Grande, Oaxaca, han muerto a manos de pobladores del municipio de Tlaxiaco, que est\u00e1 apenas una hora y media al norte. Entre los dos municipios hay un macizo forestal que seg\u00fan la misma \u00c1ngeles \u201cvale millones\u201d. No solo por el precio de la madera que guarda sino por los servicios ambientales y los v\u00ednculos culturales que han formado las poblaciones circundantes de alrededor.<\/p>\n<p>Desde hace a\u00f1os, los dos municipios sostienen una disputa territorial por sus linderos, por tierras ricas en bosques. A pesar de que el conflicto tiene un caso abierto en los tribunales agrarios del pa\u00eds, en el \u00faltimo a\u00f1o la violencia ejercida desde Llano de Guadalupe, poblaci\u00f3n de Tlaxiaco, contra las comunidades de L\u00e1zaro C\u00e1rdenas y Villa Guadalupe Victoria, de San Miguel El Grande<\/p>\n<p>\u201cDentro de nuestras propias investigaciones sabemos que hay gente con armas largas en Llano de Guadalupe. Ese terreno que est\u00e1 en conflicto, ese per\u00edmetro, lo reclaman gente de aserraderos de Tlaxiaco, pero estas cosas se tienen que dirimir en tribunales, en una mesa; no a partir de sesgar vidas, no de matar gente\u201d, explica sobre el conflicto \u00c1ngeles Cruz, quien adem\u00e1s de ser una cineasta\u00a0 reconocida a nivel internacional, es originaria de San Miguel el Grande y, como ella misma se reconoce, defensora de estos bosques.<\/p>\n<p>La comunidad de L\u00e1zaro C\u00e1rdenas, formada hace a\u00f1os para defender estos linderos abandon\u00f3 sus tierras,\u00a0fue desplazada<\/p>\n<p>Las autoridades, como refiere \u00c1ngeles Cruz en su video, no son ajenas al tema. En una rueda de prensa del 23 de septiembre del 2023, el secretario de Gobierno del estado, Jes\u00fas Romero L\u00f3pez inform\u00f3 que en todo el estado hay 280 conflictos por tierras, de los cuales 206 se consideran de bajo riesgo; 51 son de peligro medio y 23 \u201cfocos rojos\u201d.<\/p>\n<p>Entre estos \u00faltimos est\u00e1 la disputa desatada en estas tierras \u00d1uu Savi (Mixtecas). Seg\u00fan el mismo Romero L\u00f3pez, este tipo de conflictos. justifican otro tipo de actividades il\u00edcitas.\u00a0 \u201cLo tengo que decir, hay tr\u00e1fico de armas, hay narcotr\u00e1fico y hay talamontes involucrados que no permiten que de manera sana las comunidades puedan resolver sus conflictos\u201d, asegur\u00f3 el secretario de gobierno.<\/p>\n<p>Datos georreferenciados y proporcionados por el Global Land Analysis &amp; Discover (GLAD por sus siglas en ingl\u00e9s); confirman algo que \u00c1ngeles ya ubicaba como causa de la violencia en su municipio, en\u00a0 la regi\u00f3n norte, espec\u00edficamente donde han ocurrido los conatos de violencia, los bosques han sido claramente deforestados ilegalmente durante el de\u00a0 2000 al 2023. Siendo el 2022 el que m\u00e1s casos de deforestaci\u00f3n present\u00f3.<\/p>\n<h3 class=\"wp-block-heading\">Guardianes milenarios del bosque<\/h3>\n<p>\u201cNosotros somos guardianes del bosque, para talar un \u00e1rbol, tengo que pedir permiso a bienes comunales y tengo que pagar por ese \u00e1rbol, incluso si est\u00e1 en mi terreno. Esas son nuestras reglas, porque tenemos que cuidarlos, porque el agua sale de ah\u00ed. El agua que surte el Llano de Guadalupe, sale de nuestro bosque. Entonces \u00bfQu\u00e9 es, son los \u00e1rboles, es el agua, es el tr\u00e1fico de agua, son los grandes aserraderos? No lo sabemos\u201d, comenta en una entrevista telef\u00f3nica para escudri\u00f1ar este conflicto \u00c1ngeles Cruz.<\/p>\n<p>Ella, como su difunto hermano nacieron entre estos bosques, con el que entablaron una relaci\u00f3n profunda a lo largo de su vida. \u201cYo recorr\u00ed con mi padre los ojitos de agua. Tienes que conocer d\u00f3nde surge el agua, me dec\u00eda. S\u00ed, en nuestras comunidades tenemos nuestras mangueras, pero sabemos que no debemos tomarla toda, solo una poca, y se debe dejar correr\u201d.<\/p>\n<p>Desde chica, \u00c1ngeles ha tenido una relaci\u00f3n de cuidado y de amor con el bosque, sabe c\u00f3mo se quita la madera plagada y se cuidan a los espec\u00edmenes m\u00e1s j\u00f3venes. Esta relaci\u00f3n se ha fortalecido poco a poco, pues la suya es una tierra donde crecen los hongos en \u00e9poca de lluvias y hay mucho respeto por ello, porque saben que les alimenta.<\/p>\n<p>En sus intentos por calmar la situaci\u00f3n los pobladores de San Miguel el Grande se han reunido con el propio Romero L\u00f3pez, secretario de gobierno, quien les ha cuestionado la utilidad de seguir defendiendo el terreno de L\u00e1zaro C\u00e1rdenas, \u00bfvale la pena dar la vida por un bosque? Les ha cuestionado.<\/p>\n<p>\u201cSi van a tu casa, violan a tu mujer, matan a tus hijos. \u00bfT\u00fa vas a dar la vida por tu casa y tu familia o mejor te sales y le das la casa a quien te agredi\u00f3?\u201d, arremete \u00c1ngeles en respuesta. Despu\u00e9s explica: \u201cHay una visi\u00f3n capitalista de ver el bosque, que partamos a los hijos a la mitad, al fin que a qui\u00e9n le importa\u201d, dice con desprecio.<\/p>\n<h3 class=\"wp-block-heading\">Paran la tala, crece la violencia<\/h3>\n<p>Desde el 31 de enero de 2023 la violencia en contra de L\u00e1zaro C\u00e1rdenas, perpetrada por personas sin identificar procedentes de la poblaci\u00f3n de Llano de Guadalupe, empez\u00f3 a arreciar. Primero fue una casa quemada y la destrucci\u00f3n de c\u00e1rcamos, radios comunitarias y otros equipos del pueblo. Despu\u00e9s sus habitantes empezaron a escuchar disparos escondidos entre los \u00e1rboles, a los que les siguieron bloqueos de caminos e incluso incendios forestales provocados.<\/p>\n<p>El inicio de las agresiones corresponden con el cambio en las autoridades de San Miguel el Grande. No solo cambi\u00f3 el presidente municipal, tambi\u00e9n las autoridades agrarias. Dentro de una de las primeras medidas de las nuevas autoridades agrarias fue cancelar la concesi\u00f3n del saneamiento del bosque que ten\u00eda un agente de Michoac\u00e1n que hab\u00eda contratado el antiguo presidente municipal. Seg\u00fan cuenta \u00c1ngeles, al agente se le despidi\u00f3, se le finiquit\u00f3 el contrato y se le despidi\u00f3, pues las tareas que hac\u00edan las pueden realizar los pobladores de L\u00e1zaro C\u00e1rdenas por su cuenta.<\/p>\n<p>\u201cA lo mejor yo soy malpensada y m\u00e1s bien la concesi\u00f3n era una determinada cuota de \u00e1rboles a Tlaxiaco para evitar las hostilidades, pero a partir de que se rompi\u00f3 el canalito, empezaron las hostilidades muy fuertes, aunque eso no lo tengo de seguro, es algo que comentamos entre nosotros\u201d, comenta la defensora en entrevista.<\/p>\n<p>Estos ataques parecieran haber sido una alerta de lo que podr\u00eda pasar. El 5 de mayo un comando de m\u00e1s de 30 hombres con armas de grueso calibre (algunas catalogadas de uso exclusivo del ej\u00e9rcito) atac\u00f3 L\u00e1zaro C\u00e1rdenas. Rafaguearon todas las casas del pueblo quemaron otras 10, asdem\u00e1s de la escuela, la cocina comunitaria, y varios carros.<\/p>\n<p>\u201cPor ser la comunidad que est\u00e1 en el l\u00edmite (geogr\u00e1fico), el resto de las comunidades hacemos guardias, independientemente de las personas que viven ah\u00ed en L\u00e1zaro C\u00e1rdenas, en esa ocasi\u00f3n hab\u00eda gente de Villa de Guadalupe Victoria, de Guerrero, de Morelos. Todos se refugiaron en la \u00fanica casa de material, que era la agencia\u201d, cuenta \u00c1ngeles.<\/p>\n<p>En el ataque murieron tres personas, Odil\u00f3n Cruz Ortiz y Abd\u00f3n Cruz L\u00f3pez, originarios de L\u00e1zaro C\u00e1rdenas y Juan Mendoza, de Villa de Guadalupe, adem\u00e1s decenas resultaron heridos.<\/p>\n<p>Al d\u00eda siguiente, la Guardia Nacional entr\u00f3 a patrullar la zona, sin embargo, los ataques siguieron. Hasta el momento, por el asalto solo hay una persona detenida.<\/p>\n<p>Desde enero, cuando empezaron los ataques se form\u00f3 una mesa de di\u00e1logo entre el gobierno estatal y representantes de ambos municipios que tuvieron sesiones durante abril, marzo y los primeros d\u00edas de mayo. Incluso, el 2 de mayo, tres d\u00edas antes del ataque, se hab\u00eda pactado que el d\u00eda 12 de ese mismo mes se firmar\u00eda un acuerdo de paz entre ambos municipios, mismo que obviamente qued\u00f3 trunco.<\/p>\n<p>Desde entonces la poblaci\u00f3n de L\u00e1zaro C\u00e1rdenas no ha podido volver a pisar su comunidad. Durante las tardes, patrullas conformadas por habitantes de otras comunidades de San Miguel vigilaban que la gente armada de Llano Grande no regresar a posesionarse del pueblo, apoyadas por la Guardia Nacional, o al menos as\u00ed fue hasta el 22 de noviembre de 2023.<\/p>\n<p>\u201cHubo gente que sigui\u00f3 haciendo la guardia, \u00edbamos y segu\u00edamos atendiendo las necesidades de los de la Guardia Nacional con las pocas cosas que hab\u00edan quedado de pie. Incluso, tratamos de construir una cocinita peque\u00f1a para darles caf\u00e9. Ya para noviembre empez\u00f3 a arreciar el fr\u00edo y se construy\u00f3 una nueva cocina comunitaria, para resguardarse, pero no fue una acci\u00f3n bien tomada por los agresores\u201d, cuenta \u00c1ngeles.<\/p>\n<p>El 22 de noviembre para ayudar en la construcci\u00f3n de la cocina diferentes autoridades comunales acudieron a cumplir con su tequio (un tipo de trabajo comunitario), entre ellos, estaba Rom\u00e1n, hermano de \u00c1ngeles<\/p>\n<p>Los trabajos de ese d\u00eda terminaron cerca de las cuatro y media de la tarde, hora en la que las autoridades comunales emprendieron su regreso. No hab\u00edan avanzado m\u00e1s de 300 metros en el camino que va de L\u00e1zaro C\u00e1rdenas a Villa de Guadalupe, y cuando el convoy en el que viajaban sal\u00eda de una curva, fue sorprendido por una emboscada.<\/p>\n<p>\u201cFueron m\u00e1s de 5 mil cartuchos percutidos. Las balas del atentado, la escena\u2026 era una escena dantesca. A m\u00ed me toc\u00f3 recoger el cuerpo de mi hermano, fue una emboscada con armas de grueso calibre, totalmente planeada\u201d, Cuando lo dice, la voz de \u00c1ngeles se empieza a pausar, a cortar, por la rabia.<\/p>\n<p>\u201cGabriel iba manejando el torton; mi hermano Rom\u00e1n, la camioneta de la agencia y Tapia la de la Fiscal\u00eda. Los tres murieron de un balazo en la cabeza, los agarraron en los carros. Fue muerte instant\u00e1nea por balas sincronizadas a sus cabezas. Jos\u00e9 logr\u00f3 agacharse, pero de todos modos cay\u00f3, el otro que ven\u00eda al frente, cay\u00f3. Los \u00fanicos dos heridos fueron los de la fiscal\u00eda que ven\u00edan con sus armas y pudieron resguardarse y repeler el ataque\u201d.<\/p>\n<h3 class=\"wp-block-heading\">Ni atenci\u00f3n, ni investigaci\u00f3n ni justicia<\/h3>\n<p>Antes de la emboscada pobladores de San Miguel el Grande ya le hab\u00edan expuesto al gobernador de Oaxaca, Salom\u00f3n Jara, el peligro que corr\u00edan los pobladores de L\u00e1zaro C\u00e1rdenas y de todo San Miguel. La respuesta no sali\u00f3 de los l\u00edmites pol\u00edticos: Estamos haciendo lo posible, ya est\u00e1n las \u00f3rdenes de aprehensi\u00f3n de la fiscal\u00eda, pero los pobladores de San Miguel no ven resultados concretos.<\/p>\n<p>\u201cSabemos que esta gente no se escondi\u00f3, sabemos d\u00f3nde est\u00e1n \u00bfpor qu\u00e9 no los detienen? Mi hermano hab\u00eda sido amenazado de muerte antes, con un an\u00f3nimo en su carro, ven\u00edan amenazas contra \u00e9l, y toda esa informaci\u00f3n la entreg\u00f3, pero ah\u00ed muri\u00f3 en el atentado y la fiscal\u00eda dec\u00eda que no ten\u00eda conocimiento de todo eso\u201d.<\/p>\n<p>Actualmente el gobierno estatal pugna porque ambos municipios retomen la firma del acuerdo de paz, interrumpido por el ataque del 5 de mayo, pero \u00c1ngeles, como los pobladores de San Miguel se niegan a hacerlo.<\/p>\n<p>\u201cM\u00e1s que firmar la paz, es firmar la impunidad, es firmar la investigaci\u00f3n que no se ha hecho, las omisiones por parte de la Fiscal\u00eda y del Estado. Llano de Guadalupe y Tlaxiaco abrieron una zanja y tienen prohibido el paso con guardias armados a la comunidad. Ya nosotros no tenemos derecho al libre tr\u00e1nsito desde enero del a\u00f1o pasado. De manera personal, ah\u00ed yo les dije c\u00f3mo quieren que nos sentemos a firmar una paz\u201d, asegura.<\/p>\n<p>Mientras la poblaci\u00f3n de L\u00e1zaro C\u00e1rdenas permanece desplazada, habitantes de Llano de Guadalupe ya fueron a recorrer esas tierras y sus ojos de agua acompa\u00f1ados por gente del gobierno estatal y de la Guardia Nacional.<\/p>\n<p>\u201cNos encontramos con miedo y frustraci\u00f3n, no hemos podido pisar el lugar donde asesinaron a nuestros compa\u00f1eros y a mi hermano el 22 de noviembre\u201d, lamenta \u00c1ngeles. \u201cDesde nuestros usos necesitamos estar en el lugar donde cayeron nuestros muertos, recorrer esos caminos, pero el gobierno solo les da seguridad a los atacantes, incluso despu\u00e9s de que ya hay ocho muertos. Ah\u00ed est\u00e1n nuestros caminos ancestrales, donde transitaba nuestra gente libremente. Todos nuestros abuelos, tatarabuelos, ah\u00ed nacieron, ese entendimiento del amor por nuestra tierra no lo est\u00e1 captando el gobierno y no le est\u00e1 dando la importancia que tiene. No est\u00e1 entendiendo la filosof\u00eda de haber nacido con esa gota de agua, porque nuestros ancestros vieron esas primeras gotas de agua\u201d.<\/p>\n<p><a href=\"https:\/\/piedepagina.mx\/el-resultado-mas-cruel-de-defender-el-bosque-8-mueren-por-conflicto-territorial-en-oaxaca\/\">https:\/\/piedepagina.mx\/el-resultado-mas-cruel-de-defender-el-bosque-8-mueren-por-conflicto-territorial-en-oaxaca\/<\/a><\/p>\n","protected":false},"excerpt":{"rendered":"<p>Imagen: Cortes\u00eda Comunidad San Miguel Un conflicto territorial sembr\u00f3 el miedo en San Miguel el Grande, Oaxaca. La defensa de su bosque los llev\u00f3 a enfrentar el tr\u00e1fico de madera &hellip; <a href=\"http:\/\/www.grieta.org.mx\/index.php\/2024\/05\/26\/el-resultado-mas-cruel-de-defender-el-bosque-8-mueren-por-conflicto-territorial-en-oaxaca\/\" class=\"more-link\">Leer m\u00e1s<\/a><\/p>\n","protected":false},"author":2,"featured_media":69085,"comment_status":"closed","ping_status":"closed","sticky":false,"template":"","format":"standard","meta":{"ngg_post_thumbnail":0,"_jetpack_newsletter_access":"","_jetpack_dont_email_post_to_subs":false,"_jetpack_newsletter_tier_id":0,"_jetpack_memberships_contains_paywalled_content":false,"_jetpack_memberships_contains_paid_content":false,"footnotes":""},"categories":[80,1605,1278,1727,2,25,83],"tags":[4005,2140,4153,4172,1412,520,3094],"class_list":["post-69084","post","type-post","status-publish","format-standard","has-post-thumbnail","hentry","category-cintillo","category-despojo-de-tierras-en-oaxaca","category-despojo-de-tierras-y-territorios","category-destruccion-ambiental-en-oaxaca","category-noticias-nacionales","category-oaxaca","category-temas-nacionales","tag-agresiones-a-defensores-y-activistas","tag-asesinato-de-activistas","tag-asesinato-de-civiles","tag-defensa-de-la-tierra-y-el-territorio","tag-defensa-de-los-bosques","tag-tala-de-bosques","tag-tala-ilegal","entry"],"jetpack_featured_media_url":"http:\/\/www.grieta.org.mx\/wp-content\/uploads\/2024\/06\/tala_nuSavi_mixteca_especia5.jpg","jetpack_sharing_enabled":true,"jetpack_shortlink":"https:\/\/wp.me\/p7ZJR4-hYg","jetpack_likes_enabled":false,"jetpack-related-posts":[{"id":66851,"url":"http:\/\/www.grieta.org.mx\/index.php\/2023\/04\/14\/asesinan-a-felix-vicente-agente-municipal-en-oaxaca-defensor-del-territorio\/","url_meta":{"origin":69084,"position":0},"title":"Asesinan a F\u00e9lix Vicente, agente municipal en Oaxaca; defensor del territorio","author":"grieta","date":"14 abril, 2023","format":false,"excerpt":"Imagen: P\u00e1gina 3 Diana Manzo \/ P\u00e1gina 3 Oaxaca, Oax.- A balazos y en su oficina, fue asesinado esta noche F\u00e9lix Vicente Cruz, agente municipal de la comunidad 20 de Noviembre \u201cEl Morro\u201d, perteneciente al municipio zapoteca de San Francisco, Ixhuat\u00e1n, en el Istmo de Tehuantepec, Oaxaca, confirmaron sus familiares,\u2026","rel":"","context":"En &quot;CINTILLO&quot;","block_context":{"text":"CINTILLO","link":"http:\/\/www.grieta.org.mx\/index.php\/category\/cintillo\/"},"img":{"alt_text":"","src":"https:\/\/i0.wp.com\/www.grieta.org.mx\/wp-content\/uploads\/2023\/04\/Asesinan-a-Agente-Mpl-de-Ixhuatan-Felix-Vicente-Cruz.webp?resize=350%2C200","width":350,"height":200,"srcset":"https:\/\/i0.wp.com\/www.grieta.org.mx\/wp-content\/uploads\/2023\/04\/Asesinan-a-Agente-Mpl-de-Ixhuatan-Felix-Vicente-Cruz.webp?resize=350%2C200 1x, https:\/\/i0.wp.com\/www.grieta.org.mx\/wp-content\/uploads\/2023\/04\/Asesinan-a-Agente-Mpl-de-Ixhuatan-Felix-Vicente-Cruz.webp?resize=525%2C300 1.5x"},"classes":[]},{"id":66855,"url":"http:\/\/www.grieta.org.mx\/index.php\/2023\/04\/16\/demandan-justicia-por-muerte-de-defensor-felix-vicente-cruz-en-ixhuatan-oaxaca\/","url_meta":{"origin":69084,"position":1},"title":"Demandan justicia por muerte de defensor F\u00e9lix Vicente Cruz en Ixhuat\u00e1n, Oaxaca","author":"grieta","date":"16 abril, 2023","format":false,"excerpt":"Imagen: Cortes\u00eda Octavio V\u00e9lez Ascencio \/ Noticias NVI La Asamblea de los Pueblos Ind\u00edgenas del Istmo en Defensa de la Tierra y el Territorio (APIIDTT) demand\u00f3 a las autoridades justicia por el crimen del defensor y agente municipal de El Morro, Ixhuat\u00e1n, F\u00e9lix Vicente Aquino, sucedido en esa comunidad de\u2026","rel":"","context":"En &quot;5. Istmo&quot;","block_context":{"text":"5. Istmo","link":"http:\/\/www.grieta.org.mx\/index.php\/category\/espejos-de-la-resistencia\/5-istmo\/"},"img":{"alt_text":"","src":"https:\/\/i0.wp.com\/www.grieta.org.mx\/wp-content\/uploads\/2023\/04\/defensor-de-la-tierra-Felix-Vicente-Cruz-820x394-1.png?resize=350%2C200","width":350,"height":200,"srcset":"https:\/\/i0.wp.com\/www.grieta.org.mx\/wp-content\/uploads\/2023\/04\/defensor-de-la-tierra-Felix-Vicente-Cruz-820x394-1.png?resize=350%2C200 1x, https:\/\/i0.wp.com\/www.grieta.org.mx\/wp-content\/uploads\/2023\/04\/defensor-de-la-tierra-Felix-Vicente-Cruz-820x394-1.png?resize=525%2C300 1.5x, https:\/\/i0.wp.com\/www.grieta.org.mx\/wp-content\/uploads\/2023\/04\/defensor-de-la-tierra-Felix-Vicente-Cruz-820x394-1.png?resize=700%2C400 2x"},"classes":[]},{"id":68528,"url":"http:\/\/www.grieta.org.mx\/index.php\/2024\/02\/19\/que-ni-lo-intenten-nuestro-territorio-es-libre-de-mineria-le-dicen-zoques-de-chimalapas-a-canadiense-minaurum-gold-y-gobierno-federal-oaxaca\/","url_meta":{"origin":69084,"position":2},"title":"\u201cQue ni lo intenten, nuestro territorio es libre de miner\u00eda\u201d le dicen zoques de Chimalapas a canadiense Minaurum Gold y gobierno federal (Oaxaca)","author":"grieta","date":"19 febrero, 2024","format":false,"excerpt":"Imagen: Istmo Press Diana Manzo \/ Istmo Press \u201cQue ni lo intenten, nuestro territorio es libre de Mineria \u201d, le dicen comuneros zoques al gobierno federal y a la empresa minera canadiense Minaurum Gold tras un anuncio publico de querer explotar este territorio ubicado en el Istmo oaxaque\u00f1o. Los comuneros\u2026","rel":"","context":"En &quot;CINTILLO&quot;","block_context":{"text":"CINTILLO","link":"http:\/\/www.grieta.org.mx\/index.php\/category\/cintillo\/"},"img":{"alt_text":"","src":"https:\/\/i0.wp.com\/www.grieta.org.mx\/wp-content\/uploads\/2024\/02\/1708409990085-800x445-1.jpg?resize=350%2C200","width":350,"height":200,"srcset":"https:\/\/i0.wp.com\/www.grieta.org.mx\/wp-content\/uploads\/2024\/02\/1708409990085-800x445-1.jpg?resize=350%2C200 1x, https:\/\/i0.wp.com\/www.grieta.org.mx\/wp-content\/uploads\/2024\/02\/1708409990085-800x445-1.jpg?resize=525%2C300 1.5x, https:\/\/i0.wp.com\/www.grieta.org.mx\/wp-content\/uploads\/2024\/02\/1708409990085-800x445-1.jpg?resize=700%2C400 2x"},"classes":[]},{"id":25615,"url":"http:\/\/www.grieta.org.mx\/index.php\/2018\/08\/08\/acusan-despojo-de-tierras-en-san-blas-atempa-oaxaca\/","url_meta":{"origin":69084,"position":3},"title":"Acusan despojo de tierras en San Blas Atempa, Oaxaca","author":"grieta","date":"8 agosto, 2018","format":false,"excerpt":"Noticias. Abigail Hern\u00e1ndez, Tehuantepec, Oaxaca.- Por segundo d\u00eda consecutivo, habitantes del municipio de San Blas Atempa mantuvieron bloqueada la Carretera Trans\u00edstmica, a la altura del Puente de Fierro, para exigir al Gobierno estatal, trav\u00e9s de la Secretar\u00eda General de Gobierno (Segego) y de la Secretar\u00eda de Desarrollo Agrario, Territorial y\u2026","rel":"","context":"En &quot;CINTILLO&quot;","block_context":{"text":"CINTILLO","link":"http:\/\/www.grieta.org.mx\/index.php\/category\/cintillo\/"},"img":{"alt_text":"","src":"https:\/\/i0.wp.com\/www.grieta.org.mx\/wp-content\/uploads\/2018\/08\/San-Blas-1.jpg?resize=350%2C200","width":350,"height":200,"srcset":"https:\/\/i0.wp.com\/www.grieta.org.mx\/wp-content\/uploads\/2018\/08\/San-Blas-1.jpg?resize=350%2C200 1x, https:\/\/i0.wp.com\/www.grieta.org.mx\/wp-content\/uploads\/2018\/08\/San-Blas-1.jpg?resize=525%2C300 1.5x, https:\/\/i0.wp.com\/www.grieta.org.mx\/wp-content\/uploads\/2018\/08\/San-Blas-1.jpg?resize=700%2C400 2x, https:\/\/i0.wp.com\/www.grieta.org.mx\/wp-content\/uploads\/2018\/08\/San-Blas-1.jpg?resize=1050%2C600 3x"},"classes":[]},{"id":71632,"url":"http:\/\/www.grieta.org.mx\/index.php\/2025\/04\/14\/14-abril-2025-organizaciones-y-comunidades-de-oaxaca-rechazan-megaproyectos-y-privatizacion-de-tierras-en-segundo-foro-por-la-defensa-del-territorio\/","url_meta":{"origin":69084,"position":4},"title":"Organizaciones y comunidades de Oaxaca rechazan megaproyectos y privatizaci\u00f3n de tierras en Segundo Foro por la Defensa del Territorio","author":"grieta","date":"14 abril, 2025","format":false,"excerpt":"Imagen; Somos el Medio En el marco del Segundo Foro en Defensa del Territorio y la Propiedad Social, m\u00e1s de 70 comunidades y 30 organizaciones denunciaron el avance del modelo extractivista, el despojo territorial impulsado por megaproyectos como el Corredor Interoce\u00e1nico y las concesiones mineras, y exigieron respeto a la\u2026","rel":"","context":"En &quot;CINTILLO&quot;","block_context":{"text":"CINTILLO","link":"http:\/\/www.grieta.org.mx\/index.php\/category\/cintillo\/"},"img":{"alt_text":"","src":"https:\/\/i0.wp.com\/www.grieta.org.mx\/wp-content\/uploads\/2025\/05\/490677205_691821156574339_6868708116099037531_n.webp?resize=350%2C200","width":350,"height":200,"srcset":"https:\/\/i0.wp.com\/www.grieta.org.mx\/wp-content\/uploads\/2025\/05\/490677205_691821156574339_6868708116099037531_n.webp?resize=350%2C200 1x, https:\/\/i0.wp.com\/www.grieta.org.mx\/wp-content\/uploads\/2025\/05\/490677205_691821156574339_6868708116099037531_n.webp?resize=525%2C300 1.5x, https:\/\/i0.wp.com\/www.grieta.org.mx\/wp-content\/uploads\/2025\/05\/490677205_691821156574339_6868708116099037531_n.webp?resize=700%2C400 2x, https:\/\/i0.wp.com\/www.grieta.org.mx\/wp-content\/uploads\/2025\/05\/490677205_691821156574339_6868708116099037531_n.webp?resize=1050%2C600 3x"},"classes":[]},{"id":65938,"url":"http:\/\/www.grieta.org.mx\/index.php\/2022\/12\/12\/oaxaca-el-estado-mas-peligroso-para-defensores-de-derechos-humanos-en-mexico\/","url_meta":{"origin":69084,"position":5},"title":"Oaxaca, el estado m\u00e1s peligroso para defensores de derechos humanos en M\u00e9xico","author":"grieta","date":"12 diciembre, 2022","format":false,"excerpt":"Imagen: Santiago Navarro F. \u00d1an\u00ed Pinto \/ Avispa Media El estado de Oaxaca se ha convertido en el estado m\u00e1s peligroso para las y los defensores de derechos humanos en el pa\u00eds. Con un registro de 34 cr\u00edmenes, las agresiones en el estado al sur de M\u00e9xico provienen principalmente de\u2026","rel":"","context":"En &quot;CINTILLO&quot;","block_context":{"text":"CINTILLO","link":"http:\/\/www.grieta.org.mx\/index.php\/category\/cintillo\/"},"img":{"alt_text":"","src":"https:\/\/i0.wp.com\/www.grieta.org.mx\/wp-content\/uploads\/2022\/12\/Samir-somos-todas-y-todos-Oaxaca-21.jpg?resize=350%2C200","width":350,"height":200,"srcset":"https:\/\/i0.wp.com\/www.grieta.org.mx\/wp-content\/uploads\/2022\/12\/Samir-somos-todas-y-todos-Oaxaca-21.jpg?resize=350%2C200 1x, https:\/\/i0.wp.com\/www.grieta.org.mx\/wp-content\/uploads\/2022\/12\/Samir-somos-todas-y-todos-Oaxaca-21.jpg?resize=525%2C300 1.5x, https:\/\/i0.wp.com\/www.grieta.org.mx\/wp-content\/uploads\/2022\/12\/Samir-somos-todas-y-todos-Oaxaca-21.jpg?resize=700%2C400 2x"},"classes":[]}],"_links":{"self":[{"href":"http:\/\/www.grieta.org.mx\/index.php\/wp-json\/wp\/v2\/posts\/69084","targetHints":{"allow":["GET"]}}],"collection":[{"href":"http:\/\/www.grieta.org.mx\/index.php\/wp-json\/wp\/v2\/posts"}],"about":[{"href":"http:\/\/www.grieta.org.mx\/index.php\/wp-json\/wp\/v2\/types\/post"}],"author":[{"embeddable":true,"href":"http:\/\/www.grieta.org.mx\/index.php\/wp-json\/wp\/v2\/users\/2"}],"replies":[{"embeddable":true,"href":"http:\/\/www.grieta.org.mx\/index.php\/wp-json\/wp\/v2\/comments?post=69084"}],"version-history":[{"count":1,"href":"http:\/\/www.grieta.org.mx\/index.php\/wp-json\/wp\/v2\/posts\/69084\/revisions"}],"predecessor-version":[{"id":69087,"href":"http:\/\/www.grieta.org.mx\/index.php\/wp-json\/wp\/v2\/posts\/69084\/revisions\/69087"}],"wp:featuredmedia":[{"embeddable":true,"href":"http:\/\/www.grieta.org.mx\/index.php\/wp-json\/wp\/v2\/media\/69085"}],"wp:attachment":[{"href":"http:\/\/www.grieta.org.mx\/index.php\/wp-json\/wp\/v2\/media?parent=69084"}],"wp:term":[{"taxonomy":"category","embeddable":true,"href":"http:\/\/www.grieta.org.mx\/index.php\/wp-json\/wp\/v2\/categories?post=69084"},{"taxonomy":"post_tag","embeddable":true,"href":"http:\/\/www.grieta.org.mx\/index.php\/wp-json\/wp\/v2\/tags?post=69084"}],"curies":[{"name":"wp","href":"https:\/\/api.w.org\/{rel}","templated":true}]}}