{"id":69056,"date":"2024-05-27T15:46:19","date_gmt":"2024-05-27T21:46:19","guid":{"rendered":"https:\/\/www.grieta.org.mx\/?p=69056"},"modified":"2024-06-02T16:04:02","modified_gmt":"2024-06-02T22:04:02","slug":"sigue-el-caos-por-la-cfe-ahora-explota-una-planta-de-emergencia-yucatan","status":"publish","type":"post","link":"http:\/\/www.grieta.org.mx\/index.php\/2024\/05\/27\/sigue-el-caos-por-la-cfe-ahora-explota-una-planta-de-emergencia-yucatan\/","title":{"rendered":"Sigue el caos por la CFE: Ahora explota una planta de emergencia (Yucat\u00e1n)"},"content":{"rendered":"<p>Haz Ruido<\/p>\n<blockquote><p>La paraestatal ya no cuenta con transformadores en su almac\u00e9n, por lo que recurren a estas plantas generadoras que no se dan abasto. Hoy explot\u00f3 una en la \u00c1vila Camacho.<\/p><\/blockquote>\n<p>M\u00e9rida, Yucat\u00e1n, 27 de mayo de 2024.- El caos por la falta de suministro el\u00e9ctrico en Yucat\u00e1n sigue golpeando a la ciudadan\u00eda. Ahora explot\u00f3 una planta de emergencia de la Comisi\u00f3n Federal de Electricidad (CFE) que estaba suministrando electricidad de manera provisional a los vecinos de la colonia \u00c1vila Camacho.<\/p>\n<p>Este tipo de plantas generadoras se instalan para casos extraordinarios, como cuando los huracanes impactan a las ciudades, pero de acuerdo con fuentes de la paraestatal, se quedaron sin transformadores en los almacenes en Yucat\u00e1n, por lo que su personal est\u00e1 recurriendo a estos equipos y ya no se dan abasto.<\/p>\n<p>Estas plantas generadoras s\u00f3lo pueden dotar de energ\u00eda a las colonias durante ocho horas aproximadamente, por lo que los trabajadores de la CFE tienen que estar abasteci\u00e9ndolo de di\u00e9sel cada determinado tiempo para que puedan funcionar, lo que tambi\u00e9n representa un peligro para la ciudadan\u00eda.<\/p>\n<p>Justo eso fue lo que ocurri\u00f3 este lunes en la colonia \u00c1vila Camacho, en el oriente de M\u00e9rida, en donde explot\u00f3 una de las plantas y el fuego lo consumi\u00f3, poniendo en riesgo a las vecinas y a los vecinos.<\/p>\n<p>Cabe mencionar que esta situaci\u00f3n tambi\u00e9n ha provocado malestar entre los propios trabajadores de la CFE, quienes no cuentan con material y suministro suficiente para atender todos los apagones en la ciudad.<\/p>\n<p>Lamentan que el superintendente de la Zona M\u00e9rida de la CFE, Jorge Padilla, los limita con los materiales, los obliga a trabajar horas extras y nos les brinda los suministros b\u00e1sicos para atender a la ciudadan\u00eda en este caos en la actual temporada de calor.<\/p>\n<p><a href=\"https:\/\/www.hazruido.mx\/reportes\/sigue-el-caos-por-la-cfe-ahora-explota-una-planta-de-emergencia\/\" rel=\"noopener\" target=\"_blank\">https:\/\/www.hazruido.mx\/reportes\/sigue-el-caos-por-la-cfe-ahora-explota-una-planta-de-emergencia\/<\/a><\/p>\n","protected":false},"excerpt":{"rendered":"<p>Haz Ruido La paraestatal ya no cuenta con transformadores en su almac\u00e9n, por lo que recurren a estas plantas generadoras que no se dan abasto. Hoy explot\u00f3 una en la &hellip; <a href=\"http:\/\/www.grieta.org.mx\/index.php\/2024\/05\/27\/sigue-el-caos-por-la-cfe-ahora-explota-una-planta-de-emergencia-yucatan\/\" class=\"more-link\">Leer m\u00e1s<\/a><\/p>\n","protected":false},"author":2,"featured_media":69057,"comment_status":"closed","ping_status":"closed","sticky":false,"template":"","format":"standard","meta":{"ngg_post_thumbnail":0,"_jetpack_newsletter_access":"","_jetpack_dont_email_post_to_subs":false,"_jetpack_newsletter_tier_id":0,"_jetpack_memberships_contains_paywalled_content":false,"_jetpack_memberships_contains_paid_content":false,"footnotes":""},"categories":[80,2659,2,3211,36],"tags":[4194,291,634,2849,2841],"class_list":["post-69056","post","type-post","status-publish","format-standard","has-post-thumbnail","hentry","category-cintillo","category-conflictos-con-la-cfe-en-yucatan","category-noticias-nacionales","category-precariedad-laboral-en-yucatan","category-yucatan","tag-apagones","tag-cfe","tag-condiciones-laborales","tag-conflictos-con-la-cfe","tag-explotacion-y-precariedad-laboral","entry"],"jetpack_featured_media_url":"http:\/\/www.grieta.org.mx\/wp-content\/uploads\/2024\/06\/cfe-e1717365595768.jpg","jetpack_sharing_enabled":true,"jetpack_shortlink":"https:\/\/wp.me\/p7ZJR4-hXO","jetpack_likes_enabled":false,"jetpack-related-posts":[{"id":67553,"url":"http:\/\/www.grieta.org.mx\/index.php\/2023\/08\/13\/empleado-de-la-cfe-amarrado-en-valladolid-en-la-indefension-segun-reportes-yucatan\/","url_meta":{"origin":69056,"position":0},"title":"Empleado de la CFE amarrado en Valladolid, en la indefensi\u00f3n seg\u00fan reportes (Yucat\u00e1n)","author":"grieta","date":"13 agosto, 2023","format":false,"excerpt":"Juan Antonio Osorio \/ Diario de Yucat\u00e1n VALLADOLID.\u2014 El departamento de personal de la Comisi\u00f3n Federal de Electricidad (CFE) separ\u00f3 de su cargo por tiempo indefinido y sin derecho a su sueldo al empleado que fue amarrado el domingo pasado por vecinos del barrio de Santa Luc\u00eda, porque se dej\u00f3\u2026","rel":"","context":"En &quot;CINTILLO&quot;","block_context":{"text":"CINTILLO","link":"http:\/\/www.grieta.org.mx\/index.php\/category\/cintillo\/"},"img":{"alt_text":"","src":"https:\/\/i0.wp.com\/www.grieta.org.mx\/wp-content\/uploads\/2023\/08\/CFE1-e1692704091847.jpg?resize=350%2C200","width":350,"height":200,"srcset":"https:\/\/i0.wp.com\/www.grieta.org.mx\/wp-content\/uploads\/2023\/08\/CFE1-e1692704091847.jpg?resize=350%2C200 1x, https:\/\/i0.wp.com\/www.grieta.org.mx\/wp-content\/uploads\/2023\/08\/CFE1-e1692704091847.jpg?resize=525%2C300 1.5x, https:\/\/i0.wp.com\/www.grieta.org.mx\/wp-content\/uploads\/2023\/08\/CFE1-e1692704091847.jpg?resize=700%2C400 2x"},"classes":[]},{"id":39988,"url":"http:\/\/www.grieta.org.mx\/index.php\/2019\/10\/03\/ejidatarios-de-popolnah-toman-oficinas-de-la-cfe-yucatan\/","url_meta":{"origin":69056,"position":1},"title":"Ejidatarios de Popolnah toman oficinas de la CFE (Yucat\u00e1n)","author":"grieta","date":"3 octubre, 2019","format":false,"excerpt":"Por Esto! Tizim\u00edn, Yucat\u00e1n.- Alrededor de 200 ejidatarios de Popolnah tomaron las oficinas de la Comisi\u00f3n Federal de Electricidad (CFE) de esta ciudad impidiendo el paso de empleados y clientes, en busca de un di\u00e1logo con los directivos para el pago de los m\u00e1s de 600 millones de pesos que\u2026","rel":"","context":"En &quot;CINTILLO&quot;","block_context":{"text":"CINTILLO","link":"http:\/\/www.grieta.org.mx\/index.php\/category\/cintillo\/"},"img":{"alt_text":"","src":"https:\/\/i0.wp.com\/www.grieta.org.mx\/wp-content\/uploads\/2019\/10\/10-316-1039x570-e1570210028818.jpg?resize=350%2C200","width":350,"height":200,"srcset":"https:\/\/i0.wp.com\/www.grieta.org.mx\/wp-content\/uploads\/2019\/10\/10-316-1039x570-e1570210028818.jpg?resize=350%2C200 1x, https:\/\/i0.wp.com\/www.grieta.org.mx\/wp-content\/uploads\/2019\/10\/10-316-1039x570-e1570210028818.jpg?resize=525%2C300 1.5x, https:\/\/i0.wp.com\/www.grieta.org.mx\/wp-content\/uploads\/2019\/10\/10-316-1039x570-e1570210028818.jpg?resize=700%2C400 2x"},"classes":[]},{"id":69783,"url":"http:\/\/www.grieta.org.mx\/index.php\/2024\/09\/19\/bloqueo-en-la-carretera-merida-cancun-por-corte-de-electricidad-yucatan\/","url_meta":{"origin":69056,"position":2},"title":"Bloqueo en la carretera M\u00e9rida-Canc\u00fan por corte de electricidad (Yucat\u00e1n)","author":"grieta","date":"19 septiembre, 2024","format":false,"excerpt":"Haz Ruido Automovilistas y manifestantes llegaron a los golpes, debido a que los inconformes aseguraron que no liberar\u00e1n la v\u00eda hasta que la CFE restablezca el servicio. Kanas\u00edn, Yucat\u00e1n, 19 de septiembre de 2024.-Vecinos del fraccionamiento Portal San Pedro ubicado en Kanas\u00edn bloquearon la carretera federal M\u00e9rida-Canc\u00fan para manifestarse debido\u2026","rel":"","context":"En &quot;CINTILLO&quot;","block_context":{"text":"CINTILLO","link":"http:\/\/www.grieta.org.mx\/index.php\/category\/cintillo\/"},"img":{"alt_text":"","src":"https:\/\/i0.wp.com\/www.grieta.org.mx\/wp-content\/uploads\/2024\/09\/BloqueoMerida-e1727141467253.jpg?resize=350%2C200","width":350,"height":200,"srcset":"https:\/\/i0.wp.com\/www.grieta.org.mx\/wp-content\/uploads\/2024\/09\/BloqueoMerida-e1727141467253.jpg?resize=350%2C200 1x, https:\/\/i0.wp.com\/www.grieta.org.mx\/wp-content\/uploads\/2024\/09\/BloqueoMerida-e1727141467253.jpg?resize=525%2C300 1.5x, https:\/\/i0.wp.com\/www.grieta.org.mx\/wp-content\/uploads\/2024\/09\/BloqueoMerida-e1727141467253.jpg?resize=700%2C400 2x"},"classes":[]},{"id":70515,"url":"http:\/\/www.grieta.org.mx\/index.php\/2024\/11\/20\/vecinos-bloquean-la-carretera-merida-uman-por-falta-de-electricidad-yucatan\/","url_meta":{"origin":69056,"position":3},"title":"Vecinos bloquean la carretera M\u00e9rida-Um\u00e1n por falta de electricidad (Yucat\u00e1n)","author":"grieta","date":"20 noviembre, 2024","format":false,"excerpt":"Gerardo Castro \/ Por Esto! Un grupo de vecinos del fraccionamiento Paseos de Itzincab, bloque\u00f3 la carretera M\u00e9rida-Um\u00e1n, como medida de presi\u00f3n por la falta del servicio de electricidad. Y es que los vecinos manifestaron que desde hace tres d\u00edas se quedaron sin el servicio, sin que la Comisi\u00f3n Federal\u2026","rel":"","context":"En &quot;CINTILLO&quot;","block_context":{"text":"CINTILLO","link":"http:\/\/www.grieta.org.mx\/index.php\/category\/cintillo\/"},"img":{"alt_text":"","src":"https:\/\/i0.wp.com\/www.grieta.org.mx\/wp-content\/uploads\/2024\/11\/Bloqueo-e1732359813537.jpg?resize=350%2C200","width":350,"height":200,"srcset":"https:\/\/i0.wp.com\/www.grieta.org.mx\/wp-content\/uploads\/2024\/11\/Bloqueo-e1732359813537.jpg?resize=350%2C200 1x, https:\/\/i0.wp.com\/www.grieta.org.mx\/wp-content\/uploads\/2024\/11\/Bloqueo-e1732359813537.jpg?resize=525%2C300 1.5x, https:\/\/i0.wp.com\/www.grieta.org.mx\/wp-content\/uploads\/2024\/11\/Bloqueo-e1732359813537.jpg?resize=700%2C400 2x"},"classes":[]},{"id":69375,"url":"http:\/\/www.grieta.org.mx\/index.php\/2024\/08\/02\/tuvieron-que-bloquear-la-carretera-para-que-la-cfe-les-devolviera-la-luz-yucatan\/","url_meta":{"origin":69056,"position":4},"title":"Tuvieron que bloquear la carretera para que la CFE les devolviera la luz (Yucat\u00e1n)","author":"grieta","date":"2 agosto, 2024","format":false,"excerpt":"Haz Ruido Pobladores de X-Calakoop ten\u00edan 15 d\u00edas sin energ\u00eda el\u00e9ctrica. No es la primera vez que la ciudadan\u00eda recurre al cierre de calles para exigir la presencia de la paraestatal. Tinum, Yucat\u00e1n, 2 de agosto de 2024.-Habitantes de la comisar\u00eda de X-Calakoop ubicada en Tinum tuvieron que recurrir a\u2026","rel":"","context":"En &quot;CINTILLO&quot;","block_context":{"text":"CINTILLO","link":"http:\/\/www.grieta.org.mx\/index.php\/category\/cintillo\/"},"img":{"alt_text":"","src":"https:\/\/i0.wp.com\/www.grieta.org.mx\/wp-content\/uploads\/2024\/08\/Xcalakoop-e1722883180455.jpg?resize=350%2C200","width":350,"height":200,"srcset":"https:\/\/i0.wp.com\/www.grieta.org.mx\/wp-content\/uploads\/2024\/08\/Xcalakoop-e1722883180455.jpg?resize=350%2C200 1x, https:\/\/i0.wp.com\/www.grieta.org.mx\/wp-content\/uploads\/2024\/08\/Xcalakoop-e1722883180455.jpg?resize=525%2C300 1.5x, https:\/\/i0.wp.com\/www.grieta.org.mx\/wp-content\/uploads\/2024\/08\/Xcalakoop-e1722883180455.jpg?resize=700%2C400 2x"},"classes":[]},{"id":38412,"url":"http:\/\/www.grieta.org.mx\/index.php\/2019\/08\/27\/vecinos-cierran-circulacion-como-protesta-por-servicio-de-la-cfe-yucatan\/","url_meta":{"origin":69056,"position":5},"title":"Vecinos cierran circulaci\u00f3n como protesta por servicio de la CFE (Yucat\u00e1n)","author":"grieta","date":"27 agosto, 2019","format":false,"excerpt":"Ernesto Pinz\u00f3n Franco\/Diario de Yucat\u00e1n M\u00c9RIDA.- Vecinos de los fraccionamientos San Jos\u00e9 Tzal, Bellavista y Las Perlas del Sur, cerraron la circulaci\u00f3n sobre la avenida 50, en protesta por el mal servicio que, dijeron, reciben de la Comisi\u00f3n Federal de Electricidad (CFE). La noche del lunes, los vecinos cerraron la\u2026","rel":"","context":"En &quot;CINTILLO&quot;","block_context":{"text":"CINTILLO","link":"http:\/\/www.grieta.org.mx\/index.php\/category\/cintillo\/"},"img":{"alt_text":"","src":"https:\/\/i0.wp.com\/www.grieta.org.mx\/wp-content\/uploads\/2019\/08\/CfeMerida.png?resize=350%2C200","width":350,"height":200,"srcset":"https:\/\/i0.wp.com\/www.grieta.org.mx\/wp-content\/uploads\/2019\/08\/CfeMerida.png?resize=350%2C200 1x, https:\/\/i0.wp.com\/www.grieta.org.mx\/wp-content\/uploads\/2019\/08\/CfeMerida.png?resize=525%2C300 1.5x, https:\/\/i0.wp.com\/www.grieta.org.mx\/wp-content\/uploads\/2019\/08\/CfeMerida.png?resize=700%2C400 2x"},"classes":[]}],"_links":{"self":[{"href":"http:\/\/www.grieta.org.mx\/index.php\/wp-json\/wp\/v2\/posts\/69056","targetHints":{"allow":["GET"]}}],"collection":[{"href":"http:\/\/www.grieta.org.mx\/index.php\/wp-json\/wp\/v2\/posts"}],"about":[{"href":"http:\/\/www.grieta.org.mx\/index.php\/wp-json\/wp\/v2\/types\/post"}],"author":[{"embeddable":true,"href":"http:\/\/www.grieta.org.mx\/index.php\/wp-json\/wp\/v2\/users\/2"}],"replies":[{"embeddable":true,"href":"http:\/\/www.grieta.org.mx\/index.php\/wp-json\/wp\/v2\/comments?post=69056"}],"version-history":[{"count":1,"href":"http:\/\/www.grieta.org.mx\/index.php\/wp-json\/wp\/v2\/posts\/69056\/revisions"}],"predecessor-version":[{"id":69058,"href":"http:\/\/www.grieta.org.mx\/index.php\/wp-json\/wp\/v2\/posts\/69056\/revisions\/69058"}],"wp:featuredmedia":[{"embeddable":true,"href":"http:\/\/www.grieta.org.mx\/index.php\/wp-json\/wp\/v2\/media\/69057"}],"wp:attachment":[{"href":"http:\/\/www.grieta.org.mx\/index.php\/wp-json\/wp\/v2\/media?parent=69056"}],"wp:term":[{"taxonomy":"category","embeddable":true,"href":"http:\/\/www.grieta.org.mx\/index.php\/wp-json\/wp\/v2\/categories?post=69056"},{"taxonomy":"post_tag","embeddable":true,"href":"http:\/\/www.grieta.org.mx\/index.php\/wp-json\/wp\/v2\/tags?post=69056"}],"curies":[{"name":"wp","href":"https:\/\/api.w.org\/{rel}","templated":true}]}}