{"id":6904,"date":"2015-11-21T03:51:17","date_gmt":"2015-11-21T03:51:17","guid":{"rendered":"http:\/\/50.22.11.12\/~grietaor\/?p=6904"},"modified":"2016-03-29T04:00:48","modified_gmt":"2016-03-29T04:00:48","slug":"detienen-a-tres-miembros-de-la-cnte-en-sinaloa","status":"publish","type":"post","link":"http:\/\/www.grieta.org.mx\/index.php\/2015\/11\/21\/detienen-a-tres-miembros-de-la-cnte-en-sinaloa\/","title":{"rendered":"Detienen a tres miembros de la CNTE en Sinaloa"},"content":{"rendered":"<p>Redacci\u00f3n Publimetro<\/p>\n<p>En la ciudad de los Mochis, tres miembros de la Coordinadora Nacional de la Educaci\u00f3n (CNTE) fueron detenidos, por encabezar movimientos de bloques a las sedes, donde se aplican los ex\u00e1menes de evaluaci\u00f3n.<\/p>\n<p>Genaro Amarillas, Jefe de la Polic\u00eda Municipal de Ahome justific\u00f3 su arresto por violaci\u00f3n al bando de polic\u00eda y buen gobierno.<\/p>\n<p>Los detenidos por faltas administrativas, fueron identificados como Eduardo Salazar Soria, Daniel Llamas Leyva y el coordinador en la zona norte de la Coordinadora Nacional de la Educaci\u00f3n, Domingo Dom\u00ednguez.<\/p>\n<p>En las ciudades de Culiac\u00e1n, Los Mochis y Mazatl\u00e1n maestros que se oponen a la aplicaci\u00f3n de la Reforma Educativa, por segunda ocasi\u00f3n, se colocaron a la entrada de los centros educativos, donde se realizan las evaluaciones, sin lograr impedir los accesos.<\/p>\n<p>Francisco Fr\u00edas Castro, Secretario de Educaci\u00f3n P\u00fablica y Cultura del Estado dio a conocer que desde la noche del viernes pasado, con la fuerza p\u00fablica, se coloc\u00f3 filtros, en todos los centros escolares, donde se lleva a cabo los ex\u00e1menes de evaluaci\u00f3n.<\/p>\n<p>La Procuradur\u00eda de Justicia del Estado mantiene en curso una averiguaci\u00f3n previa por los delitos de despojo de bienes, contra cinco maestros de la Coordinadora Nacional de la Educaci\u00f3n que hace una semana fueron detenidos en Culiac\u00e1n, por intentar evitar la entrada a los maestros que acudieron a evaluarse.<\/p>\n<p>Carlos Rea Camacho, Horacio Lora Oliva, Miguel Victoria Rodr\u00edguez, Humberto Betancourt Dom\u00ednguez y V\u00edctor Reyes, sobre los que pesa la denuncia, volvieron a participar en esta ciudad en los movimientos de oposici\u00f3n al examen de evaluaci\u00f3n.<\/p>\n<p>Dom\u00ednguez Betancourt, vocero de la organizaci\u00f3n en Sinaloa dijo que no temen ser detenidos, ni consignados, puesto que solo ejercen su derecho a manifestarse en contra de la reforma educativa, la cual es lesiva para los maestros.<\/p>\n<p><a href=\"http:\/\/www.publimetro.com.mx\/noticias\/detienen-a-tres-miembros-de-la-cnte-en-sinaloa\/moku!cdvcRNUOOupEA\/\" target=\"_blank\">www.publimetro.com.mx\/noticias\/detienen-a-tres-miembros-de-la-cnte-en-sinaloa\/moku!cdvcRNUOOupEA\/<\/a><\/p>\n","protected":false},"excerpt":{"rendered":"<p>Redacci\u00f3n Publimetro En la ciudad de los Mochis, tres miembros de la Coordinadora Nacional de la Educaci\u00f3n (CNTE) fueron detenidos, por encabezar movimientos de bloques a las sedes, donde se &hellip; <a href=\"http:\/\/www.grieta.org.mx\/index.php\/2015\/11\/21\/detienen-a-tres-miembros-de-la-cnte-en-sinaloa\/\" class=\"more-link\">Leer m\u00e1s<\/a><\/p>\n","protected":false},"author":2,"featured_media":21928,"comment_status":"closed","ping_status":"open","sticky":false,"template":"","format":"standard","meta":{"ngg_post_thumbnail":0,"_jetpack_newsletter_access":"","_jetpack_dont_email_post_to_subs":false,"_jetpack_newsletter_tier_id":0,"_jetpack_memberships_contains_paywalled_content":false,"_jetpack_memberships_contains_paid_content":false,"footnotes":""},"categories":[80,164],"tags":[134,133,135,130],"class_list":["post-6904","post","type-post","status-publish","format-standard","has-post-thumbnail","hentry","category-cintillo","category-sinaloa","tag-cnte","tag-maestros","tag-reforma-educativa","tag-represion","entry"],"jetpack_featured_media_url":"http:\/\/www.grieta.org.mx\/wp-content\/uploads\/2018\/03\/14524434_1106112876131411_958039263622046936_o.jpg","jetpack_sharing_enabled":true,"jetpack_shortlink":"https:\/\/wp.me\/p7ZJR4-1Nm","jetpack_likes_enabled":false,"jetpack-related-posts":[{"id":17091,"url":"http:\/\/www.grieta.org.mx\/index.php\/2016\/07\/09\/marcha-la-cnte-en-sinaloa-en-apoyo-a-maestros-de-oaxaca\/","url_meta":{"origin":6904,"position":0},"title":"Marcha la CNTE en Sinaloa en apoyo a maestros de Oaxaca","author":"grieta","date":"9 julio, 2016","format":false,"excerpt":"Blanca Peinado, Sinaloa. Culiac\u00e1n, Sin.- Maestros pertenecientes a la Coordinadora Nacional de Trabajadores de la Educaci\u00f3n en Sinaloa, marcharon en la capital del estado en apoyo a las v\u00edctimas y presos pol\u00edticos en Oaxaca que sufren los costos de oponerse a la reforma de este sector, declar\u00f3 Victoriano Reyes Rosas.\u2026","rel":"","context":"En &quot;CINTILLO&quot;","block_context":{"text":"CINTILLO","link":"http:\/\/www.grieta.org.mx\/index.php\/category\/cintillo\/"},"img":{"alt_text":"","src":"https:\/\/i0.wp.com\/www.grieta.org.mx\/wp-content\/uploads\/2018\/03\/14524434_1106112876131411_958039263622046936_o.jpg?resize=350%2C200","width":350,"height":200,"srcset":"https:\/\/i0.wp.com\/www.grieta.org.mx\/wp-content\/uploads\/2018\/03\/14524434_1106112876131411_958039263622046936_o.jpg?resize=350%2C200 1x, https:\/\/i0.wp.com\/www.grieta.org.mx\/wp-content\/uploads\/2018\/03\/14524434_1106112876131411_958039263622046936_o.jpg?resize=525%2C300 1.5x, https:\/\/i0.wp.com\/www.grieta.org.mx\/wp-content\/uploads\/2018\/03\/14524434_1106112876131411_958039263622046936_o.jpg?resize=700%2C400 2x"},"classes":[]},{"id":6930,"url":"http:\/\/www.grieta.org.mx\/index.php\/2015\/09\/19\/cnte-protesta-contra-la-reforma-educativa\/","url_meta":{"origin":6904,"position":1},"title":"CNTE protesta contra la reforma educativa","author":"grieta","date":"19 septiembre, 2015","format":false,"excerpt":"Lorena Cano, Sinaloa. Guasave, Sinaloa.- Profesores del CNTE de Guasave y Los Mochis, se manifestaron en las principales calles de la ciudad como medida de rechazo a la reforma educativa la cual describieron como arbitraria hac\u00eda sus derechos laborales, por los que dijeron han luchado toda su vida profesional. Aunque\u2026","rel":"","context":"En &quot;CINTILLO&quot;","block_context":{"text":"CINTILLO","link":"http:\/\/www.grieta.org.mx\/index.php\/category\/cintillo\/"},"img":{"alt_text":"","src":"https:\/\/i0.wp.com\/www.grieta.org.mx\/wp-content\/uploads\/2018\/03\/14524434_1106112876131411_958039263622046936_o.jpg?resize=350%2C200","width":350,"height":200,"srcset":"https:\/\/i0.wp.com\/www.grieta.org.mx\/wp-content\/uploads\/2018\/03\/14524434_1106112876131411_958039263622046936_o.jpg?resize=350%2C200 1x, https:\/\/i0.wp.com\/www.grieta.org.mx\/wp-content\/uploads\/2018\/03\/14524434_1106112876131411_958039263622046936_o.jpg?resize=525%2C300 1.5x, https:\/\/i0.wp.com\/www.grieta.org.mx\/wp-content\/uploads\/2018\/03\/14524434_1106112876131411_958039263622046936_o.jpg?resize=700%2C400 2x"},"classes":[]},{"id":18369,"url":"http:\/\/www.grieta.org.mx\/index.php\/2016\/07\/26\/no-se-rinden-maestros-vuelven-a-protestar-sinaloa\/","url_meta":{"origin":6904,"position":2},"title":"No se rinden, maestros vuelven a protestar (SINALOA)","author":"grieta","date":"26 julio, 2016","format":false,"excerpt":"Redacci\u00f3n El Debate, Sinaloa. 15 maestros tomaron las calles para informar su postura en contra de la Reforma Educativa Los Mochis, Sinaloa.- Una vez m\u00e1s, maestros integrantes de la CNTE y del Movimiento Magisterial Sinaloense tomaron las calles del centro para manifestarse en contra de la Reforma Educativa. Un grupo\u2026","rel":"","context":"En &quot;CINTILLO&quot;","block_context":{"text":"CINTILLO","link":"http:\/\/www.grieta.org.mx\/index.php\/category\/cintillo\/"},"img":{"alt_text":"","src":"https:\/\/i0.wp.com\/www.grieta.org.mx\/wp-content\/uploads\/2018\/03\/14524434_1106112876131411_958039263622046936_o.jpg?resize=350%2C200","width":350,"height":200,"srcset":"https:\/\/i0.wp.com\/www.grieta.org.mx\/wp-content\/uploads\/2018\/03\/14524434_1106112876131411_958039263622046936_o.jpg?resize=350%2C200 1x, https:\/\/i0.wp.com\/www.grieta.org.mx\/wp-content\/uploads\/2018\/03\/14524434_1106112876131411_958039263622046936_o.jpg?resize=525%2C300 1.5x, https:\/\/i0.wp.com\/www.grieta.org.mx\/wp-content\/uploads\/2018\/03\/14524434_1106112876131411_958039263622046936_o.jpg?resize=700%2C400 2x"},"classes":[]},{"id":925,"url":"http:\/\/www.grieta.org.mx\/index.php\/2015\/12\/16\/exige-cnte-liberacion-de-cuatro-miembros\/","url_meta":{"origin":6904,"position":3},"title":"Exige CNTE liberaci\u00f3n de cuatro miembros","author":"grieta","date":"16 diciembre, 2015","format":false,"excerpt":"Erick Alvarez Rub\u00e9n N\u00fa\u00f1ez Giles, Secretario General de la Secci\u00f3n 22 de la CNTE de Oaxaca, se\u00f1al\u00f3 que los cuatro profesores, que fueron detenidos el pasado mes de octubre en Oaxaca, no cometieron los delitos que se les han imputado y que el \u00fanico delito de ellos es ser un\u2026","rel":"","context":"En &quot;CINTILLO&quot;","block_context":{"text":"CINTILLO","link":"http:\/\/www.grieta.org.mx\/index.php\/category\/cintillo\/"},"img":{"alt_text":"","src":"https:\/\/i0.wp.com\/www.grieta.org.mx\/wp-content\/uploads\/2018\/03\/14524434_1106112876131411_958039263622046936_o.jpg?resize=350%2C200","width":350,"height":200,"srcset":"https:\/\/i0.wp.com\/www.grieta.org.mx\/wp-content\/uploads\/2018\/03\/14524434_1106112876131411_958039263622046936_o.jpg?resize=350%2C200 1x, https:\/\/i0.wp.com\/www.grieta.org.mx\/wp-content\/uploads\/2018\/03\/14524434_1106112876131411_958039263622046936_o.jpg?resize=525%2C300 1.5x, https:\/\/i0.wp.com\/www.grieta.org.mx\/wp-content\/uploads\/2018\/03\/14524434_1106112876131411_958039263622046936_o.jpg?resize=700%2C400 2x"},"classes":[]},{"id":18361,"url":"http:\/\/www.grieta.org.mx\/index.php\/2016\/07\/19\/maestros-reprueban-declaraciones-de-antelo-diva-sinaloa\/","url_meta":{"origin":6904,"position":4},"title":"Maestros reprueban declaraciones de Antelo-Diva (SINALOA)","author":"grieta","date":"19 julio, 2016","format":false,"excerpt":"Adri\u00e1n L\u00f3pez, Sinaloa. Docentes se manifestaron de manera pac\u00edfica contra la Reforma Educativa. Los Mochis, Sinaloa.- Maestros que integran el movimiento contra la Reforma Educativa en el norte de Sinaloa, reprobaron las declaraciones hechas por el diputado Bernardino Antelo y la senadora Diva Hadamira Gast\u00e9lum, donde aseguran que el estado\u2026","rel":"","context":"En &quot;CINTILLO&quot;","block_context":{"text":"CINTILLO","link":"http:\/\/www.grieta.org.mx\/index.php\/category\/cintillo\/"},"img":{"alt_text":"","src":"https:\/\/i0.wp.com\/www.grieta.org.mx\/wp-content\/uploads\/2018\/03\/14524434_1106112876131411_958039263622046936_o.jpg?resize=350%2C200","width":350,"height":200,"srcset":"https:\/\/i0.wp.com\/www.grieta.org.mx\/wp-content\/uploads\/2018\/03\/14524434_1106112876131411_958039263622046936_o.jpg?resize=350%2C200 1x, https:\/\/i0.wp.com\/www.grieta.org.mx\/wp-content\/uploads\/2018\/03\/14524434_1106112876131411_958039263622046936_o.jpg?resize=525%2C300 1.5x, https:\/\/i0.wp.com\/www.grieta.org.mx\/wp-content\/uploads\/2018\/03\/14524434_1106112876131411_958039263622046936_o.jpg?resize=700%2C400 2x"},"classes":[]},{"id":21229,"url":"http:\/\/www.grieta.org.mx\/index.php\/2016\/09\/08\/maestros-bloquean-oficinas-de-la-snte-27-sinaloa\/","url_meta":{"origin":6904,"position":5},"title":"Maestros bloquean oficinas de la SNTE 27 (Sinaloa)","author":"grieta","date":"8 septiembre, 2016","format":false,"excerpt":"Maestros del Movimiento Magisterial Sinaloense se\u00f1alan que sus l\u00edderes no defienden el verdadero sentir de las bases en relaci\u00f3n a la Reforma Educativa Los Mochis, Sinaloa.- Integrantes del Movimiento Magisterial Sinaloense se manifestaron en las oficinas de la coordinaci\u00f3n del SNTE secci\u00f3n 27 porque aseguran que sus autoridades sindicales no\u2026","rel":"","context":"En &quot;CINTILLO&quot;","block_context":{"text":"CINTILLO","link":"http:\/\/www.grieta.org.mx\/index.php\/category\/cintillo\/"},"img":{"alt_text":"","src":"https:\/\/i0.wp.com\/www.grieta.org.mx\/wp-content\/uploads\/2018\/03\/14524434_1106112876131411_958039263622046936_o.jpg?resize=350%2C200","width":350,"height":200,"srcset":"https:\/\/i0.wp.com\/www.grieta.org.mx\/wp-content\/uploads\/2018\/03\/14524434_1106112876131411_958039263622046936_o.jpg?resize=350%2C200 1x, https:\/\/i0.wp.com\/www.grieta.org.mx\/wp-content\/uploads\/2018\/03\/14524434_1106112876131411_958039263622046936_o.jpg?resize=525%2C300 1.5x, https:\/\/i0.wp.com\/www.grieta.org.mx\/wp-content\/uploads\/2018\/03\/14524434_1106112876131411_958039263622046936_o.jpg?resize=700%2C400 2x"},"classes":[]}],"_links":{"self":[{"href":"http:\/\/www.grieta.org.mx\/index.php\/wp-json\/wp\/v2\/posts\/6904","targetHints":{"allow":["GET"]}}],"collection":[{"href":"http:\/\/www.grieta.org.mx\/index.php\/wp-json\/wp\/v2\/posts"}],"about":[{"href":"http:\/\/www.grieta.org.mx\/index.php\/wp-json\/wp\/v2\/types\/post"}],"author":[{"embeddable":true,"href":"http:\/\/www.grieta.org.mx\/index.php\/wp-json\/wp\/v2\/users\/2"}],"replies":[{"embeddable":true,"href":"http:\/\/www.grieta.org.mx\/index.php\/wp-json\/wp\/v2\/comments?post=6904"}],"version-history":[{"count":1,"href":"http:\/\/www.grieta.org.mx\/index.php\/wp-json\/wp\/v2\/posts\/6904\/revisions"}],"predecessor-version":[{"id":6911,"href":"http:\/\/www.grieta.org.mx\/index.php\/wp-json\/wp\/v2\/posts\/6904\/revisions\/6911"}],"wp:featuredmedia":[{"embeddable":true,"href":"http:\/\/www.grieta.org.mx\/index.php\/wp-json\/wp\/v2\/media\/21928"}],"wp:attachment":[{"href":"http:\/\/www.grieta.org.mx\/index.php\/wp-json\/wp\/v2\/media?parent=6904"}],"wp:term":[{"taxonomy":"category","embeddable":true,"href":"http:\/\/www.grieta.org.mx\/index.php\/wp-json\/wp\/v2\/categories?post=6904"},{"taxonomy":"post_tag","embeddable":true,"href":"http:\/\/www.grieta.org.mx\/index.php\/wp-json\/wp\/v2\/tags?post=6904"}],"curies":[{"name":"wp","href":"https:\/\/api.w.org\/{rel}","templated":true}]}}