{"id":69023,"date":"2024-05-19T18:07:15","date_gmt":"2024-05-20T00:07:15","guid":{"rendered":"https:\/\/www.grieta.org.mx\/?p=69023"},"modified":"2024-05-27T18:20:27","modified_gmt":"2024-05-28T00:20:27","slug":"por-muerte-de-un-trabajador-del-issste-en-cancun-piden-destitucion-del-director-quintana-roo","status":"publish","type":"post","link":"http:\/\/www.grieta.org.mx\/index.php\/2024\/05\/19\/por-muerte-de-un-trabajador-del-issste-en-cancun-piden-destitucion-del-director-quintana-roo\/","title":{"rendered":"Por muerte de un trabajador del ISSSTE en Canc\u00fan piden destituci\u00f3n del director (Quintana Roo)"},"content":{"rendered":"<p>Elisa Rodr\u00edguez \/ Fotos Rodolfo Flores \/ Por Esto!<\/p>\n<p>Una veintena de trabajadores de la cl\u00ednica del Instituto de Seguridad y Servicios Sociales de los Trabajadores del Estado (ISSSTE) de Canc\u00fan se manifest\u00f3 ayer en la avenida Tulum increpando al delegado sindical, Jos\u00e9 Lorenzo Braga, por la muerte de Nelson Emiliano Fierros \u00c1lvarez, quien presuntamente falleci\u00f3 por una negligencia m\u00e9dica. Los quejosos exigieron la destituci\u00f3n del director de la cl\u00ednica, Adri\u00e1n Alejandro Albornoz Zapata.<\/p>\n<p>Con pancartas de \u201cTodos somos Nelson\u201d, \u201cExigimos mejor atenci\u00f3n m\u00e9dica y cuenten con los recursos e insumos para hacer efectivo el derecho a la salud\u201d, la viuda de Fierros \u00c1lvarez, Josylan Elymar Ulloa Moreno, explic\u00f3 que su esposo no fue atendido en tiempo y forma, lo que le cost\u00f3 la vida.<br \/>\nPor negligencia m\u00e9dica protestan trabajadores del ISSSTE<\/p>\n<p>Precis\u00f3 que el pasado 24 de abril su esposo, trabajador activo en la cl\u00ednica del ISSSTE en esta ciudad, ingres\u00f3 con una isquemia cerebral; la falta de atenci\u00f3n m\u00e9dica oportuna le provoc\u00f3 que su estado de salud se complicara, sal pasar 13 horas sin que un m\u00e9dico internista lo examinara.<\/p>\n<p>Los propios compa\u00f1eros realizaron una recolecta para trasladar al paciente al Hospital General \u201cJes\u00fas Kumate Rodr\u00edguez\u201d, ante la falta de ambulancia del ISSSTE.<\/p>\n<p>Ya en el Hospital General fue atendido por un especialista, y luego de una serie de tr\u00e1mites se logr\u00f3 el traslado al Hospital Regional del ISSSTE, en la ciudad de M\u00e9rida, onde le explicaron que luego del primer signo, el paciente ten\u00eda solo tres horas para ser atendido. Como pasaron incluso d\u00edas cuando fue trasladado a M\u00e9rida, el paciente ya presentaba muerte cerebral, lo que el 3 de mayo le cost\u00f3 la vida.<\/p>\n<p>La afectada denunci\u00f3 que durante el d\u00eda que el hoy occiso, de 42 a\u00f1os de edad y padre de dos menores, estuvo ingresado en la cl\u00ednica de Canc\u00fan las enfermeras le pidieron que llevara agua para suministrarle los medicamentos.<\/p>\n<p>Se\u00f1al\u00f3 que el d\u00eda que tuvo que ser trasladado a M\u00e9rida ni siquiera cont\u00f3 con una ambulancia, lo que hizo m\u00e1s tardado su ingreso, agravando su estado de salud.<br \/>\nTrabajador del ISSSTE perdi\u00f3 la vida<\/p>\n<p><img loading=\"lazy\" decoding=\"async\" data-attachment-id=\"69025\" data-permalink=\"http:\/\/www.grieta.org.mx\/index.php\/2024\/05\/19\/por-muerte-de-un-trabajador-del-issste-en-cancun-piden-destitucion-del-director-quintana-roo\/issste2\/\" data-orig-file=\"http:\/\/www.grieta.org.mx\/wp-content\/uploads\/2024\/05\/issste2-e1716855289454.jpg\" data-orig-size=\"800,600\" data-comments-opened=\"0\" data-image-meta=\"{&quot;aperture&quot;:&quot;0&quot;,&quot;credit&quot;:&quot;&quot;,&quot;camera&quot;:&quot;&quot;,&quot;caption&quot;:&quot;&quot;,&quot;created_timestamp&quot;:&quot;0&quot;,&quot;copyright&quot;:&quot;&quot;,&quot;focal_length&quot;:&quot;0&quot;,&quot;iso&quot;:&quot;0&quot;,&quot;shutter_speed&quot;:&quot;0&quot;,&quot;title&quot;:&quot;&quot;,&quot;orientation&quot;:&quot;1&quot;}\" data-image-title=\"issste2\" data-image-description=\"\" data-image-caption=\"\" data-medium-file=\"http:\/\/www.grieta.org.mx\/wp-content\/uploads\/2024\/05\/issste2-300x225.jpg\" data-large-file=\"http:\/\/www.grieta.org.mx\/wp-content\/uploads\/2024\/05\/issste2-1024x768.jpg\" src=\"http:\/\/www.grieta.org.mx\/wp-content\/uploads\/2024\/05\/issste2-e1716855289454.jpg\" alt=\"\" width=\"800\" height=\"600\" class=\"alignnone size-full wp-image-69025\" \/><br \/>\nTrabajador del ISSSTE perdi\u00f3 la vida \/ Foto: Rodolfo Flores<\/p>\n<p>\u201cHablo de una negligencia, porque existe la responsabilidad civil de ellos de no haberlo ayudado oportunamente, por eso estoy en protesta y voy a pedir justicia penal para que volteen las autoridades a vernos\u201d, expres\u00f3<\/p>\n<p>La viuda, quien labora en el \u00e1rea de farmacia en la cl\u00ednica del ISSSTE en Canc\u00fan, as\u00ed como trabajadores de diferentes \u00e1reas exigen que el director del nosocomio, as\u00ed como los doctores Gracian Bill Stephen Reyes y De la Pe\u00f1a Leyla Esteban asuman su responsabilidad por la muerte de Nelson Emiliano Fierros \u00c1lvarez.<\/p>\n<p>Piden que las autoridades federales que tomen cartas en el asunto porque la cl\u00ednica en Canc\u00fan s\u00f3lo cuenta con 19 camas, 60 doctores y un padr\u00f3n de 120 mil derechohabientes.<\/p>\n<p><img loading=\"lazy\" decoding=\"async\" data-attachment-id=\"69026\" data-permalink=\"http:\/\/www.grieta.org.mx\/index.php\/2024\/05\/19\/por-muerte-de-un-trabajador-del-issste-en-cancun-piden-destitucion-del-director-quintana-roo\/issste3\/\" data-orig-file=\"http:\/\/www.grieta.org.mx\/wp-content\/uploads\/2024\/05\/issste3-e1716855474872.jpg\" data-orig-size=\"800,595\" data-comments-opened=\"0\" data-image-meta=\"{&quot;aperture&quot;:&quot;0&quot;,&quot;credit&quot;:&quot;&quot;,&quot;camera&quot;:&quot;&quot;,&quot;caption&quot;:&quot;&quot;,&quot;created_timestamp&quot;:&quot;0&quot;,&quot;copyright&quot;:&quot;&quot;,&quot;focal_length&quot;:&quot;0&quot;,&quot;iso&quot;:&quot;0&quot;,&quot;shutter_speed&quot;:&quot;0&quot;,&quot;title&quot;:&quot;&quot;,&quot;orientation&quot;:&quot;1&quot;}\" data-image-title=\"issste3\" data-image-description=\"\" data-image-caption=\"\" data-medium-file=\"http:\/\/www.grieta.org.mx\/wp-content\/uploads\/2024\/05\/issste3-300x223.jpg\" data-large-file=\"http:\/\/www.grieta.org.mx\/wp-content\/uploads\/2024\/05\/issste3-1024x761.jpg\" src=\"http:\/\/www.grieta.org.mx\/wp-content\/uploads\/2024\/05\/issste3-e1716855474872.jpg\" alt=\"\" width=\"800\" height=\"595\" class=\"alignnone size-full wp-image-69026\" \/><br \/>\nPiden destituci\u00f3n del director \/ Foto: Rodolfo Flores<\/p>\n<p>El caso de Fierros \u00c1lvarez es uno m\u00e1s que se suman a la larga lista de negligencias m\u00e9dicas que se registra en la cl\u00ednica citada, donde a principios de este mes sali\u00f3 a la luz p\u00fablica un mal diagn\u00f3stico que tiene en riesgo la vida de un beb\u00e9 de 19 meses, identificado con el nombre de Gabriel Emiliano C.A.<\/p>\n<p>La madre del menor, en su momento, explic\u00f3 que despu\u00e9s de tres malos diagn\u00f3sticos y ante la carencia de un pediatra que atendiera a su peque\u00f1o, el director de la cl\u00ednica en Canc\u00fan emiti\u00f3 una orden de traslado, pero no al Hospital General de Canc\u00fan, sino al Hospital Regional de M\u00e9rida.<\/p>\n<p>Todo esto fue el 3 de mayo pasado, aunque dicho documento no presenta ninguna firma y el beb\u00e9 fue llevado finalmente al de Canc\u00fan. Con el documento, qued\u00f3 constancia de la acci\u00f3n irregular llevada a cabo desde el principio por parte de autoridades de la cl\u00ednica.<\/p>\n<p><a href=\"https:\/\/www.poresto.net\/quintana-roo\/cancun\/2024\/5\/19\/por-muerte-de-un-trabajador-del-issste-en-cancun-piden-destitucion-del-director-.html\" rel=\"noopener\" target=\"_blank\">https:\/\/www.poresto.net\/quintana-roo\/cancun\/2024\/5\/19\/por-muerte-de-un-trabajador-del-issste-en-cancun-piden-destitucion-del-director-.html<\/a><\/p>\n","protected":false},"excerpt":{"rendered":"<p>Elisa Rodr\u00edguez \/ Fotos Rodolfo Flores \/ Por Esto! Una veintena de trabajadores de la cl\u00ednica del Instituto de Seguridad y Servicios Sociales de los Trabajadores del Estado (ISSSTE) de &hellip; <a href=\"http:\/\/www.grieta.org.mx\/index.php\/2024\/05\/19\/por-muerte-de-un-trabajador-del-issste-en-cancun-piden-destitucion-del-director-quintana-roo\/\" class=\"more-link\">Leer m\u00e1s<\/a><\/p>\n","protected":false},"author":2,"featured_media":69024,"comment_status":"closed","ping_status":"closed","sticky":false,"template":"","format":"standard","meta":{"ngg_post_thumbnail":0,"_jetpack_newsletter_access":"","_jetpack_dont_email_post_to_subs":false,"_jetpack_newsletter_tier_id":0,"_jetpack_memberships_contains_paywalled_content":false,"_jetpack_memberships_contains_paid_content":false,"footnotes":""},"categories":[80,918,2853,2,28,83],"tags":[2367,492,421,180],"class_list":["post-69023","post","type-post","status-publish","format-standard","has-post-thumbnail","hentry","category-cintillo","category-privatizacion-del-sector-salud","category-crisis-en-el-sector-salud-en-quintana-roo","category-noticias-nacionales","category-quintana-roo","category-temas-nacionales","tag-crisis-en-el-sector-salud","tag-issste","tag-negligencia-medica","tag-protesta","entry"],"jetpack_featured_media_url":"http:\/\/www.grieta.org.mx\/wp-content\/uploads\/2024\/05\/Issste-e1716855077175.jpg","jetpack_sharing_enabled":true,"jetpack_shortlink":"https:\/\/wp.me\/p7ZJR4-hXh","jetpack_likes_enabled":false,"jetpack-related-posts":[{"id":70145,"url":"http:\/\/www.grieta.org.mx\/index.php\/2024\/10\/12\/protestan-derechohabientes-del-issste-en-carrillo-puerto-por-falta-de-atencion-medica-y-medicamentos-quintana-roo\/","url_meta":{"origin":69023,"position":0},"title":"Protestan Derechohabientes del ISSSTE en Carrillo Puerto por Falta de Atenci\u00f3n M\u00e9dica y Medicamentos (Quintana Roo)","author":"grieta","date":"12 octubre, 2024","format":false,"excerpt":"Roberto Lemus\/CAMBIO 22 FELIPE CARRILLO PUERTO a 12 de octubre. \u2014 Un grupo de derechohabientes del Instituto de Seguridad y Servicios Sociales de los Trabajadores del Estado (ISSSTE) manifest\u00f3 su descontento frente a las instalaciones de la cl\u00ednica local debido a la falta de atenci\u00f3n m\u00e9dica de calidad, la escasez\u2026","rel":"","context":"En &quot;CINTILLO&quot;","block_context":{"text":"CINTILLO","link":"http:\/\/www.grieta.org.mx\/index.php\/category\/cintillo\/"},"img":{"alt_text":"","src":"https:\/\/i0.wp.com\/www.grieta.org.mx\/wp-content\/uploads\/2024\/10\/ProtestaIssste-e1728998468364.jpg?resize=350%2C200","width":350,"height":200,"srcset":"https:\/\/i0.wp.com\/www.grieta.org.mx\/wp-content\/uploads\/2024\/10\/ProtestaIssste-e1728998468364.jpg?resize=350%2C200 1x, https:\/\/i0.wp.com\/www.grieta.org.mx\/wp-content\/uploads\/2024\/10\/ProtestaIssste-e1728998468364.jpg?resize=525%2C300 1.5x, https:\/\/i0.wp.com\/www.grieta.org.mx\/wp-content\/uploads\/2024\/10\/ProtestaIssste-e1728998468364.jpg?resize=700%2C400 2x"},"classes":[]},{"id":70053,"url":"http:\/\/www.grieta.org.mx\/index.php\/2024\/10\/04\/crisis-por-falta-de-luz-protestan-trabajadores-del-issste-chetumal-quintana-roo\/","url_meta":{"origin":69023,"position":1},"title":"Crisis por falta de luz: Protestan trabajadores del ISSSTE Chetumal (Quintana Roo)","author":"grieta","date":"4 octubre, 2024","format":false,"excerpt":"Alejandro Peza\/NOTICARIBE PENINSULAR CHETUMAL.- Trabajadores y personal m\u00e9dico de la cl\u00ednica del ISSSTE en la ciudad de Chetumal se manifestaron ante las adversas condiciones en las que laboran por la falta de energ\u00eda el\u00e9ctrica. Francisco Javier Hern\u00e1ndez Ceballos, se\u00f1al\u00f3 que personal de la Comisi\u00f3n Federal de Electricidad dictamin\u00f3 que la\u2026","rel":"","context":"En &quot;CINTILLO&quot;","block_context":{"text":"CINTILLO","link":"http:\/\/www.grieta.org.mx\/index.php\/category\/cintillo\/"},"img":{"alt_text":"","src":"https:\/\/i0.wp.com\/www.grieta.org.mx\/wp-content\/uploads\/2024\/10\/issste-e1728267026664.jpg?resize=350%2C200","width":350,"height":200,"srcset":"https:\/\/i0.wp.com\/www.grieta.org.mx\/wp-content\/uploads\/2024\/10\/issste-e1728267026664.jpg?resize=350%2C200 1x, https:\/\/i0.wp.com\/www.grieta.org.mx\/wp-content\/uploads\/2024\/10\/issste-e1728267026664.jpg?resize=525%2C300 1.5x, https:\/\/i0.wp.com\/www.grieta.org.mx\/wp-content\/uploads\/2024\/10\/issste-e1728267026664.jpg?resize=700%2C400 2x"},"classes":[]},{"id":68733,"url":"http:\/\/www.grieta.org.mx\/index.php\/2024\/03\/28\/ante-ambiente-laboral-tenso-issste-amenaza-de-paro-total-en-chetumal-quintana-roo\/","url_meta":{"origin":69023,"position":2},"title":"Ante ambiente laboral \u2018tenso\u2019, ISSSTE amenaza de paro total en Chetumal (Quintana Roo)","author":"grieta","date":"28 marzo, 2024","format":false,"excerpt":"Armando Galera \/ Novedades Quintana Roo Pacientes del hospital del Instituto de Seguridad y Servicios Sociales de los Trabajadores del Estado (ISSSTE) se encuentran temerosos de que su atenci\u00f3n m\u00e9dica se suspenda, luego de que personal de la cl\u00ednica amenazara con un paro de labores definitivo a partir de la\u2026","rel":"","context":"En &quot;CINTILLO&quot;","block_context":{"text":"CINTILLO","link":"http:\/\/www.grieta.org.mx\/index.php\/category\/cintillo\/"},"img":{"alt_text":"","src":"https:\/\/i0.wp.com\/www.grieta.org.mx\/wp-content\/uploads\/2024\/04\/ChetumalIssste-e1712170051802.jpg?resize=350%2C200","width":350,"height":200,"srcset":"https:\/\/i0.wp.com\/www.grieta.org.mx\/wp-content\/uploads\/2024\/04\/ChetumalIssste-e1712170051802.jpg?resize=350%2C200 1x, https:\/\/i0.wp.com\/www.grieta.org.mx\/wp-content\/uploads\/2024\/04\/ChetumalIssste-e1712170051802.jpg?resize=525%2C300 1.5x, https:\/\/i0.wp.com\/www.grieta.org.mx\/wp-content\/uploads\/2024\/04\/ChetumalIssste-e1712170051802.jpg?resize=700%2C400 2x"},"classes":[]},{"id":49962,"url":"http:\/\/www.grieta.org.mx\/index.php\/2020\/05\/23\/niega-issste-colima-atencion-medica-a-medico-con-covid-19\/","url_meta":{"origin":69023,"position":3},"title":"Niega ISSSTE Colima atenci\u00f3n m\u00e9dica a m\u00e9dico con Covid-19","author":"grieta","date":"23 mayo, 2020","format":false,"excerpt":"Foto: Ecos de la Costa Infoecos \/ Ecos de la Costa Un m\u00e9dico del sistema de salud ISSSTE adscrito a la Cl\u00ednica de Manzanillo, sufri\u00f3 del contagio del COVID-19 conocido como Coronavirus, siendo trasladado a la Cl\u00ednica Hospital Miguel Trejo Ochoa del ISSSTE en Colima y donde le fue rechazada\u2026","rel":"","context":"En &quot;CINTILLO&quot;","block_context":{"text":"CINTILLO","link":"http:\/\/www.grieta.org.mx\/index.php\/category\/cintillo\/"},"img":{"alt_text":"","src":"https:\/\/i0.wp.com\/www.grieta.org.mx\/wp-content\/uploads\/2020\/05\/p1f1.jpg?resize=350%2C200","width":350,"height":200,"srcset":"https:\/\/i0.wp.com\/www.grieta.org.mx\/wp-content\/uploads\/2020\/05\/p1f1.jpg?resize=350%2C200 1x, https:\/\/i0.wp.com\/www.grieta.org.mx\/wp-content\/uploads\/2020\/05\/p1f1.jpg?resize=525%2C300 1.5x"},"classes":[]},{"id":53148,"url":"http:\/\/www.grieta.org.mx\/index.php\/2020\/09\/05\/dolores-gonzalez-exige-a-diputados-federales-busquen-resolver-servicio-medico-en-clinica-del-issste-colima\/","url_meta":{"origin":69023,"position":4},"title":"Dolores Gonz\u00e1lez exige a diputados federales busquen resolver servicio m\u00e9dico en cl\u00ednica del ISSSTE Colima","author":"grieta","date":"5 septiembre, 2020","format":false,"excerpt":"Foto: Colima Noticias Edgardo Zamora \/ Colima Noticias Colima, Col.- La dirigente de la secci\u00f3n 30 del Sindicato Nacional de Trabajadores de la Secretar\u00eda de Salud, Dolores Gonz\u00e1lez Meza, hizo un llamado en\u00e9rgico a diputados federales para que resuelvan el servicio en la cl\u00ednica del ISSSTE para trabajadores de la\u2026","rel":"","context":"En &quot;CINTILLO&quot;","block_context":{"text":"CINTILLO","link":"http:\/\/www.grieta.org.mx\/index.php\/category\/cintillo\/"},"img":{"alt_text":"","src":"https:\/\/i0.wp.com\/www.grieta.org.mx\/wp-content\/uploads\/2020\/09\/issste-covid-19-colima-696x522-1.jpeg?resize=350%2C200","width":350,"height":200,"srcset":"https:\/\/i0.wp.com\/www.grieta.org.mx\/wp-content\/uploads\/2020\/09\/issste-covid-19-colima-696x522-1.jpeg?resize=350%2C200 1x, https:\/\/i0.wp.com\/www.grieta.org.mx\/wp-content\/uploads\/2020\/09\/issste-covid-19-colima-696x522-1.jpeg?resize=525%2C300 1.5x"},"classes":[]},{"id":55818,"url":"http:\/\/www.grieta.org.mx\/index.php\/2020\/12\/18\/se-extiende-reclamo-por-el-bono-covid-se-suma-personal-del-hospital-general-de-cancun-a-protestas-por-promesa-de-apoyo-presidencial\/","url_meta":{"origin":69023,"position":5},"title":"Se extiende reclamo por el  \u2018Bono Covid\u2019: Se suma personal del Hospital General de Canc\u00fan a protestas por promesa de apoyo presidencial","author":"grieta","date":"18 diciembre, 2020","format":false,"excerpt":"Sara\u00ed Reyes \/ Noticaribe CANC\u00daN, MX.- Alrededor de 50 trabajadores de la salud del Hospital General de Canc\u00fan se manifestaron este mediod\u00eda en las afueras de las instalaciones del nosocomio, para exigir el pago del \u2018bono COVID-19\u2019 que les prometi\u00f3 el gobierno federal a todos los de la primera l\u00ednea\u2026","rel":"","context":"En &quot;CINTILLO&quot;","block_context":{"text":"CINTILLO","link":"http:\/\/www.grieta.org.mx\/index.php\/category\/cintillo\/"},"img":{"alt_text":"","src":"https:\/\/i0.wp.com\/www.grieta.org.mx\/wp-content\/uploads\/2020\/12\/WhatsApp-Image-2020-12-18-at-1.07.00-PM-1.jpg?resize=350%2C200","width":350,"height":200,"srcset":"https:\/\/i0.wp.com\/www.grieta.org.mx\/wp-content\/uploads\/2020\/12\/WhatsApp-Image-2020-12-18-at-1.07.00-PM-1.jpg?resize=350%2C200 1x, https:\/\/i0.wp.com\/www.grieta.org.mx\/wp-content\/uploads\/2020\/12\/WhatsApp-Image-2020-12-18-at-1.07.00-PM-1.jpg?resize=525%2C300 1.5x"},"classes":[]}],"_links":{"self":[{"href":"http:\/\/www.grieta.org.mx\/index.php\/wp-json\/wp\/v2\/posts\/69023","targetHints":{"allow":["GET"]}}],"collection":[{"href":"http:\/\/www.grieta.org.mx\/index.php\/wp-json\/wp\/v2\/posts"}],"about":[{"href":"http:\/\/www.grieta.org.mx\/index.php\/wp-json\/wp\/v2\/types\/post"}],"author":[{"embeddable":true,"href":"http:\/\/www.grieta.org.mx\/index.php\/wp-json\/wp\/v2\/users\/2"}],"replies":[{"embeddable":true,"href":"http:\/\/www.grieta.org.mx\/index.php\/wp-json\/wp\/v2\/comments?post=69023"}],"version-history":[{"count":1,"href":"http:\/\/www.grieta.org.mx\/index.php\/wp-json\/wp\/v2\/posts\/69023\/revisions"}],"predecessor-version":[{"id":69027,"href":"http:\/\/www.grieta.org.mx\/index.php\/wp-json\/wp\/v2\/posts\/69023\/revisions\/69027"}],"wp:featuredmedia":[{"embeddable":true,"href":"http:\/\/www.grieta.org.mx\/index.php\/wp-json\/wp\/v2\/media\/69024"}],"wp:attachment":[{"href":"http:\/\/www.grieta.org.mx\/index.php\/wp-json\/wp\/v2\/media?parent=69023"}],"wp:term":[{"taxonomy":"category","embeddable":true,"href":"http:\/\/www.grieta.org.mx\/index.php\/wp-json\/wp\/v2\/categories?post=69023"},{"taxonomy":"post_tag","embeddable":true,"href":"http:\/\/www.grieta.org.mx\/index.php\/wp-json\/wp\/v2\/tags?post=69023"}],"curies":[{"name":"wp","href":"https:\/\/api.w.org\/{rel}","templated":true}]}}