{"id":68987,"date":"2024-05-18T18:23:23","date_gmt":"2024-05-19T00:23:23","guid":{"rendered":"https:\/\/www.grieta.org.mx\/?p=68987"},"modified":"2024-05-25T18:41:22","modified_gmt":"2024-05-26T00:41:22","slug":"alertan-por-dano-ambiental-en-zona-canera-de-quintana-roo","status":"publish","type":"post","link":"http:\/\/www.grieta.org.mx\/index.php\/2024\/05\/18\/alertan-por-dano-ambiental-en-zona-canera-de-quintana-roo\/","title":{"rendered":"Alertan por da\u00f1o ambiental en zona ca\u00f1era de Quintana Roo"},"content":{"rendered":"<p>Texto y fotos: Ricardo Hern\u00e1ndez \/ Pie de P\u00e1gina<\/p>\n<blockquote><p>La contaminaci\u00f3n generada por el monocultivo de ca\u00f1a en Quintana Roo ha alcanzado niveles alarmantes. El rescate de la zona deber\u00eda ser prioritario, pues adem\u00e1s de afectar la vida humana, pone en riesgo al segundo macizo forestal mejor consolidado del continente, s\u00f3lo despu\u00e9s de la Amazon\u00eda<\/p><\/blockquote>\n<p>QUINTANA ROO. \u2013 La zona ca\u00f1era de Quintana Roo es el punto de mayor deforestaci\u00f3n del sureste mexicano. Ah\u00ed, cada a\u00f1o se roc\u00edan toneladas de fertilizantes y plaguicidas, y se realizan quemas agr\u00edcolas que contribuyen al cambio clim\u00e1tico y llenan de hidrocarburos la sangre de jornaleros mientras aportan contaminantes a los r\u00edos subterr\u00e1neos, seg\u00fan especialistas.<\/p>\n<p>Esta es la zona agr\u00edcola m\u00e1s importante del Caribe mexicano, donde los campos de ca\u00f1a de az\u00facar se extienden por cerca de 100 kil\u00f3metros que corren en paralelo al r\u00edo Hondo, frontera natural con Belice, al extremo sur de la entidad.<\/p>\n<p><img loading=\"lazy\" decoding=\"async\" data-attachment-id=\"68989\" data-permalink=\"http:\/\/www.grieta.org.mx\/index.php\/2024\/05\/18\/alertan-por-dano-ambiental-en-zona-canera-de-quintana-roo\/caniera2\/\" data-orig-file=\"http:\/\/www.grieta.org.mx\/wp-content\/uploads\/2024\/05\/Caniera2-e1716683350813.jpg\" data-orig-size=\"800,624\" data-comments-opened=\"0\" data-image-meta=\"{&quot;aperture&quot;:&quot;0&quot;,&quot;credit&quot;:&quot;&quot;,&quot;camera&quot;:&quot;&quot;,&quot;caption&quot;:&quot;&quot;,&quot;created_timestamp&quot;:&quot;0&quot;,&quot;copyright&quot;:&quot;&quot;,&quot;focal_length&quot;:&quot;0&quot;,&quot;iso&quot;:&quot;0&quot;,&quot;shutter_speed&quot;:&quot;0&quot;,&quot;title&quot;:&quot;&quot;,&quot;orientation&quot;:&quot;1&quot;}\" data-image-title=\"Caniera2\" data-image-description=\"\" data-image-caption=\"\" data-medium-file=\"http:\/\/www.grieta.org.mx\/wp-content\/uploads\/2024\/05\/Caniera2-300x234.jpg\" data-large-file=\"http:\/\/www.grieta.org.mx\/wp-content\/uploads\/2024\/05\/Caniera2-1024x798.jpg\" src=\"http:\/\/www.grieta.org.mx\/wp-content\/uploads\/2024\/05\/Caniera2-e1716683350813.jpg\" alt=\"\" width=\"800\" height=\"624\" class=\"alignnone size-full wp-image-68989\" \/><\/p>\n<p>Son al menos 35 mil 500 hect\u00e1reas de monocultivo que ocupan el espacio de lo que antes era selva baja y media, seg\u00fan datos de la Comisi\u00f3n Nacional para el Desarrollo Sustentable de la Ca\u00f1a de Az\u00facar de la Secretar\u00eda de Agricultura y Desarrollo Rural.<\/p>\n<p>La zona ca\u00f1era de Quintana Roo es el segundo macizo forestal mejor consolidado del continente, s\u00f3lo despu\u00e9s de la Amazon\u00eda. Pero, el monocultivo de la ca\u00f1a de az\u00facar, impulsado desde el sexenio de Gustavo D\u00edaz Ord\u00e1z con un programa para fomentar la producci\u00f3n en la zona, parad\u00f3jicamente est\u00e1 acabando con la biodiversidad.<\/p>\n<p>Para procesar la ca\u00f1a de az\u00facar se fund\u00f3 un Ingenio en 1978. En 1988 fue privatizado y ahora muele 1.6 millones de toneladas de vara dulce con las que se producen mieles, az\u00facar est\u00e1ndar y composta. La producci\u00f3n genera una derrama econ\u00f3mica de mil 500 millones de pesos.<\/p>\n<p><img loading=\"lazy\" decoding=\"async\" data-attachment-id=\"68990\" data-permalink=\"http:\/\/www.grieta.org.mx\/index.php\/2024\/05\/18\/alertan-por-dano-ambiental-en-zona-canera-de-quintana-roo\/caniera3\/\" data-orig-file=\"http:\/\/www.grieta.org.mx\/wp-content\/uploads\/2024\/05\/Caniera3-e1716683435700.jpg\" data-orig-size=\"800,618\" data-comments-opened=\"0\" data-image-meta=\"{&quot;aperture&quot;:&quot;0&quot;,&quot;credit&quot;:&quot;&quot;,&quot;camera&quot;:&quot;&quot;,&quot;caption&quot;:&quot;&quot;,&quot;created_timestamp&quot;:&quot;0&quot;,&quot;copyright&quot;:&quot;&quot;,&quot;focal_length&quot;:&quot;0&quot;,&quot;iso&quot;:&quot;0&quot;,&quot;shutter_speed&quot;:&quot;0&quot;,&quot;title&quot;:&quot;&quot;,&quot;orientation&quot;:&quot;1&quot;}\" data-image-title=\"Caniera3\" data-image-description=\"\" data-image-caption=\"\" data-medium-file=\"http:\/\/www.grieta.org.mx\/wp-content\/uploads\/2024\/05\/Caniera3-300x232.jpg\" data-large-file=\"http:\/\/www.grieta.org.mx\/wp-content\/uploads\/2024\/05\/Caniera3-1024x791.jpg\" src=\"http:\/\/www.grieta.org.mx\/wp-content\/uploads\/2024\/05\/Caniera3-e1716683435700.jpg\" alt=\"\" width=\"800\" height=\"618\" class=\"alignnone size-full wp-image-68990\" \/><\/p>\n<p>40 a\u00f1os de monocultivo, la tierra se agota<\/p>\n<p>A diferencia de otras zonas de Quintana Roo, donde la capa de tierra sobre la roca caliza es muy delgada, esta tiene un grosor de hasta 5 metros, propicio para el cultivo. De ah\u00ed la expansi\u00f3n de esta agroindustria, seg\u00fan explic\u00f3 en entrevista Pedro Macario Mendoza, investigador especialista en din\u00e1micas forestales de El Colegio de la Frontera Sur (Ecosur).<\/p>\n<p>    \u201cEstas \u00e1reas son susceptibles de ser usadas durante 50 o 70 a\u00f1os. Son arcillas, f\u00e9rtiles, aunque dif\u00edciles de trabajar para la rastra\u201d, dice el especialista. <\/p>\n<p>Hasta ahora suman 40 a\u00f1os de monocultivo, de sembrar siempre ca\u00f1a de az\u00facar, lo que indica que quedan otros 30 a\u00f1os de fertilidad, en el mejor de los casos. Esta situaci\u00f3n preocupa a Macario Mendoza.<\/p>\n<p>\u201cEl monocultivo genera un deterioro ambiental, agota la tierra. En la selva natural hay una circulaci\u00f3n de elementos nutritivos por la hojarasca que cae y la din\u00e1mica que tiene, se aporta Nitr\u00f3geno, F\u00f3sforo y Potasio, que son macronutrientes, y micronutrientes como magnesio y zinc, pero si no hay cambio de cultivo, pues eso no sucede. Cuando quitemos la ca\u00f1a de az\u00facar quedar\u00e1 un desierto, porque ah\u00ed ya no va a crecer nada ah\u00ed\u201d, advierte.<\/p>\n<p>Debido a lo poco profundo de las tierras y a la falta de inversi\u00f3n en tecnolog\u00eda, los m\u00e1s de 3 mil productores de la zona optan por agroqu\u00edmicos.<\/p>\n<p>    \u201cSe producen alrededor de 30 a 40 toneladas de ca\u00f1a por hect\u00e1rea, por debajo de la media nacional, que son hasta 80 toneladas por hect\u00e1rea. Y como no se invierte en tecnolog\u00eda, se quiere compensar con agroqu\u00edmicos\u201d, dice Macario.<\/p>\n<p><img loading=\"lazy\" decoding=\"async\" data-attachment-id=\"68991\" data-permalink=\"http:\/\/www.grieta.org.mx\/index.php\/2024\/05\/18\/alertan-por-dano-ambiental-en-zona-canera-de-quintana-roo\/caniera4\/\" data-orig-file=\"http:\/\/www.grieta.org.mx\/wp-content\/uploads\/2024\/05\/Caniera4-e1716683535245.jpg\" data-orig-size=\"800,919\" data-comments-opened=\"0\" data-image-meta=\"{&quot;aperture&quot;:&quot;0&quot;,&quot;credit&quot;:&quot;&quot;,&quot;camera&quot;:&quot;&quot;,&quot;caption&quot;:&quot;&quot;,&quot;created_timestamp&quot;:&quot;0&quot;,&quot;copyright&quot;:&quot;&quot;,&quot;focal_length&quot;:&quot;0&quot;,&quot;iso&quot;:&quot;0&quot;,&quot;shutter_speed&quot;:&quot;0&quot;,&quot;title&quot;:&quot;&quot;,&quot;orientation&quot;:&quot;1&quot;}\" data-image-title=\"Caniera4\" data-image-description=\"\" data-image-caption=\"\" data-medium-file=\"http:\/\/www.grieta.org.mx\/wp-content\/uploads\/2024\/05\/Caniera4-261x300.jpg\" data-large-file=\"http:\/\/www.grieta.org.mx\/wp-content\/uploads\/2024\/05\/Caniera4-891x1024.jpg\" src=\"http:\/\/www.grieta.org.mx\/wp-content\/uploads\/2024\/05\/Caniera4-e1716683535245.jpg\" alt=\"\" width=\"800\" height=\"919\" class=\"alignnone size-full wp-image-68991\" \/><\/p>\n<p>Agroqu\u00edmicos, el detonante de la contaminaci\u00f3n<\/p>\n<p>De acuerdo con investigaciones del Ecosur, realizadas por la ingeniera ambiental Ana Cecilia Iuit Jim\u00e9nez, desde 1979 y hasta 2016 se hab\u00edan vertido en cada hect\u00e1rea de la zona ca\u00f1era m\u00e1s de 86 mil kilos de fertilizantes prohibidos o restringidos por la comunidad internacional por sus efectos toxicol\u00f3gicos para el ambiente y la salud humana.<\/p>\n<p>Los agroqu\u00edmicos est\u00e1n contribuyendo a la contaminaci\u00f3n del rio Hondo y del denominado Gran Acu\u00edfero Maya, uno de los m\u00e1s importantes del mundo, de 165 kil\u00f3metros cuadrados que se extiende hasta Centroam\u00e9rica, como han demostrado reportes acad\u00e9micos recientes de Teresa \u00c1lvarez Legorreta, tambi\u00e9n investigadora del Ecosur:<\/p>\n<p>    \u201cSe concluye que el patr\u00f3n de distribuci\u00f3n de los metales pesados comprueba que la actividad agr\u00edcola de la zona ca\u00f1era es una fuente potencial de mercurio, cadmio, cobre y hierro para las aguas superficiales de la cuenca, en el R\u00edo Hondo y bah\u00eda de Chetumal\u201d.<\/p>\n<p>\u201cTambi\u00e9n se indica que la zona ca\u00f1era es una fuente potencial de metales pesados para las aguas subterr\u00e1neas, debido a que los suelos de esta \u00e1rea son de escaso espesor y se desarrollan sobre un acu\u00edfero k\u00e1rstico, que se caracterizan por una conductividad hidr\u00e1ulica alta, lo cual podr\u00eda permitir el transporte inmediato de estos contaminantes\u201d, se lee en su \u00faltimo art\u00edculo cient\u00edfico publicado, de 2017. <\/p>\n<p><img loading=\"lazy\" decoding=\"async\" data-attachment-id=\"68992\" data-permalink=\"http:\/\/www.grieta.org.mx\/index.php\/2024\/05\/18\/alertan-por-dano-ambiental-en-zona-canera-de-quintana-roo\/caniera5\/\" data-orig-file=\"http:\/\/www.grieta.org.mx\/wp-content\/uploads\/2024\/05\/Caniera5-e1716683631901.jpg\" data-orig-size=\"800,561\" data-comments-opened=\"0\" data-image-meta=\"{&quot;aperture&quot;:&quot;0&quot;,&quot;credit&quot;:&quot;&quot;,&quot;camera&quot;:&quot;&quot;,&quot;caption&quot;:&quot;&quot;,&quot;created_timestamp&quot;:&quot;0&quot;,&quot;copyright&quot;:&quot;&quot;,&quot;focal_length&quot;:&quot;0&quot;,&quot;iso&quot;:&quot;0&quot;,&quot;shutter_speed&quot;:&quot;0&quot;,&quot;title&quot;:&quot;&quot;,&quot;orientation&quot;:&quot;1&quot;}\" data-image-title=\"Caniera5\" data-image-description=\"\" data-image-caption=\"\" data-medium-file=\"http:\/\/www.grieta.org.mx\/wp-content\/uploads\/2024\/05\/Caniera5-300x210.jpg\" data-large-file=\"http:\/\/www.grieta.org.mx\/wp-content\/uploads\/2024\/05\/Caniera5-1024x718.jpg\" src=\"http:\/\/www.grieta.org.mx\/wp-content\/uploads\/2024\/05\/Caniera5-e1716683631901.jpg\" alt=\"\" width=\"800\" height=\"561\" class=\"alignnone size-full wp-image-68992\" \/><\/p>\n<p>Quemas agr\u00edcolas, otro factor<\/p>\n<p>El aporte de sustancias t\u00f3xicas tambi\u00e9n se debe a las quemas de residuos agr\u00edcolas, pues cada a\u00f1o, durante la temporada de siembra, que va de noviembre a junio, se hacen quemas controladas en aquellos campos donde la ca\u00f1a de az\u00facar est\u00e1 madura, para eliminar hojas y as\u00ed facilitar el corte y aumentar la productividad.<\/p>\n<p>La mayor\u00eda de las 35 mil hect\u00e1reas arde en llamas cada a\u00f1o, una pr\u00e1ctica condenada por la Sader porque contribuye al cambio clim\u00e1tico y al deterioro de los suelos, pues los derivados de la combusti\u00f3n se quedan en el suelo y luego se infiltran a los r\u00edos subterr\u00e1neos, adem\u00e1s de causar da\u00f1os a la salud de los trabajadores.<\/p>\n<p>Y es que esos elementos, como el hidrocarburo arom\u00e1tico polic\u00edclico (HAP), son aspirados por los m\u00e1s de 2 mil jornaleros que participan en la siembra y se trasladan hasta su sangre, lo cual les afecta a sus mecanismos de defensa y les podr\u00eda ocasionar da\u00f1os a nivel celular y gen\u00e9tico, de acuerdo con los resultados de una investigaci\u00f3n publicada en 2020 de Citlali Carrillo Garc\u00eda, tambi\u00e9n de Ecosur.<\/p>\n<p>\u201cSe nos han acercado ca\u00f1eros para preguntarme qu\u00e9 pueden hacer en lugar de ca\u00f1a. Es importante porque ya no hay en el lugar ninguna especie de \u00e1rbol o planta diferente de la ca\u00f1a de az\u00facar. Yo les hablo de la agroforester\u00eda, de la importancia de cultivar otra cosa, de  mezclar con \u00e1rboles de las cuatro o cinco especies frutales o forestales que hay en la zona, pero no se ha hecho\u201d, lamenta Macario.<\/p>\n<p><a href=\"https:\/\/piedepagina.mx\/alertan-por-dano-ambiental-en-zona-canera-de-quintana-roo\/\" rel=\"noopener\" target=\"_blank\">https:\/\/piedepagina.mx\/alertan-por-dano-ambiental-en-zona-canera-de-quintana-roo\/<\/a><\/p>\n","protected":false},"excerpt":{"rendered":"<p>Texto y fotos: Ricardo Hern\u00e1ndez \/ Pie de P\u00e1gina La contaminaci\u00f3n generada por el monocultivo de ca\u00f1a en Quintana Roo ha alcanzado niveles alarmantes. El rescate de la zona deber\u00eda &hellip; <a href=\"http:\/\/www.grieta.org.mx\/index.php\/2024\/05\/18\/alertan-por-dano-ambiental-en-zona-canera-de-quintana-roo\/\" class=\"more-link\">Leer m\u00e1s<\/a><\/p>\n","protected":false},"author":2,"featured_media":68988,"comment_status":"closed","ping_status":"closed","sticky":false,"template":"","format":"standard","meta":{"ngg_post_thumbnail":0,"_jetpack_newsletter_access":"","_jetpack_dont_email_post_to_subs":false,"_jetpack_newsletter_tier_id":0,"_jetpack_memberships_contains_paywalled_content":false,"_jetpack_memberships_contains_paid_content":false,"footnotes":""},"categories":[42,80,2749,3,922,944,2,28],"tags":[281,744,91,4198],"class_list":["post-68987","post","type-post","status-publish","format-standard","has-post-thumbnail","hentry","category-agroindustria","category-cintillo","category-destruccion-y-contaminacion-ambiental-en-quintana-roo","category-megaproyectos","category-megaproyectos-estados","category-mp-quintana-roo","category-noticias-nacionales","category-quintana-roo","tag-agroindustria","tag-agroquimicos","tag-contaminacion-ambiental","tag-monocultivo","entry"],"jetpack_featured_media_url":"http:\/\/www.grieta.org.mx\/wp-content\/uploads\/2024\/05\/Caniera-e1716683238769.jpg","jetpack_sharing_enabled":true,"jetpack_shortlink":"https:\/\/wp.me\/p7ZJR4-hWH","jetpack_likes_enabled":false,"jetpack-related-posts":[{"id":67152,"url":"http:\/\/www.grieta.org.mx\/index.php\/2023\/07\/08\/ejercito-suspende-relleno-del-estero-de-chac-ante-quejas-de-habitantes-de-bacalar-quintana-roo\/","url_meta":{"origin":68987,"position":0},"title":"Ej\u00e9rcito suspende relleno del estero de Chac ante quejas de habitantes de Bacalar (Quintana Roo)","author":"grieta","date":"8 julio, 2023","format":false,"excerpt":"Emilio G\u00f3mez \/ Foto: Facebook Acci\u00f3n Juvenil Quintana Roo \/ La Jornada Maya Chetumal, Quintana Roo El Ej\u00e9rcito mexicano suspendi\u00f3 el relleno del estero de Chac, un canal de agua que parte de la ciudad de Chetumal, de norte a sur y que conecta a la laguna de Bacalar con\u2026","rel":"","context":"En &quot;CINTILLO&quot;","block_context":{"text":"CINTILLO","link":"http:\/\/www.grieta.org.mx\/index.php\/category\/cintillo\/"},"img":{"alt_text":"","src":"https:\/\/i0.wp.com\/www.grieta.org.mx\/wp-content\/uploads\/2023\/07\/RellenoChetumal-e1688839701794.jpg?resize=350%2C200","width":350,"height":200,"srcset":"https:\/\/i0.wp.com\/www.grieta.org.mx\/wp-content\/uploads\/2023\/07\/RellenoChetumal-e1688839701794.jpg?resize=350%2C200 1x, https:\/\/i0.wp.com\/www.grieta.org.mx\/wp-content\/uploads\/2023\/07\/RellenoChetumal-e1688839701794.jpg?resize=525%2C300 1.5x, https:\/\/i0.wp.com\/www.grieta.org.mx\/wp-content\/uploads\/2023\/07\/RellenoChetumal-e1688839701794.jpg?resize=700%2C400 2x"},"classes":[]},{"id":57787,"url":"http:\/\/www.grieta.org.mx\/index.php\/2021\/03\/19\/denuncian-nula-actuacion-de-conanp-contra-el-ecocidio-de-manglares-en-holbox-video-quintana-roo\/","url_meta":{"origin":68987,"position":1},"title":"Denuncian nula actuaci\u00f3n de Conanp contra el ecocidio de manglares en Holbox : Video  (Quintana Roo)","author":"grieta","date":"19 marzo, 2021","format":false,"excerpt":"PorEsto! Hasta el momento la dependencia no ha hecho nada al respecto sobre la devastaci\u00f3n de manglares en Holbox, indicaron habitantes La devastaci\u00f3n de manglares en una de las zonas de conservaci\u00f3n de la isla choca de Holbox continua sin que hasta ahora las autoridades ambientales federales, entre ellas la\u2026","rel":"","context":"En &quot;\u00c1reas naturales protegidas&quot;","block_context":{"text":"\u00c1reas naturales protegidas","link":"http:\/\/www.grieta.org.mx\/index.php\/category\/megaproyectos\/areas-naturales-protegidas\/"},"img":{"alt_text":"","src":"https:\/\/i0.wp.com\/www.grieta.org.mx\/wp-content\/uploads\/2021\/03\/HolboxDeforest.png?resize=350%2C200","width":350,"height":200,"srcset":"https:\/\/i0.wp.com\/www.grieta.org.mx\/wp-content\/uploads\/2021\/03\/HolboxDeforest.png?resize=350%2C200 1x, https:\/\/i0.wp.com\/www.grieta.org.mx\/wp-content\/uploads\/2021\/03\/HolboxDeforest.png?resize=525%2C300 1.5x"},"classes":[]},{"id":66739,"url":"http:\/\/www.grieta.org.mx\/index.php\/2023\/03\/20\/denunciado-un-buque-cubano-por-danar-el-arrecife-mexicano-con-material-para-el-tren-maya-quintana-roo\/","url_meta":{"origin":68987,"position":2},"title":"Denunciado un buque cubano por da\u00f1ar el arrecife mexicano con material para el Tren Maya (Quintana Roo)","author":"grieta","date":"20 marzo, 2023","format":false,"excerpt":"El Pa\u00eds El buzo y ambientalista Alberto Friscione emprendi\u00f3 una expedici\u00f3n para bucear cerca del buque Melody. El barco transporta una carga de 20.000 toneladas de porfirita (un tipo de roca) procedentes de Cuba y que servir\u00e1n de balasto para el Tren Maya. De acuerdo con los hallazgos de Friscione,\u2026","rel":"","context":"En &quot;CINTILLO&quot;","block_context":{"text":"CINTILLO","link":"http:\/\/www.grieta.org.mx\/index.php\/category\/cintillo\/"},"img":{"alt_text":"","src":"https:\/\/i0.wp.com\/www.grieta.org.mx\/wp-content\/uploads\/2023\/04\/PuertoMorelos-scaled-e1680386565174.jpg?resize=350%2C200","width":350,"height":200,"srcset":"https:\/\/i0.wp.com\/www.grieta.org.mx\/wp-content\/uploads\/2023\/04\/PuertoMorelos-scaled-e1680386565174.jpg?resize=350%2C200 1x, https:\/\/i0.wp.com\/www.grieta.org.mx\/wp-content\/uploads\/2023\/04\/PuertoMorelos-scaled-e1680386565174.jpg?resize=525%2C300 1.5x, https:\/\/i0.wp.com\/www.grieta.org.mx\/wp-content\/uploads\/2023\/04\/PuertoMorelos-scaled-e1680386565174.jpg?resize=700%2C400 2x"},"classes":[]},{"id":67075,"url":"http:\/\/www.grieta.org.mx\/index.php\/2023\/06\/04\/enrejan-obras-del-tramo-5-del-tren-maya\/","url_meta":{"origin":68987,"position":3},"title":"Enrejan obras del Tramo 5 del Tren Maya","author":"grieta","date":"4 junio, 2023","format":false,"excerpt":"Arturo Miranda\/Quadrat\u00edn Quintana Roo CANC\u00daN, QRoo, 4 de junio de 2023.- Se prohibi\u00f3 en definitiva el acceso al Tramo Cinco sur del Tren Maya mediante la colocaci\u00f3n de una reja met\u00e1lica, la cual impide transitar hacia los puntos en los que se ha denunciado el relleno de cuevas como la\u2026","rel":"","context":"En &quot;CINTILLO&quot;","block_context":{"text":"CINTILLO","link":"http:\/\/www.grieta.org.mx\/index.php\/category\/cintillo\/"},"img":{"alt_text":"","src":"https:\/\/i0.wp.com\/www.grieta.org.mx\/wp-content\/uploads\/2023\/06\/tramo5-e1687546162147.jpg?resize=350%2C200","width":350,"height":200,"srcset":"https:\/\/i0.wp.com\/www.grieta.org.mx\/wp-content\/uploads\/2023\/06\/tramo5-e1687546162147.jpg?resize=350%2C200 1x, https:\/\/i0.wp.com\/www.grieta.org.mx\/wp-content\/uploads\/2023\/06\/tramo5-e1687546162147.jpg?resize=525%2C300 1.5x, https:\/\/i0.wp.com\/www.grieta.org.mx\/wp-content\/uploads\/2023\/06\/tramo5-e1687546162147.jpg?resize=700%2C400 2x"},"classes":[]},{"id":69302,"url":"http:\/\/www.grieta.org.mx\/index.php\/2024\/07\/03\/siguen-los-derrames-ahora-de-diesel-en-cuevas-de-aktun-tuyul-por-el-tren-mayaquintana-roo\/","url_meta":{"origin":68987,"position":4},"title":"Siguen los derrames ahora de di\u00e9sel en cuevas de Aktun T\u2019uyul por el Tren Maya(Quintana Roo)","author":"grieta","date":"3 julio, 2024","format":false,"excerpt":"Lucy Sanabria \/ Fotos: @gchristy65. \/ Sopitas El activista Guillermo D\u2019Christy denunci\u00f3 el derrame de di\u00e9sel y concreto en una de las cavernas de la red Aktun T\u2019uyul en Quintana Roo por la construcci\u00f3n del Tren Maya. Siguen las denuncias por la contaminaci\u00f3n del sistema de cuevas y cenotes de\u2026","rel":"","context":"En &quot;CINTILLO&quot;","block_context":{"text":"CINTILLO","link":"http:\/\/www.grieta.org.mx\/index.php\/category\/cintillo\/"},"img":{"alt_text":"","src":"https:\/\/i0.wp.com\/www.grieta.org.mx\/wp-content\/uploads\/2024\/07\/Derrames1-e1721429366861.jpg?resize=350%2C200","width":350,"height":200,"srcset":"https:\/\/i0.wp.com\/www.grieta.org.mx\/wp-content\/uploads\/2024\/07\/Derrames1-e1721429366861.jpg?resize=350%2C200 1x, https:\/\/i0.wp.com\/www.grieta.org.mx\/wp-content\/uploads\/2024\/07\/Derrames1-e1721429366861.jpg?resize=525%2C300 1.5x, https:\/\/i0.wp.com\/www.grieta.org.mx\/wp-content\/uploads\/2024\/07\/Derrames1-e1721429366861.jpg?resize=700%2C400 2x"},"classes":[]},{"id":68844,"url":"http:\/\/www.grieta.org.mx\/index.php\/2024\/04\/29\/ambientalistas-clausuran-las-oficinas-de-semarnat-tras-calificarla-de-ecocida-quintana-roo\/","url_meta":{"origin":68987,"position":5},"title":"Ambientalistas &#8220;clausuran&#8221; las oficinas de Semarnat tras calificarla de ecocida (Quintana Roo)","author":"grieta","date":"29 abril, 2024","format":false,"excerpt":"Leslie Gordillo \/ NOTICARIBE PENINSULAR CANC\u00daN.- Un grupo de ambientalistas, representante de diferentes organismos y asociaciones civiles, se manifestaron en la zona hotelera de Canc\u00fan y clausuraron de manera simb\u00f3lica las oficinas de la Secretar\u00eda de Medio Ambiente y Recursos Naturales (Semarnat). La denuncia es que la Semarnat ha sido\u2026","rel":"","context":"En &quot;Campeche&quot;","block_context":{"text":"Campeche","link":"http:\/\/www.grieta.org.mx\/index.php\/category\/noticias-nacionales\/campeche\/"},"img":{"alt_text":"","src":"https:\/\/i0.wp.com\/www.grieta.org.mx\/wp-content\/uploads\/2024\/04\/ambientalitas-e1715552774254.jpg?resize=350%2C200","width":350,"height":200,"srcset":"https:\/\/i0.wp.com\/www.grieta.org.mx\/wp-content\/uploads\/2024\/04\/ambientalitas-e1715552774254.jpg?resize=350%2C200 1x, https:\/\/i0.wp.com\/www.grieta.org.mx\/wp-content\/uploads\/2024\/04\/ambientalitas-e1715552774254.jpg?resize=525%2C300 1.5x, https:\/\/i0.wp.com\/www.grieta.org.mx\/wp-content\/uploads\/2024\/04\/ambientalitas-e1715552774254.jpg?resize=700%2C400 2x"},"classes":[]}],"_links":{"self":[{"href":"http:\/\/www.grieta.org.mx\/index.php\/wp-json\/wp\/v2\/posts\/68987","targetHints":{"allow":["GET"]}}],"collection":[{"href":"http:\/\/www.grieta.org.mx\/index.php\/wp-json\/wp\/v2\/posts"}],"about":[{"href":"http:\/\/www.grieta.org.mx\/index.php\/wp-json\/wp\/v2\/types\/post"}],"author":[{"embeddable":true,"href":"http:\/\/www.grieta.org.mx\/index.php\/wp-json\/wp\/v2\/users\/2"}],"replies":[{"embeddable":true,"href":"http:\/\/www.grieta.org.mx\/index.php\/wp-json\/wp\/v2\/comments?post=68987"}],"version-history":[{"count":1,"href":"http:\/\/www.grieta.org.mx\/index.php\/wp-json\/wp\/v2\/posts\/68987\/revisions"}],"predecessor-version":[{"id":68993,"href":"http:\/\/www.grieta.org.mx\/index.php\/wp-json\/wp\/v2\/posts\/68987\/revisions\/68993"}],"wp:featuredmedia":[{"embeddable":true,"href":"http:\/\/www.grieta.org.mx\/index.php\/wp-json\/wp\/v2\/media\/68988"}],"wp:attachment":[{"href":"http:\/\/www.grieta.org.mx\/index.php\/wp-json\/wp\/v2\/media?parent=68987"}],"wp:term":[{"taxonomy":"category","embeddable":true,"href":"http:\/\/www.grieta.org.mx\/index.php\/wp-json\/wp\/v2\/categories?post=68987"},{"taxonomy":"post_tag","embeddable":true,"href":"http:\/\/www.grieta.org.mx\/index.php\/wp-json\/wp\/v2\/tags?post=68987"}],"curies":[{"name":"wp","href":"https:\/\/api.w.org\/{rel}","templated":true}]}}