{"id":68960,"date":"2024-05-21T18:32:11","date_gmt":"2024-05-22T00:32:11","guid":{"rendered":"https:\/\/www.grieta.org.mx\/?p=68960"},"modified":"2024-05-23T00:07:45","modified_gmt":"2024-05-23T06:07:45","slug":"en-la-ruta-del-tren-maya-sedena-construye-un-hotel-en-calakmul-campeche-y-lo-oculta-hasta-a-unesco","status":"publish","type":"post","link":"http:\/\/www.grieta.org.mx\/index.php\/2024\/05\/21\/en-la-ruta-del-tren-maya-sedena-construye-un-hotel-en-calakmul-campeche-y-lo-oculta-hasta-a-unesco\/","title":{"rendered":"En la ruta del Tren Maya, Sedena construye un hotel en Calakmul, Campeche, y lo oculta hasta a UNESCO"},"content":{"rendered":"<p>Orsetta Bellani \/ Animal Pol\u00edtico<\/p>\n<blockquote><p>El hotel que construye el Ej\u00e9rcito en la Reserva de la Bi\u00f3sfera de Calakmul ha sido excluido de documentos oficiales y la UNESCO no ha sido informada del proyecto, pese a que es patrimonio mixto de la humanidad.<\/p><\/blockquote>\n<p>De vez en cuando, en los a\u00f1os 90, Leticia Valenzuela Santiago instalaba un campamento para peque\u00f1os grupos de turistas en el kil\u00f3metro 51 de la carretera que lleva al sitio arqueol\u00f3gico de Calakmul. \u201cLuego, las autoridades me lo impidieron por ser zona n\u00facleo de la reserva, diciendo que all\u00ed est\u00e1n prohibidas las actividades econ\u00f3micas. Tambi\u00e9n a los apicultores les negaron poner sus colmenas en la orilla de la carretera\u201d, dice do\u00f1a Leticia, quien se cri\u00f3 en esta selva que es la segunda m\u00e1s grande de Am\u00e9rica despu\u00e9s de la Amazon\u00eda. \u201cSiempre nos dijeron que esta era la zona n\u00facleo de la reserva, pero luego nos enteramos de que es zona de amortiguamiento\u201d.<\/p>\n<p>\u00bfC\u00f3mo es el hotel que construye Sedena como parte del Tren Maya en Calakmul?<\/p>\n<p>La sorpresa para do\u00f1a Leticia fue muy grande cuando el a\u00f1o pasado descubri\u00f3 que, justo donde le prohibieron armar su campamento, la Secretar\u00eda de la Defensa Nacional (SEDENA) est\u00e1 construyendo uno de los seis Hoteles Tren Maya: un edificio con dos pisos, 144 habitaciones, alberca, spa, gimnasio, bar, cafeter\u00eda, tienda y un estacionamiento para 212 veh\u00edculos, que ocupa unas tres hect\u00e1reas.<\/p>\n<p>La Manifestaci\u00f3n de Impacto Ambiental (MIA) del inmueble es un misterio. V\u00eda solicitud de informaci\u00f3n se pidi\u00f3 las MIA de los seis hoteles Tren Maya (Palenque, Chiapas; Tulum, Quintana Roo; Calakmul y Edzn\u00e1, Campeche; Chich\u00e9n Itz\u00e1 y Uxmal, Yucat\u00e1n), pero la Secretar\u00eda de Medio Ambiente y Recursos Naturales (Semarnat) dijo solo contar con el documento del Hotel de Edzn\u00e1, que fue presentado ante la Semarnat en septiembre de 2023.<\/p>\n<p><img loading=\"lazy\" decoding=\"async\" data-attachment-id=\"68962\" data-permalink=\"http:\/\/www.grieta.org.mx\/index.php\/2024\/05\/21\/en-la-ruta-del-tren-maya-sedena-construye-un-hotel-en-calakmul-campeche-y-lo-oculta-hasta-a-unesco\/hotelcalakmul2\/\" data-orig-file=\"http:\/\/www.grieta.org.mx\/wp-content\/uploads\/2024\/05\/HotelCalakmul2-e1716425661722.jpg\" data-orig-size=\"800,531\" data-comments-opened=\"0\" data-image-meta=\"{&quot;aperture&quot;:&quot;0&quot;,&quot;credit&quot;:&quot;&quot;,&quot;camera&quot;:&quot;&quot;,&quot;caption&quot;:&quot;&quot;,&quot;created_timestamp&quot;:&quot;0&quot;,&quot;copyright&quot;:&quot;&quot;,&quot;focal_length&quot;:&quot;0&quot;,&quot;iso&quot;:&quot;0&quot;,&quot;shutter_speed&quot;:&quot;0&quot;,&quot;title&quot;:&quot;&quot;,&quot;orientation&quot;:&quot;1&quot;}\" data-image-title=\"HotelCalakmul2\" data-image-description=\"\" data-image-caption=\"\" data-medium-file=\"http:\/\/www.grieta.org.mx\/wp-content\/uploads\/2024\/05\/HotelCalakmul2-300x199.jpg\" data-large-file=\"http:\/\/www.grieta.org.mx\/wp-content\/uploads\/2024\/05\/HotelCalakmul2-e1716425661722.jpg\" src=\"http:\/\/www.grieta.org.mx\/wp-content\/uploads\/2024\/05\/HotelCalakmul2-e1716425661722.jpg\" alt=\"\" width=\"800\" height=\"531\" class=\"alignnone size-full wp-image-68962\" \/><br \/>\nFoto: Elias Siebenborn<\/p>\n<p>El 21 de abril pasado, el Instituto Nacional de Transparencia, Acceso a la Informaci\u00f3n y Protecci\u00f3n de Datos Personales (INAI) orden\u00f3 a Semarnat entregar las dem\u00e1s MIA, pero hasta el momento eso no ha ocurrido y estamos a la espera de que confirmen la existencia o la inexistencia.<\/p>\n<p>Sus obras aparecen en la orilla del camino de 60 km que cruza la Reserva de la Bi\u00f3sfera de Calakmul, a 10 km de la zona arqueol\u00f3gica. All\u00ed se observa una gran palapa al final de un pasillo protegido en ambos lados por un muro. El ingreso est\u00e1 custodiado por la Guardia Nacional y un vigilante no permite sacar fotos.<\/p>\n<p><iframe loading=\"lazy\" title=\"AMLO dijo que no talar\u00edan \u00e1rboles por el Tren Maya, pero ya van m\u00e1s de 7 millones\" width=\"1170\" height=\"658\" src=\"https:\/\/www.youtube.com\/embed\/DchrdlSw2oc?feature=oembed\" frameborder=\"0\" allow=\"accelerometer; autoplay; clipboard-write; encrypted-media; gyroscope; picture-in-picture; web-share\" referrerpolicy=\"strict-origin-when-cross-origin\" allowfullscreen><\/iframe><br \/>\nHotel Tren Maya no respeta las disposiciones previstas para la zona de amortiguamiento de la Reserva de la Bi\u00f3sfera<\/p>\n<p>La Reserva de la Bi\u00f3sfera de Calakmul incluye 728 mil hect\u00e1reas -una superficie tres veces m\u00e1s grande que la Ciudad de M\u00e9xico-, casi enteramente dedicadas a la preservaci\u00f3n de especies vegetales y animales, entre ellas jaguares, tigrillos, monos, tapires, tucanes y \u00e1guilas.<\/p>\n<p>Adem\u00e1s, aguardan un gran tesoro: la ciudad maya de Calakmul, que hace menos de dos mil a\u00f1os alcanz\u00f3 una poblaci\u00f3n de 50 mil habitantes y fue de las m\u00e1s importantes de la regi\u00f3n.<\/p>\n<p><img loading=\"lazy\" decoding=\"async\" data-attachment-id=\"68963\" data-permalink=\"http:\/\/www.grieta.org.mx\/index.php\/2024\/05\/21\/en-la-ruta-del-tren-maya-sedena-construye-un-hotel-en-calakmul-campeche-y-lo-oculta-hasta-a-unesco\/hotelcalakmul3\/\" data-orig-file=\"http:\/\/www.grieta.org.mx\/wp-content\/uploads\/2024\/05\/HotelCalakmul3-e1716425967255.jpg\" data-orig-size=\"800,528\" data-comments-opened=\"0\" data-image-meta=\"{&quot;aperture&quot;:&quot;0&quot;,&quot;credit&quot;:&quot;&quot;,&quot;camera&quot;:&quot;&quot;,&quot;caption&quot;:&quot;&quot;,&quot;created_timestamp&quot;:&quot;0&quot;,&quot;copyright&quot;:&quot;&quot;,&quot;focal_length&quot;:&quot;0&quot;,&quot;iso&quot;:&quot;0&quot;,&quot;shutter_speed&quot;:&quot;0&quot;,&quot;title&quot;:&quot;&quot;,&quot;orientation&quot;:&quot;1&quot;}\" data-image-title=\"HotelCalakmul3\" data-image-description=\"\" data-image-caption=\"\" data-medium-file=\"http:\/\/www.grieta.org.mx\/wp-content\/uploads\/2024\/05\/HotelCalakmul3-300x198.jpg\" data-large-file=\"http:\/\/www.grieta.org.mx\/wp-content\/uploads\/2024\/05\/HotelCalakmul3-e1716425967255.jpg\" src=\"http:\/\/www.grieta.org.mx\/wp-content\/uploads\/2024\/05\/HotelCalakmul3-e1716425967255.jpg\" alt=\"\" width=\"800\" height=\"528\" class=\"alignnone size-full wp-image-68963\" \/><br \/>\nConstrucci\u00f3n de la Sedena en Calakmul. Foto: Orsetta Bellani<\/p>\n<p>El 1 de septiembre de 2023 se public\u00f3 un decreto en el Diario Oficial de la Federaci\u00f3n (DOF) para reformar el texto que, en 1989, hab\u00eda creado esta Reserva de la Bi\u00f3sfera. La disposici\u00f3n y sus estudios previos no mencionan la existencia del Hotel Tren Maya dentro del \u00e1rea natural protegida, a pesar de que su construcci\u00f3n empez\u00f3 nueve meses antes de que se publicara.<\/p>\n<p><img loading=\"lazy\" decoding=\"async\" data-attachment-id=\"68964\" data-permalink=\"http:\/\/www.grieta.org.mx\/index.php\/2024\/05\/21\/en-la-ruta-del-tren-maya-sedena-construye-un-hotel-en-calakmul-campeche-y-lo-oculta-hasta-a-unesco\/hotelcalakmul4\/\" data-orig-file=\"http:\/\/www.grieta.org.mx\/wp-content\/uploads\/2024\/05\/HotelCalakmul4-e1716426089718.jpg\" data-orig-size=\"800,531\" data-comments-opened=\"0\" data-image-meta=\"{&quot;aperture&quot;:&quot;0&quot;,&quot;credit&quot;:&quot;&quot;,&quot;camera&quot;:&quot;&quot;,&quot;caption&quot;:&quot;&quot;,&quot;created_timestamp&quot;:&quot;0&quot;,&quot;copyright&quot;:&quot;&quot;,&quot;focal_length&quot;:&quot;0&quot;,&quot;iso&quot;:&quot;0&quot;,&quot;shutter_speed&quot;:&quot;0&quot;,&quot;title&quot;:&quot;&quot;,&quot;orientation&quot;:&quot;1&quot;}\" data-image-title=\"HotelCalakmul4\" data-image-description=\"\" data-image-caption=\"\" data-medium-file=\"http:\/\/www.grieta.org.mx\/wp-content\/uploads\/2024\/05\/HotelCalakmul4-300x199.jpg\" data-large-file=\"http:\/\/www.grieta.org.mx\/wp-content\/uploads\/2024\/05\/HotelCalakmul4-e1716426089718.jpg\" src=\"http:\/\/www.grieta.org.mx\/wp-content\/uploads\/2024\/05\/HotelCalakmul4-e1716426089718.jpg\" alt=\"\" width=\"800\" height=\"531\" class=\"alignnone size-full wp-image-68964\" \/><br \/>\nFoto: Orsetta Bellani<\/p>\n<p>Mirando el plano contenido en el decreto, podr\u00eda parecer que en el hotel de la SEDENA, la carretera que cruza la reserva y el sitio arqueol\u00f3gico se encuentran adentro de la zona n\u00facleo, pero un mapa con una escala m\u00e1s grande muestra que han sido \u201crecortados\u201d de esta \u00e1rea -que tendr\u00eda que ser inviolable y no fragmentada- y declarados como parte de la zona de amortiguamiento.<\/p>\n<p>Las obras de SEDENA no respetan las disposiciones que el decreto prev\u00e9 para este \u00e1rea, ya que determina que en la zona de amortiguamiento s\u00f3lo est\u00e1n permitidas actividades de \u201cturismo de bajo impacto ambiental\u201d, que se pueden desarrollar si \u201cse comprueba que fueron emprendidas por las comunidades que ah\u00ed habitan y son estrictamente compatibles con los objetivos, criterios y programas de aprovechamiento sustentable\u201d, y en caso de que \u201csu desarrollo no implique modificaciones de las caracter\u00edsticas o condiciones naturales originales\u201d.<\/p>\n<p><img loading=\"lazy\" decoding=\"async\" data-attachment-id=\"68965\" data-permalink=\"http:\/\/www.grieta.org.mx\/index.php\/2024\/05\/21\/en-la-ruta-del-tren-maya-sedena-construye-un-hotel-en-calakmul-campeche-y-lo-oculta-hasta-a-unesco\/hotelcalakmul5\/\" data-orig-file=\"http:\/\/www.grieta.org.mx\/wp-content\/uploads\/2024\/05\/HotelCalakmul5-e1716426188458.jpg\" data-orig-size=\"800,530\" data-comments-opened=\"0\" data-image-meta=\"{&quot;aperture&quot;:&quot;0&quot;,&quot;credit&quot;:&quot;&quot;,&quot;camera&quot;:&quot;&quot;,&quot;caption&quot;:&quot;&quot;,&quot;created_timestamp&quot;:&quot;0&quot;,&quot;copyright&quot;:&quot;&quot;,&quot;focal_length&quot;:&quot;0&quot;,&quot;iso&quot;:&quot;0&quot;,&quot;shutter_speed&quot;:&quot;0&quot;,&quot;title&quot;:&quot;&quot;,&quot;orientation&quot;:&quot;1&quot;}\" data-image-title=\"HotelCalakmul5\" data-image-description=\"\" data-image-caption=\"\" data-medium-file=\"http:\/\/www.grieta.org.mx\/wp-content\/uploads\/2024\/05\/HotelCalakmul5-300x199.jpg\" data-large-file=\"http:\/\/www.grieta.org.mx\/wp-content\/uploads\/2024\/05\/HotelCalakmul5-e1716426188458.jpg\" src=\"http:\/\/www.grieta.org.mx\/wp-content\/uploads\/2024\/05\/HotelCalakmul5-e1716426188458.jpg\" alt=\"\" width=\"800\" height=\"530\" class=\"alignnone size-full wp-image-68965\" \/><br \/>\nEstaci\u00f3n. Foto: Orsetta Bellani<\/p>\n<p>Gobierno omite la existencia del Hotel Tren Maya tambi\u00e9n ante la UNESCO<\/p>\n<p>La existencia del hotel tampoco es se\u00f1alada en el documento que el gobierno mexicano envi\u00f3 a la Organizaci\u00f3n de las Naciones Unidas para la Educaci\u00f3n, la Ciencia y la Cultura (UNESCO). En 2014, la Antigua Ciudad Maya y Bosques Tropicales Protegidos de Calakmul fueron inscritos por el organismo de la ONU como patrimonio mixto de la humanidad. El a\u00f1o pasado, UNESCO pidi\u00f3 a M\u00e9xico realizar urgentemente un informe que evaluara \u201cla alineaci\u00f3n estrat\u00e9gica y los impactos acumulativos del proyecto Tren Maya en las propiedades del Patrimonio Mundial ubicadas a lo largo de la ruta del ferrocarril\u201d, incluyendo \u201cuna evaluaci\u00f3n de opciones alternativas\u201d.<\/p>\n<p>El gobierno federal respondi\u00f3 en marzo de 2024 con un documento titulado \u201cState of conservation report of the word heritage property\u201d, donde el gobierno informa sobre el trabajo de los guardabosques de Calakmul, sobre los talleres con ni\u00f1os y las actividades relacionadas con el turismo sustentable. Adem\u00e1s, recuerda que en la reserva se monitorea la velocidad de los carros, cuyo l\u00edmite es de 30 km\/h por respeto a la fauna local, pero no hay ni una palabra sobre el tremendo tr\u00e1fico de trailers, camiones de volquetes y camionetas de la SEDENA que corren a toda velocidad -levantando un polvo denso que pinta de blanco los \u00e1rboles\u2013 rumbo a las obras que el ej\u00e9rcito est\u00e1 realizando en la reserva: las de mejoramiento del sitio arqueol\u00f3gico, de construcci\u00f3n del Centro de Atenci\u00f3n a Visitantes (CATVI) a la altura de la caseta de cobro de la Comisi\u00f3n Nacional de \u00c1reas Naturales Protegidas (CONANP), y del Hotel Tren Maya. De este inmueble, en el documento no existe menci\u00f3n.<\/p>\n<p><img loading=\"lazy\" decoding=\"async\" data-attachment-id=\"68966\" data-permalink=\"http:\/\/www.grieta.org.mx\/index.php\/2024\/05\/21\/en-la-ruta-del-tren-maya-sedena-construye-un-hotel-en-calakmul-campeche-y-lo-oculta-hasta-a-unesco\/hotelcalakmul6\/\" data-orig-file=\"http:\/\/www.grieta.org.mx\/wp-content\/uploads\/2024\/05\/HotelCalakmul6-e1716426283169.jpg\" data-orig-size=\"800,530\" data-comments-opened=\"0\" data-image-meta=\"{&quot;aperture&quot;:&quot;0&quot;,&quot;credit&quot;:&quot;&quot;,&quot;camera&quot;:&quot;&quot;,&quot;caption&quot;:&quot;&quot;,&quot;created_timestamp&quot;:&quot;0&quot;,&quot;copyright&quot;:&quot;&quot;,&quot;focal_length&quot;:&quot;0&quot;,&quot;iso&quot;:&quot;0&quot;,&quot;shutter_speed&quot;:&quot;0&quot;,&quot;title&quot;:&quot;&quot;,&quot;orientation&quot;:&quot;1&quot;}\" data-image-title=\"HotelCalakmul6\" data-image-description=\"\" data-image-caption=\"\" data-medium-file=\"http:\/\/www.grieta.org.mx\/wp-content\/uploads\/2024\/05\/HotelCalakmul6-300x199.jpg\" data-large-file=\"http:\/\/www.grieta.org.mx\/wp-content\/uploads\/2024\/05\/HotelCalakmul6-e1716426283169.jpg\" src=\"http:\/\/www.grieta.org.mx\/wp-content\/uploads\/2024\/05\/HotelCalakmul6-e1716426283169.jpg\" alt=\"\" width=\"800\" height=\"530\" class=\"alignnone size-full wp-image-68966\" \/><br \/>\nParadero del Tren Maya, en costrucci\u00f3n. Foto: Elias Siebenborn<\/p>\n<p>\u201cUNESCO ha sido informada por terceros del proyecto al que usted se refiere y se ha puesto en contacto con las autoridades mexicanas para obtener informaci\u00f3n precisa sobre este proyecto y su implementaci\u00f3n. Hasta la fecha no se ha recibido informaci\u00f3n\u201d, afirma en entrevista el vocero de Unesco. \u201cUna vez recibida esta informaci\u00f3n, el Centro del Patrimonio Mundial de la UNESCO y sus \u00f3rganos asesores proceder\u00e1n con una revisi\u00f3n t\u00e9cnica para evaluar m\u00e1s a fondo el posible impacto del proyecto\u201d.<\/p>\n<p><img loading=\"lazy\" decoding=\"async\" data-attachment-id=\"68967\" data-permalink=\"http:\/\/www.grieta.org.mx\/index.php\/2024\/05\/21\/en-la-ruta-del-tren-maya-sedena-construye-un-hotel-en-calakmul-campeche-y-lo-oculta-hasta-a-unesco\/hotelcalakmul7\/\" data-orig-file=\"http:\/\/www.grieta.org.mx\/wp-content\/uploads\/2024\/05\/HotelCalakmul7-e1716443492396.jpg\" data-orig-size=\"800,526\" data-comments-opened=\"0\" data-image-meta=\"{&quot;aperture&quot;:&quot;0&quot;,&quot;credit&quot;:&quot;&quot;,&quot;camera&quot;:&quot;&quot;,&quot;caption&quot;:&quot;&quot;,&quot;created_timestamp&quot;:&quot;0&quot;,&quot;copyright&quot;:&quot;&quot;,&quot;focal_length&quot;:&quot;0&quot;,&quot;iso&quot;:&quot;0&quot;,&quot;shutter_speed&quot;:&quot;0&quot;,&quot;title&quot;:&quot;&quot;,&quot;orientation&quot;:&quot;1&quot;}\" data-image-title=\"HotelCalakmul7\" data-image-description=\"\" data-image-caption=\"\" data-medium-file=\"http:\/\/www.grieta.org.mx\/wp-content\/uploads\/2024\/05\/HotelCalakmul7-300x197.jpg\" data-large-file=\"http:\/\/www.grieta.org.mx\/wp-content\/uploads\/2024\/05\/HotelCalakmul7-e1716443492396.jpg\" src=\"http:\/\/www.grieta.org.mx\/wp-content\/uploads\/2024\/05\/HotelCalakmul7-e1716443492396.jpg\" alt=\"\" width=\"800\" height=\"526\" class=\"alignnone size-full wp-image-68967\" \/><br \/>\nSe\u00f1alizaci\u00f3n para los automovilistas para alertarlos del cruce de fauna en el lugar. Foto: Orsetta Bellani<\/p>\n<p>La organizaci\u00f3n internacional tambi\u00e9n advierte que \u201ccualquier proyecto importante de infraestructura y turismo tiene el potencial de representar una amenaza para la preservaci\u00f3n de un bien del Patrimonio Mundial\u201d y que \u201ccualquier proyecto de desarrollo debe respetar la integridad y el Valor Universal Excepcional del sitio, es decir los elementos que justificaron su inscripci\u00f3n. En caso contrario, el Comit\u00e9 del Patrimonio Mundial solicita al Estado que introduzca medidas correctoras para hacerlo plenamente compatible con las normas y procedimientos de la Convenci\u00f3n\u201d. El tema ser\u00e1 examinado a finales de julio, durante la 46 reuni\u00f3n del Comit\u00e9 del Patrimonio Mundial, que se llevar\u00e1 a cabo en la India.<\/p>\n<div class=\"jetpack-video-wrapper\"><iframe loading=\"lazy\" title=\"Pilotes del Tren Maya, una amenaza para cuevas, r\u00edos y cenotes\" width=\"1170\" height=\"658\" src=\"https:\/\/www.youtube.com\/embed\/jN1IkeIAvNw?feature=oembed\" frameborder=\"0\" allow=\"accelerometer; autoplay; clipboard-write; encrypted-media; gyroscope; picture-in-picture; web-share\" referrerpolicy=\"strict-origin-when-cross-origin\" allowfullscreen><\/iframe><\/div>\n<p>De acuerdo con una investigaci\u00f3n de Emeequis, los ingenieros militares est\u00e1n construyendo tambi\u00e9n un \u201ceco-hotel\u201d de lujo en el ejido Plan San Luis, que en buena parte se encuentra adentro de la Reserva de la Bi\u00f3sfera de Calakmul. El ejido ha sido comprado en su totalidad y su decreto de expropiaci\u00f3n, publicado en el DOF en junio de 2023, no menciona la existencia del eco-hotel. Lo que contempla la disposici\u00f3n es que, de las 15 mil hect\u00e1reas expropiadas, casi 9,300 ser\u00e1n dedicadas a \u201cactividades castrenses en general\u201d.<\/p>\n<p>La entrada del ej\u00e9rcito a la zona coincide con el comienzo de las obras del Tren Maya y, a partir de 2022, el sitio arqueol\u00f3gico de Calakmul est\u00e1 patrullado por la Guardia Nacional. En el documento que present\u00f3 a la UNESCO, el gobierno afirma que la instituci\u00f3n de seguridad est\u00e1 encargada de disuadir eventuales actos de vandalismo en la zona arqueol\u00f3gica y la tala ilegal. Adem\u00e1s, anuncia que solicit\u00f3 a la Guardia Nacional establecer campamentos en los sitios arqueol\u00f3gicos de Yaxnohcah y Uxul, que se encuentran en la reserva, muy cerca de la frontera con Guatemala.<\/p>\n<p>Crecimiento tur\u00edstico <\/p>\n<p>En Balam K\u00fa, que en agosto de 2023 fue decretada Reserva de la Bi\u00f3sfera, la SEDENA est\u00e1 construyendo el paradero del Tren Maya de Conhuas, por donde pasan las v\u00edas del tramo 7 del megaproyecto. En esta \u00e1rea protegida contigua a la de Calakmul, el ej\u00e9rcito tambi\u00e9n abri\u00f3 un banco de material, un estacionamiento para veh\u00edculos pesados y est\u00e1 erigiendo un puente de concreto que permitir\u00e1 a los carros cruzar las v\u00edas del tren.<\/p>\n<p>Con la entrada en operaciones del Tren Maya, el gobierno federal proyecta un gran crecimiento tur\u00edstico para la zona. Estima que Calakmul multiplique por 60 sus visitas anuales, pasando de las actuales 51,447 a 3 millones, aunque hasta el momento no existen las infraestructuras ni los servicios necesarios para recibir tanta gente.<\/p>\n<p>\u201cLa lejan\u00eda y ubicaci\u00f3n geogr\u00e1fica de la zona arqueol\u00f3gica de Calakmul hacen inviable el turismo masivo, ya que no es posible tener suficiente agua o suministros para el servicio de un mayor n\u00famero de visitantes\u201d, reconoce el mismo gobierno en el documento que envi\u00f3 a la UNESCO.<\/p>\n<p><img loading=\"lazy\" decoding=\"async\" data-attachment-id=\"68968\" data-permalink=\"http:\/\/www.grieta.org.mx\/index.php\/2024\/05\/21\/en-la-ruta-del-tren-maya-sedena-construye-un-hotel-en-calakmul-campeche-y-lo-oculta-hasta-a-unesco\/hotelcalakmul8\/\" data-orig-file=\"http:\/\/www.grieta.org.mx\/wp-content\/uploads\/2024\/05\/HotelCalakmul8-e1716443867608.jpg\" data-orig-size=\"800,531\" data-comments-opened=\"0\" data-image-meta=\"{&quot;aperture&quot;:&quot;0&quot;,&quot;credit&quot;:&quot;&quot;,&quot;camera&quot;:&quot;&quot;,&quot;caption&quot;:&quot;&quot;,&quot;created_timestamp&quot;:&quot;0&quot;,&quot;copyright&quot;:&quot;&quot;,&quot;focal_length&quot;:&quot;0&quot;,&quot;iso&quot;:&quot;0&quot;,&quot;shutter_speed&quot;:&quot;0&quot;,&quot;title&quot;:&quot;&quot;,&quot;orientation&quot;:&quot;1&quot;}\" data-image-title=\"HotelCalakmul8\" data-image-description=\"\" data-image-caption=\"\" data-medium-file=\"http:\/\/www.grieta.org.mx\/wp-content\/uploads\/2024\/05\/HotelCalakmul8-300x199.jpg\" data-large-file=\"http:\/\/www.grieta.org.mx\/wp-content\/uploads\/2024\/05\/HotelCalakmul8-e1716443867608.jpg\" src=\"http:\/\/www.grieta.org.mx\/wp-content\/uploads\/2024\/05\/HotelCalakmul8-e1716443867608.jpg\" alt=\"\" width=\"800\" height=\"531\" class=\"alignnone size-full wp-image-68968\" \/><br \/>\nFoto: Orsetta Bellani<\/p>\n<p>Los gu\u00edas de Calakmul presumen que, hasta el momento, el tipo de turismo que se aventura hasta aqu\u00ed ama y respeta a la naturaleza. En la zona arqueol\u00f3gica se ven peque\u00f1os grupos de visitantes pasear con la mirada al cielo, buscando entre las ramas el movimiento de los p\u00e1jaros o el rugido de los monos aulladores. La mayor\u00eda se suben a la pir\u00e1mide m\u00e1s alta de donde es f\u00e1cil entender la importancia de preservar esta reserva, ubicada en una regi\u00f3n -la Pen\u00ednsula de Yucat\u00e1n- que de acuerdo con Global Forest Watch est\u00e1 perdiendo 80 mil hect\u00e1reas de superficie selv\u00e1tica al a\u00f1o. Desde su cumbre, mirando todo alrededor, se ven \u00fanicamente \u00e1rboles y m\u00e1s \u00e1rboles hasta el horizonte, y las sombras de las nubes correr en sus cimas.<\/p>\n<p><img loading=\"lazy\" decoding=\"async\" data-attachment-id=\"68969\" data-permalink=\"http:\/\/www.grieta.org.mx\/index.php\/2024\/05\/21\/en-la-ruta-del-tren-maya-sedena-construye-un-hotel-en-calakmul-campeche-y-lo-oculta-hasta-a-unesco\/hotelcalakmul9\/\" data-orig-file=\"http:\/\/www.grieta.org.mx\/wp-content\/uploads\/2024\/05\/HotelCalakmul9-e1716444008905.jpg\" data-orig-size=\"800,527\" data-comments-opened=\"0\" data-image-meta=\"{&quot;aperture&quot;:&quot;0&quot;,&quot;credit&quot;:&quot;&quot;,&quot;camera&quot;:&quot;&quot;,&quot;caption&quot;:&quot;&quot;,&quot;created_timestamp&quot;:&quot;0&quot;,&quot;copyright&quot;:&quot;&quot;,&quot;focal_length&quot;:&quot;0&quot;,&quot;iso&quot;:&quot;0&quot;,&quot;shutter_speed&quot;:&quot;0&quot;,&quot;title&quot;:&quot;&quot;,&quot;orientation&quot;:&quot;1&quot;}\" data-image-title=\"HotelCalakmul9\" data-image-description=\"\" data-image-caption=\"\" data-medium-file=\"http:\/\/www.grieta.org.mx\/wp-content\/uploads\/2024\/05\/HotelCalakmul9-300x198.jpg\" data-large-file=\"http:\/\/www.grieta.org.mx\/wp-content\/uploads\/2024\/05\/HotelCalakmul9-e1716444008905.jpg\" src=\"http:\/\/www.grieta.org.mx\/wp-content\/uploads\/2024\/05\/HotelCalakmul9-e1716444008905.jpg\" alt=\"\" width=\"800\" height=\"527\" class=\"alignnone size-full wp-image-68969\" \/><br \/>\nFoto: Orsetta Bellani<\/p>\n<p><a href=\"https:\/\/animalpolitico.com\/politica\/sedena-oculta-construccion-hotel-calakmul-unesco-tren-maya\" rel=\"noopener\" target=\"_blank\">https:\/\/animalpolitico.com\/politica\/sedena-oculta-construccion-hotel-calakmul-unesco-tren-maya<\/a><\/p>\n","protected":false},"excerpt":{"rendered":"<p>Orsetta Bellani \/ Animal Pol\u00edtico El hotel que construye el Ej\u00e9rcito en la Reserva de la Bi\u00f3sfera de Calakmul ha sido excluido de documentos oficiales y la UNESCO no ha &hellip; <a href=\"http:\/\/www.grieta.org.mx\/index.php\/2024\/05\/21\/en-la-ruta-del-tren-maya-sedena-construye-un-hotel-en-calakmul-campeche-y-lo-oculta-hasta-a-unesco\/\" class=\"more-link\">Leer m\u00e1s<\/a><\/p>\n","protected":false},"author":2,"featured_media":68961,"comment_status":"closed","ping_status":"closed","sticky":false,"template":"","format":"standard","meta":{"ngg_post_thumbnail":0,"_jetpack_newsletter_access":"","_jetpack_dont_email_post_to_subs":false,"_jetpack_newsletter_tier_id":0,"_jetpack_memberships_contains_paywalled_content":false,"_jetpack_memberships_contains_paid_content":false,"footnotes":""},"categories":[11,80,2749,2943,2258,3,922,926,944,952,2,28,2026,36],"tags":[198,91,2177,223,4196,1803,1878],"class_list":["post-68960","post","type-post","status-publish","format-standard","has-post-thumbnail","hentry","category-campeche","category-cintillo","category-destruccion-y-contaminacion-ambiental-en-quintana-roo","category-destruccion-y-contaminacion-ambiental-en-yucatan","category-ecocidio-en-campeche","category-megaproyectos","category-megaproyectos-estados","category-mp-campeche","category-mp-quintana-roo","category-mp-yucatan","category-noticias-nacionales","category-quintana-roo","category-tren-maya","category-yucatan","tag-calakmul","tag-contaminacion-ambiental","tag-contaminacion-de-acuiferos","tag-ecocidio","tag-hotel","tag-sedena","tag-tren-maya","entry"],"jetpack_featured_media_url":"http:\/\/www.grieta.org.mx\/wp-content\/uploads\/2024\/05\/HotelCalakmul-e1716425282850.jpg","jetpack_sharing_enabled":true,"jetpack_shortlink":"https:\/\/wp.me\/p7ZJR4-hWg","jetpack_likes_enabled":false,"jetpack-related-posts":[{"id":67059,"url":"http:\/\/www.grieta.org.mx\/index.php\/2023\/05\/03\/caravana-el-sur-resiste-pide-a-la-sedena-suspender-obras-en-el-tramo-7-del-tren-maya-campeche\/","url_meta":{"origin":68960,"position":0},"title":"Caravana El Sur Resiste pide a la Sedena suspender obras en el Tramo 7 del Tren Maya (Campeche)","author":"grieta","date":"3 mayo, 2023","format":false,"excerpt":"Cambio 22 XPUJIL, CAMPECHE, 3 de mayo.- Los integrantes del movimiento Caravana El Sur Resiste llegaron al campamento de la Secretar\u00eda de la Defensa Nacional (Sedena) en Xpujil, municipio de Calakmul, Campeche, para hacer entrega a los ingenieros militares de documentos que acreditan que el Tramo 7 del Tren Maya\u2026","rel":"","context":"En &quot;25. Xpujil&quot;","block_context":{"text":"25. Xpujil","link":"http:\/\/www.grieta.org.mx\/index.php\/category\/espejos-de-la-resistencia\/25-xpujil\/"},"img":{"alt_text":"","src":"https:\/\/i0.wp.com\/www.grieta.org.mx\/wp-content\/uploads\/2023\/06\/SurResiste-e1687537548743.jpg?resize=350%2C200","width":350,"height":200,"srcset":"https:\/\/i0.wp.com\/www.grieta.org.mx\/wp-content\/uploads\/2023\/06\/SurResiste-e1687537548743.jpg?resize=350%2C200 1x, https:\/\/i0.wp.com\/www.grieta.org.mx\/wp-content\/uploads\/2023\/06\/SurResiste-e1687537548743.jpg?resize=525%2C300 1.5x, https:\/\/i0.wp.com\/www.grieta.org.mx\/wp-content\/uploads\/2023\/06\/SurResiste-e1687537548743.jpg?resize=700%2C400 2x"},"classes":[]},{"id":68844,"url":"http:\/\/www.grieta.org.mx\/index.php\/2024\/04\/29\/ambientalistas-clausuran-las-oficinas-de-semarnat-tras-calificarla-de-ecocida-quintana-roo\/","url_meta":{"origin":68960,"position":1},"title":"Ambientalistas &#8220;clausuran&#8221; las oficinas de Semarnat tras calificarla de ecocida (Quintana Roo)","author":"grieta","date":"29 abril, 2024","format":false,"excerpt":"Leslie Gordillo \/ NOTICARIBE PENINSULAR CANC\u00daN.- Un grupo de ambientalistas, representante de diferentes organismos y asociaciones civiles, se manifestaron en la zona hotelera de Canc\u00fan y clausuraron de manera simb\u00f3lica las oficinas de la Secretar\u00eda de Medio Ambiente y Recursos Naturales (Semarnat). La denuncia es que la Semarnat ha sido\u2026","rel":"","context":"En &quot;Campeche&quot;","block_context":{"text":"Campeche","link":"http:\/\/www.grieta.org.mx\/index.php\/category\/noticias-nacionales\/campeche\/"},"img":{"alt_text":"","src":"https:\/\/i0.wp.com\/www.grieta.org.mx\/wp-content\/uploads\/2024\/04\/ambientalitas-e1715552774254.jpg?resize=350%2C200","width":350,"height":200,"srcset":"https:\/\/i0.wp.com\/www.grieta.org.mx\/wp-content\/uploads\/2024\/04\/ambientalitas-e1715552774254.jpg?resize=350%2C200 1x, https:\/\/i0.wp.com\/www.grieta.org.mx\/wp-content\/uploads\/2024\/04\/ambientalitas-e1715552774254.jpg?resize=525%2C300 1.5x, https:\/\/i0.wp.com\/www.grieta.org.mx\/wp-content\/uploads\/2024\/04\/ambientalitas-e1715552774254.jpg?resize=700%2C400 2x"},"classes":[]},{"id":66234,"url":"http:\/\/www.grieta.org.mx\/index.php\/2023\/01\/29\/construccion-de-hotel-tren-maya-en-calakmul-genera-molestia-campeche\/","url_meta":{"origin":68960,"position":2},"title":"Construcci\u00f3n de Hotel Tren Maya en Calakmul genera molestia (Campeche)","author":"grieta","date":"29 enero, 2023","format":false,"excerpt":"Jairo Maga\u00f1a \/ Foto: Gobierno de M\u00e9xico \/ La Jornada Maya Ejidatarios se\u00f1alan que no se les ense\u00f1\u00f3 una MIA para el proyecto Calakmul, Campeche Video revela cuestionamientos y quejas sobre la construcci\u00f3n del hotel Edzn\u00e1, proyecto tur\u00edstico innovador (anunciado por Andr\u00e9s Manuel L\u00f3pez Obrador, presidente de M\u00e9xico, el 23\u2026","rel":"","context":"En &quot;Campeche&quot;","block_context":{"text":"Campeche","link":"http:\/\/www.grieta.org.mx\/index.php\/category\/noticias-nacionales\/campeche\/"},"img":{"alt_text":"","src":"https:\/\/i0.wp.com\/www.grieta.org.mx\/wp-content\/uploads\/2023\/01\/CalakmulHotel-e1676393960214.jpg?resize=350%2C200","width":350,"height":200,"srcset":"https:\/\/i0.wp.com\/www.grieta.org.mx\/wp-content\/uploads\/2023\/01\/CalakmulHotel-e1676393960214.jpg?resize=350%2C200 1x, https:\/\/i0.wp.com\/www.grieta.org.mx\/wp-content\/uploads\/2023\/01\/CalakmulHotel-e1676393960214.jpg?resize=525%2C300 1.5x, https:\/\/i0.wp.com\/www.grieta.org.mx\/wp-content\/uploads\/2023\/01\/CalakmulHotel-e1676393960214.jpg?resize=700%2C400 2x"},"classes":[]},{"id":67152,"url":"http:\/\/www.grieta.org.mx\/index.php\/2023\/07\/08\/ejercito-suspende-relleno-del-estero-de-chac-ante-quejas-de-habitantes-de-bacalar-quintana-roo\/","url_meta":{"origin":68960,"position":3},"title":"Ej\u00e9rcito suspende relleno del estero de Chac ante quejas de habitantes de Bacalar (Quintana Roo)","author":"grieta","date":"8 julio, 2023","format":false,"excerpt":"Emilio G\u00f3mez \/ Foto: Facebook Acci\u00f3n Juvenil Quintana Roo \/ La Jornada Maya Chetumal, Quintana Roo El Ej\u00e9rcito mexicano suspendi\u00f3 el relleno del estero de Chac, un canal de agua que parte de la ciudad de Chetumal, de norte a sur y que conecta a la laguna de Bacalar con\u2026","rel":"","context":"En &quot;CINTILLO&quot;","block_context":{"text":"CINTILLO","link":"http:\/\/www.grieta.org.mx\/index.php\/category\/cintillo\/"},"img":{"alt_text":"","src":"https:\/\/i0.wp.com\/www.grieta.org.mx\/wp-content\/uploads\/2023\/07\/RellenoChetumal-e1688839701794.jpg?resize=350%2C200","width":350,"height":200,"srcset":"https:\/\/i0.wp.com\/www.grieta.org.mx\/wp-content\/uploads\/2023\/07\/RellenoChetumal-e1688839701794.jpg?resize=350%2C200 1x, https:\/\/i0.wp.com\/www.grieta.org.mx\/wp-content\/uploads\/2023\/07\/RellenoChetumal-e1688839701794.jpg?resize=525%2C300 1.5x, https:\/\/i0.wp.com\/www.grieta.org.mx\/wp-content\/uploads\/2023\/07\/RellenoChetumal-e1688839701794.jpg?resize=700%2C400 2x"},"classes":[]},{"id":68745,"url":"http:\/\/www.grieta.org.mx\/index.php\/2024\/03\/21\/talan-7-millones-de-arboles-para-construir-el-tren-maya\/","url_meta":{"origin":68960,"position":4},"title":"Talan 7 millones de \u00e1rboles para construir el Tren Maya","author":"grieta","date":"21 marzo, 2024","format":false,"excerpt":"Regina L\u00f3pez Puerta y Arturo Daen \/ Animal Pol\u00edtico La construcci\u00f3n del Tren Maya ha implicado la tala de m\u00e1s de 7 millones de \u00e1rboles entre 2019 y 2023, reconoci\u00f3 el gobierno federal en respuesta a una solicitud de informaci\u00f3n. El tramo 5 Canc\u00fan Tulum, de acuerdo a la respuesta\u2026","rel":"","context":"En &quot;Campeche&quot;","block_context":{"text":"Campeche","link":"http:\/\/www.grieta.org.mx\/index.php\/category\/noticias-nacionales\/campeche\/"},"img":{"alt_text":"","src":"https:\/\/i0.wp.com\/www.grieta.org.mx\/wp-content\/uploads\/2024\/04\/Talan-e1712178658188.jpg?resize=350%2C200","width":350,"height":200,"srcset":"https:\/\/i0.wp.com\/www.grieta.org.mx\/wp-content\/uploads\/2024\/04\/Talan-e1712178658188.jpg?resize=350%2C200 1x, https:\/\/i0.wp.com\/www.grieta.org.mx\/wp-content\/uploads\/2024\/04\/Talan-e1712178658188.jpg?resize=525%2C300 1.5x, https:\/\/i0.wp.com\/www.grieta.org.mx\/wp-content\/uploads\/2024\/04\/Talan-e1712178658188.jpg?resize=700%2C400 2x"},"classes":[]},{"id":67055,"url":"http:\/\/www.grieta.org.mx\/index.php\/2023\/06\/22\/sedena-continua-construccion-de-hotel-en-calakmul-pese-a-denuncias-de-ambientalistas-campeche\/","url_meta":{"origin":68960,"position":5},"title":"Sedena Contin\u00faa Construcci\u00f3n de Hotel en Calakmul, Pese a Denuncias de Ambientalistas (Campeche)","author":"grieta","date":"22 junio, 2023","format":false,"excerpt":"Cambio 22 CHETUMAL, 22 de junio.- La construcci\u00f3n de un hotel casino en asociado al Tren Maya medio de la Reserva de la Bi\u00f3sfera de Calakmul, en Campeche, contin\u00faa, pese a que ambientalistas han intensificado sus denuncias contra la Secretar\u00eda de la Defensa Nacional (Sedena), a la que acusan de\u2026","rel":"","context":"En &quot;25. Xpujil&quot;","block_context":{"text":"25. Xpujil","link":"http:\/\/www.grieta.org.mx\/index.php\/category\/espejos-de-la-resistencia\/25-xpujil\/"},"img":{"alt_text":"","src":"https:\/\/i0.wp.com\/www.grieta.org.mx\/wp-content\/uploads\/2023\/06\/Calakmul-e1687522585268.jpg?resize=350%2C200","width":350,"height":200,"srcset":"https:\/\/i0.wp.com\/www.grieta.org.mx\/wp-content\/uploads\/2023\/06\/Calakmul-e1687522585268.jpg?resize=350%2C200 1x, https:\/\/i0.wp.com\/www.grieta.org.mx\/wp-content\/uploads\/2023\/06\/Calakmul-e1687522585268.jpg?resize=525%2C300 1.5x, https:\/\/i0.wp.com\/www.grieta.org.mx\/wp-content\/uploads\/2023\/06\/Calakmul-e1687522585268.jpg?resize=700%2C400 2x"},"classes":[]}],"_links":{"self":[{"href":"http:\/\/www.grieta.org.mx\/index.php\/wp-json\/wp\/v2\/posts\/68960","targetHints":{"allow":["GET"]}}],"collection":[{"href":"http:\/\/www.grieta.org.mx\/index.php\/wp-json\/wp\/v2\/posts"}],"about":[{"href":"http:\/\/www.grieta.org.mx\/index.php\/wp-json\/wp\/v2\/types\/post"}],"author":[{"embeddable":true,"href":"http:\/\/www.grieta.org.mx\/index.php\/wp-json\/wp\/v2\/users\/2"}],"replies":[{"embeddable":true,"href":"http:\/\/www.grieta.org.mx\/index.php\/wp-json\/wp\/v2\/comments?post=68960"}],"version-history":[{"count":1,"href":"http:\/\/www.grieta.org.mx\/index.php\/wp-json\/wp\/v2\/posts\/68960\/revisions"}],"predecessor-version":[{"id":68970,"href":"http:\/\/www.grieta.org.mx\/index.php\/wp-json\/wp\/v2\/posts\/68960\/revisions\/68970"}],"wp:featuredmedia":[{"embeddable":true,"href":"http:\/\/www.grieta.org.mx\/index.php\/wp-json\/wp\/v2\/media\/68961"}],"wp:attachment":[{"href":"http:\/\/www.grieta.org.mx\/index.php\/wp-json\/wp\/v2\/media?parent=68960"}],"wp:term":[{"taxonomy":"category","embeddable":true,"href":"http:\/\/www.grieta.org.mx\/index.php\/wp-json\/wp\/v2\/categories?post=68960"},{"taxonomy":"post_tag","embeddable":true,"href":"http:\/\/www.grieta.org.mx\/index.php\/wp-json\/wp\/v2\/tags?post=68960"}],"curies":[{"name":"wp","href":"https:\/\/api.w.org\/{rel}","templated":true}]}}