{"id":68920,"date":"2024-05-18T12:29:56","date_gmt":"2024-05-18T18:29:56","guid":{"rendered":"https:\/\/www.grieta.org.mx\/?p=68920"},"modified":"2024-05-18T12:49:38","modified_gmt":"2024-05-18T18:49:38","slug":"vecinos-exigen-el-desmantelamiento-de-helipuerto-ilegal-en-avenida-universidad-ciudad-de-mexico","status":"publish","type":"post","link":"http:\/\/www.grieta.org.mx\/index.php\/2024\/05\/18\/vecinos-exigen-el-desmantelamiento-de-helipuerto-ilegal-en-avenida-universidad-ciudad-de-mexico\/","title":{"rendered":"Vecinos exigen el desmantelamiento de helipuerto ilegal en Avenida Universidad (Ciudad de M\u00e9xico)"},"content":{"rendered":"<p><strong>&#8211; El helipuerto fue construido sin autorizaci\u00f3n por grupo Imagen TV<br \/>\n&#8211; Tras 8 a\u00f1os de litigio, existe una orden judicial a favor de los vecinos<br \/>\n&#8211; Diversas administraciones de la Alcalad\u00eda Coyoac\u00e1n han incumplido o violado normas<\/strong><\/p>\n<p>Colectivo Grieta<br \/>\n16 de mayo de 2024<\/p>\n<p>Ciudad de M\u00e9xico.- A las cinco de la tarde del mi\u00e9rcoles 15 de mayo, frente a las instalaciones de Grupo Imagen en Avenida Universidad, alrededor de 80 vecinos de distintas unidades habitacionales y barrios de la zona, exigieron a la empresa y a la alcald\u00eda acatar el fallo judicial que obliga al desmantelamiento inmediato del helipuerto de dicha compa\u00f1\u00eda de medios de comunicaci\u00f3n. En la protesta participaron personas de la zona que portaban pancartas, repart\u00edan volantes y lanzaban consignas exigiendo a la empresa el retiro de la construcci\u00f3n ilegal, aprovechando los sem\u00e1foros de Avenida Universidad para protestar e informar a la gente. El helipuerto fue construido en 2016, violando diversas normativas en materia de seguridad, de impacto ambiental, de protecci\u00f3n civil, de uso de suelo e incluso la declaratoria de la UNESCO del campus de Ciudad Universitaria como Patrimonio Cultural de la Humanidad.<\/p>\n<p>&nbsp;<\/p>\n<figure id=\"attachment_68922\" aria-describedby=\"caption-attachment-68922\" style=\"width: 720px\" class=\"wp-caption alignnone\"><img loading=\"lazy\" decoding=\"async\" data-attachment-id=\"68922\" data-permalink=\"http:\/\/www.grieta.org.mx\/index.php\/2024\/05\/18\/vecinos-exigen-el-desmantelamiento-de-helipuerto-ilegal-en-avenida-universidad-ciudad-de-mexico\/diapositiva2-4\/\" data-orig-file=\"http:\/\/www.grieta.org.mx\/wp-content\/uploads\/2024\/05\/Diapositiva2.jpeg\" data-orig-size=\"720,405\" data-comments-opened=\"0\" data-image-meta=\"{&quot;aperture&quot;:&quot;0&quot;,&quot;credit&quot;:&quot;&quot;,&quot;camera&quot;:&quot;&quot;,&quot;caption&quot;:&quot;&quot;,&quot;created_timestamp&quot;:&quot;0&quot;,&quot;copyright&quot;:&quot;&quot;,&quot;focal_length&quot;:&quot;0&quot;,&quot;iso&quot;:&quot;0&quot;,&quot;shutter_speed&quot;:&quot;0&quot;,&quot;title&quot;:&quot;&quot;,&quot;orientation&quot;:&quot;1&quot;}\" data-image-title=\"Diapositiva2\" data-image-description=\"\" data-image-caption=\"&lt;p&gt;Aspecto de la movilizaci\u00f3n vecnial contra el helipuerto ilegal de Grupo Imagen. Foto: Colectivo Grieta&lt;\/p&gt;\n\" data-medium-file=\"http:\/\/www.grieta.org.mx\/wp-content\/uploads\/2024\/05\/Diapositiva2-300x169.jpeg\" data-large-file=\"http:\/\/www.grieta.org.mx\/wp-content\/uploads\/2024\/05\/Diapositiva2.jpeg\" class=\"size-full wp-image-68922\" src=\"http:\/\/www.grieta.org.mx\/wp-content\/uploads\/2024\/05\/Diapositiva2.jpeg\" alt=\"\" width=\"720\" height=\"405\" srcset=\"http:\/\/www.grieta.org.mx\/wp-content\/uploads\/2024\/05\/Diapositiva2.jpeg 720w, http:\/\/www.grieta.org.mx\/wp-content\/uploads\/2024\/05\/Diapositiva2-300x169.jpeg 300w\" sizes=\"auto, (max-width: 720px) 100vw, 720px\" \/><figcaption id=\"caption-attachment-68922\" class=\"wp-caption-text\"><strong>Manifestantes.<\/strong> Aspecto de la movilizaci\u00f3n vecinal contra el helipuerto ilegal de Grupo Imagen. Foto: Colectivo Grieta<\/figcaption><\/figure>\n<p>A ra\u00edz de la construcci\u00f3n, los vecinos de la zona se organizaron en Vecinos Unidos de Copilco Universidad (VUCU), iniciando una lucha jur\u00eddica. Tres administraciones de la Alcald\u00eda Coyoac\u00e1n, dos periodos de gobierno en la Ciudad de M\u00e9xico, funcionarios de diferentes partidos pol\u00edticos, todos han buscado alargar el proceso, han desatendido los reclamos de los vecinos o directamente han defendido los intereses de la empresa capitalista de comunicaci\u00f3n \u201cGrupo Imagen\u201d, perteneciente a la familia V\u00e1zquez Ra\u00f1a. Despu\u00e9s de casi 8 a\u00f1os, la organizaci\u00f3n vecinal logr\u00f3 en septiembre de 2023 una sentencia en firme de la Suprema Corte\u00a0 ya inapelable, sentencia que ordena a la empresa y la Alcald\u00eda el desmantelamiento del helipuerto. Sin embargo, hasta la fecha, tanto la alcald\u00eda como la empresa est\u00e1n en desacato de la orden judicial, sin que se aprecie ninguna intenci\u00f3n por parte del Estado de \u201chacer cumplir la ley\u201d.<\/p>\n<p>El helipuerto viola la reglamentaci\u00f3n de aeron\u00e1utica civil y de protecci\u00f3n civil al estar rodeado de casas y edificios habitaci\u00f3n, varios de ellos m\u00e1s altos que la plataforma donde aterrizar\u00edan y despegar\u00edan las aeronaves. M\u00e1s a\u00fan la zona, densamente poblada, tiene edificios a menos de 60 metros del helipuerto, con lo cual la plataforma de despegue y aterrizaje significa un riesgo para la poblaci\u00f3n de la zona. Cuando se construy\u00f3, ni siquiera ten\u00eda permisos de la Alcald\u00eda, y hasta la fecha, viola la reglamentaci\u00f3n de uso de suelo y su operaci\u00f3n pondr\u00eda en riesgo cientos o miles de viviendas.<\/p>\n<p>&nbsp;<\/p>\n<figure id=\"attachment_68923\" aria-describedby=\"caption-attachment-68923\" style=\"width: 720px\" class=\"wp-caption alignnone\"><img loading=\"lazy\" decoding=\"async\" data-attachment-id=\"68923\" data-permalink=\"http:\/\/www.grieta.org.mx\/index.php\/2024\/05\/18\/vecinos-exigen-el-desmantelamiento-de-helipuerto-ilegal-en-avenida-universidad-ciudad-de-mexico\/diapositiva3-4\/\" data-orig-file=\"http:\/\/www.grieta.org.mx\/wp-content\/uploads\/2024\/05\/Diapositiva3.jpeg\" data-orig-size=\"720,405\" data-comments-opened=\"0\" data-image-meta=\"{&quot;aperture&quot;:&quot;0&quot;,&quot;credit&quot;:&quot;&quot;,&quot;camera&quot;:&quot;&quot;,&quot;caption&quot;:&quot;&quot;,&quot;created_timestamp&quot;:&quot;0&quot;,&quot;copyright&quot;:&quot;&quot;,&quot;focal_length&quot;:&quot;0&quot;,&quot;iso&quot;:&quot;0&quot;,&quot;shutter_speed&quot;:&quot;0&quot;,&quot;title&quot;:&quot;&quot;,&quot;orientation&quot;:&quot;1&quot;}\" data-image-title=\"Diapositiva3\" data-image-description=\"\" data-image-caption=\"&lt;p&gt;Los vecinos se manifetsrain afuera de Grupo Iagen durante m\u00e1s de una hora.&lt;\/p&gt;\n\" data-medium-file=\"http:\/\/www.grieta.org.mx\/wp-content\/uploads\/2024\/05\/Diapositiva3-300x169.jpeg\" data-large-file=\"http:\/\/www.grieta.org.mx\/wp-content\/uploads\/2024\/05\/Diapositiva3.jpeg\" class=\"size-full wp-image-68923\" src=\"http:\/\/www.grieta.org.mx\/wp-content\/uploads\/2024\/05\/Diapositiva3.jpeg\" alt=\"\" width=\"720\" height=\"405\" srcset=\"http:\/\/www.grieta.org.mx\/wp-content\/uploads\/2024\/05\/Diapositiva3.jpeg 720w, http:\/\/www.grieta.org.mx\/wp-content\/uploads\/2024\/05\/Diapositiva3-300x169.jpeg 300w\" sizes=\"auto, (max-width: 720px) 100vw, 720px\" \/><figcaption id=\"caption-attachment-68923\" class=\"wp-caption-text\"><strong>Denunciando el contubernio.<\/strong> Los vecinos se manifestaron afuera de Grupo Imagen durante m\u00e1s de una hora. Foto: Colectivo Grieta<\/figcaption><\/figure>\n<figure id=\"attachment_68924\" aria-describedby=\"caption-attachment-68924\" style=\"width: 720px\" class=\"wp-caption alignnone\"><img loading=\"lazy\" decoding=\"async\" data-attachment-id=\"68924\" data-permalink=\"http:\/\/www.grieta.org.mx\/index.php\/2024\/05\/18\/vecinos-exigen-el-desmantelamiento-de-helipuerto-ilegal-en-avenida-universidad-ciudad-de-mexico\/diapositiva4-4\/\" data-orig-file=\"http:\/\/www.grieta.org.mx\/wp-content\/uploads\/2024\/05\/Diapositiva4.jpeg\" data-orig-size=\"720,405\" data-comments-opened=\"0\" data-image-meta=\"{&quot;aperture&quot;:&quot;0&quot;,&quot;credit&quot;:&quot;&quot;,&quot;camera&quot;:&quot;&quot;,&quot;caption&quot;:&quot;&quot;,&quot;created_timestamp&quot;:&quot;0&quot;,&quot;copyright&quot;:&quot;&quot;,&quot;focal_length&quot;:&quot;0&quot;,&quot;iso&quot;:&quot;0&quot;,&quot;shutter_speed&quot;:&quot;0&quot;,&quot;title&quot;:&quot;&quot;,&quot;orientation&quot;:&quot;1&quot;}\" data-image-title=\"Diapositiva4\" data-image-description=\"\" data-image-caption=\"&lt;p&gt;Protesta. La organizaci\u00f3n de Vecinos Unidos de Copilco Universidad ley\u00f3 un listado de las irreularidades y exigi\u00f3 a la empresa y autoridades el inmediato dsmantelamiento de la plataforma de despegue y atterrizaje, la cual se construy\u00f3 encima a lo que en otro tiempo fue una tienda.&lt;\/p&gt;\n\" data-medium-file=\"http:\/\/www.grieta.org.mx\/wp-content\/uploads\/2024\/05\/Diapositiva4-300x169.jpeg\" data-large-file=\"http:\/\/www.grieta.org.mx\/wp-content\/uploads\/2024\/05\/Diapositiva4.jpeg\" class=\"size-full wp-image-68924\" src=\"http:\/\/www.grieta.org.mx\/wp-content\/uploads\/2024\/05\/Diapositiva4.jpeg\" alt=\"\" width=\"720\" height=\"405\" srcset=\"http:\/\/www.grieta.org.mx\/wp-content\/uploads\/2024\/05\/Diapositiva4.jpeg 720w, http:\/\/www.grieta.org.mx\/wp-content\/uploads\/2024\/05\/Diapositiva4-300x169.jpeg 300w\" sizes=\"auto, (max-width: 720px) 100vw, 720px\" \/><figcaption id=\"caption-attachment-68924\" class=\"wp-caption-text\"><strong>Protesta.<\/strong> La organizaci\u00f3n de Vecinos Unidos de Copilco Universidad ley\u00f3 un listado de las irregularidades y exigi\u00f3 a la empresa y autoridades el inmediato desmantelamiento de la plataforma de despegue y aterrizaje, la cual se construy\u00f3 encima a lo que en otro tiempo fue una tienda departamental.\u00a0 Foto: Colectivo Grieta.<\/figcaption><\/figure>\n<p>Entrevistadas durante la movilizaci\u00f3n, diferentes vecinas dieron testimonio de los planes de la Alcald\u00eda y los capitales privados para la zona: <em>\u201clo que nosotras vemos son muchas se\u00f1ales de que es el inicio de un proceso de gentrificaci\u00f3n\u201d<\/em>. Los vecinos saben que el Plan de Desarrollo Urbano de Coyoac\u00e1n 2010 pretende modificar el uso de suelo, autorizar construcciones de varios niveles y en resumen, genera un ambiente hostil hacia las y los habitantes de las m\u00faltiples unidades habitacionales que se ubican en los alrededores de Ciudad Universitaria. Es por eso que en la organizaci\u00f3n de VUCU participan, personas de la Unidades habitacionales de El Altillo, Integraci\u00f3n Latinoamericana, Torres de Chimalistac, Copilco-Universidad, as\u00ed como de la colonia Copilco el Alto, entre otros n\u00facleos de poblaci\u00f3n.<br \/>\nUn vecino ley\u00f3 una proclama de la organizaci\u00f3n VUCU, en la que denunciaron que frente a la sentencia, la Alcald\u00eda de Coyoac\u00e1n se ha puesto descaradamente del lado de la empresa imagen, justificando las dificultades de la misma para conseguir un director Responsable de Obra, de la contrataci\u00f3n de un seguro, etc. En suma, el inter\u00e9s del capital privado por encima de los intereses de la comunidad.<br \/>\nPor eso otra de las entrevistadas se\u00f1al\u00f3 que el objetivo de la movilizaci\u00f3n fue hacer patente que <em>\u201ccomo comunidad no vamos a permitir que la Empresa y la Alcald\u00eda se pongan de acuerdo para seguir violando nuestros derechos y las leyes\u201d<\/em>. Al fondo, decenas de personas coreaban \u201c\u00a1Va a caer, va caer, el helipuerto va a caer!\u201d. Y sin duda lo har\u00e1, lo que los vecinos buscan es que sea por desmantelamiento. En otro de los sem\u00e1foros, vecinos hac\u00edan ruido con cacerolas e instrumentos musicales, mientras en la entrada del Grupo Imagen se repart\u00edan volantes exigiendo el desmantelamiento del helipuerto.<\/p>\n<p>&nbsp;<\/p>\n<figure id=\"attachment_68925\" aria-describedby=\"caption-attachment-68925\" style=\"width: 720px\" class=\"wp-caption alignnone\"><img loading=\"lazy\" decoding=\"async\" data-attachment-id=\"68925\" data-permalink=\"http:\/\/www.grieta.org.mx\/index.php\/2024\/05\/18\/vecinos-exigen-el-desmantelamiento-de-helipuerto-ilegal-en-avenida-universidad-ciudad-de-mexico\/diapositiva6\/\" data-orig-file=\"http:\/\/www.grieta.org.mx\/wp-content\/uploads\/2024\/05\/Diapositiva6.jpeg\" data-orig-size=\"720,405\" data-comments-opened=\"0\" data-image-meta=\"{&quot;aperture&quot;:&quot;0&quot;,&quot;credit&quot;:&quot;&quot;,&quot;camera&quot;:&quot;&quot;,&quot;caption&quot;:&quot;&quot;,&quot;created_timestamp&quot;:&quot;0&quot;,&quot;copyright&quot;:&quot;&quot;,&quot;focal_length&quot;:&quot;0&quot;,&quot;iso&quot;:&quot;0&quot;,&quot;shutter_speed&quot;:&quot;0&quot;,&quot;title&quot;:&quot;&quot;,&quot;orientation&quot;:&quot;1&quot;}\" data-image-title=\"Diapositiva6\" data-image-description=\"\" data-image-caption=\"&lt;p&gt;Se realizaorn brigadas de informaci\u00f3n durante los altos de los sem\u00e1foros. En esas brigadas se epxlicaban los peligros  que  implicar\u00eda la operacion del helipuerto.&lt;\/p&gt;\n\" data-medium-file=\"http:\/\/www.grieta.org.mx\/wp-content\/uploads\/2024\/05\/Diapositiva6-300x169.jpeg\" data-large-file=\"http:\/\/www.grieta.org.mx\/wp-content\/uploads\/2024\/05\/Diapositiva6.jpeg\" class=\"size-full wp-image-68925\" src=\"http:\/\/www.grieta.org.mx\/wp-content\/uploads\/2024\/05\/Diapositiva6.jpeg\" alt=\"\" width=\"720\" height=\"405\" srcset=\"http:\/\/www.grieta.org.mx\/wp-content\/uploads\/2024\/05\/Diapositiva6.jpeg 720w, http:\/\/www.grieta.org.mx\/wp-content\/uploads\/2024\/05\/Diapositiva6-300x169.jpeg 300w\" sizes=\"auto, (max-width: 720px) 100vw, 720px\" \/><figcaption id=\"caption-attachment-68925\" class=\"wp-caption-text\"><strong>Sem\u00e1foros informativos.<\/strong> Se realizaron brigadas de informaci\u00f3n durante los altos de los sem\u00e1foros. En esas brigadas se explicaban los peligros que implicar\u00eda la operaci\u00f3n del helipuerto. Foto: Colectivo Grieta.<\/figcaption><\/figure>\n<figure id=\"attachment_68926\" aria-describedby=\"caption-attachment-68926\" style=\"width: 720px\" class=\"wp-caption alignnone\"><img loading=\"lazy\" decoding=\"async\" data-attachment-id=\"68926\" data-permalink=\"http:\/\/www.grieta.org.mx\/index.php\/2024\/05\/18\/vecinos-exigen-el-desmantelamiento-de-helipuerto-ilegal-en-avenida-universidad-ciudad-de-mexico\/diapositiva5-3\/\" data-orig-file=\"http:\/\/www.grieta.org.mx\/wp-content\/uploads\/2024\/05\/Diapositiva5.jpeg\" data-orig-size=\"720,405\" data-comments-opened=\"0\" data-image-meta=\"{&quot;aperture&quot;:&quot;0&quot;,&quot;credit&quot;:&quot;&quot;,&quot;camera&quot;:&quot;&quot;,&quot;caption&quot;:&quot;&quot;,&quot;created_timestamp&quot;:&quot;0&quot;,&quot;copyright&quot;:&quot;&quot;,&quot;focal_length&quot;:&quot;0&quot;,&quot;iso&quot;:&quot;0&quot;,&quot;shutter_speed&quot;:&quot;0&quot;,&quot;title&quot;:&quot;&quot;,&quot;orientation&quot;:&quot;1&quot;}\" data-image-title=\"Diapositiva5\" data-image-description=\"\" data-image-caption=\"&lt;p&gt;Adm\u00e1s dle helipuerto, los vecinos denuniaron la  intenci\u00b4n por parte de las autoidades y de los grandes cpaitales, por gentrificar la zona, permietiedo la ocnstrucci\u00f3n de edificios comerciales y de departamntos de lujo. En la imagen, vecinos muestras sus pancartas a los automovilistas. Foto: Colectivo grieta.&lt;\/p&gt;\n\" data-medium-file=\"http:\/\/www.grieta.org.mx\/wp-content\/uploads\/2024\/05\/Diapositiva5-300x169.jpeg\" data-large-file=\"http:\/\/www.grieta.org.mx\/wp-content\/uploads\/2024\/05\/Diapositiva5.jpeg\" class=\"size-full wp-image-68926\" src=\"http:\/\/www.grieta.org.mx\/wp-content\/uploads\/2024\/05\/Diapositiva5.jpeg\" alt=\"\" width=\"720\" height=\"405\" srcset=\"http:\/\/www.grieta.org.mx\/wp-content\/uploads\/2024\/05\/Diapositiva5.jpeg 720w, http:\/\/www.grieta.org.mx\/wp-content\/uploads\/2024\/05\/Diapositiva5-300x169.jpeg 300w\" sizes=\"auto, (max-width: 720px) 100vw, 720px\" \/><figcaption id=\"caption-attachment-68926\" class=\"wp-caption-text\"><strong>Frente a la gentrificaci\u00f3n, la movilizaci\u00f3n.<\/strong> Adem\u00e1s del helipuerto, los vecinos denunciaron la intenci\u00f3n por parte de las autoridades y de los grandes capitales, por gentrificar la zona, permitiendo la construcci\u00f3n de edificios comerciales y de departamentos de lujo. En la imagen, vecinos muestras sus pancartas a los automovilistas. Foto: Colectivo Grieta.<\/figcaption><\/figure>\n<p>Asimismo, se\u00f1alaron que la familia V\u00e1zquez Ra\u00f1a ha incurrido en gran cantidad de irregularidades, pues el predio detentaba el n\u00famero 1951 de Avenida Universidad mientras estuvo habilitado como tienda Hermanos V\u00e1zquez. Sin embargo, al momento de reconvertir las instalaciones para hacer la sede del Grupo Imagen, convenientemente cambiaron la numeraci\u00f3n a Avenida Universidad #2014, que es exactamente el mismo n\u00famero de una de las unidades habitacionales vecinas, la de Integraci\u00f3n Latinoamericana y catalogada por el INBA como patrimonio cultural. La maniobra probablemente busca generar confusi\u00f3n o intentaba ser la base de una triqui\u00f1uela legal. Pero a\u00fan en los tribunales de arriba, Grupo Imagen ha perdido en todas las instancias<br \/>\nM\u00e1s all\u00e1 de las irregularidades, trampas y del propio tortuguismo judicial (caracter\u00edstico cuando se defienden los sectores populares), la organizaci\u00f3n vecinal insisti\u00f3 en su protesta que no dejar\u00e1n pasar m\u00e1s arbitrariedades, se\u00f1alaron que las autoridades est\u00e1n en desacato, incluso en los t\u00e9rminos de las leyes del sistema al cual sirven. Tambi\u00e9n exigen que se considere la opini\u00f3n de los vecinos de la zona en la elaboraci\u00f3n de un plan de gesti\u00f3n para la zona, que considere la naturaleza habitacional de la misma y su cercan\u00eda con Ciudad Universitaria. La defensa del espacio donde la comunidad desarrolla su vida cotidiana es otra forma de defensa de la vida, frente a la tormenta capitalista.<\/p>\n<p>&nbsp;<\/p>\n<figure id=\"attachment_68927\" aria-describedby=\"caption-attachment-68927\" style=\"width: 720px\" class=\"wp-caption alignnone\"><img loading=\"lazy\" decoding=\"async\" data-attachment-id=\"68927\" data-permalink=\"http:\/\/www.grieta.org.mx\/index.php\/2024\/05\/18\/vecinos-exigen-el-desmantelamiento-de-helipuerto-ilegal-en-avenida-universidad-ciudad-de-mexico\/diapositiva7-2\/\" data-orig-file=\"http:\/\/www.grieta.org.mx\/wp-content\/uploads\/2024\/05\/Diapositiva7.jpeg\" data-orig-size=\"720,405\" data-comments-opened=\"0\" data-image-meta=\"{&quot;aperture&quot;:&quot;0&quot;,&quot;credit&quot;:&quot;&quot;,&quot;camera&quot;:&quot;&quot;,&quot;caption&quot;:&quot;&quot;,&quot;created_timestamp&quot;:&quot;0&quot;,&quot;copyright&quot;:&quot;&quot;,&quot;focal_length&quot;:&quot;0&quot;,&quot;iso&quot;:&quot;0&quot;,&quot;shutter_speed&quot;:&quot;0&quot;,&quot;title&quot;:&quot;&quot;,&quot;orientation&quot;:&quot;1&quot;}\" data-image-title=\"Diapositiva7\" data-image-description=\"\" data-image-caption=\"&lt;p&gt;Las irregularidades y la afrenta. Los capitalistas V\u00e1zquez Ra\u00f1a, en contuberno con autoridades locales, cambiaron a su antojo la numeraci\u00f3n de Avenida Universidad, detentando ahora el n\u00famero 2014 en sus instalaciones, cuando antes era el n\u00fameor 1951. Al fondo, se aprecia el helipuerto, a\u00f1adido al edificio,  el cual vila tanto regulaciones de aeron\u00e1utica como de protecci\u00f3n civil. &lt;\/p&gt;\n\" data-medium-file=\"http:\/\/www.grieta.org.mx\/wp-content\/uploads\/2024\/05\/Diapositiva7-300x169.jpeg\" data-large-file=\"http:\/\/www.grieta.org.mx\/wp-content\/uploads\/2024\/05\/Diapositiva7.jpeg\" class=\"size-full wp-image-68927\" src=\"http:\/\/www.grieta.org.mx\/wp-content\/uploads\/2024\/05\/Diapositiva7.jpeg\" alt=\"\" width=\"720\" height=\"405\" srcset=\"http:\/\/www.grieta.org.mx\/wp-content\/uploads\/2024\/05\/Diapositiva7.jpeg 720w, http:\/\/www.grieta.org.mx\/wp-content\/uploads\/2024\/05\/Diapositiva7-300x169.jpeg 300w\" sizes=\"auto, (max-width: 720px) 100vw, 720px\" \/><figcaption id=\"caption-attachment-68927\" class=\"wp-caption-text\"><strong>Las irregularidades y la afrenta<\/strong>. Los capitalistas V\u00e1zquez Ra\u00f1a, en contubernio con autoridades locales, cambiaron a su antojo la numeraci\u00f3n de Avenida Universidad, detentando ahora el n\u00famero 2014 en sus instalaciones, cuando antes era el n\u00famero 1951. Al fondo, se aprecia el helipuerto, a\u00f1adido al edificio, el cual viola tanto regulaciones de aeron\u00e1utica como de protecci\u00f3n civil. Foto: Colectivo Grieta.<\/figcaption><\/figure>\n","protected":false},"excerpt":{"rendered":"<p>&#8211; El helipuerto fue construido sin autorizaci\u00f3n por grupo Imagen TV &#8211; Tras 8 a\u00f1os de litigio, existe una orden judicial a favor de los vecinos &#8211; Diversas administraciones de &hellip; <a href=\"http:\/\/www.grieta.org.mx\/index.php\/2024\/05\/18\/vecinos-exigen-el-desmantelamiento-de-helipuerto-ilegal-en-avenida-universidad-ciudad-de-mexico\/\" class=\"more-link\">Leer m\u00e1s<\/a><\/p>\n","protected":false},"author":2,"featured_media":68921,"comment_status":"closed","ping_status":"closed","sticky":false,"template":"","format":"standard","meta":{"ngg_post_thumbnail":0,"_jetpack_newsletter_access":"","_jetpack_dont_email_post_to_subs":false,"_jetpack_newsletter_tier_id":0,"_jetpack_memberships_contains_paywalled_content":false,"_jetpack_memberships_contains_paid_content":false,"footnotes":""},"categories":[598,80,14,1775,1044,3036,2],"tags":[870,4183,3288,880,1587],"class_list":["post-68920","post","type-post","status-publish","format-standard","has-post-thumbnail","hentry","category-cdmx","category-cintillo","category-ciudad-de-mexico","category-colectivo-grieta","category-desarrollos-inmobiliarios-en-la-ciudad-de-mexico","category-incremento-en-el-costo-de-la-vida-en-la-ciudad-de-mexico","category-noticias-nacionales","tag-gentrificacion","tag-luchas-urbanas","tag-protesta-vecinal","tag-protestas","tag-protestas-vecinales","entry"],"jetpack_featured_media_url":"http:\/\/www.grieta.org.mx\/wp-content\/uploads\/2024\/05\/Diapositiva1.jpeg","jetpack_sharing_enabled":true,"jetpack_shortlink":"https:\/\/wp.me\/p7ZJR4-hVC","jetpack_likes_enabled":false,"jetpack-related-posts":[{"id":20494,"url":"http:\/\/www.grieta.org.mx\/index.php\/2016\/08\/27\/protestas-y-organizacion-contra-helipuerto-en-zona-residencial-de-coyoacan-2\/","url_meta":{"origin":68920,"position":0},"title":"Protestas y organizaci\u00f3n contra helipuerto en zona residencial de Coyoac\u00e1n","author":"grieta","date":"27 agosto, 2016","format":false,"excerpt":"25\/08\/16. Protestan vecinos de Copilco contra helipuerto de Grupo ImagenEl Big data 31\/07\/16. Lanzan petici\u00f3n contra helipuerto en CopilcoDesinform\u00e9monos","rel":"","context":"En &quot;Ciudad de M\u00e9xico&quot;","block_context":{"text":"Ciudad de M\u00e9xico","link":"http:\/\/www.grieta.org.mx\/index.php\/category\/noticias-nacionales\/ciudad-de-mexico\/"},"img":{"alt_text":"","src":"https:\/\/i0.wp.com\/www.grieta.org.mx\/wp-content\/uploads\/2018\/03\/14524434_1106112876131411_958039263622046936_o.jpg?resize=350%2C200","width":350,"height":200,"srcset":"https:\/\/i0.wp.com\/www.grieta.org.mx\/wp-content\/uploads\/2018\/03\/14524434_1106112876131411_958039263622046936_o.jpg?resize=350%2C200 1x, https:\/\/i0.wp.com\/www.grieta.org.mx\/wp-content\/uploads\/2018\/03\/14524434_1106112876131411_958039263622046936_o.jpg?resize=525%2C300 1.5x, https:\/\/i0.wp.com\/www.grieta.org.mx\/wp-content\/uploads\/2018\/03\/14524434_1106112876131411_958039263622046936_o.jpg?resize=700%2C400 2x"},"classes":[]},{"id":43073,"url":"http:\/\/www.grieta.org.mx\/index.php\/2020\/01\/10\/vecinos-protestan-en-avenida-cuauhtemoc-por-ampliacion-de-linea-3-del-metrobus-ciudad-de-mexico\/","url_meta":{"origin":68920,"position":1},"title":"Vecinos protestan en avenida Cuauht\u00e9moc por ampliaci\u00f3n de L\u00ednea 3 del Metrob\u00fas (Ciudad de M\u00e9xico)","author":"grieta","date":"10 enero, 2020","format":false,"excerpt":"Vecinos protestan en avenida Cuauht\u00e9moc, contra ampliaci\u00f3n de L\u00ednea 3 del Metrob\u00fas. | Jorge Becerril Jorge Becerril \/ Milenio Los manifestantes muestran pancartas en los sem\u00e1foros de la avenida, a la altura de Eugenia, sin bloquear la circulaci\u00f3n. Habitantes de la colonia Narvarte protestan en el cruce de la avenida\u2026","rel":"","context":"En &quot;CINTILLO&quot;","block_context":{"text":"CINTILLO","link":"http:\/\/www.grieta.org.mx\/index.php\/category\/cintillo\/"},"img":{"alt_text":"","src":"https:\/\/i0.wp.com\/www.grieta.org.mx\/wp-content\/uploads\/2020\/01\/Vecinos-protestan-en-avenida-Cuauht%C3%A9moc-por-ampliaci%C3%B3n-de-L%C3%ADnea-3-del-Metrob%C3%BAs-cdmx-ene.jpeg?resize=350%2C200","width":350,"height":200,"srcset":"https:\/\/i0.wp.com\/www.grieta.org.mx\/wp-content\/uploads\/2020\/01\/Vecinos-protestan-en-avenida-Cuauht%C3%A9moc-por-ampliaci%C3%B3n-de-L%C3%ADnea-3-del-Metrob%C3%BAs-cdmx-ene.jpeg?resize=350%2C200 1x, https:\/\/i0.wp.com\/www.grieta.org.mx\/wp-content\/uploads\/2020\/01\/Vecinos-protestan-en-avenida-Cuauht%C3%A9moc-por-ampliaci%C3%B3n-de-L%C3%ADnea-3-del-Metrob%C3%BAs-cdmx-ene.jpeg?resize=525%2C300 1.5x, https:\/\/i0.wp.com\/www.grieta.org.mx\/wp-content\/uploads\/2020\/01\/Vecinos-protestan-en-avenida-Cuauht%C3%A9moc-por-ampliaci%C3%B3n-de-L%C3%ADnea-3-del-Metrob%C3%BAs-cdmx-ene.jpeg?resize=700%2C400 2x"},"classes":[]},{"id":20341,"url":"http:\/\/www.grieta.org.mx\/index.php\/2016\/08\/25\/protestan-vecinos-de-copilco-contra-helipuerto-de-grupo-imagen\/","url_meta":{"origin":68920,"position":2},"title":"Protestan vecinos de Copilco contra helipuerto de Grupo Imagen","author":"grieta","date":"25 agosto, 2016","format":false,"excerpt":"Eduardo Su\u00e1rez Vecinos de las unidades habitacionales de Copilco protestaron contra la construcci\u00f3n de un helipuerto que realiza Grupo Imagen Multimedia en la avenida Universidad. El cierre de la avenida Universidad con su cruce con Eje 10, interrumpi\u00f3 el tr\u00e1fico mientras vecinos con grandes pancartas con la leyenda \u201cNO al\u2026","rel":"","context":"En &quot;CINTILLO&quot;","block_context":{"text":"CINTILLO","link":"http:\/\/www.grieta.org.mx\/index.php\/category\/cintillo\/"},"img":{"alt_text":"","src":"https:\/\/i0.wp.com\/www.grieta.org.mx\/wp-content\/uploads\/2018\/03\/14524434_1106112876131411_958039263622046936_o.jpg?resize=350%2C200","width":350,"height":200,"srcset":"https:\/\/i0.wp.com\/www.grieta.org.mx\/wp-content\/uploads\/2018\/03\/14524434_1106112876131411_958039263622046936_o.jpg?resize=350%2C200 1x, https:\/\/i0.wp.com\/www.grieta.org.mx\/wp-content\/uploads\/2018\/03\/14524434_1106112876131411_958039263622046936_o.jpg?resize=525%2C300 1.5x, https:\/\/i0.wp.com\/www.grieta.org.mx\/wp-content\/uploads\/2018\/03\/14524434_1106112876131411_958039263622046936_o.jpg?resize=700%2C400 2x"},"classes":[]},{"id":71129,"url":"http:\/\/www.grieta.org.mx\/index.php\/2025\/02\/24\/vecinos-de-el-capulin-exigen-dictamenes-de-riesgo-por-obras-del-tren-interurbano-ciudad-de-mexico\/","url_meta":{"origin":68920,"position":3},"title":"Vecinos de El Capul\u00edn exigen dict\u00e1menes de riesgo por obras del Tren Interurbano (Ciudad de M\u00e9xico)","author":"grieta","date":"24 febrero, 2025","format":false,"excerpt":"Denunciaron la omisi\u00f3n de la arquitecta Sandy Mu\u00f1oz, directora ejecutiva del Tren Interurbano \/ Foto Cortes\u00eda: vecinos El Capul\u00edn Aurelio S\u00e1nchez \/ La Prensa Habitantes de la colonia El Capul\u00edn, en la alcald\u00eda \u00c1lvaro Obreg\u00f3n, se manifestaron esta ma\u00f1ana en las oficinas de la Secretar\u00eda de Obras y Servicios de\u2026","rel":"","context":"En &quot;CINTILLO&quot;","block_context":{"text":"CINTILLO","link":"http:\/\/www.grieta.org.mx\/index.php\/category\/cintillo\/"},"img":{"alt_text":"Vecinos Capulin  (1)","src":"https:\/\/i0.wp.com\/oem.com.mx\/la-prensa\/img\/21838752\/1740397353\/BASE_LANDSCAPE\/1200\/Vecinos%20Capulin%20%20%281%29.webp?resize=350%2C200&ssl=1","width":350,"height":200,"srcset":"https:\/\/i0.wp.com\/oem.com.mx\/la-prensa\/img\/21838752\/1740397353\/BASE_LANDSCAPE\/1200\/Vecinos%20Capulin%20%20%281%29.webp?resize=350%2C200&ssl=1 1x, https:\/\/i0.wp.com\/oem.com.mx\/la-prensa\/img\/21838752\/1740397353\/BASE_LANDSCAPE\/1200\/Vecinos%20Capulin%20%20%281%29.webp?resize=525%2C300&ssl=1 1.5x, https:\/\/i0.wp.com\/oem.com.mx\/la-prensa\/img\/21838752\/1740397353\/BASE_LANDSCAPE\/1200\/Vecinos%20Capulin%20%20%281%29.webp?resize=700%2C400&ssl=1 2x, https:\/\/i0.wp.com\/oem.com.mx\/la-prensa\/img\/21838752\/1740397353\/BASE_LANDSCAPE\/1200\/Vecinos%20Capulin%20%20%281%29.webp?resize=1050%2C600&ssl=1 3x"},"classes":[]},{"id":9741,"url":"http:\/\/www.grieta.org.mx\/index.php\/2016\/04\/26\/oposicion-a-ampliacion-de-linea-12-del-metro\/","url_meta":{"origin":68920,"position":4},"title":"Organizaci\u00f3n contra megaproyectos en el Poniente de la Ciudad de M\u00e9xico","author":"grieta","date":"26 abril, 2016","format":false,"excerpt":"25\/04\/16. Comuneros en Cuajimalpa son golpeados por oponerse a Tren InterurbanoSomos el medio 25\/04\/16. Golpeadores revientan protesta de comuneros por la construcci\u00f3n del tren interurbano M\u00e9xico-TolucaLa Jornada 05\/04\/16. Vecinos de poniente denuncian m\u00e1s proyectos en Poniente de CDMX que se suman al tren interurbano Apia Virtual 04\/04\/16. Se oponen vecinos\u2026","rel":"","context":"En &quot;Ciudad de M\u00e9xico&quot;","block_context":{"text":"Ciudad de M\u00e9xico","link":"http:\/\/www.grieta.org.mx\/index.php\/category\/noticias-nacionales\/ciudad-de-mexico\/"},"img":{"alt_text":"","src":"https:\/\/i0.wp.com\/www.grieta.org.mx\/wp-content\/uploads\/2018\/03\/14524434_1106112876131411_958039263622046936_o.jpg?resize=350%2C200","width":350,"height":200,"srcset":"https:\/\/i0.wp.com\/www.grieta.org.mx\/wp-content\/uploads\/2018\/03\/14524434_1106112876131411_958039263622046936_o.jpg?resize=350%2C200 1x, https:\/\/i0.wp.com\/www.grieta.org.mx\/wp-content\/uploads\/2018\/03\/14524434_1106112876131411_958039263622046936_o.jpg?resize=525%2C300 1.5x, https:\/\/i0.wp.com\/www.grieta.org.mx\/wp-content\/uploads\/2018\/03\/14524434_1106112876131411_958039263622046936_o.jpg?resize=700%2C400 2x"},"classes":[]},{"id":26208,"url":"http:\/\/www.grieta.org.mx\/index.php\/2018\/09\/05\/habitantes-de-la-unidad-habitacional-villas-del-pedregal-le-ponen-el-cascabel-a-begrand-ciudad-de-mexico\/","url_meta":{"origin":68920,"position":5},"title":"Habitantes de la unidad habitacional Villas del Pedregal le ponen el cascabel a BeGrand (Ciudad de M\u00e9xico)","author":"grieta","date":"5 septiembre, 2018","format":false,"excerpt":"COLECTIVO GRIETA Al filo de las 10 de la ma\u00f1ana del 4 de septiembre, vecinos de la Unidad Villas del Pedregal realizaron una manifestaci\u00f3n rel\u00e1mpago para denunciar a la inmobiliaria BeGrand y las afectaciones que est\u00e1 teniendo ya en su vida cotidiana la megaconstrucci\u00f3n que este grupo construye en Perif\u00e9rico\u2026","rel":"","context":"En &quot;CINTILLO&quot;","block_context":{"text":"CINTILLO","link":"http:\/\/www.grieta.org.mx\/index.php\/category\/cintillo\/"},"img":{"alt_text":"","src":"https:\/\/i0.wp.com\/www.grieta.org.mx\/wp-content\/uploads\/2018\/09\/IMG-20180904-WA0113.jpg?resize=350%2C200","width":350,"height":200,"srcset":"https:\/\/i0.wp.com\/www.grieta.org.mx\/wp-content\/uploads\/2018\/09\/IMG-20180904-WA0113.jpg?resize=350%2C200 1x, https:\/\/i0.wp.com\/www.grieta.org.mx\/wp-content\/uploads\/2018\/09\/IMG-20180904-WA0113.jpg?resize=525%2C300 1.5x, https:\/\/i0.wp.com\/www.grieta.org.mx\/wp-content\/uploads\/2018\/09\/IMG-20180904-WA0113.jpg?resize=700%2C400 2x, https:\/\/i0.wp.com\/www.grieta.org.mx\/wp-content\/uploads\/2018\/09\/IMG-20180904-WA0113.jpg?resize=1050%2C600 3x"},"classes":[]}],"_links":{"self":[{"href":"http:\/\/www.grieta.org.mx\/index.php\/wp-json\/wp\/v2\/posts\/68920","targetHints":{"allow":["GET"]}}],"collection":[{"href":"http:\/\/www.grieta.org.mx\/index.php\/wp-json\/wp\/v2\/posts"}],"about":[{"href":"http:\/\/www.grieta.org.mx\/index.php\/wp-json\/wp\/v2\/types\/post"}],"author":[{"embeddable":true,"href":"http:\/\/www.grieta.org.mx\/index.php\/wp-json\/wp\/v2\/users\/2"}],"replies":[{"embeddable":true,"href":"http:\/\/www.grieta.org.mx\/index.php\/wp-json\/wp\/v2\/comments?post=68920"}],"version-history":[{"count":1,"href":"http:\/\/www.grieta.org.mx\/index.php\/wp-json\/wp\/v2\/posts\/68920\/revisions"}],"predecessor-version":[{"id":68938,"href":"http:\/\/www.grieta.org.mx\/index.php\/wp-json\/wp\/v2\/posts\/68920\/revisions\/68938"}],"wp:featuredmedia":[{"embeddable":true,"href":"http:\/\/www.grieta.org.mx\/index.php\/wp-json\/wp\/v2\/media\/68921"}],"wp:attachment":[{"href":"http:\/\/www.grieta.org.mx\/index.php\/wp-json\/wp\/v2\/media?parent=68920"}],"wp:term":[{"taxonomy":"category","embeddable":true,"href":"http:\/\/www.grieta.org.mx\/index.php\/wp-json\/wp\/v2\/categories?post=68920"},{"taxonomy":"post_tag","embeddable":true,"href":"http:\/\/www.grieta.org.mx\/index.php\/wp-json\/wp\/v2\/tags?post=68920"}],"curies":[{"name":"wp","href":"https:\/\/api.w.org\/{rel}","templated":true}]}}