{"id":68898,"date":"2024-04-23T16:55:22","date_gmt":"2024-04-23T22:55:22","guid":{"rendered":"https:\/\/www.grieta.org.mx\/?p=68898"},"modified":"2024-05-10T17:05:45","modified_gmt":"2024-05-10T23:05:45","slug":"16-menores-han-desaparecido-rmj-nayarit","status":"publish","type":"post","link":"http:\/\/www.grieta.org.mx\/index.php\/2024\/04\/23\/16-menores-han-desaparecido-rmj-nayarit\/","title":{"rendered":"16 menores han desaparecido: RMJ (Nayarit)"},"content":{"rendered":"<p>Imagen: Peri\u00f3dico\u00a0 Realidades<\/p>\n<p>Durante el primer trimestre del a\u00f1o las desapariciones en el Estado contin\u00faan, principalmente de menores de edad entre 16 y 17 a\u00f1os lo cual es bastante\u00a0 preocupante.<\/p>\n<p>Mildra Ben\u00edtez Robledo \/ Peri\u00f3dico Realidades<\/p>\n<p>Tepic, Nayarit; martes, 23 de abril del 2024.- As\u00ed lo se\u00f1al\u00f3 la presidente de la asociaci\u00f3n de familiares de desaparecidos \u201cPor Nuestros Corazones\u201d, Rosa Mar\u00eda Jara,\u00a0 quien dijo que en lo que va del a\u00f1o, tienen registradas 16 v\u00edctimas de desaparici\u00f3n y lo peor es que hay muy poca informaci\u00f3n sobre las mismas, dado que los menores salen de sus casas sin avisar a donde o con quien van y simplemente no regresan.<\/p>\n<p>Consideran que las desapariciones est\u00e1n ligadas con el crimen organizado, pues los indicios marcan que est\u00e1n reclutando a trav\u00e9s de las redes sociales, prometiendo empleo.<\/p>\n<p>Para concluir, Rosa Mar\u00eda Jara,\u00a0 a\u00f1adi\u00f3 que creen que a las ni\u00f1as las quieren para trata de personas y a los ni\u00f1os para introducirlos en las organizaciones delictivas. El foco rojo en estos momentos est\u00e1 en Bah\u00eda de Banderas, pues son de ah\u00ed el mayor n\u00famero de v\u00edctimas.<\/p>\n<p><a href=\"https:\/\/periodicorealidades.com\/index.php\/2024\/04\/22\/16-menores-han-desaparecido-rmj\/\">https:\/\/periodicorealidades.com\/index.php\/2024\/04\/22\/16-menores-han-desaparecido-rmj\/<\/a><\/p>\n","protected":false},"excerpt":{"rendered":"<p>Imagen: Peri\u00f3dico\u00a0 Realidades Durante el primer trimestre del a\u00f1o las desapariciones en el Estado contin\u00faan, principalmente de menores de edad entre 16 y 17 a\u00f1os lo cual es bastante\u00a0 preocupante. &hellip; <a href=\"http:\/\/www.grieta.org.mx\/index.php\/2024\/04\/23\/16-menores-han-desaparecido-rmj-nayarit\/\" class=\"more-link\">Leer m\u00e1s<\/a><\/p>\n","protected":false},"author":2,"featured_media":68899,"comment_status":"closed","ping_status":"closed","sticky":false,"template":"","format":"standard","meta":{"ngg_post_thumbnail":0,"_jetpack_newsletter_access":"","_jetpack_dont_email_post_to_subs":false,"_jetpack_newsletter_tier_id":0,"_jetpack_memberships_contains_paywalled_content":false,"_jetpack_memberships_contains_paid_content":false,"footnotes":""},"categories":[80,87,2267,23,2,83],"tags":[3700,3018,2520,121,4101,3775,1668,3776,1434,1433],"class_list":["post-68898","post","type-post","status-publish","format-standard","has-post-thumbnail","hentry","category-cintillo","category-desaparecidos","category-desaparecidos-en-nayarit","category-nayarit","category-noticias-nacionales","category-temas-nacionales","tag-aumento-desaparecidos","tag-colectivos-de-busqueda-de-desaparecidos","tag-crimen-organizado","tag-desaparecidos","tag-desaparicion-de-menores","tag-estadisticas-de-desaparecidos","tag-familiares-de-desaparecidos","tag-la-ninez-en-la-tormenta-capitalista","tag-ninas-desaparecidas","tag-ninos-desaparecidos","entry"],"jetpack_featured_media_url":"http:\/\/www.grieta.org.mx\/wp-content\/uploads\/2024\/05\/Rosa-maria-2.jpg","jetpack_sharing_enabled":true,"jetpack_shortlink":"https:\/\/wp.me\/p7ZJR4-hVg","jetpack_likes_enabled":false,"jetpack-related-posts":[{"id":42178,"url":"http:\/\/www.grieta.org.mx\/index.php\/2019\/12\/12\/no-aparecen-17-jovenes-nayarit\/","url_meta":{"origin":68898,"position":0},"title":"No aparecen 17 j\u00f3venes (Nayarit)","author":"grieta","date":"12 diciembre, 2019","format":false,"excerpt":"Est\u00e1n desaparecidos desde hace varios meses y sus familiares piden a las autoridades correspondientes que tomen en cuenta sus demandas y den claridad a las investigaciones Foto: Realidades de Nayarit V\u00edctor Trejo Olmos \/ Realidades de Nayarit Bah\u00eda de Banderas, Nayarit.\u00a0Jueves 12 de diciembre del 2019.- Hay al menos 17\u2026","rel":"","context":"En &quot;CINTILLO&quot;","block_context":{"text":"CINTILLO","link":"http:\/\/www.grieta.org.mx\/index.php\/category\/cintillo\/"},"img":{"alt_text":"","src":"https:\/\/i0.wp.com\/www.grieta.org.mx\/wp-content\/uploads\/2019\/12\/NO-HAY-JUSTICIA-1068x801.jpg?resize=350%2C200","width":350,"height":200,"srcset":"https:\/\/i0.wp.com\/www.grieta.org.mx\/wp-content\/uploads\/2019\/12\/NO-HAY-JUSTICIA-1068x801.jpg?resize=350%2C200 1x, https:\/\/i0.wp.com\/www.grieta.org.mx\/wp-content\/uploads\/2019\/12\/NO-HAY-JUSTICIA-1068x801.jpg?resize=525%2C300 1.5x, https:\/\/i0.wp.com\/www.grieta.org.mx\/wp-content\/uploads\/2019\/12\/NO-HAY-JUSTICIA-1068x801.jpg?resize=700%2C400 2x, https:\/\/i0.wp.com\/www.grieta.org.mx\/wp-content\/uploads\/2019\/12\/NO-HAY-JUSTICIA-1068x801.jpg?resize=1050%2C600 3x"},"classes":[]},{"id":53921,"url":"http:\/\/www.grieta.org.mx\/index.php\/2020\/10\/01\/crecen-los-levantones-nayarit\/","url_meta":{"origin":68898,"position":1},"title":"Crecen los \u201clevantones\u201d (Nayarit)","author":"grieta","date":"1 octubre, 2020","format":false,"excerpt":"Foto: Realidades de Nayarit Colectivos de familiares de desaparecidos se\u00f1alan que en el gobierno de Antonio Echevarr\u00eda Garc\u00eda sigue habiendo muchos \u201clevantones\u201d y no hay avances de parte de la Fiscal\u00eda de Nayarit a cargo de Petronilo D\u00edaz Ponce, para la localizaci\u00f3n de los desaparecidos Ver\u00f3nica Ram\u00edrez \/ Realidades de\u2026","rel":"","context":"En &quot;CINTILLO&quot;","block_context":{"text":"CINTILLO","link":"http:\/\/www.grieta.org.mx\/index.php\/category\/cintillo\/"},"img":{"alt_text":"","src":"https:\/\/i0.wp.com\/www.grieta.org.mx\/wp-content\/uploads\/2020\/10\/marcha-3.jpg?resize=350%2C200","width":350,"height":200,"srcset":"https:\/\/i0.wp.com\/www.grieta.org.mx\/wp-content\/uploads\/2020\/10\/marcha-3.jpg?resize=350%2C200 1x, https:\/\/i0.wp.com\/www.grieta.org.mx\/wp-content\/uploads\/2020\/10\/marcha-3.jpg?resize=525%2C300 1.5x, https:\/\/i0.wp.com\/www.grieta.org.mx\/wp-content\/uploads\/2020\/10\/marcha-3.jpg?resize=700%2C400 2x"},"classes":[]},{"id":56829,"url":"http:\/\/www.grieta.org.mx\/index.php\/2021\/02\/02\/ola-de-levantones-azota-a-nayarit-denuncia-colectivo-familias-unidas-por-nayarit\/","url_meta":{"origin":68898,"position":2},"title":"Ola de levantones azota a Nayarit, denuncia colectivo \u201cFamilias Unidas por Nayarit\u201d","author":"grieta","date":"2 febrero, 2021","format":false,"excerpt":"Foto: Realidades de Nayarit Tan solo en el mes de enero hubo 13 \u201clevantones\u201d; el colectivo \u201cFamilias Unidas por Nayarit\u201d teme que \u00e9stos arrecien en los \u00faltimos meses Mildra Ben\u00edtez Robledo \/ Realidades de Nayarit Tepic, Nayarit.- Martes 02 de febrero del 2021.- En lo que va del a\u00f1o en\u2026","rel":"","context":"En &quot;CINTILLO&quot;","block_context":{"text":"CINTILLO","link":"http:\/\/www.grieta.org.mx\/index.php\/category\/cintillo\/"},"img":{"alt_text":"","src":"https:\/\/i0.wp.com\/www.grieta.org.mx\/wp-content\/uploads\/2021\/02\/1-2.jpg?resize=350%2C200","width":350,"height":200,"srcset":"https:\/\/i0.wp.com\/www.grieta.org.mx\/wp-content\/uploads\/2021\/02\/1-2.jpg?resize=350%2C200 1x, https:\/\/i0.wp.com\/www.grieta.org.mx\/wp-content\/uploads\/2021\/02\/1-2.jpg?resize=525%2C300 1.5x, https:\/\/i0.wp.com\/www.grieta.org.mx\/wp-content\/uploads\/2021\/02\/1-2.jpg?resize=700%2C400 2x"},"classes":[]},{"id":62698,"url":"http:\/\/www.grieta.org.mx\/index.php\/2021\/11\/19\/en-reunion-con-comite-de-la-onu-colectivos-de-familiares-desaparecidos-revelan-deficiencias-estatal-y-nacional-nayarit\/","url_meta":{"origin":68898,"position":3},"title":"En reuni\u00f3n con Comit\u00e9 de la ONU colectivos de familiares desaparecidos revelan deficiencias estatal y nacional (Nayarit)","author":"grieta","date":"19 noviembre, 2021","format":false,"excerpt":"Foto: El Occidental Crys Ben\u00edtez \/ El Occidental Integrantes del Comit\u00e9 Contra las Desaparici\u00f3n Forzada de la Organizaci\u00f3n de las Naciones Unidades (ONU), sostuvieron una reuni\u00f3n con la Comisi\u00f3n de la Verdad, as\u00ed como con diversos colectivos de familiares desaparecidos. El objetivo fue conocer la situaci\u00f3n que se guarda en\u2026","rel":"","context":"En &quot;CINTILLO&quot;","block_context":{"text":"CINTILLO","link":"http:\/\/www.grieta.org.mx\/index.php\/category\/cintillo\/"},"img":{"alt_text":"","src":"https:\/\/i0.wp.com\/www.grieta.org.mx\/wp-content\/uploads\/2021\/11\/Vocera-del-colectivo.jpg?resize=350%2C200","width":350,"height":200,"srcset":"https:\/\/i0.wp.com\/www.grieta.org.mx\/wp-content\/uploads\/2021\/11\/Vocera-del-colectivo.jpg?resize=350%2C200 1x, https:\/\/i0.wp.com\/www.grieta.org.mx\/wp-content\/uploads\/2021\/11\/Vocera-del-colectivo.jpg?resize=525%2C300 1.5x, https:\/\/i0.wp.com\/www.grieta.org.mx\/wp-content\/uploads\/2021\/11\/Vocera-del-colectivo.jpg?resize=700%2C400 2x"},"classes":[]},{"id":70119,"url":"http:\/\/www.grieta.org.mx\/index.php\/2024\/10\/08\/misteriosa-desaparicion-de-lona-de-desaparecidos-en-tondoroque-involucrado-el-xii-ayuntamiento-nayarit\/","url_meta":{"origin":68898,"position":4},"title":"Misteriosa desaparici\u00f3n de lona de desaparecidos en Tondoroque: \u00bfInvolucrado el XII Ayuntamiento? (Nayarit)","author":"grieta","date":"8 octubre, 2024","format":false,"excerpt":"Imagen: Tribuna de la Bah\u00eda Isrrael Torres \/ Tribuna de la Bah\u00eda La desaparici\u00f3n de la mega lona que madres buscadoras colocaron el pasado 24 de septiembre en el puente peatonal de Tondoroque ha causado incertidumbre.\u00a0La lona fue retirada sin explicaci\u00f3n la ma\u00f1ana del 3 de octubre, y las dudas\u2026","rel":"","context":"En &quot;CINTILLO&quot;","block_context":{"text":"CINTILLO","link":"http:\/\/www.grieta.org.mx\/index.php\/category\/cintillo\/"},"img":{"alt_text":"","src":"https:\/\/i0.wp.com\/www.grieta.org.mx\/wp-content\/uploads\/2024\/10\/cruce-peatonal-tondoroque-905x613-1.jpeg?resize=350%2C200","width":350,"height":200,"srcset":"https:\/\/i0.wp.com\/www.grieta.org.mx\/wp-content\/uploads\/2024\/10\/cruce-peatonal-tondoroque-905x613-1.jpeg?resize=350%2C200 1x, https:\/\/i0.wp.com\/www.grieta.org.mx\/wp-content\/uploads\/2024\/10\/cruce-peatonal-tondoroque-905x613-1.jpeg?resize=525%2C300 1.5x, https:\/\/i0.wp.com\/www.grieta.org.mx\/wp-content\/uploads\/2024\/10\/cruce-peatonal-tondoroque-905x613-1.jpeg?resize=700%2C400 2x"},"classes":[]},{"id":49978,"url":"http:\/\/www.grieta.org.mx\/index.php\/2020\/05\/24\/colectivo-de-familias-unidas-localizo-una-nueva-narcofosa-nayarit\/","url_meta":{"origin":68898,"position":5},"title":"Colectivo de Familias Unidas localiz\u00f3 una nueva narcofosa (Nayarit)","author":"grieta","date":"24 mayo, 2020","format":false,"excerpt":"Foto: Realidades de Nayarit Wilfrido Elenes Luna \/ Realidades de Nayarit Tepic, Nayarit.- Domingo 24 de mayo del 2020.- Mientras la unidad de b\u00fasqueda canina, de la Polic\u00eda Estatal Preventiva duerme el sue\u00f1o de los justos y solo sirve para hacer gastos injustificables y los Agentes Investigadores de la misma\u2026","rel":"","context":"En &quot;CINTILLO&quot;","block_context":{"text":"CINTILLO","link":"http:\/\/www.grieta.org.mx\/index.php\/category\/cintillo\/"},"img":{"alt_text":"","src":"https:\/\/i0.wp.com\/www.grieta.org.mx\/wp-content\/uploads\/2020\/05\/fosas.jpg?resize=350%2C200","width":350,"height":200,"srcset":"https:\/\/i0.wp.com\/www.grieta.org.mx\/wp-content\/uploads\/2020\/05\/fosas.jpg?resize=350%2C200 1x, https:\/\/i0.wp.com\/www.grieta.org.mx\/wp-content\/uploads\/2020\/05\/fosas.jpg?resize=525%2C300 1.5x, https:\/\/i0.wp.com\/www.grieta.org.mx\/wp-content\/uploads\/2020\/05\/fosas.jpg?resize=700%2C400 2x"},"classes":[]}],"_links":{"self":[{"href":"http:\/\/www.grieta.org.mx\/index.php\/wp-json\/wp\/v2\/posts\/68898","targetHints":{"allow":["GET"]}}],"collection":[{"href":"http:\/\/www.grieta.org.mx\/index.php\/wp-json\/wp\/v2\/posts"}],"about":[{"href":"http:\/\/www.grieta.org.mx\/index.php\/wp-json\/wp\/v2\/types\/post"}],"author":[{"embeddable":true,"href":"http:\/\/www.grieta.org.mx\/index.php\/wp-json\/wp\/v2\/users\/2"}],"replies":[{"embeddable":true,"href":"http:\/\/www.grieta.org.mx\/index.php\/wp-json\/wp\/v2\/comments?post=68898"}],"version-history":[{"count":1,"href":"http:\/\/www.grieta.org.mx\/index.php\/wp-json\/wp\/v2\/posts\/68898\/revisions"}],"predecessor-version":[{"id":68900,"href":"http:\/\/www.grieta.org.mx\/index.php\/wp-json\/wp\/v2\/posts\/68898\/revisions\/68900"}],"wp:featuredmedia":[{"embeddable":true,"href":"http:\/\/www.grieta.org.mx\/index.php\/wp-json\/wp\/v2\/media\/68899"}],"wp:attachment":[{"href":"http:\/\/www.grieta.org.mx\/index.php\/wp-json\/wp\/v2\/media?parent=68898"}],"wp:term":[{"taxonomy":"category","embeddable":true,"href":"http:\/\/www.grieta.org.mx\/index.php\/wp-json\/wp\/v2\/categories?post=68898"},{"taxonomy":"post_tag","embeddable":true,"href":"http:\/\/www.grieta.org.mx\/index.php\/wp-json\/wp\/v2\/tags?post=68898"}],"curies":[{"name":"wp","href":"https:\/\/api.w.org\/{rel}","templated":true}]}}