{"id":6884,"date":"2015-10-14T03:25:56","date_gmt":"2015-10-14T03:25:56","guid":{"rendered":"http:\/\/50.22.11.12\/~grietaor\/?p=6884"},"modified":"2016-03-29T03:35:20","modified_gmt":"2016-03-29T03:35:20","slug":"incendian-automovil-de-periodista-en-irapuato-recibio-amenazas-previas","status":"publish","type":"post","link":"http:\/\/www.grieta.org.mx\/index.php\/2015\/10\/14\/incendian-automovil-de-periodista-en-irapuato-recibio-amenazas-previas\/","title":{"rendered":"Incendian autom\u00f3vil de periodista en Irapuato; recibi\u00f3 amenazas previas"},"content":{"rendered":"<p>M\u00e9xico, D.F.<\/p>\n<p>El autom\u00f3vil de Gerardo Hern\u00e1ndez Morales, periodista del peri\u00f3dico Consecuencia, fue incendiado con un artefacto el s\u00e1bado 10 de octubre en Irapuato, Guanajuato.<\/p>\n<p>El reportero acudi\u00f3 ese d\u00eda a cubrir la toma de posesi\u00f3n de Ricardo Ortiz Guti\u00e9rrez como alcalde de la ciudad. Al t\u00e9rmino del evento, alrededor de las 13:00 horas, regres\u00f3 a su auto y se percat\u00f3 de los da\u00f1os. Una empleada de una farmacia cercana al lugar le dijo que su coche \u201cestaba ardiendo\u201d.<\/p>\n<p>De acuerdo con la polic\u00eda preventiva, le hab\u00eda sido plantada una \u201cbomba casera de tipo molotov\u201d debajo de su auto, lo que ocasion\u00f3 el incendio. Sin embargo, la polic\u00eda desech\u00f3 el artefacto sin esperar al peritaje. La irresponsabilidad en el manejo de las pruebas, justific\u00f3 el comandante de la polic\u00eda al periodista fue \u201cporque estaba en llamas\u201d. Posteriormente, al llegar al ministerio p\u00fablico, le confirmaron a Hern\u00e1ndez que se hab\u00eda tirado una de las pruebas, momentos m\u00e1s tarde le mostraron el artefacto incendiario limpio.<\/p>\n<p>\u201cMe estoy enfrentando a unos tipos enojados porque supuestamente perdieron las elecciones por nuestra culpa\u201d, dijo el reportero en entrevista con ARTICLE 19. En temporada electoral Hern\u00e1ndez public\u00f3 notas y memes relacionados con el uso programas sociales de la Secretaria de Desarrollo Social (Sedesol) a favor de la campa\u00f1a de Gerardo Zavala Procell, aspirante del Partido de la Revoluci\u00f3n Institucional (PRI) a la presidencia municipal de Irapuato, por lo que supone que las agresiones podr\u00edan venir de la delegada estatal de la Sedesol.<\/p>\n<p>Adem\u00e1s, en mayo de este a\u00f1o, el periodista fue amenazado en compa\u00f1\u00eda de su esposa por Julio Navarrete, hermano de la delegada de Sedesol. \u201cOye cabr\u00f3n, ya b\u00e1jale a las publicaciones en contra de mi hermana\u201d, le dijo al periodista en persona. \u201cTe vamos a dar esquina, de mi te vas a acordar\u201d.<\/p>\n<p>Loading infographic<br \/>\nAGRESIONES CONTRA LA PRENSA EN GUANAJUATO | Create column charts<\/p>\n<p>ARTICLE 19 observa en 2015 un alarmante aumento de agresiones contra la prensa en el estado de Guanajuato. Karla Janeth Silva, periodista y corresponsal en Silao, del peri\u00f3dico El Heraldo de Le\u00f3n, fue golpeada por tres hombres el jueves 4 de septiembre de 2014 en la redacci\u00f3n donde labora. \u00c9sta es la \u00fanica agresi\u00f3n documentada en la entidad el a\u00f1o pasado.<\/p>\n<p>En lo que va del a\u00f1o, ARTICLE 19 ha documentado al menos dos ataques f\u00edsicos, tres bloqueos informativos, una amenaza, un ataque cibern\u00e9tico y una detenci\u00f3n arbitraria en Guanajuato. Destaca el asesinato de Gerardo Nieto, director del semanario local El T\u00e1bano, el 26 de junio en el municipio de Comonfort.<\/p>\n<p>ARTICLE 19 exige a la Procuradur\u00eda General de Justicia del Estado de Guanajuato una pronta investigaci\u00f3n de los hechos tomando como prioritaria la l\u00ednea de investigaci\u00f3n de la labor period\u00edstica de Hern\u00e1ndez Morales. Asimismo en necesario que la FEADLE ejerza sus facultades derivada la presunta vinculaci\u00f3n de servidores p\u00fablicos. Tambi\u00e9n exhorta al Mecanismo de protecci\u00f3n de la Secretar\u00eda de Gobernaci\u00f3n y a las autoridades competentes para que adopten las medidas necesarias para que Gerardo Hern\u00e1ndez Morales pueda continuar su labor period\u00edstica sin poner en riesgo su integridad.<\/p>\n<p><a href=\"http:\/\/www.articulo19.org\/incendian-automovil-de-periodista-en-irapuato-recibio-amenazas-previas\/\" target=\"_blank\">www.articulo19.org\/incendian-automovil-de-periodista-en-irapuato-recibio-amenazas-previas\/<\/a><\/p>\n","protected":false},"excerpt":{"rendered":"<p>M\u00e9xico, D.F. El autom\u00f3vil de Gerardo Hern\u00e1ndez Morales, periodista del peri\u00f3dico Consecuencia, fue incendiado con un artefacto el s\u00e1bado 10 de octubre en Irapuato, Guanajuato. El reportero acudi\u00f3 ese d\u00eda &hellip; <a href=\"http:\/\/www.grieta.org.mx\/index.php\/2015\/10\/14\/incendian-automovil-de-periodista-en-irapuato-recibio-amenazas-previas\/\" class=\"more-link\">Leer m\u00e1s<\/a><\/p>\n","protected":false},"author":2,"featured_media":21928,"comment_status":"closed","ping_status":"open","sticky":false,"template":"","format":"standard","meta":{"ngg_post_thumbnail":0,"_jetpack_newsletter_access":"","_jetpack_dont_email_post_to_subs":false,"_jetpack_newsletter_tier_id":0,"_jetpack_memberships_contains_paywalled_content":false,"_jetpack_memberships_contains_paid_content":false,"footnotes":""},"categories":[80],"tags":[],"class_list":["post-6884","post","type-post","status-publish","format-standard","has-post-thumbnail","hentry","category-cintillo","entry"],"jetpack_featured_media_url":"http:\/\/www.grieta.org.mx\/wp-content\/uploads\/2018\/03\/14524434_1106112876131411_958039263622046936_o.jpg","jetpack_sharing_enabled":true,"jetpack_shortlink":"https:\/\/wp.me\/p7ZJR4-1N2","jetpack_likes_enabled":false,"jetpack-related-posts":[{"id":7251,"url":"http:\/\/www.grieta.org.mx\/index.php\/2016\/07\/26\/violencia-contra-periodistas-en-guanajuato\/","url_meta":{"origin":6884,"position":0},"title":"Violencia contra periodistas en Guanajuato","author":"grieta","date":"26 julio, 2016","format":false,"excerpt":"26\/07\/2016. Denunciar\u00e1n a juez que redujo pena al agresor de reportera de SilaoLa Jornada 16\/06\/2016. Exigen a alcalde panista frenar ataques contra comunicadoras de Gto.Proceso 14\/10\/2015. Incendian autom\u00f3vil de periodista en Irapuato; recibi\u00f3 amenazas previasArt\u00edculo 19 04\/09\/2015. A un a\u00f1o de la agresi\u00f3n a la periodista Karla Silva, entregan a\u2026","rel":"","context":"En &quot;Guanajuato&quot;","block_context":{"text":"Guanajuato","link":"http:\/\/www.grieta.org.mx\/index.php\/category\/noticias-nacionales\/guanajuato\/"},"img":{"alt_text":"","src":"https:\/\/i0.wp.com\/www.grieta.org.mx\/wp-content\/uploads\/2018\/03\/14524434_1106112876131411_958039263622046936_o.jpg?resize=350%2C200","width":350,"height":200,"srcset":"https:\/\/i0.wp.com\/www.grieta.org.mx\/wp-content\/uploads\/2018\/03\/14524434_1106112876131411_958039263622046936_o.jpg?resize=350%2C200 1x, https:\/\/i0.wp.com\/www.grieta.org.mx\/wp-content\/uploads\/2018\/03\/14524434_1106112876131411_958039263622046936_o.jpg?resize=525%2C300 1.5x, https:\/\/i0.wp.com\/www.grieta.org.mx\/wp-content\/uploads\/2018\/03\/14524434_1106112876131411_958039263622046936_o.jpg?resize=700%2C400 2x"},"classes":[]},{"id":33184,"url":"http:\/\/www.grieta.org.mx\/index.php\/2019\/04\/29\/sujetos-armados-persiguen-a-la-periodista-alicia-blanco-en-cosamaloapan-veracruz\/","url_meta":{"origin":6884,"position":1},"title":"Sujetos armados persiguen a la periodista Alicia Blanco, en Cosamaloapan, Veracruz","author":"grieta","date":"29 abril, 2019","format":false,"excerpt":"Redacci\u00f3n \/ Somoselmedio Art\u00edculo 19 inform\u00f3 que la periodista fue seguida por un grupo de sujetos armados, a bordo de un autom\u00f3vil al salir de una audiencia legal en Cosamaloapan, Veracruz el 23 de abril de 2019. Alicia Blanco narr\u00f3 que el martes 23 acudi\u00f3 a una diligencia legal en\u2026","rel":"","context":"En &quot;CINTILLO&quot;","block_context":{"text":"CINTILLO","link":"http:\/\/www.grieta.org.mx\/index.php\/category\/cintillo\/"},"img":{"alt_text":"","src":"https:\/\/i0.wp.com\/www.grieta.org.mx\/wp-content\/uploads\/2019\/05\/direct-11.jpg?resize=350%2C200","width":350,"height":200,"srcset":"https:\/\/i0.wp.com\/www.grieta.org.mx\/wp-content\/uploads\/2019\/05\/direct-11.jpg?resize=350%2C200 1x, https:\/\/i0.wp.com\/www.grieta.org.mx\/wp-content\/uploads\/2019\/05\/direct-11.jpg?resize=525%2C300 1.5x, https:\/\/i0.wp.com\/www.grieta.org.mx\/wp-content\/uploads\/2019\/05\/direct-11.jpg?resize=700%2C400 2x"},"classes":[]},{"id":67854,"url":"http:\/\/www.grieta.org.mx\/index.php\/2023\/09\/18\/buscadoras-acuden-a-hallazgo-de-fosa-y-policia-de-irapuato-responde-con-detencion-y-amenazas-guanajuato\/","url_meta":{"origin":6884,"position":2},"title":"Buscadoras acuden a hallazgo de fosa y Polic\u00eda de Irapuato responde con detenci\u00f3n y amenazas (Guanajuato)","author":"grieta","date":"18 septiembre, 2023","format":false,"excerpt":"Imagen: Zona Docs \u201cTe faltan unos buenos putazos\u201d fue la amenaza de preventivos municipales a Karla Mart\u00ednez, integrante de la Brigada Independiente al llegar a una fosa resguardada por la corporaci\u00f3n en la comunidad El Conejo Edith Dom\u00ednguez \/ Zona Docs Guanajuato se ha convertido en el estado m\u00e1s violento\u2026","rel":"","context":"En &quot;CINTILLO&quot;","block_context":{"text":"CINTILLO","link":"http:\/\/www.grieta.org.mx\/index.php\/category\/cintillo\/"},"img":{"alt_text":"","src":"https:\/\/i0.wp.com\/www.grieta.org.mx\/wp-content\/uploads\/2023\/10\/PORTADA_POP-LAB_AGRESIONES-BUSCADORAS-GUANAJUATO-1068x391-1.png?resize=350%2C200","width":350,"height":200,"srcset":"https:\/\/i0.wp.com\/www.grieta.org.mx\/wp-content\/uploads\/2023\/10\/PORTADA_POP-LAB_AGRESIONES-BUSCADORAS-GUANAJUATO-1068x391-1.png?resize=350%2C200 1x, https:\/\/i0.wp.com\/www.grieta.org.mx\/wp-content\/uploads\/2023\/10\/PORTADA_POP-LAB_AGRESIONES-BUSCADORAS-GUANAJUATO-1068x391-1.png?resize=525%2C300 1.5x, https:\/\/i0.wp.com\/www.grieta.org.mx\/wp-content\/uploads\/2023\/10\/PORTADA_POP-LAB_AGRESIONES-BUSCADORAS-GUANAJUATO-1068x391-1.png?resize=700%2C400 2x, https:\/\/i0.wp.com\/www.grieta.org.mx\/wp-content\/uploads\/2023\/10\/PORTADA_POP-LAB_AGRESIONES-BUSCADORAS-GUANAJUATO-1068x391-1.png?resize=1050%2C600 3x"},"classes":[]},{"id":69934,"url":"http:\/\/www.grieta.org.mx\/index.php\/2024\/09\/23\/subanla-periodista-denuncia-agresion-fisica-de-policias-en-colima\/","url_meta":{"origin":6884,"position":3},"title":"\u201c\u00a1S\u00fabanla!\u201d: periodista denuncia agresi\u00f3n f\u00edsica de polic\u00edas en Colima","author":"grieta","date":"23 septiembre, 2024","format":false,"excerpt":"Imagen: Diario Avanzada Redacci\u00f3n \/ Diario Avanzada Colima, M\u00e9xico, Avanzada (23\/09\/2024).- \u00c1ngeles \u00c1valos, reportera de \u201cnota roja\u201d con m\u00e1s de una d\u00e9cada cubriendo la fuente policiaca en Colima, fue agredida por elementos policiales cuando regresaba a su casa tras comprar cigarros la noche de ayer. En un video que comparti\u00f3\u2026","rel":"","context":"En &quot;CINTILLO&quot;","block_context":{"text":"CINTILLO","link":"http:\/\/www.grieta.org.mx\/index.php\/category\/cintillo\/"},"img":{"alt_text":"","src":"https:\/\/i0.wp.com\/www.grieta.org.mx\/wp-content\/uploads\/2024\/10\/img_4656-1.jpg?resize=350%2C200","width":350,"height":200,"srcset":"https:\/\/i0.wp.com\/www.grieta.org.mx\/wp-content\/uploads\/2024\/10\/img_4656-1.jpg?resize=350%2C200 1x, https:\/\/i0.wp.com\/www.grieta.org.mx\/wp-content\/uploads\/2024\/10\/img_4656-1.jpg?resize=525%2C300 1.5x, https:\/\/i0.wp.com\/www.grieta.org.mx\/wp-content\/uploads\/2024\/10\/img_4656-1.jpg?resize=700%2C400 2x"},"classes":[]},{"id":37316,"url":"http:\/\/www.grieta.org.mx\/index.php\/2019\/07\/31\/mexico-es-el-pais-mas-peligroso-para-hacer-periodismo-con-rogelio-barragan-suman-ocho-comunicadores-asesinados-en-2019\/","url_meta":{"origin":6884,"position":4},"title":"M\u00e9xico es el pa\u00eds m\u00e1s peligroso para hacer periodismo: con Rogelio Barrag\u00e1n suman ocho comunicadores asesinados en 2019","author":"grieta","date":"31 julio, 2019","format":false,"excerpt":"Redacci\u00f3n\/Infobae El cuerpo del periodista Rogelio Barrag\u00e1n fue encontrado la tarde de ayer con varias lesiones en el rostro y la cabeza. El director del portal Guerrero al Instante se sum\u00f3 a las estad\u00edsticas de agresiones contra informadores y se convirti\u00f3 en el octavo comunicador asesinado a causa de sus\u2026","rel":"","context":"En &quot;CINTILLO&quot;","block_context":{"text":"CINTILLO","link":"http:\/\/www.grieta.org.mx\/index.php\/category\/cintillo\/"},"img":{"alt_text":"","src":"https:\/\/i0.wp.com\/www.grieta.org.mx\/wp-content\/uploads\/2019\/08\/1.jpg?resize=350%2C200","width":350,"height":200,"srcset":"https:\/\/i0.wp.com\/www.grieta.org.mx\/wp-content\/uploads\/2019\/08\/1.jpg?resize=350%2C200 1x, https:\/\/i0.wp.com\/www.grieta.org.mx\/wp-content\/uploads\/2019\/08\/1.jpg?resize=525%2C300 1.5x"},"classes":[]},{"id":50130,"url":"http:\/\/www.grieta.org.mx\/index.php\/2020\/05\/20\/asesinan-en-sonora-al-periodista-jorge-armenta-director-de-medios-obson\/","url_meta":{"origin":6884,"position":5},"title":"Asesinan en Sonora al periodista Jorge Armenta, director de Medios Obson","author":"grieta","date":"20 mayo, 2020","format":false,"excerpt":"CNN El periodista mexicano Jorge Armenta, director de\u00a0Medios Obson, fue asesinado este s\u00e1bado en Ciudad Obreg\u00f3n, Sonora, junto con un polic\u00eda municipal; un comandante tambi\u00e9n result\u00f3 herido, inform\u00f3 en redes sociales la Fiscal\u00eda del estado. Armenta \"ten\u00eda amenazas y estaba bajo protecci\u00f3n\" del Mecanismo de Protecci\u00f3n para Personas Defensoras de\u2026","rel":"","context":"En &quot;CINTILLO&quot;","block_context":{"text":"CINTILLO","link":"http:\/\/www.grieta.org.mx\/index.php\/category\/cintillo\/"},"img":{"alt_text":"","src":"https:\/\/i0.wp.com\/www.grieta.org.mx\/wp-content\/uploads\/2018\/03\/14524434_1106112876131411_958039263622046936_o.jpg?resize=350%2C200","width":350,"height":200,"srcset":"https:\/\/i0.wp.com\/www.grieta.org.mx\/wp-content\/uploads\/2018\/03\/14524434_1106112876131411_958039263622046936_o.jpg?resize=350%2C200 1x, https:\/\/i0.wp.com\/www.grieta.org.mx\/wp-content\/uploads\/2018\/03\/14524434_1106112876131411_958039263622046936_o.jpg?resize=525%2C300 1.5x, https:\/\/i0.wp.com\/www.grieta.org.mx\/wp-content\/uploads\/2018\/03\/14524434_1106112876131411_958039263622046936_o.jpg?resize=700%2C400 2x"},"classes":[]}],"_links":{"self":[{"href":"http:\/\/www.grieta.org.mx\/index.php\/wp-json\/wp\/v2\/posts\/6884","targetHints":{"allow":["GET"]}}],"collection":[{"href":"http:\/\/www.grieta.org.mx\/index.php\/wp-json\/wp\/v2\/posts"}],"about":[{"href":"http:\/\/www.grieta.org.mx\/index.php\/wp-json\/wp\/v2\/types\/post"}],"author":[{"embeddable":true,"href":"http:\/\/www.grieta.org.mx\/index.php\/wp-json\/wp\/v2\/users\/2"}],"replies":[{"embeddable":true,"href":"http:\/\/www.grieta.org.mx\/index.php\/wp-json\/wp\/v2\/comments?post=6884"}],"version-history":[{"count":1,"href":"http:\/\/www.grieta.org.mx\/index.php\/wp-json\/wp\/v2\/posts\/6884\/revisions"}],"predecessor-version":[{"id":6892,"href":"http:\/\/www.grieta.org.mx\/index.php\/wp-json\/wp\/v2\/posts\/6884\/revisions\/6892"}],"wp:featuredmedia":[{"embeddable":true,"href":"http:\/\/www.grieta.org.mx\/index.php\/wp-json\/wp\/v2\/media\/21928"}],"wp:attachment":[{"href":"http:\/\/www.grieta.org.mx\/index.php\/wp-json\/wp\/v2\/media?parent=6884"}],"wp:term":[{"taxonomy":"category","embeddable":true,"href":"http:\/\/www.grieta.org.mx\/index.php\/wp-json\/wp\/v2\/categories?post=6884"},{"taxonomy":"post_tag","embeddable":true,"href":"http:\/\/www.grieta.org.mx\/index.php\/wp-json\/wp\/v2\/tags?post=6884"}],"curies":[{"name":"wp","href":"https:\/\/api.w.org\/{rel}","templated":true}]}}