{"id":68834,"date":"2024-04-23T00:00:38","date_gmt":"2024-04-23T06:00:38","guid":{"rendered":"https:\/\/www.grieta.org.mx\/?p=68834"},"modified":"2024-04-25T12:13:41","modified_gmt":"2024-04-25T18:13:41","slug":"gobierno-de-la-ciudad-de-mexico-hostiga-a-la-comunidad-otomi-en-la-ciudad-de-mexico","status":"publish","type":"post","link":"http:\/\/www.grieta.org.mx\/index.php\/2024\/04\/23\/gobierno-de-la-ciudad-de-mexico-hostiga-a-la-comunidad-otomi-en-la-ciudad-de-mexico\/","title":{"rendered":"Gobierno de la Ciudad de M\u00e9xico hostiga a la Comunidad Otom\u00ed en la Ciudad de M\u00e9xico"},"content":{"rendered":"<div id=\"magicdomid7\" class=\"ace-line\" aria-live=\"assertive\"><strong><span class=\"author-a-t1sz74zz83zz71zz84z6z75ztz79zz72zz73zd5z68z\">Colectivo Grieta<\/span><\/strong><\/div>\n<div id=\"magicdomid8\" class=\"ace-line\" aria-live=\"assertive\"><span class=\"author-a-t1sz74zz83zz71zz84z6z75ztz79zz72zz73zd5z68z\">Jueves 18 de abril 2024<\/span><\/div>\n<div id=\"magicdomid9\" class=\"ace-line\" aria-live=\"assertive\"><\/div>\n<div id=\"magicdomid10\" class=\"ace-line\" aria-live=\"assertive\"><span class=\"author-a-7qz122zz80zz68z99z83zkmkwjhcz72z\">Ciudad de M\u00e9xico.-\u00a0<\/span><span class=\"author-a-t1sz74zz83zz71zz84z6z75ztz79zz72zz73zd5z68z\">El pasado viernes 11 de abril de 2024, la Comisi\u00f3n Federal de Electricidad cort\u00f3 la luz a la Casa de los Pueblos y Comunidades Ind\u00edgenas Samir Flores Soberanes. El gobierno de la Ciudad de M\u00e9xico ha realizado tres cortes de luz previos a\u00a0<\/span><span class=\"author-a-ez87zz80zz82zu0pz74zz75z5wz69zrz81z0b\">\u00e9ste<\/span><span class=\"author-a-t1sz74zz83zz71zz84z6z75ztz79zz72zz73zd5z68z\">, con la esperanza de que la comunidad Otom\u00ed abandone las instalaciones tomadas\u00a0<\/span><span class=\"author-a-kdz88zgdvz77z3bz65zyz88znz84zmz65z\">del que\u00a0<\/span><span class=\"author-a-t1sz74zz83zz71zz84z6z75ztz79zz72zz73zd5z68z\">antes<\/span><span class=\"author-a-kdz88zgdvz77z3bz65zyz88znz84zmz65z\">\u00a0fuera el<\/span><span class=\"author-a-t1sz74zz83zz71zz84z6z75ztz79zz72zz73zd5z68z\">\u00a0Instituto Nacional de los Pueblos Ind\u00edgenas<\/span><span class=\"author-a-kdz88zgdvz77z3bz65zyz88znz84zmz65z\">\u00a0(INPI)<\/span><span class=\"author-a-t1sz74zz83zz71zz84z6z75ztz79zz72zz73zd5z68z\">. En esta ocasi\u00f3n el corte de luz se realiz\u00f3 a distancia, para que la comunidad no pudiera hacer nada<\/span><span class=\"author-a-kdz88zgdvz77z3bz65zyz88znz84zmz65z\">\u00a0al respecto<\/span><span class=\"author-a-t1sz74zz83zz71zz84z6z75ztz79zz72zz73zd5z68z\">.\u00a0<\/span><\/div>\n<div id=\"magicdomid11\" class=\"ace-line\" aria-live=\"assertive\"><span class=\"author-a-t1sz74zz83zz71zz84z6z75ztz79zz72zz73zd5z68z\">El corte dur\u00f3 m\u00e1s de 75 hrs. poniendo en riesgo la salud, integridad f\u00edsica de los ni\u00f1os y ni\u00f1as, mujeres y hombres de la comunidad Otom\u00ed que ocupan el edificio en demanda de soluci\u00f3n a su problema de vivienda. Como la CFE y el gobierno no respond\u00edan a los llamados y comunicaciones de la comunidad para solucionar el problema de la luz, y como por respuesta les daban largas y expresiones de desprecio; la comunidad decidi\u00f3 hacerse escuchar cerrando la Av. M\u00e9xico Coyoac\u00e1n desde las 6:00 am del lunes 15 de abril. Las autoridades no dieron soluci\u00f3n al asunto hasta que la comunidad Otom\u00ed decidi\u00f3 retener camiones de empresas privadas (Red Cola, Fedex, Bimbo). Los camiones no fueron tocados ni violentados, s\u00f3lo retenidos. Pero\u00a0<\/span><span class=\"author-a-kdz88zgdvz77z3bz65zyz88znz84zmz65z\">seg\u00fan informan, solo as\u00ed\u00a0<\/span><span class=\"author-a-t1sz74zz83zz71zz84z6z75ztz79zz72zz73zd5z68z\">dio respuesta inmediata<\/span><span class=\"author-a-kdz88zgdvz77z3bz65zyz88znz84zmz65z\">\u00a0el gobierno y<\/span><span class=\"author-a-t1sz74zz83zz71zz84z6z75ztz79zz72zz73zd5z68z\">\u00a0se empez\u00f3 a mover para arreglar el problema<\/span><span class=\"author-a-kdz88zgdvz77z3bz65zyz88znz84zmz65z\">\u00a0una vez que se afecto a las empresas privadas<\/span><span class=\"author-a-t1sz74zz83zz71zz84z6z75ztz79zz72zz73zd5z68z\">. La luz fue finalmente reconectada hacia las cinco de la tarde, despu\u00e9s de que una comisi\u00f3n de t\u00e9cnicos de la CFE entr\u00f3 al inmueble a arreglar el problema.\u00a0<\/span><\/div>\n<div id=\"magicdomid12\" class=\"ace-line\" aria-live=\"assertive\"><span class=\"author-a-t1sz74zz83zz71zz84z6z75ztz79zz72zz73zd5z68z\">La comunidad Otom\u00ed lleva tres a\u00f1os de ocupaci\u00f3n en ese inmueble del barrio de Xoco, pero m\u00e1s de 25 a\u00f1os de lucha.\u00a0<\/span><\/div>\n<div id=\"magicdomid13\" class=\"ace-line\" aria-live=\"assertive\"><span class=\"author-a-t1sz74zz83zz71zz84z6z75ztz79zz72zz73zd5z68z\">El gobierno de la CDMX ha sido negligente y los ha despreciado. Los compa\u00f1eros de la comunidad contaron c\u00f3mo el gobierno abandon\u00f3 las mesas de di\u00e1logo que ten\u00edan desde octubre de 2023 hasta febrero de 2024. Los representantes del gobierno de la CDMX se retiraron de forma unilateral sin dar explicaciones y no volvieron a dar respuesta ni comunicaci\u00f3n. Tambi\u00e9n contaron como Mart\u00ed Batres se hab\u00eda reunido con representantes de la comunidad antes de ser gobierno y les hab\u00eda dado su palabra de que iba a dar soluci\u00f3n. Ahora que es jefe de gobierno ni siquiera les ha querido dar la cara. Mientras que Adelfo Regino (Director general del INPI) no se ha vuelto a acercar para intentar dar soluci\u00f3n\u00a0<\/span><span class=\"author-a-kdz88zgdvz77z3bz65zyz88znz84zmz65z\">al conflicto\u00a0<\/span><span class=\"author-a-t1sz74zz83zz71zz84z6z75ztz79zz72zz73zd5z68z\">desde hace tres a\u00f1os y medio. La comunidad denunci\u00f3 que Adelfo Regino tiene presupuesto asignado para el mantenimiento del edificio, pero que se ha comportado de forma negligente, permitiendo el corte de luz en repetidas ocasiones. Lo cual, adem\u00e1s de atentar en contra de la salud y la integridad f\u00edsica de los integrantes de la comunidad, entre quienes hay muchos menores de edad y adultos mayores, pone en riesgo un acervo de arte de los pueblos originarios que est\u00e1 alojado en el edificio.<\/span><\/div>\n<div id=\"magicdomid14\" class=\"ace-line\" aria-live=\"assertive\"><\/div>\n<div id=\"magicdomid15\" class=\"ace-line\" aria-live=\"assertive\"><strong><span class=\"author-a-t1sz74zz83zz71zz84z6z75ztz79zz72zz73zd5z68z\">Un acervo de arte ind\u00edgena en riesgo<\/span><\/strong><\/div>\n<div id=\"magicdomid16\" class=\"ace-line\" aria-live=\"assertive\"><\/div>\n<div id=\"magicdomid17\" class=\"ace-line\" aria-live=\"assertive\"><span class=\"author-a-t1sz74zz83zz71zz84z6z75ztz79zz72zz73zd5z68z\">Compa\u00f1eros de la comunidad otom\u00ed denunciaron que el edificio cuenta con un acervo de m\u00e1s de 30,000 piezas de arte ind\u00edgena mexicano, centro y sur americano que requiere de condiciones muy espec\u00edficas para ser conservado, como temperatura controlada y control de plagas. La comunidad otom\u00ed se ha esforzado por hacer p\u00fablica esa situaci\u00f3n, pero el INPI ha sido negligente con el cuidado del acervo. El acervo no es p\u00fablico y ha sido esfuerzo de los miembros de la comunidad exigir su mantenimiento y las condiciones para su cuidado. Los compa\u00f1eros responsabilizaron a Adelfo Regino por el mantenimiento de dicho acervo, el cual parece no importarle en lo m\u00e1s m\u00ednimo, dijeron.<\/span><\/div>\n<div aria-live=\"assertive\"><\/div>\n<div aria-live=\"assertive\">La comunidad Otom\u00ed manifest\u00f3 su \u00e1nimo de lucha, dijeron que no se van a rendir y que seguir\u00e1n en resistencia hasta alcanzar sus metas.<\/div>\n<div aria-live=\"assertive\"><\/div>\n<div aria-live=\"assertive\"><\/div>\n<div aria-live=\"assertive\"><\/div>\n<div aria-live=\"assertive\"><\/div>\n<p><iframe loading=\"lazy\" src=\"https:\/\/w.soundcloud.com\/player\/?url=https%3A\/\/api.soundcloud.com\/tracks\/1806603663&amp;color=%23ff5500&amp;auto_play=false&amp;hide_related=false&amp;show_comments=true&amp;show_user=true&amp;show_reposts=false&amp;show_teaser=true\" width=\"100%\" height=\"166\" frameborder=\"no\" scrolling=\"no\"><\/iframe><\/p>\n<p>&nbsp;<\/p>\n<div style=\"font-size: 10px; color: #cccccc; line-break: anywhere; word-break: normal; overflow: hidden; white-space: nowrap; text-overflow: ellipsis; font-family: Interstate,Lucida Grande,Lucida Sans Unicode,Lucida Sans,Garuda,Verdana,Tahoma,sans-serif; font-weight: 100;\"><a style=\"color: #cccccc; text-decoration: none;\" title=\"Luis Flores\" href=\"https:\/\/soundcloud.com\/luis-flores-622375975\" target=\"_blank\" rel=\"noopener\">Luis Flores<\/a> \u00b7 <a style=\"color: #cccccc; text-decoration: none;\" title=\"INPI 1\" href=\"https:\/\/soundcloud.com\/luis-flores-622375975\/inpi-1\" target=\"_blank\" rel=\"noopener\">INPI 1<\/a><\/div>\n<p><iframe loading=\"lazy\" src=\"https:\/\/w.soundcloud.com\/player\/?url=https%3A\/\/api.soundcloud.com\/tracks\/1806603660&amp;color=%23ff5500&amp;auto_play=false&amp;hide_related=false&amp;show_comments=true&amp;show_user=true&amp;show_reposts=false&amp;show_teaser=true\" width=\"100%\" height=\"166\" frameborder=\"no\" scrolling=\"no\"><\/iframe><\/p>\n<div style=\"font-size: 10px; color: #cccccc; line-break: anywhere; word-break: normal; overflow: hidden; white-space: nowrap; text-overflow: ellipsis; font-family: Interstate,Lucida Grande,Lucida Sans Unicode,Lucida Sans,Garuda,Verdana,Tahoma,sans-serif; font-weight: 100;\"><a style=\"color: #cccccc; text-decoration: none;\" title=\"Luis Flores\" href=\"https:\/\/soundcloud.com\/luis-flores-622375975\" target=\"_blank\" rel=\"noopener\">Luis Flores<\/a> \u00b7 <a style=\"color: #cccccc; text-decoration: none;\" title=\"INPI 2\" href=\"https:\/\/soundcloud.com\/luis-flores-622375975\/inpi-2\" target=\"_blank\" rel=\"noopener\">INPI 2<\/a><\/div>\n<p><iframe loading=\"lazy\" src=\"https:\/\/w.soundcloud.com\/player\/?url=https%3A\/\/api.soundcloud.com\/tracks\/1806603654&amp;color=%23ff5500&amp;auto_play=false&amp;hide_related=false&amp;show_comments=true&amp;show_user=true&amp;show_reposts=false&amp;show_teaser=true\" width=\"100%\" height=\"166\" frameborder=\"no\" scrolling=\"no\"><\/iframe><\/p>\n<div style=\"font-size: 10px; color: #cccccc; line-break: anywhere; word-break: normal; overflow: hidden; white-space: nowrap; text-overflow: ellipsis; font-family: Interstate,Lucida Grande,Lucida Sans Unicode,Lucida Sans,Garuda,Verdana,Tahoma,sans-serif; font-weight: 100;\"><a style=\"color: #cccccc; text-decoration: none;\" title=\"Luis Flores\" href=\"https:\/\/soundcloud.com\/luis-flores-622375975\" target=\"_blank\" rel=\"noopener\">Luis Flores<\/a> \u00b7 <a style=\"color: #cccccc; text-decoration: none;\" title=\"INPI 3\" href=\"https:\/\/soundcloud.com\/luis-flores-622375975\/inpi-3\" target=\"_blank\" rel=\"noopener\">INPI 3<\/a><\/div>\n<p><iframe loading=\"lazy\" src=\"https:\/\/w.soundcloud.com\/player\/?url=https%3A\/\/api.soundcloud.com\/tracks\/1806603651&amp;color=%23ff5500&amp;auto_play=false&amp;hide_related=false&amp;show_comments=true&amp;show_user=true&amp;show_reposts=false&amp;show_teaser=true\" width=\"100%\" height=\"166\" frameborder=\"no\" scrolling=\"no\"><\/iframe><\/p>\n<div style=\"font-size: 10px; color: #cccccc; line-break: anywhere; word-break: normal; overflow: hidden; white-space: nowrap; text-overflow: ellipsis; font-family: Interstate,Lucida Grande,Lucida Sans Unicode,Lucida Sans,Garuda,Verdana,Tahoma,sans-serif; font-weight: 100;\"><a style=\"color: #cccccc; text-decoration: none;\" title=\"Luis Flores\" href=\"https:\/\/soundcloud.com\/luis-flores-622375975\" target=\"_blank\" rel=\"noopener\">Luis Flores<\/a> \u00b7 <a style=\"color: #cccccc; text-decoration: none;\" title=\"INPI 4\" href=\"https:\/\/soundcloud.com\/luis-flores-622375975\/inpi-4\" target=\"_blank\" rel=\"noopener\">INPI 4<\/a><\/div>\n<p><iframe loading=\"lazy\" src=\"https:\/\/w.soundcloud.com\/player\/?url=https%3A\/\/api.soundcloud.com\/tracks\/1806603645&amp;color=%23ff5500&amp;auto_play=false&amp;hide_related=false&amp;show_comments=true&amp;show_user=true&amp;show_reposts=false&amp;show_teaser=true\" width=\"100%\" height=\"166\" frameborder=\"no\" scrolling=\"no\"><\/iframe><\/p>\n<div style=\"font-size: 10px; color: #cccccc; line-break: anywhere; word-break: normal; overflow: hidden; white-space: nowrap; text-overflow: ellipsis; font-family: Interstate,Lucida Grande,Lucida Sans Unicode,Lucida Sans,Garuda,Verdana,Tahoma,sans-serif; font-weight: 100;\"><a style=\"color: #cccccc; text-decoration: none;\" title=\"Luis Flores\" href=\"https:\/\/soundcloud.com\/luis-flores-622375975\" target=\"_blank\" rel=\"noopener\">Luis Flores<\/a> \u00b7 <a style=\"color: #cccccc; text-decoration: none;\" title=\"INPI 6\" href=\"https:\/\/soundcloud.com\/luis-flores-622375975\/inpi-6\" target=\"_blank\" rel=\"noopener\">INPI 6<\/a><\/div>\n<p><iframe loading=\"lazy\" src=\"https:\/\/w.soundcloud.com\/player\/?url=https%3A\/\/api.soundcloud.com\/tracks\/1806603642&amp;color=%23ff5500&amp;auto_play=false&amp;hide_related=false&amp;show_comments=true&amp;show_user=true&amp;show_reposts=false&amp;show_teaser=true\" width=\"100%\" height=\"166\" frameborder=\"no\" scrolling=\"no\"><\/iframe><\/p>\n<div style=\"font-size: 10px; color: #cccccc; line-break: anywhere; word-break: normal; overflow: hidden; white-space: nowrap; text-overflow: ellipsis; font-family: Interstate,Lucida Grande,Lucida Sans Unicode,Lucida Sans,Garuda,Verdana,Tahoma,sans-serif; font-weight: 100;\"><a style=\"color: #cccccc; text-decoration: none;\" title=\"Luis Flores\" href=\"https:\/\/soundcloud.com\/luis-flores-622375975\" target=\"_blank\" rel=\"noopener\">Luis Flores<\/a> \u00b7 <a style=\"color: #cccccc; text-decoration: none;\" title=\"INPI 7\" href=\"https:\/\/soundcloud.com\/luis-flores-622375975\/inpi-7\" target=\"_blank\" rel=\"noopener\">INPI 7<\/a><\/div>\n<p><iframe loading=\"lazy\" src=\"https:\/\/w.soundcloud.com\/player\/?url=https%3A\/\/api.soundcloud.com\/tracks\/1806603639&amp;color=%23ff5500&amp;auto_play=false&amp;hide_related=false&amp;show_comments=true&amp;show_user=true&amp;show_reposts=false&amp;show_teaser=true\" width=\"100%\" height=\"166\" frameborder=\"no\" scrolling=\"no\"><\/iframe><\/p>\n<div style=\"font-size: 10px; color: #cccccc; line-break: anywhere; word-break: normal; overflow: hidden; white-space: nowrap; text-overflow: ellipsis; font-family: Interstate,Lucida Grande,Lucida Sans Unicode,Lucida Sans,Garuda,Verdana,Tahoma,sans-serif; font-weight: 100;\"><a style=\"color: #cccccc; text-decoration: none;\" title=\"Luis Flores\" href=\"https:\/\/soundcloud.com\/luis-flores-622375975\" target=\"_blank\" rel=\"noopener\">Luis Flores<\/a> \u00b7 <a style=\"color: #cccccc; text-decoration: none;\" title=\"INPI 8\" href=\"https:\/\/soundcloud.com\/luis-flores-622375975\/inpi-8\" target=\"_blank\" rel=\"noopener\">INPI 8<\/a><\/div>\n","protected":false},"excerpt":{"rendered":"<p>Colectivo Grieta Jueves 18 de abril 2024 Ciudad de M\u00e9xico.-\u00a0El pasado viernes 11 de abril de 2024, la Comisi\u00f3n Federal de Electricidad cort\u00f3 la luz a la Casa de los &hellip; <a href=\"http:\/\/www.grieta.org.mx\/index.php\/2024\/04\/23\/gobierno-de-la-ciudad-de-mexico-hostiga-a-la-comunidad-otomi-en-la-ciudad-de-mexico\/\" class=\"more-link\">Leer m\u00e1s<\/a><\/p>\n","protected":false},"author":2,"featured_media":68840,"comment_status":"closed","ping_status":"closed","sticky":false,"template":"","format":"standard","meta":{"ngg_post_thumbnail":0,"_jetpack_newsletter_access":"","_jetpack_dont_email_post_to_subs":false,"_jetpack_newsletter_tier_id":0,"_jetpack_memberships_contains_paywalled_content":false,"_jetpack_memberships_contains_paid_content":false,"footnotes":""},"categories":[80,1775,2,2690,3165],"tags":[4178,2691,1031],"class_list":{"0":"post-68834","1":"post","2":"type-post","3":"status-publish","4":"format-standard","5":"has-post-thumbnail","6":"hentry","7":"category-cintillo","8":"category-colectivo-grieta","9":"category-noticias-nacionales","10":"category-resistencias","12":"tag-casa-de-los-pueblos","13":"tag-comunidad-otomi","14":"tag-otomies","15":"entry"},"jetpack_featured_media_url":"http:\/\/www.grieta.org.mx\/wp-content\/uploads\/2024\/04\/photo_2024-04-25_12-07-52.jpg","jetpack_sharing_enabled":true,"jetpack_shortlink":"https:\/\/wp.me\/p7ZJR4-hUe","jetpack_likes_enabled":false,"jetpack-related-posts":[{"id":54174,"url":"http:\/\/www.grieta.org.mx\/index.php\/2020\/10\/13\/la-comunidad-otomi-de-la-ciudad-de-mexico-toma-las-instalaciones-del-inpi\/","url_meta":{"origin":68834,"position":0},"title":"La comunidad Otom\u00ed de la Ciudad de M\u00e9xico toma las instalaciones del INPI","author":"grieta","date":"13 octubre, 2020","format":false,"excerpt":"Colectivo Grieta, 12 octubre de 2020 En el marco de la \"Jornada Nacional de Movilizaci\u00f3n en Defensa de la Madre Tierra, contra la guerra al EZLN, los pueblos y comunidades Ind\u00edgenas\", compa\u00f1eras y compa\u00f1eros de la comunidad Otom\u00ed de la Ciudad de M\u00e9xico acompa\u00f1adas por diversas organizaciones sociales, tomaron las\u2026","rel":"","context":"En &quot;Alto a la Guerra contra los pueblos zapatistas&quot;","block_context":{"text":"Alto a la Guerra contra los pueblos zapatistas","link":"http:\/\/www.grieta.org.mx\/index.php\/category\/redes-de-resistencia-y-rebeldia\/contra-la-guerra-al-ezln\/"},"img":{"alt_text":"","src":"https:\/\/i0.wp.com\/www.grieta.org.mx\/wp-content\/uploads\/2020\/10\/IMG_20201012_115801.jpg?resize=350%2C200","width":350,"height":200},"classes":[]},{"id":71107,"url":"http:\/\/www.grieta.org.mx\/index.php\/2025\/02\/21\/comunidad-otomi-en-la-ciudad-de-mexico-rinde-homenaje-a-samir-flores-a-seis-anos-de-su-asesinato\/","url_meta":{"origin":68834,"position":1},"title":"Comunidad otom\u00ed en la Ciudad de M\u00e9xico rinde homenaje a Samir Flores a seis a\u00f1os de su asesinato","author":"grieta","date":"21 febrero, 2025","format":false,"excerpt":"Texto y fotograf\u00edas: Mario Marlo \/\u00a0@Mariomarlo Somos el Medio A seis a\u00f1os de su asesinato, la comunidad otom\u00ed en la\u00a0\u00a0Ciudad de M\u00e9xico\u00a0recuerda a Samir Flores como defensor de la tierra y s\u00edmbolo de resistencia. Ciudad de M\u00e9xico, 21 de febrero de 2025.-\u00a0En el sexto aniversario del asesinato de Samir Flores\u2026","rel":"","context":"En &quot;CINTILLO&quot;","block_context":{"text":"CINTILLO","link":"http:\/\/www.grieta.org.mx\/index.php\/category\/cintillo\/"},"img":{"alt_text":"","src":"https:\/\/i0.wp.com\/www.grieta.org.mx\/wp-content\/uploads\/2025\/02\/Comunidad-otomi-en-la-Ciudad-de-Mexico-rinde-homenaje-a-Samir-Flores-a-seis-anos-de-su-asesinato.jpg?resize=350%2C200","width":350,"height":200,"srcset":"https:\/\/i0.wp.com\/www.grieta.org.mx\/wp-content\/uploads\/2025\/02\/Comunidad-otomi-en-la-Ciudad-de-Mexico-rinde-homenaje-a-Samir-Flores-a-seis-anos-de-su-asesinato.jpg?resize=350%2C200 1x, https:\/\/i0.wp.com\/www.grieta.org.mx\/wp-content\/uploads\/2025\/02\/Comunidad-otomi-en-la-Ciudad-de-Mexico-rinde-homenaje-a-Samir-Flores-a-seis-anos-de-su-asesinato.jpg?resize=525%2C300 1.5x, https:\/\/i0.wp.com\/www.grieta.org.mx\/wp-content\/uploads\/2025\/02\/Comunidad-otomi-en-la-Ciudad-de-Mexico-rinde-homenaje-a-Samir-Flores-a-seis-anos-de-su-asesinato.jpg?resize=700%2C400 2x, https:\/\/i0.wp.com\/www.grieta.org.mx\/wp-content\/uploads\/2025\/02\/Comunidad-otomi-en-la-Ciudad-de-Mexico-rinde-homenaje-a-Samir-Flores-a-seis-anos-de-su-asesinato.jpg?resize=1050%2C600 3x, https:\/\/i0.wp.com\/www.grieta.org.mx\/wp-content\/uploads\/2025\/02\/Comunidad-otomi-en-la-Ciudad-de-Mexico-rinde-homenaje-a-Samir-Flores-a-seis-anos-de-su-asesinato.jpg?resize=1400%2C800 4x"},"classes":[]},{"id":55811,"url":"http:\/\/www.grieta.org.mx\/index.php\/2020\/12\/17\/represion-a-la-comunidad-otomi-en-la-ciudad-de-mexico-videos\/","url_meta":{"origin":68834,"position":2},"title":"Represi\u00f3n a la comunidad Otom\u00ed en la Ciudad de M\u00e9xico (Videos)","author":"grieta","date":"17 diciembre, 2020","format":false,"excerpt":"Colectivo Grieta Hoy, 17 de diciembre del 2020 por la ma\u00f1ana, la polic\u00eda de la Ciudad de M\u00e9xico detuvo, con abuso de fuerza, a integrantes de la comunidad Otom\u00ed, entre ellos al Concejal del CNI-CIG Filiberto Margarito, tambi\u00e9n fue detenido el asesor de la comunidad Otom\u00ed Diego Garc\u00eda y otros\u2026","rel":"","context":"En &quot;CIG&quot;","block_context":{"text":"CIG","link":"http:\/\/www.grieta.org.mx\/index.php\/category\/cig\/"},"img":{"alt_text":"","src":"https:\/\/i0.wp.com\/www.grieta.org.mx\/wp-content\/uploads\/2020\/12\/imageso.jpg?resize=350%2C200","width":350,"height":200},"classes":[]},{"id":67954,"url":"http:\/\/www.grieta.org.mx\/index.php\/2023\/10\/16\/mexico-otomis-frenan-violento-desalojo-de-la-casa-de-los-pueblos-samir-flores-cdmx\/","url_meta":{"origin":68834,"position":3},"title":"M\u00e9xico: Otom\u00eds frenan violento desalojo de la Casa de los Pueblos Samir Flores (CDMX)","author":"grieta","date":"16 octubre, 2023","format":false,"excerpt":"En portada: Conferencia de prensa en las afueras de la Casa de los Pueblos \u201cSamir Flores Soberanes\u201d. Foto: Regina L\u00f3pez Aldo Santiago \/ Avispa Midia Durante la madrugada de este lunes (16), m\u00e1s de 500 elementos del cuerpo de granaderos de la ciudad de M\u00e9xico incursionaron en los alrededores de\u2026","rel":"","context":"En &quot;Abuso policiaco y tortura en la Ciudad de M\u00e9xico&quot;","block_context":{"text":"Abuso policiaco y tortura en la Ciudad de M\u00e9xico","link":"http:\/\/www.grieta.org.mx\/index.php\/category\/noticias-nacionales\/ciudad-de-mexico\/abuso-policiaco-y-tortura-en-la-ciudad-de-mexico\/"},"img":{"alt_text":"","src":"https:\/\/i0.wp.com\/www.grieta.org.mx\/wp-content\/uploads\/2023\/10\/Mexico-Otomis-frenan-violento-desalojo-de-la-Casa-de-los-Pueblos-Samir-Flores-CDMX.jpg?resize=350%2C200","width":350,"height":200,"srcset":"https:\/\/i0.wp.com\/www.grieta.org.mx\/wp-content\/uploads\/2023\/10\/Mexico-Otomis-frenan-violento-desalojo-de-la-Casa-de-los-Pueblos-Samir-Flores-CDMX.jpg?resize=350%2C200 1x, https:\/\/i0.wp.com\/www.grieta.org.mx\/wp-content\/uploads\/2023\/10\/Mexico-Otomis-frenan-violento-desalojo-de-la-Casa-de-los-Pueblos-Samir-Flores-CDMX.jpg?resize=525%2C300 1.5x, https:\/\/i0.wp.com\/www.grieta.org.mx\/wp-content\/uploads\/2023\/10\/Mexico-Otomis-frenan-violento-desalojo-de-la-Casa-de-los-Pueblos-Samir-Flores-CDMX.jpg?resize=700%2C400 2x, https:\/\/i0.wp.com\/www.grieta.org.mx\/wp-content\/uploads\/2023\/10\/Mexico-Otomis-frenan-violento-desalojo-de-la-Casa-de-los-Pueblos-Samir-Flores-CDMX.jpg?resize=1050%2C600 3x"},"classes":[]},{"id":67944,"url":"http:\/\/www.grieta.org.mx\/index.php\/2023\/10\/16\/denuncia-del-congreso-nacional-indigena-concejo-indigena-de-gobierno-por-el-intento-de-desalojo-de-la-casa-de-los-pueblos\/","url_meta":{"origin":68834,"position":4},"title":"Denuncia del Congreso Nacional Ind\u00edgena \u2013 Concejo Ind\u00edgena de Gobierno por el Intento de Desalojo de la Casa de los Pueblos","author":"grieta","date":"16 octubre, 2023","format":false,"excerpt":"A los pueblos y gobiernos de M\u00e9xico y del mundo. A los organismos de derechos humanos. A los medios de comunicaci\u00f3n. Denunciamos que desde hace algunas horas un numeroso contingente de granaderos del gobierno de la Ciudad de M\u00e9xico est\u00e1 tratando de desalojar con violencia a la Comunidad Ind\u00edgena Otom\u00ed\u2026","rel":"","context":"En &quot;CIG&quot;","block_context":{"text":"CIG","link":"http:\/\/www.grieta.org.mx\/index.php\/category\/cig\/"},"img":{"alt_text":"","src":"https:\/\/i0.wp.com\/www.grieta.org.mx\/wp-content\/uploads\/2023\/10\/logo-CNI-T.png?resize=350%2C200","width":350,"height":200,"srcset":"https:\/\/i0.wp.com\/www.grieta.org.mx\/wp-content\/uploads\/2023\/10\/logo-CNI-T.png?resize=350%2C200 1x, https:\/\/i0.wp.com\/www.grieta.org.mx\/wp-content\/uploads\/2023\/10\/logo-CNI-T.png?resize=525%2C300 1.5x"},"classes":[]},{"id":54584,"url":"http:\/\/www.grieta.org.mx\/index.php\/2020\/10\/29\/el-dialogo-sera-con-todos-o-no-sera-conferencia-de-prensa-de-la-comunidad-otomi-en-las-instalaciones-ocupadas-del-inpi\/","url_meta":{"origin":68834,"position":5},"title":"\u201cEl di\u00e1logo ser\u00e1 con todos o no ser\u00e1\u201d: Conferencia de prensa de la comunidad otom\u00ed en las instalaciones ocupadas del INPI.","author":"grieta","date":"29 octubre, 2020","format":false,"excerpt":"A quince d\u00edas de haber ocupado de manera pac\u00edfica\u00a0 las instalaciones del Instituto Nacional de Pueblos Ind\u00edgenas (INPI), en el marco de la Jornada Nacional de Movilizaci\u00f3n en Defensa de la Madre Tierra, Contra la Guerra al EZLN, la comunidad ind\u00edgena otom\u00ed residente en la Ciudad de M\u00e9xico realiz\u00f3 una\u2026","rel":"","context":"En &quot;Alto a la Guerra contra los pueblos zapatistas&quot;","block_context":{"text":"Alto a la Guerra contra los pueblos zapatistas","link":"http:\/\/www.grieta.org.mx\/index.php\/category\/redes-de-resistencia-y-rebeldia\/contra-la-guerra-al-ezln\/"},"img":{"alt_text":"","src":"https:\/\/i0.wp.com\/www.grieta.org.mx\/wp-content\/uploads\/2020\/10\/photo_2020-10-28_23-08-34-3.jpg?resize=350%2C200","width":350,"height":200,"srcset":"https:\/\/i0.wp.com\/www.grieta.org.mx\/wp-content\/uploads\/2020\/10\/photo_2020-10-28_23-08-34-3.jpg?resize=350%2C200 1x, https:\/\/i0.wp.com\/www.grieta.org.mx\/wp-content\/uploads\/2020\/10\/photo_2020-10-28_23-08-34-3.jpg?resize=525%2C300 1.5x, https:\/\/i0.wp.com\/www.grieta.org.mx\/wp-content\/uploads\/2020\/10\/photo_2020-10-28_23-08-34-3.jpg?resize=700%2C400 2x, https:\/\/i0.wp.com\/www.grieta.org.mx\/wp-content\/uploads\/2020\/10\/photo_2020-10-28_23-08-34-3.jpg?resize=1050%2C600 3x"},"classes":[]}],"_links":{"self":[{"href":"http:\/\/www.grieta.org.mx\/index.php\/wp-json\/wp\/v2\/posts\/68834","targetHints":{"allow":["GET"]}}],"collection":[{"href":"http:\/\/www.grieta.org.mx\/index.php\/wp-json\/wp\/v2\/posts"}],"about":[{"href":"http:\/\/www.grieta.org.mx\/index.php\/wp-json\/wp\/v2\/types\/post"}],"author":[{"embeddable":true,"href":"http:\/\/www.grieta.org.mx\/index.php\/wp-json\/wp\/v2\/users\/2"}],"replies":[{"embeddable":true,"href":"http:\/\/www.grieta.org.mx\/index.php\/wp-json\/wp\/v2\/comments?post=68834"}],"version-history":[{"count":1,"href":"http:\/\/www.grieta.org.mx\/index.php\/wp-json\/wp\/v2\/posts\/68834\/revisions"}],"predecessor-version":[{"id":68841,"href":"http:\/\/www.grieta.org.mx\/index.php\/wp-json\/wp\/v2\/posts\/68834\/revisions\/68841"}],"wp:featuredmedia":[{"embeddable":true,"href":"http:\/\/www.grieta.org.mx\/index.php\/wp-json\/wp\/v2\/media\/68840"}],"wp:attachment":[{"href":"http:\/\/www.grieta.org.mx\/index.php\/wp-json\/wp\/v2\/media?parent=68834"}],"wp:term":[{"taxonomy":"category","embeddable":true,"href":"http:\/\/www.grieta.org.mx\/index.php\/wp-json\/wp\/v2\/categories?post=68834"},{"taxonomy":"post_tag","embeddable":true,"href":"http:\/\/www.grieta.org.mx\/index.php\/wp-json\/wp\/v2\/tags?post=68834"}],"curies":[{"name":"wp","href":"https:\/\/api.w.org\/{rel}","templated":true}]}}