{"id":68786,"date":"2024-04-09T11:57:35","date_gmt":"2024-04-09T17:57:35","guid":{"rendered":"https:\/\/www.grieta.org.mx\/?p=68786"},"modified":"2024-04-09T11:57:35","modified_gmt":"2024-04-09T17:57:35","slug":"campeche-huelga-en-la-uac-afecta-a-mas-de-10-mil-estudiantes","status":"publish","type":"post","link":"http:\/\/www.grieta.org.mx\/index.php\/2024\/04\/09\/campeche-huelga-en-la-uac-afecta-a-mas-de-10-mil-estudiantes\/","title":{"rendered":"Campeche: Huelga en la UAC afecta a m\u00e1s de 10 mil estudiantes"},"content":{"rendered":"<p>Ste S\u00e1nchez \/ Por Esto!<\/p>\n<p>Pese a que este lunes 8 de abril se reanudaban las clases tras el periodo vacacional de Semana Santa, que dio dos semanas de descanso a los alumnos de la Universidad Aut\u00f3noma de Campeche, m\u00e1s de 10 mil estudiantes se ver\u00e1n afectados tras suspenderse las actividades acad\u00e9micas y administrativas en las siete sedes educativas.<\/p>\n<p>Los alumnos se presentaron por la ma\u00f1ana, muchos de ellos para recibir s\u00f3lo una clase antes de ser retirados por las dos huelgas simult\u00e1neas que estallaron en la Universidad Aut\u00f3noma de Campeche (UAC) a cargo del Sindicato \u00danico de Trabajadores Administrativos de Intendencia y Similares, as\u00ed como el Sindicato \u00danico de Personal Acad\u00e9mico.<\/p>\n<p>Y es que, despu\u00e9s de 5 meses de di\u00e1logo y negociaciones, integrantes del Sindicato \u00danico de Trabajadores Administrativos de Intendencia y Similares de la Universidad Aut\u00f3noma de Campeche (SUTAISUAC) y el Sindicato \u00danico de Personal Acad\u00e9mico (SUPAUAC) se unieron al paro de labores en el que manifestaron la violaci\u00f3n a sus derechos laborales.<\/p>\n<p>Indicaron que no lograron llegar a un acuerdo con el rector de la Universidad, Jos\u00e9 Alberto Abud Flores, por lo que este lunes, en punto de las 9 de la ma\u00f1ana, cerraron de manera simb\u00f3lica el acceso principal quedando as\u00ed suspendidas todas las actividades en los diferentes centros educativos, pese a que a\u00fan se est\u00e1 en recuperaci\u00f3n por las afectaciones educativas que dej\u00f3 la pandemia.<\/p>\n<p>Horas m\u00e1s tarde del inicio del paro, desde su cuenta oficial, la Universidad Aut\u00f3noma de Campeche fij\u00f3 su postura y las autoridades se deslindaron del cierre de todos los campus y la suspensi\u00f3n de labores; se\u00f1alaron que fue decisi\u00f3n de ambos sindicatos, a quienes les externaron una invitaci\u00f3n al di\u00e1logo y a la conciliaci\u00f3n.<\/p>\n<p>En el comunicado, aseguraron que las autoridades acad\u00e9micas no se han negado al di\u00e1logo y convocaron, una vez m\u00e1s, a negociar las condiciones que han generado el estallido de la huelga; finalmente, refrendaron el respeto a la autonom\u00eda sindical y a los derechos laborales de colaboradores y empleados.<\/p>\n<p>Los manifestantes colocaron una cadena y un candado, as\u00ed como las banderas de color rojo y negro, s\u00edmbolo de los huelguistas por lo que, desde las primeras horas de este lunes, estudiantes tanto de las preparatorias como de las diferentes facultades fueron retirados.<\/p>\n<p>M\u00e1s tarde, arrib\u00f3 una decena de actuarios de los juzgados laborales para dar fe y legalidad a dicha protesta, como parte de sus derechos laborales y en la defensa de los contratos colectivos de ambas agrupaciones.<\/p>\n<p>Tambi\u00e9n, acudieron elementos de la polic\u00eda de Seguridad y Protecci\u00f3n Ciudadana quienes fueron convocados por los sindicalistas para el cuidado y vigilancia en todas las sedes; sin embargo, reiteraron que dicha protesta es de manera pac\u00edfica, por lo que no prev\u00e9n que sea necesaria la intervenci\u00f3n policiaca.<\/p>\n<p>Entre sus m\u00e1s de 20 puntos detallados en el pliego petitorio destacan la necesidad de revisar las contrataciones de nuevo ingreso de profesores que no cuentan con el perfil, que se respete el derecho al escalaf\u00f3n de los docentes que ya tiene trayectoria y derechos a acceder a m\u00e1s horas, adem\u00e1s de brindar educaci\u00f3n de calidad a los estudiantes y cubrir el pago correspondiente al fondo de pensiones.<\/p>\n<p>En tanto que, los administrativos reiteraron que cada dos a\u00f1os debe ser revisado el incremento salarial en un 4%, as\u00ed como el incremento en prestaciones del 2%, como est\u00e1 plasmado en el contrato colectivo.<\/p>\n<p>Se espera que, en los siguientes d\u00edas, el SUTAISUAC y el SUPAUAC tendr\u00e1n un di\u00e1logo con Rector\u00eda que ser\u00eda la \u00fanica manera en la que se reanudar\u00e1n las actividades acad\u00e9micas y administrativas en la Casa de Estudios, aunque los inconformes reiteraron que dicho di\u00e1logo tiene que ser a trav\u00e9s de los juzgados laborales donde se analiza el respeto a ambos contratos colectivos. <\/p>\n<p><a href=\"https:\/\/www.poresto.net\/campeche\/2024\/4\/9\/campeche-huelga-en-la-uac-afecta-mas-de-10-mil-estudiantes-429595.html\" rel=\"noopener\" target=\"_blank\">https:\/\/www.poresto.net\/campeche\/2024\/4\/9\/campeche-huelga-en-la-uac-afecta-mas-de-10-mil-estudiantes-429595.html<\/a><\/p>\n","protected":false},"excerpt":{"rendered":"<p>Ste S\u00e1nchez \/ Por Esto! Pese a que este lunes 8 de abril se reanudaban las clases tras el periodo vacacional de Semana Santa, que dio dos semanas de descanso &hellip; <a href=\"http:\/\/www.grieta.org.mx\/index.php\/2024\/04\/09\/campeche-huelga-en-la-uac-afecta-a-mas-de-10-mil-estudiantes\/\" class=\"more-link\">Leer m\u00e1s<\/a><\/p>\n","protected":false},"author":2,"featured_media":68787,"comment_status":"closed","ping_status":"closed","sticky":false,"template":"","format":"standard","meta":{"ngg_post_thumbnail":0,"_jetpack_newsletter_access":"","_jetpack_dont_email_post_to_subs":false,"_jetpack_newsletter_tier_id":0,"_jetpack_memberships_contains_paywalled_content":false,"_jetpack_memberships_contains_paid_content":false,"footnotes":""},"categories":[11,80,1040,910,2,3212,83],"tags":[2102,105,2841,104,2154],"class_list":["post-68786","post","type-post","status-publish","format-standard","has-post-thumbnail","hentry","category-campeche","category-cintillo","category-conflictos-laborales-en-campeche","category-explotacion-y-precariedad-laboral","category-noticias-nacionales","category-precariedad-laboral-en-campeche","category-temas-nacionales","tag-conflicto-laboral","tag-derechos-laborales","tag-explotacion-y-precariedad-laboral","tag-huelga","tag-huelga-universidades","entry"],"jetpack_featured_media_url":"http:\/\/www.grieta.org.mx\/wp-content\/uploads\/2024\/04\/HuelgaUac-e1712683093559.jpg","jetpack_sharing_enabled":true,"jetpack_shortlink":"https:\/\/wp.me\/p7ZJR4-hTs","jetpack_likes_enabled":false,"jetpack-related-posts":[{"id":66425,"url":"http:\/\/www.grieta.org.mx\/index.php\/2023\/03\/02\/sindicalistas-de-la-universidad-autonoma-de-campeche-amenazan-con-huelga\/","url_meta":{"origin":68786,"position":0},"title":"Sindicalistas de la Universidad Aut\u00f3noma de Campeche amenazan con huelga","author":"grieta","date":"2 marzo, 2023","format":false,"excerpt":"Lark \/News.EsEuro Al grito de \u00a1No m\u00e1s protecci\u00f3n!, y \u00a1Todos somos universitarios! Alrededor de 300 trabajadores sindicalizados se manifestaron frente a la rector\u00eda de la Universidad Aut\u00f3noma de Campeche (UAC) para exigir, entre otras cosas, que desistan del amparo obtenido contra las medidas cautelares del sindicato porque les impide continuar\u2026","rel":"","context":"En &quot;Campeche&quot;","block_context":{"text":"Campeche","link":"http:\/\/www.grieta.org.mx\/index.php\/category\/noticias-nacionales\/campeche\/"},"img":{"alt_text":"","src":"https:\/\/i0.wp.com\/www.grieta.org.mx\/wp-content\/uploads\/2023\/03\/Sindicalistas-e1678066124448.jpg?resize=350%2C200","width":350,"height":200,"srcset":"https:\/\/i0.wp.com\/www.grieta.org.mx\/wp-content\/uploads\/2023\/03\/Sindicalistas-e1678066124448.jpg?resize=350%2C200 1x, https:\/\/i0.wp.com\/www.grieta.org.mx\/wp-content\/uploads\/2023\/03\/Sindicalistas-e1678066124448.jpg?resize=525%2C300 1.5x, https:\/\/i0.wp.com\/www.grieta.org.mx\/wp-content\/uploads\/2023\/03\/Sindicalistas-e1678066124448.jpg?resize=700%2C400 2x"},"classes":[]},{"id":67148,"url":"http:\/\/www.grieta.org.mx\/index.php\/2023\/07\/04\/universidad-autonoma-de-campeche-incumple-prestaciones-a-sindicalizados\/","url_meta":{"origin":68786,"position":1},"title":"Universidad Aut\u00f3noma de Campeche incumple prestaciones a sindicalizados","author":"grieta","date":"4 julio, 2023","format":false,"excerpt":"Por Esto! A casi cuatro meses de haberse firmado el compromiso de realizar el pago de prestaciones pendientes a los trabajadores sindicalizados, la Universidad Aut\u00f3noma de Campeche (UAC) no ha dado cumplimiento a los acuerdos, ni reconocido la existencia de la figura jur\u00eddica de representaci\u00f3n del Sindicato \u00danico de Personal\u2026","rel":"","context":"En &quot;Campeche&quot;","block_context":{"text":"Campeche","link":"http:\/\/www.grieta.org.mx\/index.php\/category\/noticias-nacionales\/campeche\/"},"img":{"alt_text":"","src":"https:\/\/i0.wp.com\/www.grieta.org.mx\/wp-content\/uploads\/2023\/07\/Unacar2-e1688837799345.jpg?resize=350%2C200","width":350,"height":200,"srcset":"https:\/\/i0.wp.com\/www.grieta.org.mx\/wp-content\/uploads\/2023\/07\/Unacar2-e1688837799345.jpg?resize=350%2C200 1x, https:\/\/i0.wp.com\/www.grieta.org.mx\/wp-content\/uploads\/2023\/07\/Unacar2-e1688837799345.jpg?resize=525%2C300 1.5x, https:\/\/i0.wp.com\/www.grieta.org.mx\/wp-content\/uploads\/2023\/07\/Unacar2-e1688837799345.jpg?resize=700%2C400 2x"},"classes":[]},{"id":67383,"url":"http:\/\/www.grieta.org.mx\/index.php\/2023\/08\/03\/rectora-de-la-unacar-se-da-a-la-fuga-tras-manifestacion-de-sindicalizados-campeche\/","url_meta":{"origin":68786,"position":2},"title":"Rectora de la Unacar se da a la fuga tras manifestaci\u00f3n de sindicalizados (Campeche)","author":"grieta","date":"3 agosto, 2023","format":false,"excerpt":"Por Esto! As\u00ed huy\u00f3 la rectora de la Universidad Aut\u00f3noma del Carmen (Unacar), Sandra Martha Laff\u00f3n Leal, despu\u00e9s de que los extrabajadores cerraron los accesos a la rector\u00eda con candados y cadenas, en protesta por la falta de pago de hasta 14 quincenas Es decir, que la mayor\u00eda de los\u2026","rel":"","context":"En &quot;Campeche&quot;","block_context":{"text":"Campeche","link":"http:\/\/www.grieta.org.mx\/index.php\/category\/noticias-nacionales\/campeche\/"},"img":{"alt_text":"","src":"https:\/\/i0.wp.com\/www.grieta.org.mx\/wp-content\/uploads\/2023\/08\/Unacar-e1691365545385.jpg?resize=350%2C200","width":350,"height":200,"srcset":"https:\/\/i0.wp.com\/www.grieta.org.mx\/wp-content\/uploads\/2023\/08\/Unacar-e1691365545385.jpg?resize=350%2C200 1x, https:\/\/i0.wp.com\/www.grieta.org.mx\/wp-content\/uploads\/2023\/08\/Unacar-e1691365545385.jpg?resize=525%2C300 1.5x, https:\/\/i0.wp.com\/www.grieta.org.mx\/wp-content\/uploads\/2023\/08\/Unacar-e1691365545385.jpg?resize=700%2C400 2x"},"classes":[]},{"id":65696,"url":"http:\/\/www.grieta.org.mx\/index.php\/2022\/11\/07\/sindicalizados-de-la-universidad-autonoma-del-carmen-se-van-a-paro-indefinido-campeche\/","url_meta":{"origin":68786,"position":3},"title":"Sindicalizados de la Universidad Aut\u00f3noma del Carmen se van a paro indefinido (Campeche)","author":"grieta","date":"7 noviembre, 2022","format":false,"excerpt":"Gerardo Can \/ Por Esto! Por falta de pago de sueldos de un mes, los jubilados y pensionados sindicalizados de la Universidad Aut\u00f3noma del Carmen (Unacar), se manifestaron sobre la calle 31 y 22, adem\u00e1s de irse al paro indefinido de actividades en la m\u00e1xima casa de estudios carmelita o\u2026","rel":"","context":"En &quot;Campeche&quot;","block_context":{"text":"Campeche","link":"http:\/\/www.grieta.org.mx\/index.php\/category\/noticias-nacionales\/campeche\/"},"img":{"alt_text":"","src":"https:\/\/i0.wp.com\/www.grieta.org.mx\/wp-content\/uploads\/2022\/11\/Unacar-e1668709961820.jpg?resize=350%2C200","width":350,"height":200,"srcset":"https:\/\/i0.wp.com\/www.grieta.org.mx\/wp-content\/uploads\/2022\/11\/Unacar-e1668709961820.jpg?resize=350%2C200 1x, https:\/\/i0.wp.com\/www.grieta.org.mx\/wp-content\/uploads\/2022\/11\/Unacar-e1668709961820.jpg?resize=525%2C300 1.5x, https:\/\/i0.wp.com\/www.grieta.org.mx\/wp-content\/uploads\/2022\/11\/Unacar-e1668709961820.jpg?resize=700%2C400 2x"},"classes":[]},{"id":53143,"url":"http:\/\/www.grieta.org.mx\/index.php\/2020\/09\/08\/obreros-de-plataformas-de-la-sonda-de-campeche-inician-huelga-de-hambre\/","url_meta":{"origin":68786,"position":4},"title":"Obreros de plataformas de la Sonda de Campeche inician huelga de hambre","author":"grieta","date":"8 septiembre, 2020","format":false,"excerpt":"Rosa Santana \/ Proceso CIUDAD DEL CARMEN, Cam. (apro).- Cientos de obreros abordo de las plataformas petroleras Abkat\u00fan Alfa, Pool Alfa y N1, en la Sonda de Campeche, se declararon en huelga de hambre en protesta por el deficiente servicio de alimentaci\u00f3n que reciben de la empresa Topqual Food 365.\u2026","rel":"","context":"En &quot;Campeche&quot;","block_context":{"text":"Campeche","link":"http:\/\/www.grieta.org.mx\/index.php\/category\/noticias-nacionales\/campeche\/"},"img":{"alt_text":"","src":"https:\/\/i0.wp.com\/www.grieta.org.mx\/wp-content\/uploads\/2020\/09\/sonda-campec-he-e1599675029340.jpg?resize=350%2C200","width":350,"height":200,"srcset":"https:\/\/i0.wp.com\/www.grieta.org.mx\/wp-content\/uploads\/2020\/09\/sonda-campec-he-e1599675029340.jpg?resize=350%2C200 1x, https:\/\/i0.wp.com\/www.grieta.org.mx\/wp-content\/uploads\/2020\/09\/sonda-campec-he-e1599675029340.jpg?resize=525%2C300 1.5x, https:\/\/i0.wp.com\/www.grieta.org.mx\/wp-content\/uploads\/2020\/09\/sonda-campec-he-e1599675029340.jpg?resize=700%2C400 2x"},"classes":[]},{"id":69356,"url":"http:\/\/www.grieta.org.mx\/index.php\/2024\/07\/23\/trabajadores-de-limpieza-del-hospital-oncologico-en-campeche-exigen-pago-de-su-quincena\/","url_meta":{"origin":68786,"position":5},"title":"Trabajadores de limpieza del Hospital Oncol\u00f3gico en Campeche exigen pago de su quincena","author":"grieta","date":"23 julio, 2024","format":false,"excerpt":"Wilbert Casanova \/ Por Esto! Al menos 17 trabajadoras y trabajadores de la compa\u00f1\u00eda Ah Kim Pech no reciben el pago de su quincena tras laborar en el Hospital Oncol\u00f3gico, denunciaron las inconformes. Explicaron que la empresa termin\u00f3 su contrato con el hospital que atiende a las personas con c\u00e1ncer,\u2026","rel":"","context":"En &quot;Campeche&quot;","block_context":{"text":"Campeche","link":"http:\/\/www.grieta.org.mx\/index.php\/category\/noticias-nacionales\/campeche\/"},"img":{"alt_text":"","src":"https:\/\/i0.wp.com\/www.grieta.org.mx\/wp-content\/uploads\/2024\/07\/Hospital-e1722280675600.jpg?resize=350%2C200","width":350,"height":200,"srcset":"https:\/\/i0.wp.com\/www.grieta.org.mx\/wp-content\/uploads\/2024\/07\/Hospital-e1722280675600.jpg?resize=350%2C200 1x, https:\/\/i0.wp.com\/www.grieta.org.mx\/wp-content\/uploads\/2024\/07\/Hospital-e1722280675600.jpg?resize=525%2C300 1.5x, https:\/\/i0.wp.com\/www.grieta.org.mx\/wp-content\/uploads\/2024\/07\/Hospital-e1722280675600.jpg?resize=700%2C400 2x"},"classes":[]}],"_links":{"self":[{"href":"http:\/\/www.grieta.org.mx\/index.php\/wp-json\/wp\/v2\/posts\/68786","targetHints":{"allow":["GET"]}}],"collection":[{"href":"http:\/\/www.grieta.org.mx\/index.php\/wp-json\/wp\/v2\/posts"}],"about":[{"href":"http:\/\/www.grieta.org.mx\/index.php\/wp-json\/wp\/v2\/types\/post"}],"author":[{"embeddable":true,"href":"http:\/\/www.grieta.org.mx\/index.php\/wp-json\/wp\/v2\/users\/2"}],"replies":[{"embeddable":true,"href":"http:\/\/www.grieta.org.mx\/index.php\/wp-json\/wp\/v2\/comments?post=68786"}],"version-history":[{"count":1,"href":"http:\/\/www.grieta.org.mx\/index.php\/wp-json\/wp\/v2\/posts\/68786\/revisions"}],"predecessor-version":[{"id":68788,"href":"http:\/\/www.grieta.org.mx\/index.php\/wp-json\/wp\/v2\/posts\/68786\/revisions\/68788"}],"wp:featuredmedia":[{"embeddable":true,"href":"http:\/\/www.grieta.org.mx\/index.php\/wp-json\/wp\/v2\/media\/68787"}],"wp:attachment":[{"href":"http:\/\/www.grieta.org.mx\/index.php\/wp-json\/wp\/v2\/media?parent=68786"}],"wp:term":[{"taxonomy":"category","embeddable":true,"href":"http:\/\/www.grieta.org.mx\/index.php\/wp-json\/wp\/v2\/categories?post=68786"},{"taxonomy":"post_tag","embeddable":true,"href":"http:\/\/www.grieta.org.mx\/index.php\/wp-json\/wp\/v2\/tags?post=68786"}],"curies":[{"name":"wp","href":"https:\/\/api.w.org\/{rel}","templated":true}]}}