{"id":68736,"date":"2024-03-19T12:55:20","date_gmt":"2024-03-19T18:55:20","guid":{"rendered":"https:\/\/www.grieta.org.mx\/?p=68736"},"modified":"2024-04-03T13:12:34","modified_gmt":"2024-04-03T19:12:34","slug":"advierten-maestros-de-quintana-roo-paro-de-labores","status":"publish","type":"post","link":"http:\/\/www.grieta.org.mx\/index.php\/2024\/03\/19\/advierten-maestros-de-quintana-roo-paro-de-labores\/","title":{"rendered":"Advierten maestros de Quintana Roo paro de labores"},"content":{"rendered":"<p>Manuel S\u00e1nchez \/ Quadrat\u00edn Quintana Roo<\/p>\n<p>CANC\u00daN, QRoo, 19 de marzo de 2024.- Por descuentos aplicados no reintegrados a sus n\u00f3minas el 15 de marzo, maestros y agremiados a la secci\u00f3n 25 del Sindicato Nacional de los Trabajadores de la Educaci\u00f3n, advirtieron un paro de labores si la Secretar\u00eda de Educaci\u00f3n de Quintana Roo devuelve el recurso que en algunos casos alcanza los cinco mil pesos.<\/p>\n<p>De acuerdo con los sindicalizados y su l\u00edder Jos\u00e9 Salas, la Secretar\u00eda de Educaci\u00f3n, desde 14 de febrero del a\u00f1o en curso, se hab\u00eda comprometido a devolverles el 15 de marzo el pago de dichos conceptos, los cuales fueron aplicados sin justificaci\u00f3n.<\/p>\n<p>Las reducciones fueron por los conceptos 02 relacionado con el fondo de pensiones y el 04 relacionado con el seguro m\u00e9dico y de maternidad.<\/p>\n<p>Ante la falta de pago, advirtieron que de no ver reflejado el recurso el viernes antes de salir de vacaciones, no habr\u00e1 retorno a las aulas y tampoco subir\u00e1n las calificaciones de los alumnos al sistema de control escolar.<\/p>\n<p>El receso escolar, de acuerdo con el calendario escolar, es del 25 de marzo al cinco de abril. El retorno a las aulas debe ser el d\u00eda ocho.<\/p>\n<p><a href=\"https:\/\/quintanaroo.quadratin.com.mx\/advierten-maestros-de-quintana-roo-paro-de-labores\/\" rel=\"noopener\" target=\"_blank\">https:\/\/quintanaroo.quadratin.com.mx\/advierten-maestros-de-quintana-roo-paro-de-labores\/<\/a><\/p>\n","protected":false},"excerpt":{"rendered":"<p>Manuel S\u00e1nchez \/ Quadrat\u00edn Quintana Roo CANC\u00daN, QRoo, 19 de marzo de 2024.- Por descuentos aplicados no reintegrados a sus n\u00f3minas el 15 de marzo, maestros y agremiados a la &hellip; <a href=\"http:\/\/www.grieta.org.mx\/index.php\/2024\/03\/19\/advierten-maestros-de-quintana-roo-paro-de-labores\/\" class=\"more-link\">Leer m\u00e1s<\/a><\/p>\n","protected":false},"author":2,"featured_media":68737,"comment_status":"closed","ping_status":"closed","sticky":false,"template":"","format":"standard","meta":{"ngg_post_thumbnail":0,"_jetpack_newsletter_access":"","_jetpack_dont_email_post_to_subs":false,"_jetpack_newsletter_tier_id":0,"_jetpack_memberships_contains_paywalled_content":false,"_jetpack_memberships_contains_paid_content":false,"footnotes":""},"categories":[80,1084,910,2,28,83],"tags":[3217,133],"class_list":["post-68736","post","type-post","status-publish","format-standard","has-post-thumbnail","hentry","category-cintillo","category-conflictos-laborales-en-quintana-roo","category-explotacion-y-precariedad-laboral","category-noticias-nacionales","category-quintana-roo","category-temas-nacionales","tag-falta-de-pagos-a-maestros","tag-maestros","entry"],"jetpack_featured_media_url":"http:\/\/www.grieta.org.mx\/wp-content\/uploads\/2024\/04\/Maestros-e1712171334685.jpg","jetpack_sharing_enabled":true,"jetpack_shortlink":"https:\/\/wp.me\/p7ZJR4-hSE","jetpack_likes_enabled":false,"jetpack-related-posts":[{"id":56131,"url":"http:\/\/www.grieta.org.mx\/index.php\/2021\/01\/05\/denuncian-maestros-a-la-secretaria-de-educacion-de-quintana-roo\/","url_meta":{"origin":68736,"position":0},"title":"Denuncian maestros a la Secretar\u00eda de educaci\u00f3n de Quintana Roo","author":"grieta","date":"5 enero, 2021","format":false,"excerpt":"Rafael Brise\u00f1o\/Quadrat\u00edn Quintana Roo OTH\u00d3N POMPEYO BLANCO, QRoo, 5 de enero de 2021.- Ante el incumplimiento de la Secretar\u00eda de educaci\u00f3n en Quintana Roo (SEQ) para cubrir el pago correspondiente al segundo semestre del 2020 del programa de escuelas de tiempo completo, la entrega irregular de plazas y despidos injustificados,\u2026","rel":"","context":"En &quot;CINTILLO&quot;","block_context":{"text":"CINTILLO","link":"http:\/\/www.grieta.org.mx\/index.php\/category\/cintillo\/"},"img":{"alt_text":"","src":"https:\/\/i0.wp.com\/www.grieta.org.mx\/wp-content\/uploads\/2021\/01\/MaestrosQroo-e1609956170934.jpg?resize=350%2C200","width":350,"height":200,"srcset":"https:\/\/i0.wp.com\/www.grieta.org.mx\/wp-content\/uploads\/2021\/01\/MaestrosQroo-e1609956170934.jpg?resize=350%2C200 1x, https:\/\/i0.wp.com\/www.grieta.org.mx\/wp-content\/uploads\/2021\/01\/MaestrosQroo-e1609956170934.jpg?resize=525%2C300 1.5x, https:\/\/i0.wp.com\/www.grieta.org.mx\/wp-content\/uploads\/2021\/01\/MaestrosQroo-e1609956170934.jpg?resize=700%2C400 2x"},"classes":[]},{"id":3595,"url":"http:\/\/www.grieta.org.mx\/index.php\/2015\/07\/01\/se-suman-maestros-de-quintana-roo-al-paro-nacional\/","url_meta":{"origin":68736,"position":1},"title":"Se suman maestros de Quintana Roo al paro nacional","author":"grieta","date":"1 julio, 2015","format":false,"excerpt":"CHETUMAL, QR.- Maestros de todos los municipios de Quintana Roo se sumaron hoy al paro nacional magisterial convocado por la Coordinadora Nacional de Trabajadores de la Educaci\u00f3n (CNTE), ala disidente del magisterio. Los maestros fueron convocados a manifestarse en los localidades de Canc\u00fan, Playa del Carmen, Tulum, Cozumel y Chetumal,\u2026","rel":"","context":"En &quot;CINTILLO&quot;","block_context":{"text":"CINTILLO","link":"http:\/\/www.grieta.org.mx\/index.php\/category\/cintillo\/"},"img":{"alt_text":"","src":"https:\/\/i0.wp.com\/www.grieta.org.mx\/wp-content\/uploads\/2018\/03\/14524434_1106112876131411_958039263622046936_o.jpg?resize=350%2C200","width":350,"height":200,"srcset":"https:\/\/i0.wp.com\/www.grieta.org.mx\/wp-content\/uploads\/2018\/03\/14524434_1106112876131411_958039263622046936_o.jpg?resize=350%2C200 1x, https:\/\/i0.wp.com\/www.grieta.org.mx\/wp-content\/uploads\/2018\/03\/14524434_1106112876131411_958039263622046936_o.jpg?resize=525%2C300 1.5x, https:\/\/i0.wp.com\/www.grieta.org.mx\/wp-content\/uploads\/2018\/03\/14524434_1106112876131411_958039263622046936_o.jpg?resize=700%2C400 2x"},"classes":[]},{"id":71448,"url":"http:\/\/www.grieta.org.mx\/index.php\/2025\/03\/28\/docentes-bloquean-las-oficinas-de-la-seq-quintana-roo\/","url_meta":{"origin":68736,"position":2},"title":"Docentes bloquean las oficinas de la SEQ (Quintana Roo)","author":"grieta","date":"28 marzo, 2025","format":false,"excerpt":"Luis Enrique Tuz \/Sol Quintana Roo Despu\u00e9s que el Gobierno de M\u00e9xico anunciar\u00e1 que la nueva reforma del ISSSTE no se promulgar\u00eda, los maestros pidieron que la actualizaci\u00f3n del 2007 tampoco tenga validez, por lo que buscan derogarla Chetumal.\u2014 A un mes de haber iniciado el paro de labores de\u2026","rel":"","context":"En &quot;CINTILLO&quot;","block_context":{"text":"CINTILLO","link":"http:\/\/www.grieta.org.mx\/index.php\/category\/cintillo\/"},"img":{"alt_text":"","src":"https:\/\/i0.wp.com\/www.grieta.org.mx\/wp-content\/uploads\/2025\/03\/Docentes-e1743350000847.jpg?resize=350%2C200","width":350,"height":200,"srcset":"https:\/\/i0.wp.com\/www.grieta.org.mx\/wp-content\/uploads\/2025\/03\/Docentes-e1743350000847.jpg?resize=350%2C200 1x, https:\/\/i0.wp.com\/www.grieta.org.mx\/wp-content\/uploads\/2025\/03\/Docentes-e1743350000847.jpg?resize=525%2C300 1.5x, https:\/\/i0.wp.com\/www.grieta.org.mx\/wp-content\/uploads\/2025\/03\/Docentes-e1743350000847.jpg?resize=700%2C400 2x"},"classes":[]},{"id":71295,"url":"http:\/\/www.grieta.org.mx\/index.php\/2025\/03\/06\/desconocen-maestros-acuerdos-con-secretaria-de-educacion-alistan-docentes-acciones-de-protesta-mas-intensas-en-quintana-roo-a-partir-del-viernes\/","url_meta":{"origin":68736,"position":3},"title":"Desconocen maestros acuerdos con Secretar\u00eda de Educaci\u00f3n: Alistan docentes acciones de protesta m\u00e1s intensas en Quintana Roo a partir del viernes","author":"grieta","date":"6 marzo, 2025","format":false,"excerpt":"Rafael Brice\u00f1o \/ Noticaribe CHETUMAL, MX.- Luego de exponer que el gobierno del Estado rompi\u00f3 acuerdos asumidos en las mesas de di\u00e1logo, integrantes del Comit\u00e9 de Lucha Magisterial anunciaron que, a partir de este viernes, instrumentar\u00e1n nuevas acciones y medidas contundentes en Playa del Carmen al tiempo que confirmaron que\u2026","rel":"","context":"En &quot;CINTILLO&quot;","block_context":{"text":"CINTILLO","link":"http:\/\/www.grieta.org.mx\/index.php\/category\/cintillo\/"},"img":{"alt_text":"","src":"https:\/\/i0.wp.com\/www.grieta.org.mx\/wp-content\/uploads\/2025\/03\/MaestrosQuintRoo-e1741918922394.jpg?resize=350%2C200","width":350,"height":200,"srcset":"https:\/\/i0.wp.com\/www.grieta.org.mx\/wp-content\/uploads\/2025\/03\/MaestrosQuintRoo-e1741918922394.jpg?resize=350%2C200 1x, https:\/\/i0.wp.com\/www.grieta.org.mx\/wp-content\/uploads\/2025\/03\/MaestrosQuintRoo-e1741918922394.jpg?resize=525%2C300 1.5x, https:\/\/i0.wp.com\/www.grieta.org.mx\/wp-content\/uploads\/2025\/03\/MaestrosQuintRoo-e1741918922394.jpg?resize=700%2C400 2x"},"classes":[]},{"id":71279,"url":"http:\/\/www.grieta.org.mx\/index.php\/2025\/02\/28\/marchan-en-los-11-municipios-manifestaciones-y-plantones-de-maestros-en-quintana-roo-contra-la-reforma-del-issste\/","url_meta":{"origin":68736,"position":4},"title":"Marchan en los 11 municipios: Manifestaciones y plantones de maestros en Quintana Roo contra la reforma del ISSSTE","author":"grieta","date":"28 febrero, 2025","format":false,"excerpt":"Noticaribe QUINTANA ROO, MX.- De los ma\u0301s de 15 mil maestros con plazas en Quintana Roo, unos diez mil participaron en la manifestacio\u0301n convocada en los 11 municipios de la entidad, para rechazar lo que ellos llaman las reformas del Instituto de Seguridad y Servicios Sociales de los Trabajadores del\u2026","rel":"","context":"En &quot;CINTILLO&quot;","block_context":{"text":"CINTILLO","link":"http:\/\/www.grieta.org.mx\/index.php\/category\/cintillo\/"},"img":{"alt_text":"","src":"https:\/\/i0.wp.com\/www.grieta.org.mx\/wp-content\/uploads\/2025\/03\/MaestrosQuintana-e1741914783360.jpg?resize=350%2C200","width":350,"height":200,"srcset":"https:\/\/i0.wp.com\/www.grieta.org.mx\/wp-content\/uploads\/2025\/03\/MaestrosQuintana-e1741914783360.jpg?resize=350%2C200 1x, https:\/\/i0.wp.com\/www.grieta.org.mx\/wp-content\/uploads\/2025\/03\/MaestrosQuintana-e1741914783360.jpg?resize=525%2C300 1.5x, https:\/\/i0.wp.com\/www.grieta.org.mx\/wp-content\/uploads\/2025\/03\/MaestrosQuintana-e1741914783360.jpg?resize=700%2C400 2x"},"classes":[]},{"id":54288,"url":"http:\/\/www.grieta.org.mx\/index.php\/2020\/10\/14\/maestros-de-quintana-roo-protestan-por-incumplimiento-de-contratos\/","url_meta":{"origin":68736,"position":5},"title":"Maestros de Quintana Roo protestan por incumplimiento de contratos","author":"grieta","date":"14 octubre, 2020","format":false,"excerpt":"Jos\u00e9 Ramos \/ Por Esto! Alrededor de 70 trabajadores de la educaci\u00f3n se manifestaron este mi\u00e9rcoles en las instalaciones de la Secretar\u00eda de Educaci\u00f3n en Quintana Roo (SEQ), para exigir que se les cumpla con el contrato firmado dentro del programa Escuelas de Tiempo Completo. Jorge Humberto Guerrero Sosa, docente\u2026","rel":"","context":"En &quot;CINTILLO&quot;","block_context":{"text":"CINTILLO","link":"http:\/\/www.grieta.org.mx\/index.php\/category\/cintillo\/"},"img":{"alt_text":"","src":"https:\/\/i0.wp.com\/www.grieta.org.mx\/wp-content\/uploads\/2020\/10\/TiempoCompleto.png?resize=350%2C200","width":350,"height":200,"srcset":"https:\/\/i0.wp.com\/www.grieta.org.mx\/wp-content\/uploads\/2020\/10\/TiempoCompleto.png?resize=350%2C200 1x, https:\/\/i0.wp.com\/www.grieta.org.mx\/wp-content\/uploads\/2020\/10\/TiempoCompleto.png?resize=525%2C300 1.5x"},"classes":[]}],"_links":{"self":[{"href":"http:\/\/www.grieta.org.mx\/index.php\/wp-json\/wp\/v2\/posts\/68736","targetHints":{"allow":["GET"]}}],"collection":[{"href":"http:\/\/www.grieta.org.mx\/index.php\/wp-json\/wp\/v2\/posts"}],"about":[{"href":"http:\/\/www.grieta.org.mx\/index.php\/wp-json\/wp\/v2\/types\/post"}],"author":[{"embeddable":true,"href":"http:\/\/www.grieta.org.mx\/index.php\/wp-json\/wp\/v2\/users\/2"}],"replies":[{"embeddable":true,"href":"http:\/\/www.grieta.org.mx\/index.php\/wp-json\/wp\/v2\/comments?post=68736"}],"version-history":[{"count":1,"href":"http:\/\/www.grieta.org.mx\/index.php\/wp-json\/wp\/v2\/posts\/68736\/revisions"}],"predecessor-version":[{"id":68738,"href":"http:\/\/www.grieta.org.mx\/index.php\/wp-json\/wp\/v2\/posts\/68736\/revisions\/68738"}],"wp:featuredmedia":[{"embeddable":true,"href":"http:\/\/www.grieta.org.mx\/index.php\/wp-json\/wp\/v2\/media\/68737"}],"wp:attachment":[{"href":"http:\/\/www.grieta.org.mx\/index.php\/wp-json\/wp\/v2\/media?parent=68736"}],"wp:term":[{"taxonomy":"category","embeddable":true,"href":"http:\/\/www.grieta.org.mx\/index.php\/wp-json\/wp\/v2\/categories?post=68736"},{"taxonomy":"post_tag","embeddable":true,"href":"http:\/\/www.grieta.org.mx\/index.php\/wp-json\/wp\/v2\/tags?post=68736"}],"curies":[{"name":"wp","href":"https:\/\/api.w.org\/{rel}","templated":true}]}}