{"id":68678,"date":"2024-02-29T14:29:10","date_gmt":"2024-02-29T20:29:10","guid":{"rendered":"https:\/\/www.grieta.org.mx\/?p=68678"},"modified":"2024-03-27T14:51:19","modified_gmt":"2024-03-27T20:51:19","slug":"comunidad-maya-contra-los-rieles-del-olvido-quintana-roo","status":"publish","type":"post","link":"http:\/\/www.grieta.org.mx\/index.php\/2024\/02\/29\/comunidad-maya-contra-los-rieles-del-olvido-quintana-roo\/","title":{"rendered":"Comunidad maya contra los rieles del olvido (Quintana Roo)"},"content":{"rendered":"<p>Texto: Ricardo Balderas \/ PODER \/ Fotos: Poder \/ Pie de P\u00e1gina<\/p>\n<blockquote><p>La opacidad con la que la Sedena ha manejado la construcci\u00f3n del Tramo 7 del Tren Maya ha generado desconfianza entre los habitantes de Chetumal, quienes aseguran que el megaproyecto del sexenio les ha arrebatado sus territorios y su identidad<\/p><\/blockquote>\n<p>QUINTANA ROO. -El Fuerte de San Felipe, en Chetumal, logr\u00f3 detener a los piratas del siglo XVI pero no a la modernidad. A pocos kil\u00f3metros de la ciudad de Bacalar, donde se encuentra el fuerte y la bah\u00eda que lleva el mismo nombre, hay una peque\u00f1a poblaci\u00f3n (41 mil 754 habitantes[1]) conformada en un origen por ind\u00edgenas mayas, motivo por el cual el cuerpo de agua toma su nombre de un vocablo de la misma cultura (Bakhalal) que significa \u201crodeada de carrizos\u201d. Sin embargo, tras cruzar la carretera con doble sentido que conduce a esta laguna milenaria, los hoteles de gran turismo que ofrecen habitaciones en idiomas extranjeros y algunos restaurantes de comida internacional, hacen que resulte imposible verificar la veracidad del origen del nombre.<\/p>\n<p>Y el fen\u00f3meno se repite por toda la bah\u00eda. Con sus 45 kil\u00f3metros de longitud, lo que alguna vez fue una comunidad pr\u00f3spera, con or\u00edgenes ind\u00edgenas y campesinos, ahora est\u00e1 circundada por resorts, casas en subarrendamiento por plataformas digitales y comercio internacional. Apenas tres escasos lugares mantienen entradas  abiertas al p\u00fablico en general en la laguna, el Balneario Ejidal M\u00e1gico Bacalar, el Parque Ecol\u00f3gico y el Muelle. Estas son todas las entradas, incluso para los habitantes originarios.<\/p>\n<p>\u201cEs un problema que tiene origen en los a\u00f1os 70, que comenz\u00f3 con el exgobernador priista, David Gustavo Guti\u00e9rrez Ru\u00edz y concluy\u00f3 con Jesus Mart\u00ednez Roos. Antes de ellos, todas las tierras pertenec\u00edan a los ejidatarios y comuneros de Bacalar\u201d, explica Aldair T\u00b4uut\u00b4, campesino maya habitante de Bacalar e integrante de la Asamblea M\u00fauch\u2019 X\u00edinbal.<\/p>\n<p>Para Aldair, el problema estall\u00f3 tras el anuncio del Gobierno Federal de la construcci\u00f3n de un megaproyecto que contemplaba la construcci\u00f3n de una estaci\u00f3n de tren a casi 20 kil\u00f3metros de su comunidad. \u201cEl Tren Maya, de la noche a la ma\u00f1ana arras\u00f3 con manglares, vegetaci\u00f3n y selva sin que las autoridades dieran avisos\u201d, explica. Muchas personas, vecinas de Aldair y tambi\u00e9n mayas, tuvieron que mover sus viviendas para no ser aplastadas por el Tren[2].<\/p>\n<p>No hay otra palabra que no sea \u201cviolencia\u201d<\/p>\n<p>Aldair T\u00b4uut\u00b4, como parte de la Asamblea M\u00fauch\u2019 X\u00edinbal , explica que tras la llegada del tren, su principal inter\u00e9s como comunidad es la de mantener el di\u00e1logo con las autoridades federales para analizar los problemas que aparecieron en su comunidad con este megaproyecto,  al que reclama, \u201cnos rob\u00f3 la identidad\u201d.<\/p>\n<p>Sus mayores preocupaciones son dos. La primera tiene que ver con una vena del estero de Chac, un riachuelo que alimenta tanto a la laguna Xul-Ha como a Bacalar, donde denuncia que las autoridades han obstruido el flujo del agua, del tal modo que cortan la vida del lago. \u201cLa laguna de los siete colores tiene una vena tapada\u201d, asegura entristecido.<\/p>\n<p>La segunda preocupaci\u00f3n es m\u00e1s compleja. El comunero comenta que tras la entrega de la gesti\u00f3n del tramo 7 al ej\u00e9rcito (que corresponde al de la laguna), los militares fueron quienes realizaron las negociaciones con algunos integrantes de los ejidos. Muchos de ellos no tuvieron opci\u00f3n a negarse debido a intimidaciones.[3] Dichos actos fueron expuestos al p\u00fablico por la propia comunidad sin que fueran retomados por los medios de comunicaci\u00f3n locales, denuncia.<\/p>\n<p>\u201cLas negociaciones (del ej\u00e9rcito) realmente terminan empujando al ejido. Ellos (los militares) dicen \u2013bueno pues tuve que hacer esto (destrozar casas y vaciar viviendas) porque yo ya te compr\u00e9 las tierras a ti (comunero)\u2013. Y eso tiene que ver con estrategias que hace el gobierno para dividir a la comunidad, o sea, a unos los obliga a vender y luego a los otros les obliga a ir a sacar a su propia gente de su tierra. \u00bfC\u00f3mo queda el pueblo? As\u00ed empiezan a crear conflictos y divisi\u00f3n\u201d, explica.<\/p>\n<p><img loading=\"lazy\" decoding=\"async\" data-attachment-id=\"68680\" data-permalink=\"http:\/\/www.grieta.org.mx\/index.php\/2024\/02\/29\/comunidad-maya-contra-los-rieles-del-olvido-quintana-roo\/tren-7\/\" data-orig-file=\"http:\/\/www.grieta.org.mx\/wp-content\/uploads\/2024\/03\/Tren-e1711571839430.jpg\" data-orig-size=\"800,897\" data-comments-opened=\"0\" data-image-meta=\"{&quot;aperture&quot;:&quot;0&quot;,&quot;credit&quot;:&quot;&quot;,&quot;camera&quot;:&quot;&quot;,&quot;caption&quot;:&quot;&quot;,&quot;created_timestamp&quot;:&quot;0&quot;,&quot;copyright&quot;:&quot;&quot;,&quot;focal_length&quot;:&quot;0&quot;,&quot;iso&quot;:&quot;0&quot;,&quot;shutter_speed&quot;:&quot;0&quot;,&quot;title&quot;:&quot;&quot;,&quot;orientation&quot;:&quot;1&quot;}\" data-image-title=\"Tren\" data-image-description=\"\" data-image-caption=\"\" data-medium-file=\"http:\/\/www.grieta.org.mx\/wp-content\/uploads\/2024\/03\/Tren-267x300.jpg\" data-large-file=\"http:\/\/www.grieta.org.mx\/wp-content\/uploads\/2024\/03\/Tren-913x1024.jpg\" src=\"http:\/\/www.grieta.org.mx\/wp-content\/uploads\/2024\/03\/Tren-e1711571839430.jpg\" alt=\"\" width=\"800\" height=\"897\" class=\"alignnone size-full wp-image-68680\" \/><\/p>\n<p>\u00bfC\u00f3mo lleg\u00f3 la SEDENA a dirigir el proyecto?<\/p>\n<p>A pesar de que el gobierno asegura que son los militares quienes construyen el Tren Maya, salvo por las delimitaciones fronterizas con Belice, en todo Chetumal resulta extra\u00f1o o poco frecuente ver militares en las callejuelas por donde dicen que la SEDENA construye lo que ser\u00e1 el tren de pasajeros. Esto es igual tanto en la estaci\u00f3n frente al aeropuerto como en el fragmento a tierra abierta del tramo 7 rumbo a la laguna de los siete colores.<\/p>\n<p>Y tiene sentido, pues en un origen no ser\u00edan militares los encargados de la obra. En un inicio, el gobierno deleg\u00f3 al Fondo Nacional de Fomento al Turismo (FONATUR) como la entidad que coordinar\u00eda los procesos de contrataci\u00f3n para la construcci\u00f3n del Tren Maya. Para dicha labor, las autoridades hicieron uso de la empresa estatal Fonatur Tren Maya, S.A. de C.V..<\/p>\n<p>Los hechos cambiaron en septiembre del 2023 cuando el presidente Andr\u00e9s Manuel L\u00f3pez Obrador entreg\u00f3 dicha labor a la SEDENA mediante la publicaci\u00f3n de un decreto que otorg\u00f3 facultades administrativas a trav\u00e9s de la empresa Tren Maya, S.A. de C.V,. en donde el 99% de las acciones fueron asignadas a la SEDENA y el 1% restantes al Banco Nacional del Ej\u00e9rcito, Fuerza A\u00e9rea y Armada SNC. Dicho acto gener\u00f3 la ampliaci\u00f3n al presupuesto castrense y determin\u00f3 que ser\u00edan ellos quienes ejecutar\u00edan el resto del proyecto.<\/p>\n<p>Tan s\u00f3lo en el mes de enero del a\u00f1o en curso, ya con los militares operando el proyecto, el Gobierno Federal ha erogado un total de 75,455,056.57 pesos mexicanos (4 millones de d\u00f3lares al tipo de cambio del viernes 23 de febrero 2024[4]), lo anterior con fines de continuar la construcci\u00f3n del megaproyecto. En total se trata de 23 adquisiciones divididas en dos secretar\u00edas, la Secretar\u00eda de la Defensa Nacional (SEDENA), con 16 contratos; y la Secretar\u00eda de Medio Ambiente y Recursos Naturales (SEMARNAT) con siete. As\u00ed lo revela el portal de compras p\u00fablicas del Gobierno de M\u00e9xico analizado por PODER.[5]<\/p>\n<p>Sin embargo, algunos gastos no se pueden explicar s\u00f3lo con las facturas que el gobierno hizo p\u00fablicas. Y la revelaci\u00f3n de los mismos, carece de informaci\u00f3n relevante como los motivos de algunas compras, que podr\u00edan ser cuestionadas por sus costos o su escasa y confusa informaci\u00f3n.<\/p>\n<p>Del total de contratos, aparece la compra, por ejemplo, de una serie de botes de 50 galones para el dep\u00f3sito de basura o residuos con un costo superior a los 7 mil pesos mexicanos cada uno. Sin embargo, este mismo producto se oferta al p\u00fablico por menos de la mitad del precio al que lo adquirieron los militares. Este contrato forma parte de un compilado de adquisiciones que el Gobierno Federal asegura que ser\u00e1n para el equipamiento de los edificios corporativos de la Empresa de Participaci\u00f3n Estatal Mayoritaria (EPEM) \u201cTren Maya, S.A de C.V.\u201d, la cual estar\u00eda lista este 2024 y que contin\u00faa sin operar.[6]<\/p>\n<p>Otro dato que resulta confuso, es que el mismo documento es por un monto superior a los 21 millones de pesos y seg\u00fan lo reportado en CompraNet, se trata de una adjudicaci\u00f3n a una peque\u00f1a empresa; sin embargo, cuando se analiza la informaci\u00f3n a profundidad, resulta que se trata de varias compras comprimidas pero dirigidas a diferentes razones sociales. PODER solicit\u00f3 una entrevista con el personal de SEDENA para tratar de comprender el motivo de dichas compras pero hasta el momento del cierre de esta edici\u00f3n, ninguna autoridad respondi\u00f3 a la solicitud y la informaci\u00f3n de los contratos carece de descripci\u00f3nes expl\u00edcitas de las compras, cuando se solicita esta informaci\u00f3n por transparencia, se niega apelando a Seguridad Nacional.<\/p>\n<p>Respecto a las compras de tierras ejidales por la misma SEDENA, la comunidad de  M\u00fauch\u2019 X\u00edinbal asegura que no fueron debidamente informados, de tal modo que v\u00eda transparencia, se solicit\u00f3 el listado de comunidades que fueron informadas de dichos procesos. Sin embargo, el documento donde se reportan dichas actividades se encuentra tan testado que resulta imposible saber si la comunidad fue advertida debidamente de los procesos.<\/p>\n<p><img loading=\"lazy\" decoding=\"async\" data-attachment-id=\"68681\" data-permalink=\"http:\/\/www.grieta.org.mx\/index.php\/2024\/02\/29\/comunidad-maya-contra-los-rieles-del-olvido-quintana-roo\/tren2-4\/\" data-orig-file=\"http:\/\/www.grieta.org.mx\/wp-content\/uploads\/2024\/03\/Tren2-e1711571953466.jpg\" data-orig-size=\"800,608\" data-comments-opened=\"0\" data-image-meta=\"{&quot;aperture&quot;:&quot;0&quot;,&quot;credit&quot;:&quot;&quot;,&quot;camera&quot;:&quot;&quot;,&quot;caption&quot;:&quot;&quot;,&quot;created_timestamp&quot;:&quot;0&quot;,&quot;copyright&quot;:&quot;&quot;,&quot;focal_length&quot;:&quot;0&quot;,&quot;iso&quot;:&quot;0&quot;,&quot;shutter_speed&quot;:&quot;0&quot;,&quot;title&quot;:&quot;&quot;,&quot;orientation&quot;:&quot;1&quot;}\" data-image-title=\"Tren2\" data-image-description=\"\" data-image-caption=\"\" data-medium-file=\"http:\/\/www.grieta.org.mx\/wp-content\/uploads\/2024\/03\/Tren2-300x228.jpg\" data-large-file=\"http:\/\/www.grieta.org.mx\/wp-content\/uploads\/2024\/03\/Tren2-1024x778.jpg\" src=\"http:\/\/www.grieta.org.mx\/wp-content\/uploads\/2024\/03\/Tren2-e1711571953466.jpg\" alt=\"\" width=\"800\" height=\"608\" class=\"alignnone size-full wp-image-68681\" \/><\/p>\n<p>\u201cEllos da\u00f1aron nuestro r\u00edo pero nadie result\u00f3 cuestionado, si hubi\u00e9ramos sido nosotros estar\u00edamos presos. Aqu\u00ed el gobierno dijo que se trat\u00f3 de un error humano pero no fue as\u00ed. Entonces me pregunto, cu\u00e1l Tren Maya, cu\u00e1l cultura\u201d y Aldair T\u00b4uut\u00b4 termina, \u201cNos lo arrebataron todo, hasta el nombre\u201d.<\/p>\n<p><img loading=\"lazy\" decoding=\"async\" data-attachment-id=\"68682\" data-permalink=\"http:\/\/www.grieta.org.mx\/index.php\/2024\/02\/29\/comunidad-maya-contra-los-rieles-del-olvido-quintana-roo\/tren4-2\/\" data-orig-file=\"http:\/\/www.grieta.org.mx\/wp-content\/uploads\/2024\/03\/Tren4-e1711572126692.jpg\" data-orig-size=\"800,196\" data-comments-opened=\"0\" data-image-meta=\"{&quot;aperture&quot;:&quot;0&quot;,&quot;credit&quot;:&quot;&quot;,&quot;camera&quot;:&quot;&quot;,&quot;caption&quot;:&quot;&quot;,&quot;created_timestamp&quot;:&quot;0&quot;,&quot;copyright&quot;:&quot;&quot;,&quot;focal_length&quot;:&quot;0&quot;,&quot;iso&quot;:&quot;0&quot;,&quot;shutter_speed&quot;:&quot;0&quot;,&quot;title&quot;:&quot;&quot;,&quot;orientation&quot;:&quot;1&quot;}\" data-image-title=\"Tren4\" data-image-description=\"\" data-image-caption=\"\" data-medium-file=\"http:\/\/www.grieta.org.mx\/wp-content\/uploads\/2024\/03\/Tren4-300x73.jpg\" data-large-file=\"http:\/\/www.grieta.org.mx\/wp-content\/uploads\/2024\/03\/Tren4-1024x250.jpg\" src=\"http:\/\/www.grieta.org.mx\/wp-content\/uploads\/2024\/03\/Tren4-e1711572126692.jpg\" alt=\"\" width=\"800\" height=\"196\" class=\"alignnone size-full wp-image-68682\" \/><\/p>\n<p>[1]    Habitantes Bacalar (2023). Gobierno de M\u00e9xico.<\/p>\n<p>[2]    Bessi, Renata (2023). Bacalar: los olvidados que va dejando el despojo del tren. Avispa Media.<\/p>\n<p>[3]    El megaproyecto Tren Malla, despoj\u00f3 de nuestra historia Maya (2024). M\u00fauch Xiinbal.<\/p>\n<p>[4]    Banxico (2024). Tipo de cambio.<\/p>\n<p>[5]    CompraNet (2024). Gobierno de M\u00e9xico.<\/p>\n<p>[6]    Empresa del Tren Maya se consolidar\u00e1 hasta 2042 (2024). El financiero.<\/p>\n<p><a href=\"https:\/\/piedepagina.mx\/comunidad-maya-contra-los-rieles-del-olvido\/\" rel=\"noopener\" target=\"_blank\">https:\/\/piedepagina.mx\/comunidad-maya-contra-los-rieles-del-olvido\/<\/a><\/p>\n","protected":false},"excerpt":{"rendered":"<p>Texto: Ricardo Balderas \/ PODER \/ Fotos: Poder \/ Pie de P\u00e1gina La opacidad con la que la Sedena ha manejado la construcci\u00f3n del Tramo 7 del Tren Maya ha &hellip; <a href=\"http:\/\/www.grieta.org.mx\/index.php\/2024\/02\/29\/comunidad-maya-contra-los-rieles-del-olvido-quintana-roo\/\" class=\"more-link\">Leer m\u00e1s<\/a><\/p>\n","protected":false},"author":2,"featured_media":68679,"comment_status":"closed","ping_status":"closed","sticky":false,"template":"","format":"standard","meta":{"ngg_post_thumbnail":0,"_jetpack_newsletter_access":"","_jetpack_dont_email_post_to_subs":false,"_jetpack_newsletter_tier_id":0,"_jetpack_memberships_contains_paywalled_content":false,"_jetpack_memberships_contains_paid_content":false,"footnotes":""},"categories":[80,2949,2749,1557,3,922,1785,926,944,952,2,28,1876,2026],"tags":[3408,315,223,175,210,3484,4189,1817,1878],"class_list":["post-68678","post","type-post","status-publish","format-standard","has-post-thumbnail","hentry","category-cintillo","category-despojo-de-tierras-en-quintana-roo","category-destruccion-y-contaminacion-ambiental-en-quintana-roo","category-incremento-en-la-violencia-en-quintana-roo","category-megaproyectos","category-megaproyectos-estados","category-militarizacion-en-quintana-roo","category-mp-campeche","category-mp-quintana-roo","category-mp-yucatan","category-noticias-nacionales","category-quintana-roo","category-resistencia-al-tren-maya-en-la-peninsula-de-yucatan-quintana-roo","category-tren-maya","tag-aumento-militarizacion","tag-bacalar","tag-ecocidio","tag-ejidatarios","tag-intimidacion","tag-militares","tag-rompimiento-del-tejido-social","tag-tierras-ejidales","tag-tren-maya","entry"],"jetpack_featured_media_url":"http:\/\/www.grieta.org.mx\/wp-content\/uploads\/2024\/03\/Maya-e1711571588227.jpg","jetpack_sharing_enabled":true,"jetpack_shortlink":"https:\/\/wp.me\/p7ZJR4-hRI","jetpack_likes_enabled":false,"jetpack-related-posts":[{"id":67872,"url":"http:\/\/www.grieta.org.mx\/index.php\/2023\/10\/06\/tren-maya-sedena-incrementara-seguridad-en-quintana-roo-con-mas-de-3-mil-elementos\/","url_meta":{"origin":68678,"position":0},"title":"Tren Maya: Sedena incrementar\u00e1 seguridad en Quintana Roo con m\u00e1s de 3 mil elementos","author":"grieta","date":"6 octubre, 2023","format":false,"excerpt":"Con la inauguraci\u00f3n del Tren Maya que se dar\u00e1 durante diciembre, el Secretario de la Defensa Nacional de M\u00e9xico Luis Cresencio Sandoval inform\u00f3 que en Quintana Roo se incrementar\u00e1 la seguridad con la presencia de la Guardia Nacional, pues habr\u00e1 tres nuevas bases a\u00e9reas. De acuerdo con los datos del\u2026","rel":"","context":"En &quot;CINTILLO&quot;","block_context":{"text":"CINTILLO","link":"http:\/\/www.grieta.org.mx\/index.php\/category\/cintillo\/"},"img":{"alt_text":"","src":"https:\/\/i0.wp.com\/www.grieta.org.mx\/wp-content\/uploads\/2023\/10\/TrenMalla-e1696860496274.jpg?resize=350%2C200","width":350,"height":200,"srcset":"https:\/\/i0.wp.com\/www.grieta.org.mx\/wp-content\/uploads\/2023\/10\/TrenMalla-e1696860496274.jpg?resize=350%2C200 1x, https:\/\/i0.wp.com\/www.grieta.org.mx\/wp-content\/uploads\/2023\/10\/TrenMalla-e1696860496274.jpg?resize=525%2C300 1.5x, https:\/\/i0.wp.com\/www.grieta.org.mx\/wp-content\/uploads\/2023\/10\/TrenMalla-e1696860496274.jpg?resize=700%2C400 2x"},"classes":[]},{"id":35945,"url":"http:\/\/www.grieta.org.mx\/index.php\/2019\/07\/05\/expansion-de-megaproyectos-en-la-peninsula-de-yucatan-video\/","url_meta":{"origin":68678,"position":1},"title":"Expansi\u00f3n de Megaproyectos en la Pen\u00ednsula de Yucat\u00e1n (Video)","author":"grieta","date":"5 julio, 2019","format":false,"excerpt":"https:\/\/youtu.be\/qLBARIAaBsI","rel":"","context":"En &quot;Campeche&quot;","block_context":{"text":"Campeche","link":"http:\/\/www.grieta.org.mx\/index.php\/category\/noticias-nacionales\/campeche\/"},"img":{"alt_text":"","src":"https:\/\/i0.wp.com\/img.youtube.com\/vi\/qLBARIAaBsI\/0.jpg?resize=350%2C200","width":350,"height":200},"classes":[]},{"id":69827,"url":"http:\/\/www.grieta.org.mx\/index.php\/2024\/09\/06\/ejidatarios-de-limones-bloquean-acceso-al-tren-maya-quintana-roo\/","url_meta":{"origin":68678,"position":2},"title":"Ejidatarios de Limones bloquean acceso al Tren Maya (Quintana Roo)","author":"grieta","date":"6 septiembre, 2024","format":false,"excerpt":"Christian Christ \/ De Peso Quintana Roo Este viernes 6 de septiembre habitantes del poblado de Limones, en el municipio de Bacalar, bloquearon temporalmente la entrada principal que conduce a la estaci\u00f3n del Tren Maya, debido al incumplimiento de acuerdos previamente pactados. El bloqueo se realiz\u00f3 en la carretera Chetumal-Canc\u00fan,\u2026","rel":"","context":"En &quot;CINTILLO&quot;","block_context":{"text":"CINTILLO","link":"http:\/\/www.grieta.org.mx\/index.php\/category\/cintillo\/"},"img":{"alt_text":"","src":"https:\/\/i0.wp.com\/www.grieta.org.mx\/wp-content\/uploads\/2024\/09\/bloqueo-e1727228798471.jpg?resize=350%2C200","width":350,"height":200,"srcset":"https:\/\/i0.wp.com\/www.grieta.org.mx\/wp-content\/uploads\/2024\/09\/bloqueo-e1727228798471.jpg?resize=350%2C200 1x, https:\/\/i0.wp.com\/www.grieta.org.mx\/wp-content\/uploads\/2024\/09\/bloqueo-e1727228798471.jpg?resize=525%2C300 1.5x, https:\/\/i0.wp.com\/www.grieta.org.mx\/wp-content\/uploads\/2024\/09\/bloqueo-e1727228798471.jpg?resize=700%2C400 2x"},"classes":[]},{"id":70705,"url":"http:\/\/www.grieta.org.mx\/index.php\/2024\/12\/13\/trabajadores-del-tren-maya-bloquean-la-carretera-chetumal-bacalar-por-salarios-atrasados-quintana-roo\/","url_meta":{"origin":68678,"position":3},"title":"Trabajadores del Tren Maya Bloquean la Carretera Chetumal-Bacalar por Salarios Atrasados (Quintana Roo)","author":"grieta","date":"13 diciembre, 2024","format":false,"excerpt":"Antonio Brice\u00f1o \/ CAMBIO 22 Trabajadores del Tren Maya bloquearon esta ma\u00f1ana la carretera Chetumal-Bacalar, en protesta por la falta de pago de sus salarios desde octubre Exigen una soluci\u00f3n inmediata para poder reanudar su labor CHETUMAL, 13 de diciembre.- Un grupo de trabajadores del Tren Maya bloque\u00f3 esta ma\u00f1ana\u2026","rel":"","context":"En &quot;CINTILLO&quot;","block_context":{"text":"CINTILLO","link":"http:\/\/www.grieta.org.mx\/index.php\/category\/cintillo\/"},"img":{"alt_text":"","src":"https:\/\/i0.wp.com\/www.grieta.org.mx\/wp-content\/uploads\/2024\/12\/Bloqueo.jpg?resize=350%2C200","width":350,"height":200},"classes":[]},{"id":47874,"url":"http:\/\/www.grieta.org.mx\/index.php\/2020\/04\/13\/las-vias-torcidas-del-tren-maya-video\/","url_meta":{"origin":68678,"position":4},"title":"Las v\u00edas torcidas del tren maya (Video)","author":"grieta","date":"13 abril, 2020","format":false,"excerpt":"https:\/\/www.youtube.com\/watch?v=k8FRX9eT0YY","rel":"","context":"En &quot;16. Pueblo Maya&quot;","block_context":{"text":"16. Pueblo Maya","link":"http:\/\/www.grieta.org.mx\/index.php\/category\/espejos-de-la-resistencia\/16-pueblo-maya\/"},"img":{"alt_text":"","src":"https:\/\/i0.wp.com\/www.grieta.org.mx\/wp-content\/uploads\/2020\/04\/ViasTorcidasTrenMaya.png?resize=350%2C200","width":350,"height":200,"srcset":"https:\/\/i0.wp.com\/www.grieta.org.mx\/wp-content\/uploads\/2020\/04\/ViasTorcidasTrenMaya.png?resize=350%2C200 1x, https:\/\/i0.wp.com\/www.grieta.org.mx\/wp-content\/uploads\/2020\/04\/ViasTorcidasTrenMaya.png?resize=525%2C300 1.5x, https:\/\/i0.wp.com\/www.grieta.org.mx\/wp-content\/uploads\/2020\/04\/ViasTorcidasTrenMaya.png?resize=700%2C400 2x"},"classes":[]},{"id":69500,"url":"http:\/\/www.grieta.org.mx\/index.php\/2024\/08\/19\/empleados-de-eura-e-isva-en-chetumal-protestan-por-el-adeudo-de-sus-pagos-quintana-roo\/","url_meta":{"origin":68678,"position":5},"title":"Empleados de Eura e ISVA en Chetumal protestan por el adeudo de sus pagos (Quintana Roo)","author":"grieta","date":"19 agosto, 2024","format":false,"excerpt":"Anah\u00ed Chamlati \/ Por Esto! Los trabajadores de las empresas Eura e ISVA, contratadas para las obras del Tren Maya se manifiestan a causa de la falta de pago. Los trabajadores acusaron que llevan varios d\u00edas sin recibir su sueldo. Mediante un bloqueo carretero en el tramo de Huay-Pix buscan\u2026","rel":"","context":"En &quot;CINTILLO&quot;","block_context":{"text":"CINTILLO","link":"http:\/\/www.grieta.org.mx\/index.php\/category\/cintillo\/"},"img":{"alt_text":"","src":"https:\/\/i0.wp.com\/www.grieta.org.mx\/wp-content\/uploads\/2024\/08\/Adeudos-e1724947568818.jpg?resize=350%2C200","width":350,"height":200,"srcset":"https:\/\/i0.wp.com\/www.grieta.org.mx\/wp-content\/uploads\/2024\/08\/Adeudos-e1724947568818.jpg?resize=350%2C200 1x, https:\/\/i0.wp.com\/www.grieta.org.mx\/wp-content\/uploads\/2024\/08\/Adeudos-e1724947568818.jpg?resize=525%2C300 1.5x, https:\/\/i0.wp.com\/www.grieta.org.mx\/wp-content\/uploads\/2024\/08\/Adeudos-e1724947568818.jpg?resize=700%2C400 2x"},"classes":[]}],"_links":{"self":[{"href":"http:\/\/www.grieta.org.mx\/index.php\/wp-json\/wp\/v2\/posts\/68678","targetHints":{"allow":["GET"]}}],"collection":[{"href":"http:\/\/www.grieta.org.mx\/index.php\/wp-json\/wp\/v2\/posts"}],"about":[{"href":"http:\/\/www.grieta.org.mx\/index.php\/wp-json\/wp\/v2\/types\/post"}],"author":[{"embeddable":true,"href":"http:\/\/www.grieta.org.mx\/index.php\/wp-json\/wp\/v2\/users\/2"}],"replies":[{"embeddable":true,"href":"http:\/\/www.grieta.org.mx\/index.php\/wp-json\/wp\/v2\/comments?post=68678"}],"version-history":[{"count":1,"href":"http:\/\/www.grieta.org.mx\/index.php\/wp-json\/wp\/v2\/posts\/68678\/revisions"}],"predecessor-version":[{"id":68683,"href":"http:\/\/www.grieta.org.mx\/index.php\/wp-json\/wp\/v2\/posts\/68678\/revisions\/68683"}],"wp:featuredmedia":[{"embeddable":true,"href":"http:\/\/www.grieta.org.mx\/index.php\/wp-json\/wp\/v2\/media\/68679"}],"wp:attachment":[{"href":"http:\/\/www.grieta.org.mx\/index.php\/wp-json\/wp\/v2\/media?parent=68678"}],"wp:term":[{"taxonomy":"category","embeddable":true,"href":"http:\/\/www.grieta.org.mx\/index.php\/wp-json\/wp\/v2\/categories?post=68678"},{"taxonomy":"post_tag","embeddable":true,"href":"http:\/\/www.grieta.org.mx\/index.php\/wp-json\/wp\/v2\/tags?post=68678"}],"curies":[{"name":"wp","href":"https:\/\/api.w.org\/{rel}","templated":true}]}}