{"id":6848,"date":"2016-01-06T02:59:56","date_gmt":"2016-01-06T02:59:56","guid":{"rendered":"http:\/\/50.22.11.12\/~grietaor\/?p=6848"},"modified":"2016-03-29T03:03:15","modified_gmt":"2016-03-29T03:03:15","slug":"incumple-japan-a-villa-juarez-permanece-estiercol-en-calles","status":"publish","type":"post","link":"http:\/\/www.grieta.org.mx\/index.php\/2016\/01\/06\/incumple-japan-a-villa-juarez-permanece-estiercol-en-calles\/","title":{"rendered":"Incumple Japan a Villa Ju\u00e1rez; permanece esti\u00e9rcol en calles"},"content":{"rendered":"<p>Redacci\u00f3n Viva Voz, Sinaloa.<\/p>\n<p>NAVOLATO. La Junta Municipal de Agua Potable y Alcantarillado de Navolato incumpli\u00f3 a su propia promesa de desaparecer de las calles de Villa Ju\u00e1rez los charcos de esti\u00e9rcol que permanecen desde hace meses.<\/p>\n<p>Hasta este fin de semana las colonias que a\u00fan presentan este problema son Santa Natalia, Ampliaci\u00f3n Jos\u00e9 Vasconcelos, Praderas del Sol y la colonia Tierra y Libertad.<\/p>\n<p>Ahora en lugar de charcos se forman \u201clagunas\u201d en la colonia Praderas del Sol ubicada al sur de la ciudad.<\/p>\n<p>La \u201claguna\u201d se localiza detr\u00e1s de un centro comercial de alta afluencia.<\/p>\n<p>Esta misma problem\u00e1tica se registra en la colonia Tierra y Libertad, entre avenida Novena y Carretera La 20.<\/p>\n<p>En la calle Juventud, de la colonia Jos\u00e9 Vasconcelos persiste la misma charca con aguas putrefactas desde hace meses.<\/p>\n<p>El s\u00edndico, Pedro Rodr\u00edguez Nev\u00e1rez, dijo que el problema es tan grave que se rompieron registros de aguas negras del drenaje sanitario para desfogar los desechos hacia un dren que desemboca a la Laguna Caimanero.<\/p>\n<p>El pasado 29 de diciembre el gerente general de Japan, Israel Guzm\u00e1n Castro, se comprometi\u00f3 para el \u00faltimo d\u00eda de 2015 a acabar con el problema de desborde de aguas negras y desaparecer los \u201cr\u00edos\u201d y charcas de esti\u00e9rcol que se forman en las calles de la cabecera de la sindicatura.<\/p>\n<p>La Junta atribuye el problema a las grandes cantidades de basura que \u201ctaponan\u201d la red de drenaje y a las copiosas lluvias.<\/p>\n<p>EL PROBLEMA DE JAPAN<\/p>\n<p>Afectadas 22 colonias<\/p>\n<p>30 de noviembre. Al menos 22 colonias resultan afectadas por el desborde de aguas negras de las alcantarillas del drenaje sanitario.<\/p>\n<p>\u2018Toman\u2019 oficinas<\/p>\n<p>23 de diciembre. Inaugurada en noviembre de 2014, la oficina de Japan en Villa Ju\u00e1rez fue \u2018tomada\u2019 ante la no atenci\u00f3n al problema.<\/p>\n<p>Juegan ni\u00f1os en esti\u00e9rcol<\/p>\n<p>26 de diciembre. Fotograf\u00edas difundidas por ciudadanos v\u00eda redes sociales muestran ni\u00f1os jugando en medio de los charcos de esti\u00e9rcol.<\/p>\n<p>Se comprometen a acabar el problema<\/p>\n<p>29 de diciembre. El gerente general de Japan, Israel Guzm\u00e1n Castro, se compromete para el \u00faltimo d\u00eda de 2015 desaparecer el esti\u00e9rcol de las calles.<\/p>\n<p><a href=\"http:\/\/www.vivavoz.com.mx\/elevora2\/navolato\/26148-incumple-japan-a-villa-juarez-permanece-estiercol-en-calles\" target=\"_blank\">www.vivavoz.com.mx\/elevora2\/navolato\/26148-incumple-japan-a-villa-juarez-permanece-estiercol-en-calles<\/a><\/p>\n","protected":false},"excerpt":{"rendered":"<p>Redacci\u00f3n Viva Voz, Sinaloa. NAVOLATO. La Junta Municipal de Agua Potable y Alcantarillado de Navolato incumpli\u00f3 a su propia promesa de desaparecer de las calles de Villa Ju\u00e1rez los charcos &hellip; <a href=\"http:\/\/www.grieta.org.mx\/index.php\/2016\/01\/06\/incumple-japan-a-villa-juarez-permanece-estiercol-en-calles\/\" class=\"more-link\">Leer m\u00e1s<\/a><\/p>\n","protected":false},"author":2,"featured_media":21928,"comment_status":"closed","ping_status":"open","sticky":false,"template":"","format":"standard","meta":{"ngg_post_thumbnail":0,"_jetpack_newsletter_access":"","_jetpack_dont_email_post_to_subs":false,"_jetpack_newsletter_tier_id":0,"_jetpack_memberships_contains_paywalled_content":false,"_jetpack_memberships_contains_paid_content":false,"footnotes":""},"categories":[80,164],"tags":[91,149],"class_list":["post-6848","post","type-post","status-publish","format-standard","has-post-thumbnail","hentry","category-cintillo","category-sinaloa","tag-contaminacion-ambiental","tag-salud","entry"],"jetpack_featured_media_url":"http:\/\/www.grieta.org.mx\/wp-content\/uploads\/2018\/03\/14524434_1106112876131411_958039263622046936_o.jpg","jetpack_sharing_enabled":true,"jetpack_shortlink":"https:\/\/wp.me\/p7ZJR4-1Ms","jetpack_likes_enabled":false,"jetpack-related-posts":[{"id":6847,"url":"http:\/\/www.grieta.org.mx\/index.php\/2016\/01\/08\/vecinos-de-navolato-protestan-por-contaminacion-de-via-con-aguas-negras\/","url_meta":{"origin":6848,"position":0},"title":"Vecinos de Navolato protestan por contaminaci\u00f3n de v\u00eda con aguas negras","author":"grieta","date":"8 enero, 2016","format":false,"excerpt":"08\/01\/16. Reclama Villa Ju\u00e1rez a alcalde 'en la puerta' Viva Voz 06\/01\/16. Incumple Japan a Villa Ju\u00e1rez; permanece esti\u00e9rcol en calles Viva Voz 06\/09\/15. Drenaje, foco de infecci\u00f3n en Villa Ju\u00e1rez El Debate","rel":"","context":"En &quot;CINTILLO&quot;","block_context":{"text":"CINTILLO","link":"http:\/\/www.grieta.org.mx\/index.php\/category\/cintillo\/"},"img":{"alt_text":"","src":"https:\/\/i0.wp.com\/www.grieta.org.mx\/wp-content\/uploads\/2018\/03\/14524434_1106112876131411_958039263622046936_o.jpg?resize=350%2C200","width":350,"height":200,"srcset":"https:\/\/i0.wp.com\/www.grieta.org.mx\/wp-content\/uploads\/2018\/03\/14524434_1106112876131411_958039263622046936_o.jpg?resize=350%2C200 1x, https:\/\/i0.wp.com\/www.grieta.org.mx\/wp-content\/uploads\/2018\/03\/14524434_1106112876131411_958039263622046936_o.jpg?resize=525%2C300 1.5x, https:\/\/i0.wp.com\/www.grieta.org.mx\/wp-content\/uploads\/2018\/03\/14524434_1106112876131411_958039263622046936_o.jpg?resize=700%2C400 2x"},"classes":[]},{"id":6854,"url":"http:\/\/www.grieta.org.mx\/index.php\/2016\/01\/08\/reclama-villa-juarez-a-alcalde-en-la-puerta\/","url_meta":{"origin":6848,"position":1},"title":"Reclama Villa Ju\u00e1rez a alcalde \u2018en la puerta\u2019","author":"grieta","date":"8 enero, 2016","format":false,"excerpt":"Redacci\u00f3n Viva Voz, Sinaloa. NAVOLATO. Ayer ciudadanos de Villa Ju\u00e1rez acudieron a la puerta de la Presidencia Municipal para reclamar los dos a\u00f1os de olores f\u00e9tidos por los charcos y lagunas de aguas negras en las calles de la sindicatura. Minutos antes de que el mun\u00edcipe iniciara un evento p\u00fablico\u2026","rel":"","context":"En &quot;CINTILLO&quot;","block_context":{"text":"CINTILLO","link":"http:\/\/www.grieta.org.mx\/index.php\/category\/cintillo\/"},"img":{"alt_text":"","src":"https:\/\/i0.wp.com\/www.grieta.org.mx\/wp-content\/uploads\/2018\/03\/14524434_1106112876131411_958039263622046936_o.jpg?resize=350%2C200","width":350,"height":200,"srcset":"https:\/\/i0.wp.com\/www.grieta.org.mx\/wp-content\/uploads\/2018\/03\/14524434_1106112876131411_958039263622046936_o.jpg?resize=350%2C200 1x, https:\/\/i0.wp.com\/www.grieta.org.mx\/wp-content\/uploads\/2018\/03\/14524434_1106112876131411_958039263622046936_o.jpg?resize=525%2C300 1.5x, https:\/\/i0.wp.com\/www.grieta.org.mx\/wp-content\/uploads\/2018\/03\/14524434_1106112876131411_958039263622046936_o.jpg?resize=700%2C400 2x"},"classes":[]},{"id":6839,"url":"http:\/\/www.grieta.org.mx\/index.php\/2015\/09\/06\/drenaje-foco-de-infeccion-en-villa-juarez\/","url_meta":{"origin":6848,"position":2},"title":"Drenaje, foco de infecci\u00f3n en Villa Ju\u00e1rez","author":"grieta","date":"6 septiembre, 2015","format":false,"excerpt":"Redaccci\u00f3n El Debate, Sinaloa. Sinaloa.- Una gran riesgo de salud est\u00e1n sufriendo los habitantes de diversas colonias en Villa Ju\u00e1rez, Navolato, debido a que el drenaje sanitario colaps\u00f3 y los desechos se regresan a las viviendas por las tazas de los ba\u00f1os; o bien, corren por las calles ante la\u2026","rel":"","context":"En &quot;CINTILLO&quot;","block_context":{"text":"CINTILLO","link":"http:\/\/www.grieta.org.mx\/index.php\/category\/cintillo\/"},"img":{"alt_text":"","src":"https:\/\/i0.wp.com\/www.grieta.org.mx\/wp-content\/uploads\/2018\/03\/14524434_1106112876131411_958039263622046936_o.jpg?resize=350%2C200","width":350,"height":200,"srcset":"https:\/\/i0.wp.com\/www.grieta.org.mx\/wp-content\/uploads\/2018\/03\/14524434_1106112876131411_958039263622046936_o.jpg?resize=350%2C200 1x, https:\/\/i0.wp.com\/www.grieta.org.mx\/wp-content\/uploads\/2018\/03\/14524434_1106112876131411_958039263622046936_o.jpg?resize=525%2C300 1.5x, https:\/\/i0.wp.com\/www.grieta.org.mx\/wp-content\/uploads\/2018\/03\/14524434_1106112876131411_958039263622046936_o.jpg?resize=700%2C400 2x"},"classes":[]},{"id":15494,"url":"http:\/\/www.grieta.org.mx\/index.php\/2016\/04\/30\/en-10-dias-tres-feminicidios-en-culiacan-y-novolato\/","url_meta":{"origin":6848,"position":3},"title":"En 10 d\u00edas tres feminicidios en Culiac\u00e1n y Novolato","author":"grieta","date":"30 abril, 2016","format":false,"excerpt":"Redacci\u00f3n Revoluci\u00f3n 3.0. (30 de abril, 2016).- En Sinaloa, todos los feminicidios que han ocurrido, han sido en Culiac\u00e1n y Navolato. Dichos delitos han sido recurrentes en abril. Hasta el momento, van cuatro mujeres asesinadas en estos dos municipios, tres de \u00e9stas han sido asesinadas en los \u00faltimos 10 d\u00edas.\u2026","rel":"","context":"En &quot;CINTILLO&quot;","block_context":{"text":"CINTILLO","link":"http:\/\/www.grieta.org.mx\/index.php\/category\/cintillo\/"},"img":{"alt_text":"","src":"https:\/\/i0.wp.com\/www.grieta.org.mx\/wp-content\/uploads\/2018\/03\/14524434_1106112876131411_958039263622046936_o.jpg?resize=350%2C200","width":350,"height":200,"srcset":"https:\/\/i0.wp.com\/www.grieta.org.mx\/wp-content\/uploads\/2018\/03\/14524434_1106112876131411_958039263622046936_o.jpg?resize=350%2C200 1x, https:\/\/i0.wp.com\/www.grieta.org.mx\/wp-content\/uploads\/2018\/03\/14524434_1106112876131411_958039263622046936_o.jpg?resize=525%2C300 1.5x, https:\/\/i0.wp.com\/www.grieta.org.mx\/wp-content\/uploads\/2018\/03\/14524434_1106112876131411_958039263622046936_o.jpg?resize=700%2C400 2x"},"classes":[]},{"id":37929,"url":"http:\/\/www.grieta.org.mx\/index.php\/2019\/08\/09\/aprueba-navolato-donacion-de-terreno-para-base-de-guardia-nacional-sinaloa\/","url_meta":{"origin":6848,"position":4},"title":"Aprueba Navolato donaci\u00f3n de terreno para base de Guardia Nacional (Sinaloa)","author":"grieta","date":"9 agosto, 2019","format":false,"excerpt":"Foto: Cortesia Redacci\u00f3n \/ El Sol de Sinaloa Navolato, Sin. - Como una forma de colaborar con el\u00a0Gobierno Federal\u00a0para brindar condiciones a los elementos de la\u00a0Guardia Nacional\u00a0que vienen a reforzar la seguridad en el municipio de Navolato, el alcalde Eliazar Guti\u00e9rrez Angulo y los integrantes de\u00a0Cabildo,\u00a0aprobaron\u00a0de manera un\u00e1nime la\u00a0donaci\u00f3n de\u2026","rel":"","context":"En &quot;CINTILLO&quot;","block_context":{"text":"CINTILLO","link":"http:\/\/www.grieta.org.mx\/index.php\/category\/cintillo\/"},"img":{"alt_text":"","src":"https:\/\/i0.wp.com\/www.grieta.org.mx\/wp-content\/uploads\/2019\/08\/NAVOLATO.jpg?resize=350%2C200","width":350,"height":200,"srcset":"https:\/\/i0.wp.com\/www.grieta.org.mx\/wp-content\/uploads\/2019\/08\/NAVOLATO.jpg?resize=350%2C200 1x, https:\/\/i0.wp.com\/www.grieta.org.mx\/wp-content\/uploads\/2019\/08\/NAVOLATO.jpg?resize=525%2C300 1.5x, https:\/\/i0.wp.com\/www.grieta.org.mx\/wp-content\/uploads\/2019\/08\/NAVOLATO.jpg?resize=700%2C400 2x"},"classes":[]},{"id":68496,"url":"http:\/\/www.grieta.org.mx\/index.php\/2024\/02\/10\/jornaleros-agricolas-explotacion-y-abuso\/","url_meta":{"origin":6848,"position":5},"title":"JORNALEROS AGR\u00cdCOLAS: EXPLOTACI\u00d3N Y ABUSO","author":"grieta","date":"10 febrero, 2024","format":false,"excerpt":"Por\u00a0Mart\u00edn Gonz\u00e1lez RIODOCE En la sindicatura de Villa Benito Ju\u00e1rez, Navolato, los trabajadores del campo viven situaciones de precariedad laboral y de vivienda El coordinador del movimiento Unificaci\u00f3n Lucha Triqui en Sinaloa, Juan L\u00f3pez Garc\u00eda, lo dice con todas sus letras: el de los jornaleros agr\u00edcolas es el sector que\u2026","rel":"","context":"En &quot;Jornaleros&quot;","block_context":{"text":"Jornaleros","link":"http:\/\/www.grieta.org.mx\/index.php\/category\/temas-nacionales\/jornaleros\/"},"img":{"alt_text":"","src":"https:\/\/i0.wp.com\/www.grieta.org.mx\/wp-content\/uploads\/2024\/02\/jornaleros-villa-juarez-scaled-qi489nhecvmotvefnkz89edua49o1k33abvct494so.jpg?resize=350%2C200","width":350,"height":200,"srcset":"https:\/\/i0.wp.com\/www.grieta.org.mx\/wp-content\/uploads\/2024\/02\/jornaleros-villa-juarez-scaled-qi489nhecvmotvefnkz89edua49o1k33abvct494so.jpg?resize=350%2C200 1x, https:\/\/i0.wp.com\/www.grieta.org.mx\/wp-content\/uploads\/2024\/02\/jornaleros-villa-juarez-scaled-qi489nhecvmotvefnkz89edua49o1k33abvct494so.jpg?resize=525%2C300 1.5x, https:\/\/i0.wp.com\/www.grieta.org.mx\/wp-content\/uploads\/2024\/02\/jornaleros-villa-juarez-scaled-qi489nhecvmotvefnkz89edua49o1k33abvct494so.jpg?resize=700%2C400 2x, https:\/\/i0.wp.com\/www.grieta.org.mx\/wp-content\/uploads\/2024\/02\/jornaleros-villa-juarez-scaled-qi489nhecvmotvefnkz89edua49o1k33abvct494so.jpg?resize=1050%2C600 3x"},"classes":[]}],"_links":{"self":[{"href":"http:\/\/www.grieta.org.mx\/index.php\/wp-json\/wp\/v2\/posts\/6848","targetHints":{"allow":["GET"]}}],"collection":[{"href":"http:\/\/www.grieta.org.mx\/index.php\/wp-json\/wp\/v2\/posts"}],"about":[{"href":"http:\/\/www.grieta.org.mx\/index.php\/wp-json\/wp\/v2\/types\/post"}],"author":[{"embeddable":true,"href":"http:\/\/www.grieta.org.mx\/index.php\/wp-json\/wp\/v2\/users\/2"}],"replies":[{"embeddable":true,"href":"http:\/\/www.grieta.org.mx\/index.php\/wp-json\/wp\/v2\/comments?post=6848"}],"version-history":[{"count":1,"href":"http:\/\/www.grieta.org.mx\/index.php\/wp-json\/wp\/v2\/posts\/6848\/revisions"}],"predecessor-version":[{"id":6852,"href":"http:\/\/www.grieta.org.mx\/index.php\/wp-json\/wp\/v2\/posts\/6848\/revisions\/6852"}],"wp:featuredmedia":[{"embeddable":true,"href":"http:\/\/www.grieta.org.mx\/index.php\/wp-json\/wp\/v2\/media\/21928"}],"wp:attachment":[{"href":"http:\/\/www.grieta.org.mx\/index.php\/wp-json\/wp\/v2\/media?parent=6848"}],"wp:term":[{"taxonomy":"category","embeddable":true,"href":"http:\/\/www.grieta.org.mx\/index.php\/wp-json\/wp\/v2\/categories?post=6848"},{"taxonomy":"post_tag","embeddable":true,"href":"http:\/\/www.grieta.org.mx\/index.php\/wp-json\/wp\/v2\/tags?post=6848"}],"curies":[{"name":"wp","href":"https:\/\/api.w.org\/{rel}","templated":true}]}}