{"id":68402,"date":"2024-01-29T21:20:22","date_gmt":"2024-01-30T03:20:22","guid":{"rendered":"https:\/\/www.grieta.org.mx\/?p=68402"},"modified":"2024-01-29T21:20:22","modified_gmt":"2024-01-30T03:20:22","slug":"tren-maya-danos-al-patrimonio-investigadores-del-inah-a-fiscalia","status":"publish","type":"post","link":"http:\/\/www.grieta.org.mx\/index.php\/2024\/01\/29\/tren-maya-danos-al-patrimonio-investigadores-del-inah-a-fiscalia\/","title":{"rendered":"Tren Maya, da\u00f1os al patrimonio: Investigadores del INAH a Fiscal\u00eda"},"content":{"rendered":"<p>Judith Amador Tello \/ Revista Proceso<\/p>\n<blockquote><p>A la denuncia presentada por destrucci\u00f3n arqueol\u00f3gica en mayo de 2020, y a la exigencia de su investigaci\u00f3n en julio de 2021, Felipe Echenique y Juan Manuel Sandoval, investigadores del INAH, ampliaron su informe con nuevos testimonios, que acaban de entregar a la FGR, y que se desglosa aqu\u00ed.<\/p><\/blockquote>\n<p>CIUDAD DE M\u00c9XICO (Proceso).- Con recientes datos y testimonios, y luego de haber realizado nuevos recorridos por las obras del Tren Maya, los investigadores del Instituto Nacional de Antropolog\u00eda e Historia (INAH), Felipe Echenique March y Juan Manuel Sandoval Palacios, han documentado la destrucci\u00f3n de monumentos y zonas arqueol\u00f3gicos, principalmente en el tramo 7 del tendido de v\u00edas.<\/p>\n<p>De esta manera entregaron a la Fiscal\u00eda General de la Rep\u00fablica (FGR) Alcances a la Denuncia de Hechos presentada el 15 de mayo de 2020 y la Carta Excitativa del 19 de julio de 2021, para que dicha instituci\u00f3n investigara la presunta destrucci\u00f3n \u201cde un indeterminado n\u00famero de bienes nacionales\u201d.<\/p>\n<p>En aquel momento se basaron en el conocimiento y presunci\u00f3n de que en la pen\u00ednsula de Yucat\u00e1n existen cientos de miles de zonas y monumentos arqueol\u00f3gicos que requieren de trabajos de investigaci\u00f3n y estudios cient\u00edficos para no ser meros objetos de exhibici\u00f3n y mercantilizaci\u00f3n, sino para el conocimiento de las sociedades que los produjeron.<\/p>\n<p>As\u00ed lo explican en la ampliaci\u00f3n de la denuncia realizada por ambos investigadores, Echenique historiador y Sandoval antrop\u00f3logo social, ahora junto con el arque\u00f3logo Fernando Cort\u00e9s de Brasdefer, a quien &#8211;se recordar\u00e1&#8211; el INAH levant\u00f3 un acta administrativa por haber escrito un texto en el cual denunciaba la destrucci\u00f3n.<\/p>\n<p>Ahora, dice el documento entregado a la FGR, con sello de recibido del 18 de enero pasado, \u201cpodemos ya mostrar fehacientemente con fotograf\u00edas, la destrucci\u00f3n, alteraci\u00f3n y lo que podr\u00edamos llamar saqueo institucionalizado, dado el desmonte y tendido de v\u00edas, abertura de bancos de materiales, caminos, construcci\u00f3n de estaciones y ahora hasta de un hotel contra\u00eddo por la SEDENA (Secretar\u00eda de la Defensa Nacional) en medio de la Reserva de la Bi\u00f3sfera de Calakmul en Campeche, a unos cuantos kil\u00f3metros de la Zona Arqueol\u00f3gica del mismo nombre, y en la propia selva de Quintana Roo\u201d.<\/p>\n<p>La inmensa mayor\u00eda de quienes trabajaron en el proyecto de salvamento arqueol\u00f3gico de los diversos tramos del Tren, a decir de los denunciantes, son estudiantes o pasantes de arqueolog\u00eda, a quienes no contrat\u00f3 el INAH sino la Sedena e incluso excavaron directamente soldados.<\/p>\n<p><img loading=\"lazy\" decoding=\"async\" data-attachment-id=\"68404\" data-permalink=\"http:\/\/www.grieta.org.mx\/index.php\/2024\/01\/29\/tren-maya-danos-al-patrimonio-investigadores-del-inah-a-fiscalia\/tren2-3\/\" data-orig-file=\"http:\/\/www.grieta.org.mx\/wp-content\/uploads\/2024\/01\/Tren2-e1706584046541.jpg\" data-orig-size=\"800,617\" data-comments-opened=\"0\" data-image-meta=\"{&quot;aperture&quot;:&quot;0&quot;,&quot;credit&quot;:&quot;&quot;,&quot;camera&quot;:&quot;&quot;,&quot;caption&quot;:&quot;&quot;,&quot;created_timestamp&quot;:&quot;0&quot;,&quot;copyright&quot;:&quot;&quot;,&quot;focal_length&quot;:&quot;0&quot;,&quot;iso&quot;:&quot;0&quot;,&quot;shutter_speed&quot;:&quot;0&quot;,&quot;title&quot;:&quot;&quot;,&quot;orientation&quot;:&quot;1&quot;}\" data-image-title=\"Tren2\" data-image-description=\"\" data-image-caption=\"\" data-medium-file=\"http:\/\/www.grieta.org.mx\/wp-content\/uploads\/2024\/01\/Tren2-300x232.jpg\" data-large-file=\"http:\/\/www.grieta.org.mx\/wp-content\/uploads\/2024\/01\/Tren2-1024x790.jpg\" src=\"http:\/\/www.grieta.org.mx\/wp-content\/uploads\/2024\/01\/Tren2-e1706584046541.jpg\" alt=\"\" width=\"800\" height=\"617\" class=\"alignnone size-full wp-image-68404\" \/><\/p>\n<p>          Alg\u00fan d\u00eda no lejano, avizora Echenique, cuando muchos de esos j\u00f3venes que colaboraron por necesidad laboral y econ\u00f3mica no sean recontratados o no encuentren trabajo en su profesi\u00f3n en instancias como el INAH (donde hace d\u00e9cadas no se abren plazas), \u201cquerr\u00e1n hablar\u201d y dar testimonio del da\u00f1o, la destrucci\u00f3n y hasta el saqueo arqueol\u00f3gico.<\/p>\n<p>Estudio clave<\/p>\n<p>La ampliaci\u00f3n de la denuncia ante la Fiscal\u00eda fue hecha a partir de la segunda parte del estudio Cuaderno de Trabajo N\u00famero 3, \u201cLa construcci\u00f3n del Tren Maya y la destrucci\u00f3n del Patrimonio Arqueol\u00f3gico en la Pen\u00ednsula de Yucat\u00e1n\u201d, de 228 cuartillas, realizado por Sandoval Palacios en el marco del Seminario Permanente de Estudios Chicanos y de Fronteras de la Direcci\u00f3n de Estudios en Antropolog\u00eda Social del INAH, y del Grupo de Trabajo \u201cFronteras, regionalizaci\u00f3n y globalizaci\u00f3n\u201d del Consejo Latinoamericano de Ciencias Sociales y Red Mexicana de Acci\u00f3n frente al Libre Comercio, presentado en este espacio en abril de 2022.<\/p>\n<p>El documento fue actualizado a diciembre de 2023 y \u201cest\u00e1 dedicado a mostrar, mediante un registro etnogr\u00e1fico y fotogr\u00e1fico, la destrucci\u00f3n de un gran n\u00famero de monumentos prehisp\u00e1nicos mayas por la construcci\u00f3n del trazo por donde correr\u00e1n las v\u00edas del llamado Tren Maya, principalmente en el Tramo 7, de Bacalar en Quintana Roo a Esc\u00e1rcega, Campeche&#8230;\u201d.<\/p>\n<p>Y re\u00fane testimonios de trabajadores de las diversas instancias involucradas (ingenieros civiles, bi\u00f3logos, administradores ambientales, top\u00f3grafos, choferes de camiones de carga, operadores de maquinaria pesada), as\u00ed como de ejidatarios, campesinos y gente de la comunidad, quienes fueron testigos de la \u201cdestrucci\u00f3n\u201d de monumentos, estructuras y mont\u00edculos.<\/p>\n<p>La informaci\u00f3n fue enriquecida con las observaciones que Echenique, Sandoval y Cort\u00e9s de Brasdefer pudieron hacer durante sus recorridos. El antrop\u00f3logo registra en su diario de campo y en su estudio (como un caso de entre los muchos que documenta), que a un costado de la carretera Esc\u00e1rcega-Chetumal hay estructuras prehisp\u00e1nicas. Lo cual significa que se trata de una zona de monumentos, no obstante, a un lado se traz\u00f3 la ruta del tren.<\/p>\n<p><img loading=\"lazy\" decoding=\"async\" data-attachment-id=\"68405\" data-permalink=\"http:\/\/www.grieta.org.mx\/index.php\/2024\/01\/29\/tren-maya-danos-al-patrimonio-investigadores-del-inah-a-fiscalia\/tren3\/\" data-orig-file=\"http:\/\/www.grieta.org.mx\/wp-content\/uploads\/2024\/01\/Tren3-e1706584153359.jpg\" data-orig-size=\"800,552\" data-comments-opened=\"0\" data-image-meta=\"{&quot;aperture&quot;:&quot;0&quot;,&quot;credit&quot;:&quot;&quot;,&quot;camera&quot;:&quot;&quot;,&quot;caption&quot;:&quot;&quot;,&quot;created_timestamp&quot;:&quot;0&quot;,&quot;copyright&quot;:&quot;&quot;,&quot;focal_length&quot;:&quot;0&quot;,&quot;iso&quot;:&quot;0&quot;,&quot;shutter_speed&quot;:&quot;0&quot;,&quot;title&quot;:&quot;&quot;,&quot;orientation&quot;:&quot;1&quot;}\" data-image-title=\"Tren3\" data-image-description=\"\" data-image-caption=\"\" data-medium-file=\"http:\/\/www.grieta.org.mx\/wp-content\/uploads\/2024\/01\/Tren3-300x207.jpg\" data-large-file=\"http:\/\/www.grieta.org.mx\/wp-content\/uploads\/2024\/01\/Tren3-1024x706.jpg\" src=\"http:\/\/www.grieta.org.mx\/wp-content\/uploads\/2024\/01\/Tren3-e1706584153359.jpg\" alt=\"\" width=\"800\" height=\"552\" class=\"alignnone size-full wp-image-68405\" \/><br \/>\nChakanbak\u00e1n. Diario de campo. Foto: Esquema de Sandoval.<\/p>\n<p>Pudo observar en su visita restos p\u00e9treos arrasados por bulldozers, muchos tiestos, lascas de pedernal \u201ce incluso una estructura arrasada en su mayor parte donde se ve\u00edan algunas piedras removidas\u201d. Lo mismo en su trayecto al Ejido Tres Garant\u00edas en Quintana Roo, donde se encuentra la Reserva Natural del mismo nombre, en la cual las im\u00e1genes fotogr\u00e1ficas muestran un mismo basamento en diferentes fases de destrucci\u00f3n. Registra da\u00f1os a los cenotes, avances en la especulaci\u00f3n inmobiliaria y hace referencia a los dividendos que se incrementan ya para las transnacionales.<\/p>\n<p>Se le pregunta a Sandoval si el Tren tendr\u00e1 alg\u00fan beneficio social para las comunidades. Quiz\u00e1, dice, puedan viajar en \u00e9l de un punto a otro de la pen\u00ednsula o llevar sus \u201ccostalitos de ma\u00edz, chile o lo que produzcan, o desarrollar algunos proyectos ecotur\u00edsticos\u201d. Pero subraya que ser\u00eda m\u00ednimo, nada comparable con las ganancias que tendr\u00e1n las empresas e industrias transnacionales de turismo, hidrocarburos y otros recursos naturales como maderas preciosas.<\/p>\n<p>Echenique se\u00f1ala por separado que en su recorrido pasaron tambi\u00e9n por la autopista de Campeche a Yucat\u00e1n. Cuando se hizo esa v\u00eda, los arque\u00f3logos que realizaron el salvamento dejaron a raya algunas pir\u00e1mides, en cambio el tren, a la misma altura del trayecto, no respet\u00f3 otros vestigios.<\/p>\n<p>Desprotecci\u00f3n<\/p>\n<p>El proyecto Tren Maya, refieren en la denuncia, se present\u00f3 como con un discurso \u201cdesarrollista\u201d y nacionalista, cuando es en realidad un plan de reordenamiento territorial que \u201cprovocar\u00e1 una colonizaci\u00f3n intensiva y extensiva que cambiar\u00e1 toda la fisonom\u00eda natural y de asentamientos humanos pasados, presentes y futuros en el sur sureste de la Rep\u00fablica mexicana.<\/p>\n<p>\u201cBajo esas condiciones ser\u00e1 muy dif\u00edcil salvar y conservar lo que desde ahora se dej\u00f3 al garete y fuera de toda protecci\u00f3n legal. Por ejemplo, se habla de declarar reservas naturales o parques a cargo del ej\u00e9rcito, pero en ning\u00fan momento de establecer Declaratorias de Zonas de Monumentos Arqueol\u00f3gicos, toda vez que el propio director del INAH (Diego Prieto) se\u00f1al\u00f3 que los trabajos de salvamento descubrieron m\u00e1s de 20 mil basamentos. No se mencionan las medidas conducentes para su protecci\u00f3n y salvaguarda\u201d.<\/p>\n<p><img loading=\"lazy\" decoding=\"async\" data-attachment-id=\"68406\" data-permalink=\"http:\/\/www.grieta.org.mx\/index.php\/2024\/01\/29\/tren-maya-danos-al-patrimonio-investigadores-del-inah-a-fiscalia\/tren4\/\" data-orig-file=\"http:\/\/www.grieta.org.mx\/wp-content\/uploads\/2024\/01\/Tren4-e1706584253525.jpg\" data-orig-size=\"800,566\" data-comments-opened=\"0\" data-image-meta=\"{&quot;aperture&quot;:&quot;0&quot;,&quot;credit&quot;:&quot;&quot;,&quot;camera&quot;:&quot;&quot;,&quot;caption&quot;:&quot;&quot;,&quot;created_timestamp&quot;:&quot;0&quot;,&quot;copyright&quot;:&quot;&quot;,&quot;focal_length&quot;:&quot;0&quot;,&quot;iso&quot;:&quot;0&quot;,&quot;shutter_speed&quot;:&quot;0&quot;,&quot;title&quot;:&quot;&quot;,&quot;orientation&quot;:&quot;1&quot;}\" data-image-title=\"Tren4\" data-image-description=\"\" data-image-caption=\"\" data-medium-file=\"http:\/\/www.grieta.org.mx\/wp-content\/uploads\/2024\/01\/Tren4-300x212.jpg\" data-large-file=\"http:\/\/www.grieta.org.mx\/wp-content\/uploads\/2024\/01\/Tren4-1024x724.jpg\" src=\"http:\/\/www.grieta.org.mx\/wp-content\/uploads\/2024\/01\/Tren4-e1706584253525.jpg\" alt=\"\" width=\"800\" height=\"566\" class=\"alignnone size-full wp-image-68406\" \/><br \/>\nEstructura da\u00f1ada. Camino a Tres Garant\u00edas. Foto: Del Informe a la Fiscal\u00eda.<\/p>\n<p>Insisten en que no se equivocaron al presentar la denuncia ante la Fiscal\u00eda desde 2021 con la presunci\u00f3n de la existencia de cientos de miles de monumentos y zonas de monumentos, porque la aseveraci\u00f3n se funda en evidencias cient\u00edficas y del dominio p\u00fablico, de que en esos lugares hay selvas y bosques poco tocados. Ahora en el Cuaderno de Trabajo 3, que se anexa a la denuncia, \u201cquedan perfectamente explicitadas una gran cantidad de destrucciones\u201d.<\/p>\n<p>Y acusan la \u201cinacci\u00f3n\u201d de la FGR, encabezada por Alejandro Gertz Manero, y la \u201cnula voluntad de los directivos del INAH por esclarecer los hechos. Hacen ver que la destrucci\u00f3n de los vestigios materiales va m\u00e1s all\u00e1 de lo documentado en el Cuaderno, pues consideran que tiene que ver tambi\u00e9n con la informaci\u00f3n y el an\u00e1lisis de gabinete y laboratorio:<\/p>\n<p>\u201cAcumular material, sin etiquetar, sin bit\u00e1coras, sin mapas de georreferencia, etc., es otra manera de destrucci\u00f3n, pues son materiales que ya no podr\u00e1n ser analizados por las siguientes generaciones\u201d.<\/p>\n<p>El pasado 27 de enero, en la conferencia matutina del presidente Andr\u00e9s Manuel L\u00f3pez Obrador, Diego Prieto report\u00f3 que al 25 de enero \u201cse han registrado y preservado 59,340 bienes inmuebles; 1,423,524 fragmentos cer\u00e1micos; 1,956 bienes muebles, de los cuales 1,487 est\u00e1n en proceso de restauraci\u00f3n; 699 restos humanos y 2,352 rasgos naturales asociados a la presencia de grupos humanos\u201d.<\/p>\n<p>Y habl\u00f3 del reciente hallazgo de un basamento piramidal, que debido a su \u201ccategor\u00eda\u201d y a encontrarse en el \u201cderecho de v\u00eda del Tramo 7\u201d fue reubicado, es decir, fue completamente desmontado y edificado \u201cde la misma manera\u201d en un espacio distinto al que fue erigido en la antig\u00fcedad.<\/p>\n<p>Pero el centro de la noticia difundida por el propio INAH fue el aumento de visitantes a las zonas arqueol\u00f3gicas cercanas al Tren Maya, que fue superior en un 20% comparando las cifras de diciembre de 2023 y diciembre de 2022.<\/p>\n<p>Los denunciantes exigen a la FGR ordenar al INAH que entregue los trabajos de salvamento a lo largo y ancho del tendido de las v\u00edas del Tren Maya. Y a que exhiba con mapas los tramos en los cuales se desvi\u00f3 la ruta por vestigios relevantes y las medidas legales tomadas para su salvaguarda; visibilizar en mapas georreferenciados los lugares donde se encontraron los monumentos muebles que afirma se han salvado, y exhiba los fundamentos legales por los que la administraci\u00f3n, bienes muebles e inmuebles, dividendos, rentas y beneficios que proporcionen tanto el Tren Maya como el del Istmo de Tehuantepec, fueron asignados al Ej\u00e9rcito y la Marina Armada de M\u00e9xico.<\/p>\n<p>Para el historiador Echenique es incierto que alg\u00fan d\u00eda haya justicia en este proyecto, pero considera que tanto el estudio como la denuncia son testimoniales de la destrucci\u00f3n. Qued\u00f3 mucho trabajo pendiente, no terminaron de recoger todo lo que exploraron, y eso en su opini\u00f3n es saqueo.<\/p>\n<p><img loading=\"lazy\" decoding=\"async\" data-attachment-id=\"68407\" data-permalink=\"http:\/\/www.grieta.org.mx\/index.php\/2024\/01\/29\/tren-maya-danos-al-patrimonio-investigadores-del-inah-a-fiscalia\/tren5\/\" data-orig-file=\"http:\/\/www.grieta.org.mx\/wp-content\/uploads\/2024\/01\/Tren5.jpg\" data-orig-size=\"728,924\" data-comments-opened=\"0\" data-image-meta=\"{&quot;aperture&quot;:&quot;0&quot;,&quot;credit&quot;:&quot;&quot;,&quot;camera&quot;:&quot;&quot;,&quot;caption&quot;:&quot;&quot;,&quot;created_timestamp&quot;:&quot;0&quot;,&quot;copyright&quot;:&quot;&quot;,&quot;focal_length&quot;:&quot;0&quot;,&quot;iso&quot;:&quot;0&quot;,&quot;shutter_speed&quot;:&quot;0&quot;,&quot;title&quot;:&quot;&quot;,&quot;orientation&quot;:&quot;1&quot;}\" data-image-title=\"Tren5\" data-image-description=\"\" data-image-caption=\"\" data-medium-file=\"http:\/\/www.grieta.org.mx\/wp-content\/uploads\/2024\/01\/Tren5-236x300.jpg\" data-large-file=\"http:\/\/www.grieta.org.mx\/wp-content\/uploads\/2024\/01\/Tren5.jpg\" src=\"http:\/\/www.grieta.org.mx\/wp-content\/uploads\/2024\/01\/Tren5.jpg\" alt=\"\" width=\"728\" height=\"924\" class=\"alignnone size-full wp-image-68407\" srcset=\"http:\/\/www.grieta.org.mx\/wp-content\/uploads\/2024\/01\/Tren5.jpg 728w, http:\/\/www.grieta.org.mx\/wp-content\/uploads\/2024\/01\/Tren5-236x300.jpg 236w\" sizes=\"auto, (max-width: 728px) 100vw, 728px\" \/><br \/>\nEchenique con Sandoval. Observaciones. Foto: Del Informe a la Fiscal\u00eda.<\/p>\n<p>Fue testigo, enfatiza, de que muchos de los j\u00f3venes arque\u00f3logos ni siquiera llevaban un cuaderno para el registro de lo que iban sacando, cuando les preguntaba a algunos le respond\u00edan que lo har\u00edan en la noche.<\/p>\n<p>\u201c\u00c9sa es otra parte de la destrucci\u00f3n, una es la que se hace en el campo, f\u00edsica, real de muchos monumentos, y la otra es del conocimiento, porque no quedan bien hechos los registros de lo salvaguardado&#8230; Presumir piezas rescatadas no es la misi\u00f3n del instituto, y se lo dije a Diego Priego, porque as\u00ed se alienta el saqueo. Y al momento no hay una sola preparaci\u00f3n de declaratoria de monumentos para el \u00e1rea maya.<\/p>\n<p>\u201cQue diga que se encontraron m\u00e1s de 32,000 basamentos, est\u00e1 bien, pero cu\u00e1les son, la forma de protegerlos objetivamente es la declaratoria de monumentos y no han hecho ninguna\u201d.<\/p>\n<p><a href=\"https:\/\/www.proceso.com.mx\/cultura\/2024\/1\/29\/tren-maya-danos-al-patrimonio-investigadores-del-inah-fiscalia-322961.html\" rel=\"noopener\" target=\"_blank\">https:\/\/www.proceso.com.mx\/cultura\/2024\/1\/29\/tren-maya-danos-al-patrimonio-investigadores-del-inah-fiscalia-322961.html<\/a><\/p>\n","protected":false},"excerpt":{"rendered":"<p>Judith Amador Tello \/ Revista Proceso A la denuncia presentada por destrucci\u00f3n arqueol\u00f3gica en mayo de 2020, y a la exigencia de su investigaci\u00f3n en julio de 2021, Felipe Echenique &hellip; <a href=\"http:\/\/www.grieta.org.mx\/index.php\/2024\/01\/29\/tren-maya-danos-al-patrimonio-investigadores-del-inah-a-fiscalia\/\" class=\"more-link\">Leer m\u00e1s<\/a><\/p>\n","protected":false},"author":2,"featured_media":68403,"comment_status":"closed","ping_status":"closed","sticky":false,"template":"","format":"standard","meta":{"ngg_post_thumbnail":0,"_jetpack_newsletter_access":"","_jetpack_dont_email_post_to_subs":false,"_jetpack_newsletter_tier_id":0,"_jetpack_memberships_contains_paywalled_content":false,"_jetpack_memberships_contains_paid_content":false,"footnotes":""},"categories":[11,80,3,922,926,944,952,2,28,1876,1877,1875,2026,36],"tags":[3947,2633,208,1878],"class_list":["post-68402","post","type-post","status-publish","format-standard","has-post-thumbnail","hentry","category-campeche","category-cintillo","category-megaproyectos","category-megaproyectos-estados","category-mp-campeche","category-mp-quintana-roo","category-mp-yucatan","category-noticias-nacionales","category-quintana-roo","category-resistencia-al-tren-maya-en-la-peninsula-de-yucatan-quintana-roo","category-resistencia-al-tren-maya-en-la-peninsula-de-yucatan-campeche","category-resistencia-al-tren-maya-en-la-peninsula-de-yucatan","category-tren-maya","category-yucatan","tag-denuncia","tag-destruccion-del-patrimonio-historico","tag-inah","tag-tren-maya","entry"],"jetpack_featured_media_url":"http:\/\/www.grieta.org.mx\/wp-content\/uploads\/2024\/01\/Tren-e1706583941486.jpg","jetpack_sharing_enabled":true,"jetpack_shortlink":"https:\/\/wp.me\/p7ZJR4-hNg","jetpack_likes_enabled":false,"jetpack-related-posts":[{"id":47874,"url":"http:\/\/www.grieta.org.mx\/index.php\/2020\/04\/13\/las-vias-torcidas-del-tren-maya-video\/","url_meta":{"origin":68402,"position":0},"title":"Las v\u00edas torcidas del tren maya (Video)","author":"grieta","date":"13 abril, 2020","format":false,"excerpt":"https:\/\/www.youtube.com\/watch?v=k8FRX9eT0YY","rel":"","context":"En &quot;16. Pueblo Maya&quot;","block_context":{"text":"16. Pueblo Maya","link":"http:\/\/www.grieta.org.mx\/index.php\/category\/espejos-de-la-resistencia\/16-pueblo-maya\/"},"img":{"alt_text":"","src":"https:\/\/i0.wp.com\/www.grieta.org.mx\/wp-content\/uploads\/2020\/04\/ViasTorcidasTrenMaya.png?resize=350%2C200","width":350,"height":200,"srcset":"https:\/\/i0.wp.com\/www.grieta.org.mx\/wp-content\/uploads\/2020\/04\/ViasTorcidasTrenMaya.png?resize=350%2C200 1x, https:\/\/i0.wp.com\/www.grieta.org.mx\/wp-content\/uploads\/2020\/04\/ViasTorcidasTrenMaya.png?resize=525%2C300 1.5x, https:\/\/i0.wp.com\/www.grieta.org.mx\/wp-content\/uploads\/2020\/04\/ViasTorcidasTrenMaya.png?resize=700%2C400 2x"},"classes":[]},{"id":35945,"url":"http:\/\/www.grieta.org.mx\/index.php\/2019\/07\/05\/expansion-de-megaproyectos-en-la-peninsula-de-yucatan-video\/","url_meta":{"origin":68402,"position":1},"title":"Expansi\u00f3n de Megaproyectos en la Pen\u00ednsula de Yucat\u00e1n (Video)","author":"grieta","date":"5 julio, 2019","format":false,"excerpt":"https:\/\/youtu.be\/qLBARIAaBsI","rel":"","context":"En &quot;Campeche&quot;","block_context":{"text":"Campeche","link":"http:\/\/www.grieta.org.mx\/index.php\/category\/noticias-nacionales\/campeche\/"},"img":{"alt_text":"","src":"https:\/\/i0.wp.com\/img.youtube.com\/vi\/qLBARIAaBsI\/0.jpg?resize=350%2C200","width":350,"height":200},"classes":[]},{"id":49839,"url":"http:\/\/www.grieta.org.mx\/index.php\/2020\/05\/18\/investigadores-denuncian-ante-fgr-posible-dano-al-patrimonio-por-tren-maya\/","url_meta":{"origin":68402,"position":2},"title":"Investigadores denuncian ante FGR posible da\u00f1o al patrimonio por Tren Maya","author":"grieta","date":"18 mayo, 2020","format":false,"excerpt":"Judith Amador Tello \/ Proceso CIUDAD DE M\u00c9XICO (apro).- Investigadores del Instituto Nacional de Antropolog\u00eda e Historia (INAH) informaron a esta agencia que el pasado viernes 15 entregaron a la Fiscal\u00eda General de la Rep\u00fablica (FGR) una denuncia de hechos, por la presunta destrucci\u00f3n de monumentos arqueol\u00f3gicos que podr\u00edan resultar\u2026","rel":"","context":"En &quot;Campeche&quot;","block_context":{"text":"Campeche","link":"http:\/\/www.grieta.org.mx\/index.php\/category\/noticias-nacionales\/campeche\/"},"img":{"alt_text":"","src":"https:\/\/i0.wp.com\/www.grieta.org.mx\/wp-content\/uploads\/2020\/05\/tren-870x522-e1590531242649.jpg?resize=350%2C200","width":350,"height":200,"srcset":"https:\/\/i0.wp.com\/www.grieta.org.mx\/wp-content\/uploads\/2020\/05\/tren-870x522-e1590531242649.jpg?resize=350%2C200 1x, https:\/\/i0.wp.com\/www.grieta.org.mx\/wp-content\/uploads\/2020\/05\/tren-870x522-e1590531242649.jpg?resize=525%2C300 1.5x, https:\/\/i0.wp.com\/www.grieta.org.mx\/wp-content\/uploads\/2020\/05\/tren-870x522-e1590531242649.jpg?resize=700%2C400 2x"},"classes":[]},{"id":70070,"url":"http:\/\/www.grieta.org.mx\/index.php\/2024\/09\/04\/se-impuso-la-voluntad-de-un-despota-en-el-tren-maya-felipe-echenique-historiador-del-inah\/","url_meta":{"origin":68402,"position":3},"title":"\u201cSe impuso la voluntad de un d\u00e9spota en el Tren Maya\u201d: Felipe Echenique, historiador del INAH","author":"grieta","date":"4 septiembre, 2024","format":false,"excerpt":"Cristopher Cabello \/ El Universal Al igual que el arque\u00f3logo Fernando Cort\u00e9s de Brasdefer y el antrop\u00f3logo Juan Manuel Sandoval, el historiador del INAH Felipe Echenique recorri\u00f3 parte del tramo 7 del Tren Maya (Bacalar-Esc\u00e1rcega), donde constat\u00f3 la destrucci\u00f3n de zonas de monumentos arqueol\u00f3gicos y vestigios patrimoniales, hechos que denunci\u00f3\u2026","rel":"","context":"En &quot;Campeche&quot;","block_context":{"text":"Campeche","link":"http:\/\/www.grieta.org.mx\/index.php\/category\/noticias-nacionales\/campeche\/"},"img":{"alt_text":"","src":"https:\/\/i0.wp.com\/www.grieta.org.mx\/wp-content\/uploads\/2024\/10\/Despota-e1728418204267.jpg?resize=350%2C200","width":350,"height":200,"srcset":"https:\/\/i0.wp.com\/www.grieta.org.mx\/wp-content\/uploads\/2024\/10\/Despota-e1728418204267.jpg?resize=350%2C200 1x, https:\/\/i0.wp.com\/www.grieta.org.mx\/wp-content\/uploads\/2024\/10\/Despota-e1728418204267.jpg?resize=525%2C300 1.5x, https:\/\/i0.wp.com\/www.grieta.org.mx\/wp-content\/uploads\/2024\/10\/Despota-e1728418204267.jpg?resize=700%2C400 2x"},"classes":[]},{"id":53770,"url":"http:\/\/www.grieta.org.mx\/index.php\/2020\/09\/22\/tal-como-advirtieron-arqueologos-tren-maya-podria-danar-vestigios-y-zonas-arqueologicas-detienen-obras-en-campeche-por-hallazgo\/","url_meta":{"origin":68402,"position":4},"title":"Tal como advirtieron arque\u00f3logos, Tren Maya podr\u00eda da\u00f1ar vestigios y zonas arqueol\u00f3gicas; detienen obras en Campeche por hallazgo","author":"grieta","date":"22 septiembre, 2020","format":false,"excerpt":"Itzel Chan \/ Noticaribe M\u00c9RIDA, MX.- Tal como han expuesto m\u00e1s de 100 arque\u00f3logos, acad\u00e9micos e investigadores de M\u00e9xico, Brasil, Canad\u00e1, Estados Unidos y otros pa\u00edses sobre el riesgo que existe de que el Tren Maya podr\u00eda destruir algunos monumentos arqueol\u00f3gicos, recientemente fueron canceladas las obras en Campeche, debido a\u2026","rel":"","context":"En &quot;Campeche&quot;","block_context":{"text":"Campeche","link":"http:\/\/www.grieta.org.mx\/index.php\/category\/noticias-nacionales\/campeche\/"},"img":{"alt_text":"","src":"https:\/\/i0.wp.com\/www.grieta.org.mx\/wp-content\/uploads\/2020\/09\/TrenViasCampeche-e1600970198628.png?resize=350%2C200","width":350,"height":200,"srcset":"https:\/\/i0.wp.com\/www.grieta.org.mx\/wp-content\/uploads\/2020\/09\/TrenViasCampeche-e1600970198628.png?resize=350%2C200 1x, https:\/\/i0.wp.com\/www.grieta.org.mx\/wp-content\/uploads\/2020\/09\/TrenViasCampeche-e1600970198628.png?resize=525%2C300 1.5x, https:\/\/i0.wp.com\/www.grieta.org.mx\/wp-content\/uploads\/2020\/09\/TrenViasCampeche-e1600970198628.png?resize=700%2C400 2x"},"classes":[]},{"id":67427,"url":"http:\/\/www.grieta.org.mx\/index.php\/2023\/08\/07\/defienden-a-arqueologo-censurado-por-el-inah\/","url_meta":{"origin":68402,"position":5},"title":"Defienden a arque\u00f3logo censurado por el INAH","author":"grieta","date":"7 agosto, 2023","format":false,"excerpt":"El Diario.Mx El investigador ha documentado y denunciado la destrucci\u00f3n que las obras del Tren Maya causan al patrimonio Ciudad de M\u00e9xico.- Investigadores del INAH y de centros acad\u00e9micos como la UNAM, la UAM y El Colegio de Michoac\u00e1n, entre otros, manifestaron su indignaci\u00f3n por la censura que ha ejercido\u2026","rel":"","context":"En &quot;CINTILLO&quot;","block_context":{"text":"CINTILLO","link":"http:\/\/www.grieta.org.mx\/index.php\/category\/cintillo\/"},"img":{"alt_text":"","src":"https:\/\/i0.wp.com\/www.grieta.org.mx\/wp-content\/uploads\/2023\/08\/Censura-e1691644941252.jpg?resize=350%2C200","width":350,"height":200,"srcset":"https:\/\/i0.wp.com\/www.grieta.org.mx\/wp-content\/uploads\/2023\/08\/Censura-e1691644941252.jpg?resize=350%2C200 1x, https:\/\/i0.wp.com\/www.grieta.org.mx\/wp-content\/uploads\/2023\/08\/Censura-e1691644941252.jpg?resize=525%2C300 1.5x, https:\/\/i0.wp.com\/www.grieta.org.mx\/wp-content\/uploads\/2023\/08\/Censura-e1691644941252.jpg?resize=700%2C400 2x"},"classes":[]}],"_links":{"self":[{"href":"http:\/\/www.grieta.org.mx\/index.php\/wp-json\/wp\/v2\/posts\/68402","targetHints":{"allow":["GET"]}}],"collection":[{"href":"http:\/\/www.grieta.org.mx\/index.php\/wp-json\/wp\/v2\/posts"}],"about":[{"href":"http:\/\/www.grieta.org.mx\/index.php\/wp-json\/wp\/v2\/types\/post"}],"author":[{"embeddable":true,"href":"http:\/\/www.grieta.org.mx\/index.php\/wp-json\/wp\/v2\/users\/2"}],"replies":[{"embeddable":true,"href":"http:\/\/www.grieta.org.mx\/index.php\/wp-json\/wp\/v2\/comments?post=68402"}],"version-history":[{"count":1,"href":"http:\/\/www.grieta.org.mx\/index.php\/wp-json\/wp\/v2\/posts\/68402\/revisions"}],"predecessor-version":[{"id":68408,"href":"http:\/\/www.grieta.org.mx\/index.php\/wp-json\/wp\/v2\/posts\/68402\/revisions\/68408"}],"wp:featuredmedia":[{"embeddable":true,"href":"http:\/\/www.grieta.org.mx\/index.php\/wp-json\/wp\/v2\/media\/68403"}],"wp:attachment":[{"href":"http:\/\/www.grieta.org.mx\/index.php\/wp-json\/wp\/v2\/media?parent=68402"}],"wp:term":[{"taxonomy":"category","embeddable":true,"href":"http:\/\/www.grieta.org.mx\/index.php\/wp-json\/wp\/v2\/categories?post=68402"},{"taxonomy":"post_tag","embeddable":true,"href":"http:\/\/www.grieta.org.mx\/index.php\/wp-json\/wp\/v2\/tags?post=68402"}],"curies":[{"name":"wp","href":"https:\/\/api.w.org\/{rel}","templated":true}]}}