{"id":6839,"date":"2015-09-06T02:56:51","date_gmt":"2015-09-06T02:56:51","guid":{"rendered":"http:\/\/50.22.11.12\/~grietaor\/?p=6839"},"modified":"2016-03-29T02:58:58","modified_gmt":"2016-03-29T02:58:58","slug":"drenaje-foco-de-infeccion-en-villa-juarez","status":"publish","type":"post","link":"http:\/\/www.grieta.org.mx\/index.php\/2015\/09\/06\/drenaje-foco-de-infeccion-en-villa-juarez\/","title":{"rendered":"Drenaje, foco de infecci\u00f3n en Villa Ju\u00e1rez"},"content":{"rendered":"<p>Redaccci\u00f3n El Debate, Sinaloa.<\/p>\n<p>Sinaloa.- Una gran riesgo de salud est\u00e1n sufriendo los habitantes de diversas colonias en Villa Ju\u00e1rez, Navolato, debido a que el drenaje sanitario colaps\u00f3 y los desechos se regresan a las viviendas por las tazas de los ba\u00f1os; o bien, corren por las calles ante la indiferencia de la autoridad municipal, denunci\u00f3 el regidor por Movimiento Ciudadano, Guadalupe Santana Palma.<\/p>\n<p>Los problemas de mayor riesgo se encuentran en las colonias Margarita, Ca\u00f1itas y El Chorizo, pero el problema es casi general. De acuerdo al edil, la situaci\u00f3n se debe a que en los \u00faltimos a\u00f1os Villa Ju\u00e1rez creci\u00f3 de forma indiscriminada y desordenada, y la autoridad municipal no ha invertido en obras de drenaje que vayan acorde al crecimiento de esta sindicatura, la cual esta m\u00e1s grande que la propia cabecera municipal.<\/p>\n<p>Opini\u00f3n.<br \/>\nGuadalupe Santa tambi\u00e9n critic\u00f3 que el actual alcalde  Miguel Calder\u00f3n Quevedo est\u00e9 anteponiendo la construcci\u00f3n de una plazuela y  hacer un monumento que invertir en proyectos tan nobles como en servicios p\u00fablicos.<\/p>\n<p>Dijo que los habitantes de Villa Ju\u00e1rez est\u00e1n en riesgo de enfermedades contagiosas y dermatol\u00f3gicas.<\/p>\n<p>\u201cEl alcalde Miguel Calder\u00f3n Quevedo est\u00e1 gobernando a capricho, todo el municipio de Navolato est\u00e1 peor que antes\u201d, se\u00f1al\u00f3.<\/p>\n<p>El regidor tambi\u00e9n calific\u00f3 a esta administraci\u00f3n como muy insensible, pues denunci\u00f3 que a todos los pobladores, por m\u00e1s humildes que sean, les cobran el 50 por ciento por viajes de arena u otro servicios que el municipio est\u00e1 obligado a brindar. Llam\u00f3 a la autoridad a que tambi\u00e9n consiga recursos como lo hizo con la plazuela para solucionar el problema de drenaje.<\/p>\n<p><a href=\"http:\/\/www.debate.com.mx\/culiacan\/Drenaje-foco-de-infeccion-en-Villa-Juarez-20150906-0089.html\" target=\"_blank\">www.debate.com.mx\/culiacan\/Drenaje-foco-de-infeccion-en-Villa-Juarez-20150906-0089.html<\/a><\/p>\n","protected":false},"excerpt":{"rendered":"<p>Redaccci\u00f3n El Debate, Sinaloa. Sinaloa.- Una gran riesgo de salud est\u00e1n sufriendo los habitantes de diversas colonias en Villa Ju\u00e1rez, Navolato, debido a que el drenaje sanitario colaps\u00f3 y los &hellip; <a href=\"http:\/\/www.grieta.org.mx\/index.php\/2015\/09\/06\/drenaje-foco-de-infeccion-en-villa-juarez\/\" class=\"more-link\">Leer m\u00e1s<\/a><\/p>\n","protected":false},"author":2,"featured_media":21928,"comment_status":"closed","ping_status":"open","sticky":false,"template":"","format":"standard","meta":{"ngg_post_thumbnail":0,"_jetpack_newsletter_access":"","_jetpack_dont_email_post_to_subs":false,"_jetpack_newsletter_tier_id":0,"_jetpack_memberships_contains_paywalled_content":false,"_jetpack_memberships_contains_paid_content":false,"footnotes":""},"categories":[80,164],"tags":[91,180,149],"class_list":["post-6839","post","type-post","status-publish","format-standard","has-post-thumbnail","hentry","category-cintillo","category-sinaloa","tag-contaminacion-ambiental","tag-protesta","tag-salud","entry"],"jetpack_featured_media_url":"http:\/\/www.grieta.org.mx\/wp-content\/uploads\/2018\/03\/14524434_1106112876131411_958039263622046936_o.jpg","jetpack_sharing_enabled":true,"jetpack_shortlink":"https:\/\/wp.me\/p7ZJR4-1Mj","jetpack_likes_enabled":false,"jetpack-related-posts":[{"id":6848,"url":"http:\/\/www.grieta.org.mx\/index.php\/2016\/01\/06\/incumple-japan-a-villa-juarez-permanece-estiercol-en-calles\/","url_meta":{"origin":6839,"position":0},"title":"Incumple Japan a Villa Ju\u00e1rez; permanece esti\u00e9rcol en calles","author":"grieta","date":"6 enero, 2016","format":false,"excerpt":"Redacci\u00f3n Viva Voz, Sinaloa. NAVOLATO. La Junta Municipal de Agua Potable y Alcantarillado de Navolato incumpli\u00f3 a su propia promesa de desaparecer de las calles de Villa Ju\u00e1rez los charcos de esti\u00e9rcol que permanecen desde hace meses. Hasta este fin de semana las colonias que a\u00fan presentan este problema son\u2026","rel":"","context":"En &quot;CINTILLO&quot;","block_context":{"text":"CINTILLO","link":"http:\/\/www.grieta.org.mx\/index.php\/category\/cintillo\/"},"img":{"alt_text":"","src":"https:\/\/i0.wp.com\/www.grieta.org.mx\/wp-content\/uploads\/2018\/03\/14524434_1106112876131411_958039263622046936_o.jpg?resize=350%2C200","width":350,"height":200,"srcset":"https:\/\/i0.wp.com\/www.grieta.org.mx\/wp-content\/uploads\/2018\/03\/14524434_1106112876131411_958039263622046936_o.jpg?resize=350%2C200 1x, https:\/\/i0.wp.com\/www.grieta.org.mx\/wp-content\/uploads\/2018\/03\/14524434_1106112876131411_958039263622046936_o.jpg?resize=525%2C300 1.5x, https:\/\/i0.wp.com\/www.grieta.org.mx\/wp-content\/uploads\/2018\/03\/14524434_1106112876131411_958039263622046936_o.jpg?resize=700%2C400 2x"},"classes":[]},{"id":6847,"url":"http:\/\/www.grieta.org.mx\/index.php\/2016\/01\/08\/vecinos-de-navolato-protestan-por-contaminacion-de-via-con-aguas-negras\/","url_meta":{"origin":6839,"position":1},"title":"Vecinos de Navolato protestan por contaminaci\u00f3n de v\u00eda con aguas negras","author":"grieta","date":"8 enero, 2016","format":false,"excerpt":"08\/01\/16. Reclama Villa Ju\u00e1rez a alcalde 'en la puerta' Viva Voz 06\/01\/16. Incumple Japan a Villa Ju\u00e1rez; permanece esti\u00e9rcol en calles Viva Voz 06\/09\/15. Drenaje, foco de infecci\u00f3n en Villa Ju\u00e1rez El Debate","rel":"","context":"En &quot;CINTILLO&quot;","block_context":{"text":"CINTILLO","link":"http:\/\/www.grieta.org.mx\/index.php\/category\/cintillo\/"},"img":{"alt_text":"","src":"https:\/\/i0.wp.com\/www.grieta.org.mx\/wp-content\/uploads\/2018\/03\/14524434_1106112876131411_958039263622046936_o.jpg?resize=350%2C200","width":350,"height":200,"srcset":"https:\/\/i0.wp.com\/www.grieta.org.mx\/wp-content\/uploads\/2018\/03\/14524434_1106112876131411_958039263622046936_o.jpg?resize=350%2C200 1x, https:\/\/i0.wp.com\/www.grieta.org.mx\/wp-content\/uploads\/2018\/03\/14524434_1106112876131411_958039263622046936_o.jpg?resize=525%2C300 1.5x, https:\/\/i0.wp.com\/www.grieta.org.mx\/wp-content\/uploads\/2018\/03\/14524434_1106112876131411_958039263622046936_o.jpg?resize=700%2C400 2x"},"classes":[]},{"id":6854,"url":"http:\/\/www.grieta.org.mx\/index.php\/2016\/01\/08\/reclama-villa-juarez-a-alcalde-en-la-puerta\/","url_meta":{"origin":6839,"position":2},"title":"Reclama Villa Ju\u00e1rez a alcalde \u2018en la puerta\u2019","author":"grieta","date":"8 enero, 2016","format":false,"excerpt":"Redacci\u00f3n Viva Voz, Sinaloa. NAVOLATO. Ayer ciudadanos de Villa Ju\u00e1rez acudieron a la puerta de la Presidencia Municipal para reclamar los dos a\u00f1os de olores f\u00e9tidos por los charcos y lagunas de aguas negras en las calles de la sindicatura. Minutos antes de que el mun\u00edcipe iniciara un evento p\u00fablico\u2026","rel":"","context":"En &quot;CINTILLO&quot;","block_context":{"text":"CINTILLO","link":"http:\/\/www.grieta.org.mx\/index.php\/category\/cintillo\/"},"img":{"alt_text":"","src":"https:\/\/i0.wp.com\/www.grieta.org.mx\/wp-content\/uploads\/2018\/03\/14524434_1106112876131411_958039263622046936_o.jpg?resize=350%2C200","width":350,"height":200,"srcset":"https:\/\/i0.wp.com\/www.grieta.org.mx\/wp-content\/uploads\/2018\/03\/14524434_1106112876131411_958039263622046936_o.jpg?resize=350%2C200 1x, https:\/\/i0.wp.com\/www.grieta.org.mx\/wp-content\/uploads\/2018\/03\/14524434_1106112876131411_958039263622046936_o.jpg?resize=525%2C300 1.5x, https:\/\/i0.wp.com\/www.grieta.org.mx\/wp-content\/uploads\/2018\/03\/14524434_1106112876131411_958039263622046936_o.jpg?resize=700%2C400 2x"},"classes":[]},{"id":37697,"url":"http:\/\/www.grieta.org.mx\/index.php\/2019\/08\/02\/colapsa-el-drenaje-del-hospital-general-de-escuinapa-sinaloa\/","url_meta":{"origin":6839,"position":3},"title":"Colapsa el drenaje del hospital general de Escuinapa (Sinaloa)","author":"grieta","date":"2 agosto, 2019","format":false,"excerpt":"Foto: El Debate Las aguas negras escurren en la entrada del nosocomio, lo que preocupa al personal m\u00e9dico Mar\u00eda Ibarra \/ El Debate Escuinapa.-\u00a0Colapsa la red de drenaje del hospital general, lo que ha generado la preocupaci\u00f3n de su personal ante el riesgo sanitario que esto puede generar. La administraci\u00f3n\u2026","rel":"","context":"En &quot;CINTILLO&quot;","block_context":{"text":"CINTILLO","link":"http:\/\/www.grieta.org.mx\/index.php\/category\/cintillo\/"},"img":{"alt_text":"","src":"https:\/\/i0.wp.com\/www.grieta.org.mx\/wp-content\/uploads\/2019\/08\/colapsa_el_drenaje_del_hospital_general_de_escuinapa_crop1564776891293.jpg_1727466156.jpg?resize=350%2C200","width":350,"height":200,"srcset":"https:\/\/i0.wp.com\/www.grieta.org.mx\/wp-content\/uploads\/2019\/08\/colapsa_el_drenaje_del_hospital_general_de_escuinapa_crop1564776891293.jpg_1727466156.jpg?resize=350%2C200 1x, https:\/\/i0.wp.com\/www.grieta.org.mx\/wp-content\/uploads\/2019\/08\/colapsa_el_drenaje_del_hospital_general_de_escuinapa_crop1564776891293.jpg_1727466156.jpg?resize=525%2C300 1.5x, https:\/\/i0.wp.com\/www.grieta.org.mx\/wp-content\/uploads\/2019\/08\/colapsa_el_drenaje_del_hospital_general_de_escuinapa_crop1564776891293.jpg_1727466156.jpg?resize=700%2C400 2x"},"classes":[]},{"id":33963,"url":"http:\/\/www.grieta.org.mx\/index.php\/2019\/03\/15\/vecinos-de-la-sabalo-country-protestan-sinaloa\/","url_meta":{"origin":6839,"position":4},"title":"Vecinos de la S\u00e1balo Country protestan (Sinaloa)","author":"grieta","date":"15 marzo, 2019","format":false,"excerpt":"Blanca Regalado \/ El Debate Mazatl\u00e1n, Sinaloa.- El hartazgo por el abuso, indolencia, falta de respeto y de atenci\u00f3n de parte de la autoridad hacia los habitantes del fraccionamiento S\u00e1balo Country Club ocasion\u00f3 protestas para exigir alto a las torres que se edifican frente a sus viviendas. El presidente de\u2026","rel":"","context":"En &quot;CINTILLO&quot;","block_context":{"text":"CINTILLO","link":"http:\/\/www.grieta.org.mx\/index.php\/category\/cintillo\/"},"img":{"alt_text":"","src":"https:\/\/i0.wp.com\/www.grieta.org.mx\/wp-content\/uploads\/2018\/03\/14524434_1106112876131411_958039263622046936_o.jpg?resize=350%2C200","width":350,"height":200,"srcset":"https:\/\/i0.wp.com\/www.grieta.org.mx\/wp-content\/uploads\/2018\/03\/14524434_1106112876131411_958039263622046936_o.jpg?resize=350%2C200 1x, https:\/\/i0.wp.com\/www.grieta.org.mx\/wp-content\/uploads\/2018\/03\/14524434_1106112876131411_958039263622046936_o.jpg?resize=525%2C300 1.5x, https:\/\/i0.wp.com\/www.grieta.org.mx\/wp-content\/uploads\/2018\/03\/14524434_1106112876131411_958039263622046936_o.jpg?resize=700%2C400 2x"},"classes":[]},{"id":68496,"url":"http:\/\/www.grieta.org.mx\/index.php\/2024\/02\/10\/jornaleros-agricolas-explotacion-y-abuso\/","url_meta":{"origin":6839,"position":5},"title":"JORNALEROS AGR\u00cdCOLAS: EXPLOTACI\u00d3N Y ABUSO","author":"grieta","date":"10 febrero, 2024","format":false,"excerpt":"Por\u00a0Mart\u00edn Gonz\u00e1lez RIODOCE En la sindicatura de Villa Benito Ju\u00e1rez, Navolato, los trabajadores del campo viven situaciones de precariedad laboral y de vivienda El coordinador del movimiento Unificaci\u00f3n Lucha Triqui en Sinaloa, Juan L\u00f3pez Garc\u00eda, lo dice con todas sus letras: el de los jornaleros agr\u00edcolas es el sector que\u2026","rel":"","context":"En &quot;Jornaleros&quot;","block_context":{"text":"Jornaleros","link":"http:\/\/www.grieta.org.mx\/index.php\/category\/temas-nacionales\/jornaleros\/"},"img":{"alt_text":"","src":"https:\/\/i0.wp.com\/www.grieta.org.mx\/wp-content\/uploads\/2024\/02\/jornaleros-villa-juarez-scaled-qi489nhecvmotvefnkz89edua49o1k33abvct494so.jpg?resize=350%2C200","width":350,"height":200,"srcset":"https:\/\/i0.wp.com\/www.grieta.org.mx\/wp-content\/uploads\/2024\/02\/jornaleros-villa-juarez-scaled-qi489nhecvmotvefnkz89edua49o1k33abvct494so.jpg?resize=350%2C200 1x, https:\/\/i0.wp.com\/www.grieta.org.mx\/wp-content\/uploads\/2024\/02\/jornaleros-villa-juarez-scaled-qi489nhecvmotvefnkz89edua49o1k33abvct494so.jpg?resize=525%2C300 1.5x, https:\/\/i0.wp.com\/www.grieta.org.mx\/wp-content\/uploads\/2024\/02\/jornaleros-villa-juarez-scaled-qi489nhecvmotvefnkz89edua49o1k33abvct494so.jpg?resize=700%2C400 2x, https:\/\/i0.wp.com\/www.grieta.org.mx\/wp-content\/uploads\/2024\/02\/jornaleros-villa-juarez-scaled-qi489nhecvmotvefnkz89edua49o1k33abvct494so.jpg?resize=1050%2C600 3x"},"classes":[]}],"_links":{"self":[{"href":"http:\/\/www.grieta.org.mx\/index.php\/wp-json\/wp\/v2\/posts\/6839","targetHints":{"allow":["GET"]}}],"collection":[{"href":"http:\/\/www.grieta.org.mx\/index.php\/wp-json\/wp\/v2\/posts"}],"about":[{"href":"http:\/\/www.grieta.org.mx\/index.php\/wp-json\/wp\/v2\/types\/post"}],"author":[{"embeddable":true,"href":"http:\/\/www.grieta.org.mx\/index.php\/wp-json\/wp\/v2\/users\/2"}],"replies":[{"embeddable":true,"href":"http:\/\/www.grieta.org.mx\/index.php\/wp-json\/wp\/v2\/comments?post=6839"}],"version-history":[{"count":1,"href":"http:\/\/www.grieta.org.mx\/index.php\/wp-json\/wp\/v2\/posts\/6839\/revisions"}],"predecessor-version":[{"id":6845,"href":"http:\/\/www.grieta.org.mx\/index.php\/wp-json\/wp\/v2\/posts\/6839\/revisions\/6845"}],"wp:featuredmedia":[{"embeddable":true,"href":"http:\/\/www.grieta.org.mx\/index.php\/wp-json\/wp\/v2\/media\/21928"}],"wp:attachment":[{"href":"http:\/\/www.grieta.org.mx\/index.php\/wp-json\/wp\/v2\/media?parent=6839"}],"wp:term":[{"taxonomy":"category","embeddable":true,"href":"http:\/\/www.grieta.org.mx\/index.php\/wp-json\/wp\/v2\/categories?post=6839"},{"taxonomy":"post_tag","embeddable":true,"href":"http:\/\/www.grieta.org.mx\/index.php\/wp-json\/wp\/v2\/tags?post=6839"}],"curies":[{"name":"wp","href":"https:\/\/api.w.org\/{rel}","templated":true}]}}