{"id":68278,"date":"2023-12-13T15:46:24","date_gmt":"2023-12-13T21:46:24","guid":{"rendered":"https:\/\/www.grieta.org.mx\/?p=68278"},"modified":"2023-12-24T16:04:33","modified_gmt":"2023-12-24T22:04:33","slug":"solo-queremos-regresar-a-casa-adolescentes-y-jovenes-vallartenses-alzan-la-voz-contra-violencias-jalisco","status":"publish","type":"post","link":"http:\/\/www.grieta.org.mx\/index.php\/2023\/12\/13\/solo-queremos-regresar-a-casa-adolescentes-y-jovenes-vallartenses-alzan-la-voz-contra-violencias-jalisco\/","title":{"rendered":"Solo queremos regresar a casa: adolescentes y j\u00f3venes vallartenses alzan la voz contra violencias (Jalisco)"},"content":{"rendered":"<p><em>Fotograf\u00eda : \u201cColectivas en Puerto Vallarta\u201d por Leslie Zepeda<\/em><\/p>\n<p><b>El contexto de inseguridad y desprotecci\u00f3n actual que rodea a ni\u00f1as, adolescentes y mujeres en Puerto Vallarta, Jalisco, generado por las omisiones e ineficacia del gobierno municipal y estatal, las hace susceptibles a enfrentar situaciones de violencia de forma cotidiana. Dentro y fuera de sus hogares, transitando por el espacio p\u00fablico sobreviven entre acoso callejero e, incluso, desapariciones intermitentes y trata de personas con fines de explotaci\u00f3n laboral para el beneficio del crimen organizado.\u00a0<\/b><\/p>\n<p><b>Es a trav\u00e9s del accionar de las colectivas feministas de este municipio y por iniciativa propia que las mujeres se organizan para autocuidarse y acompa\u00f1arse entre colectivamente. Este reportaje documenta las historias de adolescentes y j\u00f3venes que se han enfrentado a estas formas de violencia latente y sistem\u00e1tica en Puerto Vallarta, al mismo tiempo que re\u00fane las estrategias que han empleado para regresar seguras a casa.\u00a0<\/b><\/p>\n<p><em>Lia Alvarado, Karina Corzas, Alessandra Bravo y Juan Sebasti\u00e1n C\u00f3rdoba<\/em>.<\/p>\n<p><em>Este reportaje fue realizado en el marco del Bloque de Producci\u00f3n period\u00edstica convergente del Tec de Monterrey Campus Guadalajara, del cual ZonaDocs fungi\u00f3 como Socio Formador.<\/em><\/p>\n<p>&nbsp;<\/p>\n<p><i><strong>\u201cLas ni\u00f1as aqu\u00ed en Puerto Vallarta NO estamos seguras, incluso si vamos caminando en la calle, sufrimos acoso y violencia\u201d<\/strong>\u00a0<\/i>asegura Diana de 16 a\u00f1os.<\/p>\n<p>Puerto Vallarta es uno de los municipios que mantiene activa una\u00a0<strong>Alerta de Violencia de G\u00e9nero contra las Mujeres (AVGM).\u00a0<\/strong><\/p>\n<p>De acuerdo con la defensora y abogada Sandra Qui\u00f1ones, las ni\u00f1as, adolescentes y mujeres en este municipio se enfrentan a m\u00faltiples violencias, entre ellas: l<b>a violencia de familiar, la violencia sexual y la trata de personas con fines de explotaci\u00f3n sexual y laboral.<\/b><\/p>\n<p>Estas formas de violencia no son excluyentes de los espacios donde se perpetran, ocurren en lugares p\u00fablicos, en sus espacios laborales, educativos y, por supuesto, dentro de los espacios privados, como lo son sus hogares.<\/p>\n<p>Tanto la violencia familiar como el abuso sexual son delitos que han tenido un sustancial aumento en Puerto Vallarta respecto a a\u00f1os anteriores. Las denuncias ciudadanas del municipio por\u00a0<b>delitos contra la familia<\/b>\u00a0a agosto del 2023,\u00a0<b>han aumentado en un 117% comparadas con las de agosto del 2022,<\/b>\u00a0misma situaci\u00f3n que las\u00a0<b>denuncias de abuso sexual<\/b>, las cuales s<b>e han incrementado en un 100% en el mismo periodo de tiempo<\/b>, esto seg\u00fan el Secretariado Ejecutivo del Sistema Nacional de Seguridad P\u00fablica (SESNP).<\/p>\n<p>La violencia familiar representa\u00a0<b>el 17.3% de los delitos en Puerto Vallarta<\/b>\u00a0y\u00a0<b>el abuso sexual el 4.22%<\/b>. Sin embargo, prevalece una cifra negra de casos no denunciados ante las autoridades por temor de las mujeres a las represalias de sus agresores, as\u00ed como por\u00a0 la desconfianza hacia las autoridades.<\/p>\n<p>La trata de personas con fines de\u00a0<b>explotaci\u00f3n sexual y laboral\u00a0<\/b>dentro de este puerto tur\u00edstico ha sido constantemente denunciado por las colectivas y organizaciones de mujeres, quienes buscan llamar la atenci\u00f3n de las autoridades municipales, estatales y federales para que emprendan acciones que garanticen la seguridad de las ni\u00f1as, ni\u00f1os, adolescentes y mujeres. Sin embargo, aunque es una problem\u00e1tica conocida y visibilizada, que esconde tras de s\u00ed\u00a0<b>la comisi\u00f3n de otros delitos como la desaparici\u00f3n de personas y los secuestros<\/b>, los gobiernos permanecen omisos.<\/p>\n<p>La abogada Sandra Qui\u00f1ones, explica que recientemente las colectivas y organizaciones han documentado el incremento de casos de explotaci\u00f3n laboral dentro de esta ciudad \u201ce<i>sto se ha dado mucho en el \u00faltimo a\u00f1o y esto<\/i><b><i>\u00a0es una explotaci\u00f3n con fines laborales<\/i><\/b><i>, no todas las redes tienen que ver con temas sexuales\u201d.<\/i><\/p>\n<p>Ni\u00f1as, adolescentes y mujeres que se encuentran en la b\u00fasqueda de recursos econ\u00f3micos\u00a0<b>son enga\u00f1adas por grupos delictivos,<\/b>\u00a0quienes\u00a0<b>ofrecen falsas oportunidades laborales\u00a0<\/b>y se las llevan fuera de la zona de la Bah\u00eda para\u00a0<b>trabajar en maquilas de droga<\/b>, com\u00fanmente situadas cerca de la zona metropolitana de Guadalajara.<\/p>\n<p><i>\u201cEstoy hablando de chicas entre 13 y 17 a\u00f1os cuando mucho, que al paso de dos-tres d\u00edas, son localizadas, los carteles prefieren regresar a las chicas a poner en riesgo sus operaciones<\/i>\u201d,\u00a0 precisa la abogada y defensora.<\/p>\n<p>Para la abogada esto deja en evidencia una problem\u00e1tica cada vez m\u00e1s com\u00fan en Puerto Vallarta:\u00a0<b>las desapariciones intermitentes o temporales de adolescentes y mujeres,\u00a0<\/b>algo que las autoridades\u00a0<b>no han querido reconocer y mucho menos investigar<\/b>. Las desaparecen por algunos d\u00edas y las regresan para\u00a0<b>evitar poner en riesgo las operaciones de los grupos del crimen organizado<\/b>.<\/p>\n<p>De acuerdo al Registro Nacional de Personas Desaparecidas y no Localizadas (RNPDNO),\u00a0<b>cada 29 horas en promedio es desaparecida una mujer en Jalisco<\/b>.<\/p>\n<p>La Fiscal\u00eda Especial en Personas Desaparecidas del Estado de Jalisco inform\u00f3 a trav\u00e9s de la solicitud de informaci\u00f3n con folio\u00a0<a href=\"https:\/\/drive.google.com\/file\/d\/18QHMiytaxzn7Awr-3oXban7tFt-rjQW0\/view?usp=sharing\">140255823002130<\/a>\u00a0que dentro de la Regi\u00f3n Costa Sierra Occidental (a la cual pertenece el municipio de Puerto Vallarta) permanecen abiertas\u00a0<b>22 carpetas de investigaci\u00f3n por\u00a0 la desaparici\u00f3n de 22 ni\u00f1as, adolescentes y mujeres<\/b>, entre 2013 y 2023.<\/p>\n<p>De acuerdo con las misma autoridad, de estas\u00a0<b>22 v\u00edctimas de desaparici\u00f3n<\/b>\u00a0dentro de los rangos de edad de entre 10 a 15 a\u00f1os y 15 a 19 a\u00f1os, en\u00a0<b>tres casos las personas menores de edad contin\u00faan en \u201ccalidad de extraviadas\u201d<\/b>; mientras que, el resto corresponden\u00a0<b>\u201cal contexto de problemas familiares entre progenitores\u201d<\/b>.<\/p>\n<p>Al mismo tiempo, esta autoridad afirma que entre 2018 y agosto de 2023,\u00a0<b>174 ni\u00f1as, adolescentes y mujeres adultas<\/b>\u00a0fueron localizadas con vida y<b>\u00a0s\u00f3lo 3 sin vida.<\/b><\/p>\n<p>Por otro lado, a trav\u00e9s de la solicitud de acceso a la informaci\u00f3n con folio\u00a0<a href=\"https:\/\/drive.google.com\/file\/d\/1vN3v9KKJTi0Q0x_L7h5IvIhqXFO3jI8M\/view?usp=sharing\">140255823002129<\/a>, la misma fiscal\u00eda report\u00f3 que desde la implementaci\u00f3n de la<i>\u00a0Alerta Amber<\/i>\u00a0(mecanismo de b\u00fasqueda inmediata para personas menores de edad desaparecidas) en el a\u00f1o 2013 hasta agosto del 2023 van un total de<b>\u00a020 Alertas Amber emitidas.\u00a0<\/b>De \u00e9stas, el 65% (13) corresponde a ni\u00f1as y adolescentes y el resto 35% a ni\u00f1os y adolescentes (7).<\/p>\n<p>Asegura que<b>\u00a0han localizado a 16 y que 4 permanecen en condici\u00f3n de desaparecidas.\u00a0<\/b>Respecto al mecanismo de b\u00fasqueda inmediata de mujeres: Protocolo Alba, desde su conformaci\u00f3n en abril de 2016 hasta agosto de 2023 las autoridades reconocen que se han emitido\u00a0<b>137 c\u00e9dulas<\/b>, de \u00e9stas<b>\u00a0104 han terminado en la localizaci\u00f3n de la ni\u00f1a, adolescente o mujer reportada como desaparecida.\u00a0<\/b><\/p>\n<h1 style=\"text-align: center;\">***<\/h1>\n<p>Los siguientes testimonios narrados por adolescentes y mujeres j\u00f3venes que viven en Puerto Vallarta permiten profundizar y dimensionar el riesgo constante y latente al que est\u00e1n expuestas, como el acoso en el espacio p\u00fablico; adem\u00e1s de que\u00a0<b>confirman las afirmaciones de las colectivas<\/b>, quienes hablan de\u00a0<b>la comisi\u00f3n espec\u00edfica de delitos hacia esta poblaci\u00f3n para beneficio del crimen organizado<\/b>.<\/p>\n<p><strong><i>\u201cFue al intentar bajarme del cami\u00f3n. El cami\u00f3n no me di\u00f3 la parada en donde normalmente me bajaba\u2026 por lo que tuve que regresar caminando. Es un trayecto un tanto solitario. Una camioneta me vio y alguien que iba en la parte trasera abri\u00f3 la puerta y sac\u00f3 medio cuerpo del coche.\u00a0 En eso volteo porque me pareci\u00f3 extra\u00f1a la situaci\u00f3n, me agarra del brazo, pero yo ya estaba alerta de lo que estaba pasando. Corr\u00ed y atraves\u00e9 la avenida. Ellos aceleraron para poder alcanzarme. Despu\u00e9s, volv\u00ed a cruzar (esperando que no me hayan visto) y me sent\u00e9 en una banqueta en donde hab\u00eda un bar-restaurante\u2026 No entr\u00e9 al restaurante, me qued\u00e9 afuera, en ese momento sent\u00ed un poco de paranoia y prefer\u00ed no comentar ni entrar, solo esperar a que pasaran por mi\u201d.<\/i><\/strong><\/p>\n<p><b>Sandra<\/b>\u00a0casi es desaparecida por un grupo de sujetos que viajaban en una camioneta y aunque report\u00f3 los hechos en una llamada al 911, ninguna autoridad lleg\u00f3 a salvaguardarla y tomar su denuncia:<\/p>\n<p><strong><i>\u201cLa vez que intentaron subirme a una camioneta, corr\u00ed y cuando llegu\u00e9 a un lugar con m\u00e1s personas e iluminado llam\u00e9 al 911 para hacer saber de lo ocurrido y si pod\u00edan ir a el lugar en el que me encontraba, y a su vez, llam\u00e9 a mi mam\u00e1 y amigas, lleg\u00f3 m\u00e1s r\u00e1pido un amiga y me llev\u00f3 a mi casa\u201d<\/i>\u00a0recuerda Sandra.<\/strong><\/p>\n<p>Respecto a las desapariciones intermitentes con el fin de la explotaci\u00f3n laboral de las mujeres, no han existido pol\u00edticas correspondientes que prevengan este delito, que indiquen c\u00f3mo actuar cuando una mujer es localizada y las investigaciones simplemente son abandonadas, plantea la abogada Sandra Qui\u00f1ones:<\/p>\n<p><i>\u201cNo, no hay un seguimiento claro puntual, y entonces esto genera una revictimizaci\u00f3n e incluso violencia institucionales por parte de los centros municipales o estatales hacia las mujeres que buscan la protecci\u00f3n de la autoridad\u201d\u00a0<\/i>afirma.<\/p>\n<p>Cristina fue\u00a0<b>v\u00edctima de acoso sexual callejero<\/b>\u00a0mientras se encontraba afuera de su casa. Un grupo de hombres que viajaba en una camioneta de construcci\u00f3n comenz\u00f3 a acosarla verbalmente, haciendo comentarios lascivos y ruidos inc\u00f3modos. A pesar de estar rodeada de otras personas en la calle a la luz del d\u00eda,\u00a0<b>nadie intervino para detenerlos<\/b>.<\/p>\n<p><strong><i>\u201cLo sent\u00ed eterno, fue como minuto y medio o dos minutos de 13 cabrones grit\u00e1ndome cosas y haciendo ruidos y as\u00ed (\u2026) Me sent\u00ed, me sent\u00eda rara inc\u00f3moda, insegura sobre m\u00ed, inc\u00f3moda conmigo\u2026\u201d.<\/i><\/strong><\/p>\n<p>Diana tiene varias experiencias de acoso sexual en espacios p\u00fablicos, incluso, dentro de espacios educativos; as\u00ed mismo, ha sido testiga de estas formas de violencia hacia otras j\u00f3venes. Relata, por ejemplo, que e<b>n su escuela trabajadores de la construcci\u00f3n han acosado a varias ni\u00f1as con comentarios groseros\u00a0<\/b>y se\u00f1as inapropiadas. Un d\u00eda, un trabajador de la construcci\u00f3n la agarr\u00f3 de la mu\u00f1eca, lo que la hizo sentir inc\u00f3moda y preocupada por su seguridad.<\/p>\n<p><strong><i>\u201cUna de las experiencias que a m\u00ed me gustar\u00eda contar sobre acoso en un espacio p\u00fablico en la calle, es que aqu\u00ed en la escuela, hay una construcci\u00f3n y varias ni\u00f1as se han quejado de que los de la construcci\u00f3n son muy groseros o que hacen comentarios as\u00ed, muy inc\u00f3modos. A m\u00ed s\u00ed me lleg\u00f3 a pasar varias veces que iba saliendo y un chavo de la construcci\u00f3n desde que iba saliendo a la escuela empezaba a hacer se\u00f1as a otros chavos, en el tercer d\u00eda que pasaba, el chavo empez\u00f3 a decirme que si le pasaba mi n\u00famero\u2026 y pues bueno, un d\u00eda ya hab\u00eda pasado como la semana y este chavo segu\u00eda con lo mismo. Y yo, incluso, me hab\u00eda cambiado hacia la otra acera de la calle y segu\u00eda\u2026\u201d.<\/i><\/strong><\/p>\n<p><b>Diana,<\/b>\u00a0vive con miedo que un d\u00eda no regrese a casa.<\/p>\n<p><b>Danna<\/b>\u00a0<b>report\u00f3 a su supervisor de \u00e1rea,\u00a0<\/b>lo se\u00f1al\u00f3 por ejercer en su contra acoso laboral. En respuesta, la sanci\u00f3n para \u00e9l s\u00f3lo fue que no le renovar\u00edan su contrato de trabajo por dos semanas.<\/p>\n<p><b>Sof\u00eda\u00a0<\/b>recibi\u00f3 una nalgada por un extra\u00f1o en la calle mientras le tomaba una foto al atardecer.<\/p>\n<p><b>Annie<\/b>\u00a0fue acosada por su vecino a trav\u00e9s de sus redes sociales y en persona.<\/p>\n<p><b>Betsy<\/b>\u00a0tuvo miedo y corri\u00f3 a su veh\u00edculo al<b>\u00a0ser perseguida por un extra\u00f1o en la calle.\u00a0<\/b><\/p>\n<p><b>Melanie<\/b>\u00a0estaba ensayando con unas amigas cuando u<b>n sujeto desconocido comenz\u00f3 a tocar sus genitales enfrente de ellas<\/b>.<\/p>\n<p>\u201cEn nuestro M\u00e9xico desgraciadamente las mujeres vivimos en una constante y permanente vulneraci\u00f3n de derechos\u201d asegura la abogada Sandra Qui\u00f1ones.<\/p>\n<h3 style=\"text-align: center;\"><b>Caminar con miedo: \u00bfC\u00f3mo afecta a la vida diaria de las mujeres la violencia?<\/b><\/h3>\n<p><i>\u201cYa no es lo mismo, hay otra realidad totalmente distinta en la que hay ni\u00f1as que a diario viven cosas horribles, y para evitar ser una de ellas mejor cambio mi forma de pensar, mi forma de actuar, mi forma de hablar\u2026 \u201d<\/i>\u00a0confiesa Diana, una de las adolescentes que decidi\u00f3 compartir su testimonio para este reportaje.<\/p>\n<p>La violencia en Puerto Vallarta atraviesa a las ni\u00f1as, adolescentes y mujeres todos los d\u00edas, les afecta emocionalmente, tienen que\u00a0<b>cambiar sus rutinas, sus formas de transportarse, su forma de vestirse, si deciden salir o no\u00a0<\/b>y su oportunidad de practicar un deporte o hacer actividades de recreaci\u00f3n.<\/p>\n<p>Con base en la recolecci\u00f3n de testimonios, identificamos que, si bien, algunas de estas adolescentes y j\u00f3venes suelen verse mayormente afectadas ese mismo d\u00eda que fueron v\u00edctimas de estas violencias, en otros casos\u00a0<b>est\u00e1s afectaciones duran mucho tiempo m\u00e1s,\u00a0<\/b>refieren, incluso, haber permanecido en\u00a0<i>shock<\/i>.<\/p>\n<p>Despu\u00e9s de sufrir violencia sexual\u00a0<b>Melanie<\/b>\u00a0nos relata que:<\/p>\n<p><i>\u201cDespu\u00e9s de eso ya no estuve a gusto, me entr\u00f3 como miedo de que volviera a pasar. Los d\u00edas siguientes ten\u00eda miedo de que me volviera a pasar en el cami\u00f3n o en la calle camino a la universidad, como que estaba en shock.\u201d<\/i><\/p>\n<p>Cristina tambi\u00e9n comparti\u00f3 que el d\u00eda que sufri\u00f3\u00a0<strong>acoso sexual<\/strong>\u00a0no pod\u00eda de dejar de tener este momento en su mente:<\/p>\n<p><i>\u201cMe sub\u00ed a mi cuarto y ya en mi cuarto como que me se me pas\u00f3 el shock y empec\u00e9 a llorar (\u2026) me sent\u00eda rara, inc\u00f3moda, insegura sobre m\u00ed,\u00a0 inc\u00f3moda conmigo\u201d.<\/i><\/p>\n<p>El miedo, que fue una emoci\u00f3n recurrente mencionada en estos testimonios, es el motivo por el cu\u00e1l, adem\u00e1s de las afectaciones emocionales, las ni\u00f1as, adolescentes y mujeres de Vallarta\u00a0<b>deciden hacer cambios en su rutina.\u00a0<\/b><\/p>\n<p><img decoding=\"async\" src=\"https:\/\/www.zonadocs.mx\/wp-content\/uploads\/2023\/12\/Pink-Purple-Illustration-Music-Arts-Festival-Banner-1-scaled.jpg\" \/><\/p>\n<p><img decoding=\"async\" src=\"https:\/\/www.zonadocs.mx\/wp-content\/uploads\/2023\/12\/Pink-Purple-Illustration-Music-Arts-Festival-Banner-2-scaled.jpg\" \/><\/p>\n<p>A pesar de todo, las mujeres buscan cuidarse y acompa\u00f1arse. Est\u00e1n pendientes constantemente a su alrededor, se preocupan por sus amigas y compa\u00f1eras cuando salen tarde de las escuelas que est\u00e1n cercanas a sus casas o que caminan solas por la noche. Las mujeres han desarrollado\u00a0<b>una gran uni\u00f3n y empat\u00eda al sentirse identificadas con las dem\u00e1s al vivir<\/b>\u00a0el contexto violento de Puerto Vallarta y la omisi\u00f3n de las autoridades.<\/p>\n<h3 style=\"text-align: center;\"><b>El Estado: ineficacia e impunidad.<\/b><\/h3>\n<p>La abogada Sandra Qui\u00f1onez reconoce que prevalecen deficiencias en\u00a0 los procesos de acceso a la justicia para las mujeres en Puerto Vallarta:<\/p>\n<p>\u201c<i>En Puerto Vallarta, a pesar de que hay ya un Centro de Justicia para las Mujeres y que a nivel municipal se cuenta con el Instituto Municipal de la Mujer. Ninguna de estas instancias tiene pol\u00edticas muy definidas de c\u00f3mo proteger a las mujeres que ya han sido v\u00edctimas de abuso sexual, acoso sexual, hostigamiento laboral o violencia dom\u00e9stica, existe una falta de coordinaci\u00f3n entre las instituciones tanto municipales como estatales, existe una gran disparidad en el n\u00famero de caso entre las instancias\u201d, asegura la abogada.<\/i><\/p>\n<p>Prevalece, se\u00f1ala la defensora,\u00a0<b>una reiterada ausencia de personal eficiente y capacitado\u00a0<\/b>que permita la reparaci\u00f3n y protecci\u00f3n de derechos humanos de las ni\u00f1as, adolescentes y mujeres v\u00edctimas de violencia, tanto en \u00e1mbitos jur\u00eddicos, como psicol\u00f3gicos y de acompa\u00f1amiento institucional. Adem\u00e1s, a\u00fan hay funcionariado que no conoce y, por\u00a0 lo tanto, no implementa en su quehacer la perspectiva de g\u00e9nero.<\/p>\n<p>Tras la llegada de la actual administraci\u00f3n municipal, a cargo de\u00a0Luis Alberto Michel Rodr\u00edguez,\u00a0<b>se elimin\u00f3 el \u00e1rea encargada de trabajar el tema de nuevas masculinidades<\/b>, a la cual\u00a0<b>acud\u00edan los hombres agresores por mandato judicial\u00a0<\/b>para recibir un proceso de reeducaci\u00f3n adecuado.<\/p>\n<h3 style=\"text-align: center;\"><b>Autocuidado y acompa\u00f1amiento<\/b><\/h3>\n<p>Las mujeres han tenido que tomar acci\u00f3n por s\u00ed mismas para\u00a0<b>autocuidarse y cuidar a otras como ellas.<\/b>\u00a0Estas redes de apoyo han apostado por implementar estrategias como la de<b>\u00a0\u201ctestigo activo\u201d,<\/b>\u00a0la cual consiste en que cualquier persona sea capaz de reaccionar y\/o actuar cuando\u00a0<b>es testiga de que una mujer est\u00e1 pasando por cualquier tipo de violencia.<\/b><\/p>\n<p>Desde su experiencia, las j\u00f3venes y adolescentes que participaron con su testimonio en este reportaje, recomiendan\u00a0<b>algunas otras herramientas que buscan limitar los riesgos de ser mujer y habitar\/transitar el espacio p\u00fablico<\/b>, aunque reconocen que el Estado tendr\u00eda que ser el encargado de garantizar su derecho a vivir una vida libre de violencias.<\/p>\n<p>Estas recomendaciones tambi\u00e9n se ven influenciadas por\u00a0<b>la revictimizaci\u00f3n que experimentan\u00a0<\/b>no s\u00f3lo de parte de las autoridades, sino tambi\u00e9n de sus familias, amistades y sociedad en general quienes muchas veces<b>\u00a0las responsabilizan de ser v\u00edctimas de las violencias que enfrentan.<\/b><\/p>\n<p>Ellas aconsejan: no salir de noche; compartir su ubicaci\u00f3n en tiempo real con amistades o familia; mantener las ventanas abajo cuando toman un Uber -o cualquier servicio de transportaci\u00f3n por plataforma-;, no tomar alcohol; mantenerse alertas en todo momento; no usar aud\u00edfonos durante sus trayectos en la calle y el transporte p\u00fablico; especialmente, hacer caso a toda situaci\u00f3n que \u201cles d\u00e9 mala espina\u201d, en esos casos\u00a0<strong>correr y pedir ayuda<\/strong>.<\/p>\n<p>Sin embargo, tambi\u00e9n tienen algunas propuestas, que se convierten en demandas y exigencias para las autoridades del estado y el municipio que habitan. Consideran que para sentirse m\u00e1s seguras deber\u00eda de:<\/p>\n<ol>\n<li>Incrementar las\u00a0<strong>c\u00e1maras de seguridad<\/strong>\u00a0en el transporte p\u00fablico.<\/li>\n<li>Implementar m\u00e1s\u00a0<strong>rondines y patrullajes en distintas colonias,<\/strong>\u00a0zonas escolares y sitios de recreaci\u00f3n.<\/li>\n<li><strong>Concientizar a la poblaci\u00f3n sobre la problem\u00e1tica<\/strong>\u00a0y, con ello, llamar al sector privado, empresas y negocios locales para que se sumen a participar de estas estrategia de cuidado colectivo y que cualquier mujer pueda acudir a solicitar ayuda frente a situaciones de riesgo dentro de espacios p\u00fablicos.<\/li>\n<li>Mejor el\u00a0<strong>alumbrado p\u00fablico<\/strong>, puntualmente donde no\u00a0 lo hay o es escaso.<\/li>\n<li>Que las autoridades encargadas de proveer seguridad y garantizar la justicia den\u00a0<strong>seguimiento a las denuncias de violencia de g\u00e9nero<\/strong>\u00a0que son interpuestas.<\/li>\n<\/ol>\n<p>Sandra Qui\u00f1ones por su parte precisa que es importante que todas las mujeres y personas sin importar su edad conozcan\u00a0<b>cu\u00e1les son sus derechos para identificar cuando alguien est\u00e1 violentando alguno de ellos<\/b>, as\u00ed como conocer los\u00a0<b>mecanismos de protecci\u00f3n y denuncia.<\/b><\/p>\n<p>Algunos colectivos feministas de este municipio, tales como\u00a0<b><i>VallartaFem, Puerto Feminista, MAM, Comit\u00e9 de Am\u00e9rica Latina y el Caribe para la Defensa de los Derechos de las Mujeres (CLADEM)<\/i><\/b><i>,<\/i>\u00a0entre otros, se dedican a acompa\u00f1ar a las v\u00edctimas y sobrevivientes de estas violencias: brind\u00e1ndoles informaci\u00f3n, apoy\u00e1ndoles a tener respuestas m\u00e1s \u00e1giles en sus procesos de exigencia de justicia, generando presi\u00f3n a las autoridades para solucionar eficazmente sus casos, promocionando los derechos de las mujeres y llamando a evitar la revictimizaci\u00f3n.<\/p>\n<p>La uni\u00f3n entre mujeres ha sido clave para el cambio ideol\u00f3gico y de pol\u00edticas p\u00fablicas, las mujeres desean sentirse seguras y sin miedo al salir de casa y por eso alzan la voz y contin\u00faan resistiendo;\u00a0<b>mostrando que si el gobierno no las cuida, entre ellas lo har\u00e1n.\u00a0<\/b><\/p>\n<p><a href=\"https:\/\/www.zonadocs.mx\/2023\/12\/13\/solo-queremos-regresar-a-casa-adolescentes-y-jovenes-vallartenses-alzan-la-voz-contra-violencias\/\">https:\/\/www.zonadocs.mx\/2023\/12\/13\/solo-queremos-regresar-a-casa-adolescentes-y-jovenes-vallartenses-alzan-la-voz-contra-violencias\/<\/a><\/p>\n","protected":false},"excerpt":{"rendered":"<p>Fotograf\u00eda : \u201cColectivas en Puerto Vallarta\u201d por Leslie Zepeda El contexto de inseguridad y desprotecci\u00f3n actual que rodea a ni\u00f1as, adolescentes y mujeres en Puerto Vallarta, Jalisco, generado por las &hellip; <a href=\"http:\/\/www.grieta.org.mx\/index.php\/2023\/12\/13\/solo-queremos-regresar-a-casa-adolescentes-y-jovenes-vallartenses-alzan-la-voz-contra-violencias-jalisco\/\" class=\"more-link\">Leer m\u00e1s<\/a><\/p>\n","protected":false},"author":2,"featured_media":68279,"comment_status":"closed","ping_status":"closed","sticky":false,"template":"","format":"standard","meta":{"ngg_post_thumbnail":0,"_jetpack_newsletter_access":"","_jetpack_dont_email_post_to_subs":false,"_jetpack_newsletter_tier_id":0,"_jetpack_memberships_contains_paywalled_content":false,"_jetpack_memberships_contains_paid_content":false,"footnotes":""},"categories":[80,20,1827,2303,2,83,2504],"tags":[1954,3225,3042,1291,799,3476,3776,3209,3148,2168,1630,3139],"class_list":["post-68278","post","type-post","status-publish","format-standard","has-post-thumbnail","hentry","category-cintillo","category-jalisco","category-la-ninez-en-la-tormenta-capitalista","category-la-ninez-en-la-tormenta-en-jalisco","category-noticias-nacionales","category-temas-nacionales","category-violencia-contra-las-mujeres-en-jalisco","tag-alerta-de-violencia-de-genero","tag-aumento-de-la-violencia-contra-las-mujeres","tag-colectivos-feministas","tag-explotacion-laboral","tag-explotacion-sexual","tag-jovenes-en-la-tormenta-capitalista","tag-la-ninez-en-la-tormenta-capitalista","tag-lucha-contra-la-violencia-contra-las-mujeres","tag-lucha-feminista","tag-trata-personas","tag-violencia-contra-las-mujeres","tag-violencia-sexual-contra-ninas","entry"],"jetpack_featured_media_url":"http:\/\/www.grieta.org.mx\/wp-content\/uploads\/2023\/12\/morras_4-colectiva_pto_vallarta-768x512-1.jpeg","jetpack_sharing_enabled":true,"jetpack_shortlink":"https:\/\/wp.me\/p7ZJR4-hLg","jetpack_likes_enabled":false,"jetpack-related-posts":[{"id":65948,"url":"http:\/\/www.grieta.org.mx\/index.php\/2022\/12\/07\/municipios-metropolitanos-con-mas-victimas-de-abuso-sexual-infantil-en-jalisco\/","url_meta":{"origin":68278,"position":0},"title":"Municipios metropolitanos con m\u00e1s v\u00edctimas de abuso sexual infantil en Jalisco","author":"grieta","date":"7 diciembre, 2022","format":false,"excerpt":"Imagen; Cuartoscuro Redacci\u00f3n \/ El Diario NTR Jalisco es uno de los estados con m\u00e1s v\u00edctimas de abuso sexual infantil, Guadalajara, Tlaquepaque, Tonal\u00e1, Zapopan y Puerto Vallarta son los municipios con m\u00e1s casos, de acuerdo con el estudio de investigaci\u00f3n sobre la violencia sexual y la muerte de ni\u00f1as y\u2026","rel":"","context":"En &quot;CINTILLO&quot;","block_context":{"text":"CINTILLO","link":"http:\/\/www.grieta.org.mx\/index.php\/category\/cintillo\/"},"img":{"alt_text":"","src":"https:\/\/i0.wp.com\/www.grieta.org.mx\/wp-content\/uploads\/2022\/12\/2022-12-07_06-12-21___7.jpg?resize=350%2C200","width":350,"height":200,"srcset":"https:\/\/i0.wp.com\/www.grieta.org.mx\/wp-content\/uploads\/2022\/12\/2022-12-07_06-12-21___7.jpg?resize=350%2C200 1x, https:\/\/i0.wp.com\/www.grieta.org.mx\/wp-content\/uploads\/2022\/12\/2022-12-07_06-12-21___7.jpg?resize=525%2C300 1.5x, https:\/\/i0.wp.com\/www.grieta.org.mx\/wp-content\/uploads\/2022\/12\/2022-12-07_06-12-21___7.jpg?resize=700%2C400 2x"},"classes":[]},{"id":64610,"url":"http:\/\/www.grieta.org.mx\/index.php\/2022\/07\/18\/violencia-sexual-ninas-adolescentes-y-mujeres-son-sus-victimas-jalisco\/","url_meta":{"origin":68278,"position":1},"title":"Violencia sexual: Ni\u00f1as, adolescentes y mujeres son sus v\u00edctimas (Jalisco)","author":"grieta","date":"18 julio, 2022","format":false,"excerpt":"Imagen: Pexels Isaura L\u00f3pez \/ El Occidental Las mujeres enfrentan una serie de violencia que vulnera su integridad f\u00edsica, sexual y emocional, el enemigo principal es la impunidad. Activistas de Am\u00e9rica Latina y el Caribe levantan la voz, exigen a los pa\u00edses cero tolerancias a la esclavitud del siglo XXI:\u2026","rel":"","context":"En &quot;CINTILLO&quot;","block_context":{"text":"CINTILLO","link":"http:\/\/www.grieta.org.mx\/index.php\/category\/cintillo\/"},"img":{"alt_text":"","src":"https:\/\/i0.wp.com\/www.grieta.org.mx\/wp-content\/uploads\/2022\/07\/Violencia-contra-las-mujeres.jpg?resize=350%2C200","width":350,"height":200,"srcset":"https:\/\/i0.wp.com\/www.grieta.org.mx\/wp-content\/uploads\/2022\/07\/Violencia-contra-las-mujeres.jpg?resize=350%2C200 1x, https:\/\/i0.wp.com\/www.grieta.org.mx\/wp-content\/uploads\/2022\/07\/Violencia-contra-las-mujeres.jpg?resize=525%2C300 1.5x, https:\/\/i0.wp.com\/www.grieta.org.mx\/wp-content\/uploads\/2022\/07\/Violencia-contra-las-mujeres.jpg?resize=700%2C400 2x"},"classes":[]},{"id":35925,"url":"http:\/\/www.grieta.org.mx\/index.php\/2019\/07\/03\/cedh-entrega-informe-a-puerto-vallarta-de-que-su-foco-rojo-es-la-trata-de-personas-jalisco\/","url_meta":{"origin":68278,"position":2},"title":"CEDH entrega informe a Puerto Vallarta de que su &#8220;foco rojo&#8221; es la trata de personas (Jalisco)","author":"grieta","date":"3 julio, 2019","format":false,"excerpt":"Habla el estudio que despu\u00e9s de tres a\u00f1os de haber decretado la alerta local y seis meses de la alerta Federal, existe un contexto de violencia y ausencia que las autoridades. Rosario Bare\u00f1o Dom\u00ednguez \/ El Occidental La Comisi\u00f3n Estatal de Derechos Humanos Jalisco (CEDHJ) entreg\u00f3 al Ayuntamiento de Puerto\u2026","rel":"","context":"En &quot;CINTILLO&quot;","block_context":{"text":"CINTILLO","link":"http:\/\/www.grieta.org.mx\/index.php\/category\/cintillo\/"},"img":{"alt_text":"","src":"https:\/\/i0.wp.com\/www.grieta.org.mx\/wp-content\/uploads\/2019\/07\/Puerto-Vallarta.jpg?resize=350%2C200","width":350,"height":200,"srcset":"https:\/\/i0.wp.com\/www.grieta.org.mx\/wp-content\/uploads\/2019\/07\/Puerto-Vallarta.jpg?resize=350%2C200 1x, https:\/\/i0.wp.com\/www.grieta.org.mx\/wp-content\/uploads\/2019\/07\/Puerto-Vallarta.jpg?resize=525%2C300 1.5x, https:\/\/i0.wp.com\/www.grieta.org.mx\/wp-content\/uploads\/2019\/07\/Puerto-Vallarta.jpg?resize=700%2C400 2x"},"classes":[]},{"id":46161,"url":"http:\/\/www.grieta.org.mx\/index.php\/2020\/03\/12\/protestan-alumnas-de-udeg-contra-acoso-jalisco\/","url_meta":{"origin":68278,"position":3},"title":"Protestan alumnas de UdeG contra acoso (Jalisco)","author":"grieta","date":"12 marzo, 2020","format":false,"excerpt":"Foto: Zona Docs Redacci\u00f3n \/ El Diario NTR Alumnas de 12 preparatorias de la Universidad de Guadalajara se manifestaron este jueves frente al edificio de Rector\u00eda para exigir un cese a la violencia de g\u00e9nero. La manifestaci\u00f3n parti\u00f3 de la Prepa 1 hacia el edificio administrativo. Las estudiantes portaron cartelones\u2026","rel":"","context":"En &quot;CINTILLO&quot;","block_context":{"text":"CINTILLO","link":"http:\/\/www.grieta.org.mx\/index.php\/category\/cintillo\/"},"img":{"alt_text":"","src":"https:\/\/i0.wp.com\/www.grieta.org.mx\/wp-content\/uploads\/2020\/03\/2020-03-12_06-03-44___9505.jpg?resize=350%2C200","width":350,"height":200},"classes":[]},{"id":30911,"url":"http:\/\/www.grieta.org.mx\/index.php\/2019\/03\/08\/al-menos-siete-feminicidios-mensuales-de-ninas-y-adolescentes-redim\/","url_meta":{"origin":68278,"position":4},"title":"Al menos siete feminicidios mensuales de ni\u00f1as y adolescentes: REDIM","author":"grieta","date":"8 marzo, 2019","format":false,"excerpt":"L\u00f3pez D\u00f3riga Digital La cifra de adolescentes v\u00edctimas de feminicidios a nivel nacional se duplic\u00f3 de 2015 a 2018, al pasar de 422 a 861 casos La Red por los Derechos de la Infancia en M\u00e9xico (REDIM) asegur\u00f3 que la violencia machista y omisi\u00f3n de las autoridades son responsables de\u2026","rel":"","context":"En &quot;Chihuahua&quot;","block_context":{"text":"Chihuahua","link":"http:\/\/www.grieta.org.mx\/index.php\/category\/noticias-nacionales\/chihuahua\/"},"img":{"alt_text":"","src":"https:\/\/i0.wp.com\/www.grieta.org.mx\/wp-content\/uploads\/2019\/03\/Al-menos-siete-feminicidios-mensuales-de-ni%C3%B1as-y-adolescentes-REDIM-nl-mzo.jpg?resize=350%2C200","width":350,"height":200,"srcset":"https:\/\/i0.wp.com\/www.grieta.org.mx\/wp-content\/uploads\/2019\/03\/Al-menos-siete-feminicidios-mensuales-de-ni%C3%B1as-y-adolescentes-REDIM-nl-mzo.jpg?resize=350%2C200 1x, https:\/\/i0.wp.com\/www.grieta.org.mx\/wp-content\/uploads\/2019\/03\/Al-menos-siete-feminicidios-mensuales-de-ni%C3%B1as-y-adolescentes-REDIM-nl-mzo.jpg?resize=525%2C300 1.5x, https:\/\/i0.wp.com\/www.grieta.org.mx\/wp-content\/uploads\/2019\/03\/Al-menos-siete-feminicidios-mensuales-de-ni%C3%B1as-y-adolescentes-REDIM-nl-mzo.jpg?resize=700%2C400 2x"},"classes":[]},{"id":66788,"url":"http:\/\/www.grieta.org.mx\/index.php\/2023\/04\/11\/guadalajara-el-municipio-con-mayor-riesgo-de-desaparicion-para-las-mujeres-en-el-pais-jalisco\/","url_meta":{"origin":68278,"position":5},"title":"Guadalajara, el municipio con mayor riesgo de desaparici\u00f3n para las mujeres en el pa\u00eds (Jalisco)","author":"grieta","date":"11 abril, 2023","format":false,"excerpt":"Imagen: Cuartoscuro Lauro Rodr\u00edguez \/ El Diario NTR A trav\u00e9s de un informe, el Instituto Mexicano de Derechos Humanos y Democracia (IMDHD) evidenci\u00f3 que Guadalajara es el municipio con mayor riesgo de desaparici\u00f3n para las mujeres en todo el pa\u00eds. El an\u00e1lisis se basa en los datos del Registro Nacional\u2026","rel":"","context":"En &quot;CINTILLO&quot;","block_context":{"text":"CINTILLO","link":"http:\/\/www.grieta.org.mx\/index.php\/category\/cintillo\/"},"img":{"alt_text":"","src":"https:\/\/i0.wp.com\/www.grieta.org.mx\/wp-content\/uploads\/2023\/04\/2023-04-11_02-04-06___6885.jpg?resize=350%2C200","width":350,"height":200,"srcset":"https:\/\/i0.wp.com\/www.grieta.org.mx\/wp-content\/uploads\/2023\/04\/2023-04-11_02-04-06___6885.jpg?resize=350%2C200 1x, https:\/\/i0.wp.com\/www.grieta.org.mx\/wp-content\/uploads\/2023\/04\/2023-04-11_02-04-06___6885.jpg?resize=525%2C300 1.5x, https:\/\/i0.wp.com\/www.grieta.org.mx\/wp-content\/uploads\/2023\/04\/2023-04-11_02-04-06___6885.jpg?resize=700%2C400 2x, https:\/\/i0.wp.com\/www.grieta.org.mx\/wp-content\/uploads\/2023\/04\/2023-04-11_02-04-06___6885.jpg?resize=1050%2C600 3x, https:\/\/i0.wp.com\/www.grieta.org.mx\/wp-content\/uploads\/2023\/04\/2023-04-11_02-04-06___6885.jpg?resize=1400%2C800 4x"},"classes":[]}],"_links":{"self":[{"href":"http:\/\/www.grieta.org.mx\/index.php\/wp-json\/wp\/v2\/posts\/68278","targetHints":{"allow":["GET"]}}],"collection":[{"href":"http:\/\/www.grieta.org.mx\/index.php\/wp-json\/wp\/v2\/posts"}],"about":[{"href":"http:\/\/www.grieta.org.mx\/index.php\/wp-json\/wp\/v2\/types\/post"}],"author":[{"embeddable":true,"href":"http:\/\/www.grieta.org.mx\/index.php\/wp-json\/wp\/v2\/users\/2"}],"replies":[{"embeddable":true,"href":"http:\/\/www.grieta.org.mx\/index.php\/wp-json\/wp\/v2\/comments?post=68278"}],"version-history":[{"count":1,"href":"http:\/\/www.grieta.org.mx\/index.php\/wp-json\/wp\/v2\/posts\/68278\/revisions"}],"predecessor-version":[{"id":68280,"href":"http:\/\/www.grieta.org.mx\/index.php\/wp-json\/wp\/v2\/posts\/68278\/revisions\/68280"}],"wp:featuredmedia":[{"embeddable":true,"href":"http:\/\/www.grieta.org.mx\/index.php\/wp-json\/wp\/v2\/media\/68279"}],"wp:attachment":[{"href":"http:\/\/www.grieta.org.mx\/index.php\/wp-json\/wp\/v2\/media?parent=68278"}],"wp:term":[{"taxonomy":"category","embeddable":true,"href":"http:\/\/www.grieta.org.mx\/index.php\/wp-json\/wp\/v2\/categories?post=68278"},{"taxonomy":"post_tag","embeddable":true,"href":"http:\/\/www.grieta.org.mx\/index.php\/wp-json\/wp\/v2\/tags?post=68278"}],"curies":[{"name":"wp","href":"https:\/\/api.w.org\/{rel}","templated":true}]}}