{"id":68274,"date":"2023-11-30T15:26:15","date_gmt":"2023-11-30T21:26:15","guid":{"rendered":"https:\/\/www.grieta.org.mx\/?p=68274"},"modified":"2023-12-24T15:37:25","modified_gmt":"2023-12-24T21:37:25","slug":"higinio-trinidad-de-la-cruz-defensor-ambiental-de-la-sierra-de-manantlan-es-asesinado-pese-a-estar-bajo-el-mecanismo-de-proteccion-para-personas-defensoras-jalisco","status":"publish","type":"post","link":"http:\/\/www.grieta.org.mx\/index.php\/2023\/11\/30\/higinio-trinidad-de-la-cruz-defensor-ambiental-de-la-sierra-de-manantlan-es-asesinado-pese-a-estar-bajo-el-mecanismo-de-proteccion-para-personas-defensoras-jalisco\/","title":{"rendered":"Higinio Trinidad de la Cruz, defensor ambiental de la Sierra de Manantl\u00e1n es asesinado pese a estar bajo el Mecanismo de Protecci\u00f3n para Personas Defensoras (Jalisco)"},"content":{"rendered":"<p><em>Foto: Cortes\u00eda<\/em><\/p>\n<p>* El 24 de noviembre, a Higinio Trinidad de la Cruz lo desaparecieron despu\u00e9s de acudir a una cita en las oficinas de la presidencia municipal de Cuautitl\u00e1n de Garc\u00eda Barrag\u00e1n, en Jalisco. Un d\u00eda despu\u00e9s, su cuerpo fue localizado en la Sierra de Manantl\u00e1n.<\/p>\n<p>* Higinio Trinidad, al igual que otros integrantes de la comunidad ind\u00edgena de Ayotitl\u00e1n, era beneficiario del Mecanismo de Protecci\u00f3n para Personas Defensoras del gobierno federal desde abril de 2021. Su desaparici\u00f3n y asesinato ocurre un mes despu\u00e9s de que personal del mecanismo visit\u00f3 a pobladores de la Sierra de Manantl\u00e1n.<\/p>\n<p>* El nombre de Higinio Trinidad de la Cruz se suma al de Celedonio Monroy Prudencio y al de J. Santos Isaac Ch\u00e1vez, defensores de Manantl\u00e1n que tambi\u00e9n fueron desaparecidos y asesinados. Los tres denunciaron la tala, la miner\u00eda ilegal y el control del territorio por parte de grupos del narcotr\u00e1fico en la Sierra de Manantl\u00e1n; tambi\u00e9n participaron en los procesos legales en contra de la mina que, desde 1975, extrae hierro en la regi\u00f3n.<\/p>\n<p>* Con su caso se eleva a 37 el n\u00famero de personas defensoras de ambiente y territorio en M\u00e9xico que, desde diciembre de 2006, han sido v\u00edctimas de desaparici\u00f3n y han sido localizadas sin vida.<\/p>\n<p><em>Por Analy Nu\u00f1o \/ A d\u00f3nde van los desaparecidos<\/em><\/p>\n<p><strong>Higinio Trinidad de la Cruz<\/strong>\u00a0hablaba fuerte y directo, saludaba con un apret\u00f3n de manos, siempre vest\u00eda camisa y pantal\u00f3n de mezclilla; su atuendo tambi\u00e9n inclu\u00eda un malet\u00edn con documentos.\u00a0<strong>Desde la desaparici\u00f3n de su compa\u00f1ero en la defensa del territorio, Celedonio Monroy<\/strong>, en 2012, aprendi\u00f3 a torear los ataques y amenazas. \u00c9l no quer\u00eda irse de Lagunillas, no quer\u00eda dejar la Sierra de Manantl\u00e1n, esa regi\u00f3n de Jalisco que ha estado marcada por la tala, la miner\u00eda legal e ilegal y la presencia de los grupos del narcotr\u00e1fico. Desde 2022,\u00a0<strong>las amenazas en su contra aumentaron<\/strong>. A\u00fan as\u00ed no abandon\u00f3 su tierra. La \u00faltima vez que se le mir\u00f3 con vida fue entrando a una oficina de gobierno.<\/p>\n<p>La ma\u00f1ana del pasado viernes 24 de noviembre, Higinio Trinidad de la Cruz acudi\u00f3 a la presidencia municipal de Cuautitl\u00e1n de Garc\u00eda Barrag\u00e1n, ah\u00ed lo cit\u00f3 el presidente municipal Jes\u00fas Delgado Camberos Durante. El resto del d\u00eda y la noche, su familia no tuvo noticias de \u00e9l. Incluso, la organizaci\u00f3n no gubernamental<strong>\u00a0Tsikini,<\/strong>\u00a0que acompa\u00f1a legalmente a la comunidad de Ayotitl\u00e1n,\u00a0<a href=\"https:\/\/twitter.com\/TsikiniJ\/status\/1728380515689103814?t=Eee35q_9VK0qiWfjxW8PhA&amp;s=08\">alert\u00f3<\/a>\u00a0en la red social X sobre<strong>\u00a0la desaparici\u00f3n del defensor ind\u00edgena nahua<\/strong>, quien al igual que una veintena de pobladores de la Sierra de Manantl\u00e1n se encontraba dentro del\u00a0<strong>Mecanismo de Protecci\u00f3n para Personas Defensoras del gobierno federal.<\/strong><\/p>\n<p>El s\u00e1bado 25 de noviembre, el cuerpo de<strong>\u00a0Higinio Trinidad fue localizado sin vida<\/strong>\u00a0\u2014con huellas de violencia y un disparo\u2014 cerca del puente Arroyo Hondo en el poblado Las Mar\u00edas del Ejido de Ayotitl\u00e1n, en la Sierra de Manantl\u00e1n<\/p>\n<p>A principios de octubre de este a\u00f1o, una\u00a0<a href=\"https:\/\/es.mongabay.com\/2023\/10\/a-estas-personas-las-desaparecieron-por-defender-el-ambiente-y-territorio-en-mexico\/\">investigaci\u00f3n<\/a>\u00a0realizada por Mongabay Latam, Quinto Elemento Lab y A d\u00f3nde van los desaparecidos document\u00f3 que<strong>\u00a093 personas defensoras del ambiente y el territorio hab\u00edan sido v\u00edctimas de desaparici\u00f3n desde el 1 de diciembre de 2006 hasta el 1 de agosto de 2023<\/strong>. Entre esos defensores estaba Higinio Trinidad de la Cruz. Antes de su desaparici\u00f3n y asesinato, \u00e9l ya hab\u00eda recibido varias amenazas por su defensa al territorio.<\/p>\n<p>El 20 de mayo de 2022, Higinio Trinidad fue sacado de su domicilio, en la comunidad de Lagunillas, por integrantes del crimen organizado. Minutos antes esos hombres realizaron la misma acci\u00f3n en contra de otro defensor, de quien se reserva su nombre por seguridad. Ambos fueron trasladados hasta el crucero de Tequesquitl\u00e1n. Ah\u00ed fueron interrogados y amenazados. Un hombre que se identific\u00f3 como<strong>\u00a0\u201cEl Jefe\u201d les advirti\u00f3 que deb\u00edan detener su lucha en contra de las actividades mineras en la regi\u00f3n<\/strong>; y orden\u00f3 su liberaci\u00f3n en medio de un operativo federal de b\u00fasqueda encabezado por la Guardia Nacional. A las 16:00 horas de ese mismo d\u00eda, fueron liberados.<\/p>\n<p>Esa desaparici\u00f3n temporal de Higinio Trinidad de la Cruz abri\u00f3 el camino para que las amenazas en su contra comenzaran a ser m\u00e1s recurrentes. A\u00fan as\u00ed,\u00a0<strong>el defensor no dej\u00f3 la Sierra de Manantl\u00e1n<\/strong>; incluso, comenz\u00f3 a visibilizarse m\u00e1s c\u00f3mo el mejor prospecto a candidato al Comisariado del Ejido de Ayotitl\u00e1n para las elecciones que se realizar\u00e1n en abril de 2024.<\/p>\n<p>El nombre de Higinio Trinidad de la Cruz, quien ten\u00eda 44 a\u00f1os, ahora<strong>\u00a0se suma al de Celedonio Monroy Prudencio y al de J. Santos Isaac Ch\u00e1vez<\/strong>, quienes tambi\u00e9n fueron desaparecidos y asesinados.\u00a0<strong>Los tres denunciaron la tala, la miner\u00eda ilegal y el control del territorio por parte de grupos del narcotr\u00e1fico en la<a href=\"https:\/\/es.mongabay.com\/2023\/10\/defensores-desaparecidos-sierra-de-manantlan-mineria-narcotrafico-mexico\/\">\u00a0Sierra de Manantl\u00e1n<\/a><\/strong>; tambi\u00e9n participaron en los procesos legales en contra de la mina Pe\u00f1a Colorada que extrae hierro en la regi\u00f3n y que desde 2005 pertenece a las empresas ArcelorMittal y Ternium.<\/p>\n<p>Con su caso, adem\u00e1s, se eleva a\u00a0<strong>37 el n\u00famero de personas defensoras de ambiente y territorio<\/strong>\u00a0que, desde diciembre de 2006, han sido v\u00edctimas de desaparici\u00f3n y han sido localizadas sin vida.<\/p>\n<p>\u201cDesaparecen a<strong>\u00a0Celedonio Monroy y yo fui v\u00edctima de persecuciones, de amenazas<\/strong>; yo no dorm\u00eda en mi casa, en las noches me iba a otro lado. Del 2012 para ac\u00e1 las cosas empezaron a cambiar, empezamos a sufrir se\u00f1alamientos y amenazas; me persiguieron en una camioneta,\u00a0<strong>una persecuci\u00f3n y me fugu\u00e9<\/strong>, ah\u00ed empez\u00f3 a cambiar mi vida. A partir de ah\u00ed empezaron a ocurrir otros\u00a0<em>levantamientos<\/em>, pero yo nunca hu\u00ed del pueblo, siempre los estuve toreando\u201d, cont\u00f3 Higinio Trinidad de la Cruz, en febrero pasado, en un lugar a m\u00e1s de 100 kil\u00f3metros del\u00a0<strong>Ejido de Ayotitl\u00e1n<\/strong>, a d\u00f3nde se traslad\u00f3 para tener una entrevista con esta reportera.<\/p>\n<h3><strong>Primero, Celedonio; despu\u00e9s, J. Santos y ahora, Higinio<\/strong><\/h3>\n<p>Oriundo del poblado de Lagunillas, del ejido de Ayotitl\u00e1n, el defensor del territorio y abierto opositor a la miner\u00eda fund\u00f3 en 2009 la asociaci\u00f3n civil\u00a0<strong>Promejico Nueva Ruralidad Jalisco<\/strong>, filial de una organizaci\u00f3n con presencia en 12 estados de M\u00e9xico. Ah\u00ed trabaj\u00f3 de la mano con Celedonio Monroy, defensor de la Sierra de Manantl\u00e1n desaparecido en 2012 y que, hasta ahora,\u00a0<strong>sigue sin ser localizado.\u00a0<\/strong><\/p>\n<p>Los a\u00f1os siguientes, con una importante presencia pol\u00edtica en la zona y la defensa activa de los recursos naturales,\u00a0<strong>impuls\u00f3 y gestion\u00f3 proyectos productivos v\u00eda subsidios estatales y federales.<\/strong>\u00a0Cuando fue asesinado era miembro del Consejo Consultivo de la Comisi\u00f3n Estatal Ind\u00edgena.<\/p>\n<p>Durante 2020 y 2021, acompa\u00f1\u00f3 y apoy\u00f3 activamente la campa\u00f1a al Comisariado Ejidal de J. Santos Isaac Ch\u00e1vez, desaparecido el 1 de abril de 2021 y tres d\u00edas\u00a0<strong>despu\u00e9s localizado sin vida con huellas de violencia en la localidad de Las Mar\u00edas<\/strong>, cerca de la zona donde fue encontrado el cuerpo de Higinio Trinidad de la Cruz.<\/p>\n<p>Despu\u00e9s de que fue v\u00edctima de desaparici\u00f3n, en mayo de 2022, Higinio Trinidad<\/p>\n<p>elev\u00f3 su perfil como defensor del territorio e inici\u00f3 juicios sucesorios para el reconocimiento de los derechos agrarios de<strong>\u00a0140 familias de la comunidad ind\u00edgena de Ayotitl\u00e1n<\/strong>. Hasta el d\u00eda de su asesinato hab\u00eda logrado sentencias en las que se reconocen a 140 personas como titulares de las tierras de sus padres fallecidos, y con ello se sumaran como ejidatarios con voz y voto en las elecciones de comisariado ejidal.<\/p>\n<p>De acuerdo con integrantes de la comunidad, esta situaci\u00f3n molest\u00f3 al actual Comisariado Ejidal, Roberto Cobi\u00e1n Guti\u00e9rrez, ya que significaba actualizar el padr\u00f3n del Registro Agrario Nacional. Adem\u00e1s, los nuevos 140 ejidatarios ser\u00edan acreedores al pago por ocupaci\u00f3n temporal de tierras ejidales concesionadas a la minera Benito Ju\u00e1rez Pe\u00f1a Colorada, que desde 2005 pertenece a dos trasnacionales del acero que poseen, cada una, el 50 % de las acciones:<strong>\u00a0ArcelorMittal<\/strong>, la mayor compa\u00f1\u00eda sider\u00fargica y minera del mundo por producci\u00f3n, y Ternium, parte del grupo italoargentino Techint, que se presenta como la sider\u00fargica l\u00edder en Latinoam\u00e9rica.<\/p>\n<p>Anualmente, estas empresas\u00a0<strong>extraen de Pe\u00f1a Colorada 4.1 millones de toneladas de pellet o hierro molido<\/strong>, lo que representa el 33 % del consumo anual de la industria en el pa\u00eds.<\/p>\n<p>La cercan\u00eda y visibilidad que tom\u00f3 Higinio en los \u00faltimos dos a\u00f1os lo colocaron como el mejor prospecto a candidato al Comisariado Ejidal para las elecciones que se realizar\u00e1n en abril de 2024. En febrero de 2023, durante la entrevista con esta reportera, manifest\u00f3 abiertamente su inter\u00e9s por contender al cargo. Sin embargo, dos meses antes de su asesinato, reconoci\u00f3 que\u00a0<strong>valoraba esa posibilidad ante las amenazas que estaba recibiendo y la vigilancia constante de personas armadas afuera de su domicilio<\/strong>\u00a0o cuando se trasladaba a alg\u00fan lugar.<\/p>\n<p>\u201cQu\u00e9 mejor que un d\u00eda nos toque representar el Ejido para checar todo eso, en primer lugar parar las minas y revisar convenios (con Ternium y ArcelorMittal), y decir: \u2018vamos a parar esto y nos vamos a meter con la Ternium para ver qu\u00e9 onda\u2019. Es lo que queremos hacer, trabajando, haciendo sinergia, creando un equipo. Todo lo que hemos hecho lleva algo positivo pero ya necesitamos ver algo concreto\u201d, dijo en la entrevista realizada en febrero pasado.<\/p>\n<p>D\u00edas despu\u00e9s del asesinato de Higinio Trinidad de la Cruz, integrantes de la comunidad ind\u00edgena de Ayotitl\u00e1n fueron amenazados. Hombres armados se presentaron en las casas de varios ejidatarios y les advirtieron que\u00a0<strong>\u201chay cinco personas en lista; que les va a pasar lo mismo\u201d<\/strong>. Fue por ello que el pasado martes 28 de noviembre, los l\u00edderes de mayor edad del ejido salieron de la regi\u00f3n.<\/p>\n<h3><strong>Un mecanismo de protecci\u00f3n que no funcion\u00f3\u00a0<\/strong><\/h3>\n<p>En abril de 2021, tras la desaparici\u00f3n y posterior asesinato de\u00a0<strong>J. Santos Isaac Ch\u00e1vez<\/strong>, la Comisi\u00f3n Nacional de Derechos Humanos (CNDH) emiti\u00f3 medidas cautelares para\u00a0<strong>salvaguardar la integridad de una veintena de integrantes de la comunidad ind\u00edgena de Ayotitl\u00e1n<\/strong>\u00a0ante \u201cactos de violencia perpetrados por el crimen organizado\u201d. Cuatro meses despu\u00e9s, ese grupo de la comunidad, del cual era parte Higinio Trinidad, ingres\u00f3 como\u00a0<strong>beneficiario al Mecanismo de Protecci\u00f3n para Personas Defensoras de Derechos Humanos y Periodistas.<\/strong><\/p>\n<p>Las medidas cautelares dictadas por la CNDH y acciones de protecci\u00f3n del mecanismo gestionado por la Secretar\u00eda de Gobernaci\u00f3n, inclu\u00edan dotar a integrantes de la comunidad de equipos de comunicaci\u00f3n, de un bot\u00f3n de emergencia y asistencia, as\u00ed como patrullaje de la Guardia Nacional, entre otros aspectos. Adem\u00e1s,\u00a0<strong>cada seis meses el mecanismo debe<\/strong>\u00a0<strong>\u201cre-evaluar\u201d la situaci\u00f3n de seguridad de la comunidad<\/strong>, para determinar si contin\u00faan activas las medidas o se concluye el expediente y retira la protecci\u00f3n.<\/p>\n<p>Pese a las medidas de protecci\u00f3n implementadas, los ataques contra los integrantes de la comunidad ind\u00edgena de Ayotitl\u00e1n y pobladores de la Sierra de Manantl\u00e1n no cesaron, por el contrario continuaron en forma intensa. La mejor muestra\u00a0<strong>es la desaparici\u00f3n y asesinato de Higinio Trinidad de la Cruz.<\/strong><\/p>\n<p>Adem\u00e1s, el mecanismo del gobierno federal no cumpli\u00f3 con los plazos establecidos para realizar las re-evaluaciones. En abril de 2022 se llev\u00f3 a cabo una evaluaci\u00f3n y se program\u00f3 una visita para noviembre de ese a\u00f1o,<strong>\u00a0la cual fue pospuesta hasta febrero de 2023<\/strong>. Al final,\u00a0<strong>esa visita se cancel\u00f3 de \u00faltimo momento<\/strong>\u00a0y fue hasta finales de octubre de este a\u00f1o que integrantes del mecanismo acudieron a Manantl\u00e1n.<\/p>\n<h3><strong>Una visita tard\u00eda que no dio seguridad<\/strong><\/h3>\n<p>Treinta y ocho d\u00edas antes de la desaparici\u00f3n forzada y asesinato de Higinio Trinidad, a finales de octubre, en el barrio de La Chinera, frente al pante\u00f3n del poblado de Telcruz, una veintena de habitantes de la regi\u00f3n se reuni\u00f3 con representantes del mecanismo de protecci\u00f3n.<\/p>\n<p>Despu\u00e9s de varios meses de espera y m\u00faltiples peticiones para que acudiera una comitiva del mecanismo, Ricardo Luviano Chino y Diana Karina Serrano, integrantes de la Unidad de Evaluaci\u00f3n de Riesgos de la Secretar\u00eda de Gobernaci\u00f3n, visitaron la zona para hacer la \u201cre evaluaci\u00f3n de la seguridad\u201d y documentar los\u00a0<strong>ataques, amenazas y desplazamientos a consecuencia de la defensa del territorio<\/strong>\u00a0y el ambiente ocurridos en los \u00faltimos 18 meses en la Sierra de Manantl\u00e1n.<\/p>\n<p>Bajo una palapa con un fog\u00f3n de adobe del que sal\u00eda humo de los \u00faltimos trozos de le\u00f1a que fueron prendidos horas antes, los pobladores de Manantl\u00e1n esperaron su turno para pasar, uno a uno, con alguno de los visitadores del mecanismo que levantaron las encuestas de seguridad y anotaron cada uno de los detalles narrados.<\/p>\n<p><strong>\u201c<\/strong>Aqu\u00ed estamos solos completamente, entre puro malandro, donde quiera tienen halcones, ahorita uno pensar\u00eda que estamos solos pero no, nos est\u00e1n escuchando, aqu\u00ed andan y varios se acercaron.\u00a0<strong>Nosotros despu\u00e9s de esto (la visita del Mecanismo) nos vamos con miedo (a sus poblados) porque ya sabemos c\u00f3mo se maneja aqu\u00ed.<\/strong>\u00a0A muchos los han levantado en los caminos; a todos nos conocen y todos estamos amenazados\u201d, relat\u00f3 uno de los hombres incorporados al mecanismo que acudi\u00f3 a la cita y que, por seguridad, se resguarda su identidad.<\/p>\n<p>\u201cVan a ser tres a\u00f1os de estar amenazados, desde que mataron a Santos durante la campa\u00f1a, y seguimos adelante siempre.<strong>\u00a0Uno piensa que ya nos van a proteger y va a parar todo<\/strong>, pero aqu\u00ed nos dicen que tienen varios en la lista para que nos levanten, somos varios que estamos expuestos por defender aqu\u00ed\u201d, dijo otro defensor del territorio y abierto opositor a la miner\u00eda en la regi\u00f3n.<\/p>\n<p>Las amenazas, ataques, vigilancia y rondines de hombres encapuchados y fuertemente armados\u00a0<strong>han sido sistem\u00e1ticas en esa zona rica en minerales como el hierro<\/strong>\u00a0y en donde tambi\u00e9n se encuentra la Reserva de la Bi\u00f3sfera Sierra de Manantl\u00e1n.<\/p>\n<p>\u201cEs un contexto complicado, es\u00a0<strong>una zona complicada de dif\u00edcil acceso<\/strong>, en donde tambi\u00e9n la seguridad o la protecci\u00f3n se ve dificultada para poder asistir o llegar a esos sitios\u201d, se\u00f1al\u00f3 Ricardo Luviano Chino, subdirector del \u00e1rea de An\u00e1lisis de Riesgo, tras el levantamiento de testimonios en el poblado de Telcruz.<\/p>\n<p>Luviano Chino explic\u00f3 que las entrevistas se realizaron tanto a personas beneficiarias del mecanismo como a miembros de la comunidad que a\u00fan no ingresan, pero que solicitaron ser escuchados para su posible incorporaci\u00f3n al plan de seguridad.<\/p>\n<p>Durante las entrevistas, los se\u00f1alamientos constantes fueron en torno a la violencia y amenazas generadas a ra\u00edz de la defensa del territorio y el ambiente, as\u00ed como\u00a0<strong>la postura en contra de la miner\u00eda<\/strong>. Fueron reiterativos los se\u00f1alamientos sobre la falta de acceso a la seguridad y de autoridades confiables.<\/p>\n<p>Luviano Chino se\u00f1al\u00f3 que<strong>\u00a0la situaci\u00f3n que se registra en la Sierra de Manantl\u00e1n no es distinta a lo que sucede en otras zonas de M\u00e9xico<\/strong>, donde defensores de derechos humanos est\u00e1n siendo agredidos y el contexto general es adverso.<\/p>\n<p>\u201cAfortunadamente, las personas que est\u00e1n incorporadas dentro de este mecanismo, sobre todo personas defensoras del medio ambiente, no tenemos registro de tantas agresiones fuertes. S\u00ed tenemos registro de amenazas fuertes, de situaciones en donde hemos actuado junto con el gobierno de cada entidad, en dar protecci\u00f3n a las personas. Entonces, s\u00ed es muy complicado y el contexto es adverso, pero se est\u00e1 trabajando, sobre todo en reuniones, tambi\u00e9n medidas pol\u00edticas tanto con el gobierno como algunas otras instituciones que puedan dar apoyo\u201d, se\u00f1al\u00f3 Luviano Chino.<\/p>\n<p>Las acciones y actuaciones de las que habl\u00f3 entonces el representante del mecanismo no sirvieron para evitar la desaparici\u00f3n y asesinato de Higinio Trinidad de la Cruz.<\/p>\n<p>Tras las entrevistas y escucha de los incidentes ocurridos en los \u00faltimos 18 meses \u2014tiempo transcurrido desde la \u00faltima evaluaci\u00f3n\u2014, los integrantes del mecanismo tuvieron que identificar el nivel de riesgo en el que podr\u00edan encontrarse las personas de la comunidad, as\u00ed como crear un plan de protecci\u00f3n y determinar si continuaban las mismas medidas de protecci\u00f3n que entonces ten\u00eda\u00a0 la comunidad.<\/p>\n<p>La Junta de Gobierno del mecanismo ten\u00eda planificado realizar el an\u00e1lisis el 30 de noviembre, pero como no pod\u00edan asistir algunos miembros de la comunidad, ya que iban a estar en audiencias por el homicidio de Rogelio Rosales Ramos (ocurrido en 2020), hijo de\u00a0 un activo defensor de la regi\u00f3n, la discusi\u00f3n del caso se pospuso para diciembre o enero de 2024.<\/p>\n<p>Para este texto se solicit\u00f3 entrevista con alg\u00fan representante del Mecanismo de Protecci\u00f3n para Personas Defensoras de Derechos Humanos y Periodistas, pero no se tuvo respuesta.<\/p>\n<h3><strong>Despu\u00e9s de la visita, m\u00e1s amenazas<\/strong><\/h3>\n<p>Los d\u00edas siguientes a la visita de los evaluadores del mecanismo a la Sierra de Manantl\u00e1n, miembros de la comunidad reportaron persecuciones y vigilancia de personas encapuchadas y armadas que circulaban en camionetas y motocicletas. En v\u00eddeos y fotograf\u00edas a los que est\u00e1 reportera tuvo acceso, se puede observar c\u00f3mo al pasar por las viviendas de los defensores, ubicadas en distintos poblados que est\u00e1n dentro del Ejido de Ayotitl\u00e1n, los veh\u00edculos bajan la velocidad y observan detenidamente al interior de las casas. En algunos casos,\u00a0<strong>los sujetos han permanecido afuera de las viviendas<\/strong>\u00a0por varios minutos.<\/p>\n<p>Uno de los defensores que report\u00f3 rondines de personas armadas cerca de su vivienda fue Higinio Trinidad de la Cruz. El hostigamiento y amenazas que sufri\u00f3 por a\u00f1os, se cumplieron la ma\u00f1ana del 24 de noviembre cuando entr\u00f3 al edificio del ayuntamiento de Cuautitl\u00e1n de Garc\u00eda Barrag\u00e1n para reunirse con el presidente municipal, Jes\u00fas Delgado Camberos, quien la noche anterior, a trav\u00e9s de un mensaje, lo cit\u00f3 en el recinto.<\/p>\n<p>La organizaci\u00f3n Tsikini ha recabado testimonios de personas que estaban en el lugar y que se\u00f1alan que<strong>\u00a0gente armada y encapuchada sac\u00f3 a Higinio Trinidad de la Cruz del edificio de la presidencia<\/strong>\u00a0por una puerta trasera.<\/p>\n<p>La ma\u00f1ana del s\u00e1bado, alrededor de las 10 horas, un cuerpo sin vida fue localizado en una brecha junto al r\u00edo en la localidad de Las Mar\u00edas. A la 1:36 de la tarde se confirm\u00f3 que era Higinio Trinidad de la Cruz.<\/p>\n<p>Personal del Mecanismo de Protecci\u00f3n y elementos de Guardia Nacional acudieron a la zona para verificar los hechos, apoyar en los tr\u00e1mites e iniciar una evaluaci\u00f3n de seguridad para el resguardo de la familia del defensor.<\/p>\n<p>Tras darse a conocer la desaparici\u00f3n forzada y el asesinato del defensor, el Alto Comisionado de la ONU para los derechos humanos se pronunci\u00f3 a trav\u00e9s de sus cuentas oficiales de\u00a0<a href=\"https:\/\/twitter.com\/ONUDHmexico\/status\/1728877431803785702?t=D2TJW6bs1Rs8tYyJN-8clg&amp;s=19\">redes sociales<\/a>: \u201cEl defensor ind\u00edgena hab\u00eda sufrido distintos incidentes previamente y era beneficiario de medidas de protecci\u00f3n. Hacemos un llamado a las autoridades de los tres niveles a adoptar las medidas necesarias para garantizar la seguridad de quienes defienden los derechos humanos en esa regi\u00f3n. Destacamos la necesidad de una investigaci\u00f3n pronta y efectiva que permita sancionar a los responsables\u201d.<\/p>\n<p>Mientras que la organizaci\u00f3n Tsikini exigi\u00f3 el esclarecimiento del homicidio, que la Fiscal\u00eda General de la Rep\u00fablica atraiga el caso, que se incluya como l\u00ednea de investigaci\u00f3n la participaci\u00f3n del presidente municipal de Cuautitl\u00e1n de Garc\u00eda Barrag\u00e1n y este sea separado del cargo; el desarme de la polic\u00eda municipal y la instalaci\u00f3n de la una base de la Guardia Nacional en la zona as\u00ed como mayor patrullaje.<\/p>\n<p>Para este reportaje se llam\u00f3 al ayuntamiento de Cuautitl\u00e1n de Garc\u00eda Barrag\u00e1n para solicitar una entrevista con el alcalde, pero no se tuvo respuesta.<\/p>\n<p>En entrevista para una\u00a0<a href=\"https:\/\/www.tvazteca.com\/aztecanoticias\/higinio-trinidad-de-la-cruz-activista-muerto-desaparecido-jalisco\">televisora<\/a>, el alcalde Jes\u00fas Delgado Camberos se refiri\u00f3 al homicidio como un hecho preocupante y evit\u00f3 hablar de los se\u00f1alamientos directos en torno a que fue \u00e9l quien cit\u00f3 en palacio municipal al defensor antes de su desaparici\u00f3n.<\/p>\n<p>\u201cEs una situaci\u00f3n indignante y preocupante \u2014dijo\u2014 porque creo que habla de una situaci\u00f3n complicada. Haremos lo que est\u00e9 en nuestra parte y de la mano en lo que nosotros podamos cooperar y participar con la Fiscal\u00eda; estaremos atentos\u201d.<\/p>\n<p><strong><em>* Este reportaje es parte del proyecto period\u00edstico Defensores desaparecidos realizado por<\/em><\/strong><a href=\"https:\/\/es.mongabay.com\/\"><strong><em>\u00a0Mongabay Latam<\/em><\/strong><\/a><strong><em>,<\/em><\/strong><a href=\"https:\/\/quintoelab.org\/\"><strong><em>\u00a0Quinto Elemento Lab<\/em><\/strong><\/a><strong><em>\u00a0y<\/em><\/strong><a href=\"https:\/\/adondevanlosdesaparecidos.org\/\"><strong><em>\u00a0A d\u00f3nde van los desaparecidos<\/em><\/strong><\/a><strong><em>.<\/em><\/strong><\/p>\n<p><a href=\"https:\/\/www.zonadocs.mx\/2023\/11\/30\/higinio-trinidad-de-la-cruz-defensor-ambiental-de-la-sierra-de-manantlan-es-asesinado-pese-a-estar-bajo-el-mecanismo-de-proteccion-para-personas-defensoras\/\">https:\/\/www.zonadocs.mx\/2023\/11\/30\/higinio-trinidad-de-la-cruz-defensor-ambiental-de-la-sierra-de-manantlan-es-asesinado-pese-a-estar-bajo-el-mecanismo-de-proteccion-para-personas-defensoras\/<\/a><\/p>\n<p>&nbsp;<\/p>\n<p>&nbsp;<\/p>\n","protected":false},"excerpt":{"rendered":"<p>Foto: Cortes\u00eda * El 24 de noviembre, a Higinio Trinidad de la Cruz lo desaparecieron despu\u00e9s de acudir a una cita en las oficinas de la presidencia municipal de Cuautitl\u00e1n &hellip; <a href=\"http:\/\/www.grieta.org.mx\/index.php\/2023\/11\/30\/higinio-trinidad-de-la-cruz-defensor-ambiental-de-la-sierra-de-manantlan-es-asesinado-pese-a-estar-bajo-el-mecanismo-de-proteccion-para-personas-defensoras-jalisco\/\" class=\"more-link\">Leer m\u00e1s<\/a><\/p>\n","protected":false},"author":2,"featured_media":68275,"comment_status":"closed","ping_status":"closed","sticky":false,"template":"","format":"standard","meta":{"ngg_post_thumbnail":0,"_jetpack_newsletter_access":"","_jetpack_dont_email_post_to_subs":false,"_jetpack_newsletter_tier_id":0,"_jetpack_memberships_contains_paywalled_content":false,"_jetpack_memberships_contains_paid_content":false,"footnotes":""},"categories":[1721,80,2280,2993,1278,20,2,83],"tags":[4005,2140,459,2216,628,1315,3589],"class_list":["post-68274","post","type-post","status-publish","format-standard","has-post-thumbnail","hentry","category-asesinato-de-lideres-indigenas-en-jalisco","category-cintillo","category-conflictos-ambientales-en-jalisco","category-conflictos-mineros-en-jalisco","category-despojo-de-tierras-y-territorios","category-jalisco","category-noticias-nacionales","category-temas-nacionales","tag-agresiones-a-defensores-y-activistas","tag-asesinato-de-activistas","tag-ataques-a-defensores-ambientales","tag-conflictos-por-mineria","tag-defensa-del-territorio","tag-mine","tag-minera-pena-colorada","entry"],"jetpack_featured_media_url":"http:\/\/www.grieta.org.mx\/wp-content\/uploads\/2023\/12\/Captura-de-Pantalla-2023-11-30-a-las-11.19.06.png","jetpack_sharing_enabled":true,"jetpack_shortlink":"https:\/\/wp.me\/p7ZJR4-hLc","jetpack_likes_enabled":false,"jetpack-related-posts":[{"id":20099,"url":"http:\/\/www.grieta.org.mx\/index.php\/2016\/08\/17\/conflictos-ambientales-y-sociales-por-proyectos-turisticos-en-jalisco\/","url_meta":{"origin":68274,"position":0},"title":"Conflictos ambientales y sociales por proyectos tur\u00edsticos en Jalisco","author":"grieta","date":"17 agosto, 2016","format":false,"excerpt":"Proyecto tur\u00edstico Vistas en Chalacatepec, Tomatl\u00e1n 17\/08\/16. Buscan impugnar nombramiento de mesa directiva que dio terreno para construir hotelNotisistemas 17\/08\/16. Da Semarnat lez verde a Chalacatepec; proyecto durar\u00e1 20 a\u00f1osQuadratin Jalisco Proyectos tur\u00edsticos e inmobiliarios financiados por el gobierno de Jalisco con las pensiones de sus bur\u00f3cratas 24\/05\/16. Jalisco invierte\u2026","rel":"","context":"En &quot;\u00c1reas naturales protegidas&quot;","block_context":{"text":"\u00c1reas naturales protegidas","link":"http:\/\/www.grieta.org.mx\/index.php\/category\/megaproyectos\/areas-naturales-protegidas\/"},"img":{"alt_text":"","src":"https:\/\/i0.wp.com\/www.grieta.org.mx\/wp-content\/uploads\/2018\/03\/14524434_1106112876131411_958039263622046936_o.jpg?resize=350%2C200","width":350,"height":200,"srcset":"https:\/\/i0.wp.com\/www.grieta.org.mx\/wp-content\/uploads\/2018\/03\/14524434_1106112876131411_958039263622046936_o.jpg?resize=350%2C200 1x, https:\/\/i0.wp.com\/www.grieta.org.mx\/wp-content\/uploads\/2018\/03\/14524434_1106112876131411_958039263622046936_o.jpg?resize=525%2C300 1.5x, https:\/\/i0.wp.com\/www.grieta.org.mx\/wp-content\/uploads\/2018\/03\/14524434_1106112876131411_958039263622046936_o.jpg?resize=700%2C400 2x"},"classes":[]},{"id":65942,"url":"http:\/\/www.grieta.org.mx\/index.php\/2022\/12\/07\/organizaciones-exigen-frenar-el-hostigamiento-judicial-hacia-defensores-del-nixticuil-jalisco\/","url_meta":{"origin":68274,"position":1},"title":"Organizaciones exigen frenar el hostigamiento judicial hacia defensores del Nixticuil (Jalisco)","author":"grieta","date":"7 diciembre, 2022","format":false,"excerpt":"Imagen: Cortes\u00eda Lauro Rodr\u00edguez \/ El Diario NTR De nueva cuenta, defensores del bosque El Nixticuil son blanco de hostigamiento judicial, acusaron organizaciones civiles que respaldan a los activistas. De acuerdo con un comunicado firmado por la Red TDT, el Centro de Justicia para la Paz y el Desarrollo (Cepad),\u2026","rel":"","context":"En &quot;CINTILLO&quot;","block_context":{"text":"CINTILLO","link":"http:\/\/www.grieta.org.mx\/index.php\/category\/cintillo\/"},"img":{"alt_text":"","src":"https:\/\/i0.wp.com\/www.grieta.org.mx\/wp-content\/uploads\/2022\/12\/2022-12-07_05-12-14___8829.jpg?resize=350%2C200","width":350,"height":200,"srcset":"https:\/\/i0.wp.com\/www.grieta.org.mx\/wp-content\/uploads\/2022\/12\/2022-12-07_05-12-14___8829.jpg?resize=350%2C200 1x, https:\/\/i0.wp.com\/www.grieta.org.mx\/wp-content\/uploads\/2022\/12\/2022-12-07_05-12-14___8829.jpg?resize=525%2C300 1.5x, https:\/\/i0.wp.com\/www.grieta.org.mx\/wp-content\/uploads\/2022\/12\/2022-12-07_05-12-14___8829.jpg?resize=700%2C400 2x"},"classes":[]},{"id":63435,"url":"http:\/\/www.grieta.org.mx\/index.php\/2022\/02\/09\/activistas-de-jalisco-denuncian-amenazas\/","url_meta":{"origin":68274,"position":2},"title":"Activistas de Jalisco denuncian amenazas","author":"grieta","date":"9 febrero, 2022","format":false,"excerpt":"Foto: Especial Juan Levario \/ El Diario NTR El asesinato de la abogada y activista Ver\u00f3nica Guerrero, ocurrido el 3 de febrero en Tonal\u00e1, provoc\u00f3 temor entre miembros de la sociedad civil organizada, pues al igual que ella han recibido amenazas. Adem\u00e1s, ven indolencia y complicidad del gobierno de Jalisco.\u2026","rel":"","context":"En &quot;Amenazas contra activistas en Jalisco&quot;","block_context":{"text":"Amenazas contra activistas en Jalisco","link":"http:\/\/www.grieta.org.mx\/index.php\/category\/noticias-nacionales\/jalisco\/amenazas-contra-activistas-en-jalisco\/"},"img":{"alt_text":"","src":"https:\/\/i0.wp.com\/www.grieta.org.mx\/wp-content\/uploads\/2022\/02\/2022-02-08_11-02-18___5909.jpg?resize=350%2C200","width":350,"height":200,"srcset":"https:\/\/i0.wp.com\/www.grieta.org.mx\/wp-content\/uploads\/2022\/02\/2022-02-08_11-02-18___5909.jpg?resize=350%2C200 1x, https:\/\/i0.wp.com\/www.grieta.org.mx\/wp-content\/uploads\/2022\/02\/2022-02-08_11-02-18___5909.jpg?resize=525%2C300 1.5x, https:\/\/i0.wp.com\/www.grieta.org.mx\/wp-content\/uploads\/2022\/02\/2022-02-08_11-02-18___5909.jpg?resize=700%2C400 2x"},"classes":[]},{"id":62787,"url":"http:\/\/www.grieta.org.mx\/index.php\/2021\/12\/02\/colectivos-y-organizaciones-de-tonala-exigen-seguridad-tras-agresion-a-defensor-del-medio-ambiente-jalisco\/","url_meta":{"origin":68274,"position":3},"title":"Colectivos y organizaciones de Tonal\u00e1 exigen seguridad tras agresi\u00f3n a defensor del medio ambiente (Jalisco)","author":"grieta","date":"2 diciembre, 2021","format":false,"excerpt":"Foto: Zona Docs El pasado 23 de noviembre, Jes\u00fas Sa\u00fal Casta\u00f1eda, miembro del Colectivo Foco Tonal, sufri\u00f3 un atentado en su casa del cual, afortunadamente sali\u00f3 ileso; por ello, diversos colectivos y personadas relacionados con la lucha ambiental em Tonal\u00e1 exigieron al Gobierno de Jalisco un alto a las agresiones\u2026","rel":"","context":"En &quot;Amenazas contra activistas en Jalisco&quot;","block_context":{"text":"Amenazas contra activistas en Jalisco","link":"http:\/\/www.grieta.org.mx\/index.php\/category\/noticias-nacionales\/jalisco\/amenazas-contra-activistas-en-jalisco\/"},"img":{"alt_text":"","src":"https:\/\/i0.wp.com\/www.grieta.org.mx\/wp-content\/uploads\/2021\/12\/Unknown-12-1068x801-1.jpeg?resize=350%2C200","width":350,"height":200,"srcset":"https:\/\/i0.wp.com\/www.grieta.org.mx\/wp-content\/uploads\/2021\/12\/Unknown-12-1068x801-1.jpeg?resize=350%2C200 1x, https:\/\/i0.wp.com\/www.grieta.org.mx\/wp-content\/uploads\/2021\/12\/Unknown-12-1068x801-1.jpeg?resize=525%2C300 1.5x, https:\/\/i0.wp.com\/www.grieta.org.mx\/wp-content\/uploads\/2021\/12\/Unknown-12-1068x801-1.jpeg?resize=700%2C400 2x, https:\/\/i0.wp.com\/www.grieta.org.mx\/wp-content\/uploads\/2021\/12\/Unknown-12-1068x801-1.jpeg?resize=1050%2C600 3x"},"classes":[]},{"id":63359,"url":"http:\/\/www.grieta.org.mx\/index.php\/2022\/02\/06\/asesinato-de-activista-y-abogada-veronica-guerrero-en-tonala-demuestra-el-clima-de-hostilidad-hacia-el-trabajo-de-defensa-de-derechos-medioambientales-en-jalisco\/","url_meta":{"origin":68274,"position":4},"title":"Asesinato de activista y abogada Ver\u00f3nica Guerrero en Tonal\u00e1 demuestra el clima de hostilidad hacia el trabajo de defensa de derechos medioambientales en Jalisco","author":"grieta","date":"6 febrero, 2022","format":false,"excerpt":"Foto: Jos\u00e9 Carlos Toral, L\u00edder Informativo. La tarde del jueves 3 de febrero la abogada Ver\u00f3nica Guerrero fue asesinada cuando se encontraba dentro de su veh\u00edculo en la colonia Mirador del municipio de Tonal\u00e1, Jalisco. Guerrero hab\u00eda trabajado activamente en el colectivo vecinal de la colonia Urbi Quinta para denunciar\u2026","rel":"","context":"En &quot;Amenazas contra activistas en Jalisco&quot;","block_context":{"text":"Amenazas contra activistas en Jalisco","link":"http:\/\/www.grieta.org.mx\/index.php\/category\/noticias-nacionales\/jalisco\/amenazas-contra-activistas-en-jalisco\/"},"img":{"alt_text":"","src":"https:\/\/i0.wp.com\/www.grieta.org.mx\/wp-content\/uploads\/2022\/02\/FKyMTd1WQAInXsi.jpg?resize=350%2C200","width":350,"height":200,"srcset":"https:\/\/i0.wp.com\/www.grieta.org.mx\/wp-content\/uploads\/2022\/02\/FKyMTd1WQAInXsi.jpg?resize=350%2C200 1x, https:\/\/i0.wp.com\/www.grieta.org.mx\/wp-content\/uploads\/2022\/02\/FKyMTd1WQAInXsi.jpg?resize=525%2C300 1.5x, https:\/\/i0.wp.com\/www.grieta.org.mx\/wp-content\/uploads\/2022\/02\/FKyMTd1WQAInXsi.jpg?resize=700%2C400 2x"},"classes":[]},{"id":5431,"url":"http:\/\/www.grieta.org.mx\/index.php\/2016\/09\/07\/conflictos-laborales-en-jalisco\/","url_meta":{"origin":68274,"position":5},"title":"Conflictos laborales de trabajadores del estado en Jalisco","author":"grieta","date":"7 septiembre, 2016","format":false,"excerpt":"07\/09\/16. Bur\u00f3cratas se manifiestan; piden restituir dinero a IpejalUni\u00f3n Jalisco 06\/07\/16. Trabajadores exigen aumento de salarioNtr Guadalajara 07\/06\/16. Exigen trabajadores dinero de sus pensionesNtr Guadalajara 24\/05\/16. Jalisco invierte dinero de sus bur\u00f3cratas en desarrollos hotelerosEl Financiero 20\/02\/16. Trabajadores de Cruz Roja Guadalajara exigen prestaciones m\u00e9dicas P\u00e1gina 24 29\/01\/16. Trabajadores del\u2026","rel":"","context":"En &quot;CINTILLO&quot;","block_context":{"text":"CINTILLO","link":"http:\/\/www.grieta.org.mx\/index.php\/category\/cintillo\/"},"img":{"alt_text":"","src":"https:\/\/i0.wp.com\/www.grieta.org.mx\/wp-content\/uploads\/2018\/03\/14524434_1106112876131411_958039263622046936_o.jpg?resize=350%2C200","width":350,"height":200,"srcset":"https:\/\/i0.wp.com\/www.grieta.org.mx\/wp-content\/uploads\/2018\/03\/14524434_1106112876131411_958039263622046936_o.jpg?resize=350%2C200 1x, https:\/\/i0.wp.com\/www.grieta.org.mx\/wp-content\/uploads\/2018\/03\/14524434_1106112876131411_958039263622046936_o.jpg?resize=525%2C300 1.5x, https:\/\/i0.wp.com\/www.grieta.org.mx\/wp-content\/uploads\/2018\/03\/14524434_1106112876131411_958039263622046936_o.jpg?resize=700%2C400 2x"},"classes":[]}],"_links":{"self":[{"href":"http:\/\/www.grieta.org.mx\/index.php\/wp-json\/wp\/v2\/posts\/68274","targetHints":{"allow":["GET"]}}],"collection":[{"href":"http:\/\/www.grieta.org.mx\/index.php\/wp-json\/wp\/v2\/posts"}],"about":[{"href":"http:\/\/www.grieta.org.mx\/index.php\/wp-json\/wp\/v2\/types\/post"}],"author":[{"embeddable":true,"href":"http:\/\/www.grieta.org.mx\/index.php\/wp-json\/wp\/v2\/users\/2"}],"replies":[{"embeddable":true,"href":"http:\/\/www.grieta.org.mx\/index.php\/wp-json\/wp\/v2\/comments?post=68274"}],"version-history":[{"count":1,"href":"http:\/\/www.grieta.org.mx\/index.php\/wp-json\/wp\/v2\/posts\/68274\/revisions"}],"predecessor-version":[{"id":68276,"href":"http:\/\/www.grieta.org.mx\/index.php\/wp-json\/wp\/v2\/posts\/68274\/revisions\/68276"}],"wp:featuredmedia":[{"embeddable":true,"href":"http:\/\/www.grieta.org.mx\/index.php\/wp-json\/wp\/v2\/media\/68275"}],"wp:attachment":[{"href":"http:\/\/www.grieta.org.mx\/index.php\/wp-json\/wp\/v2\/media?parent=68274"}],"wp:term":[{"taxonomy":"category","embeddable":true,"href":"http:\/\/www.grieta.org.mx\/index.php\/wp-json\/wp\/v2\/categories?post=68274"},{"taxonomy":"post_tag","embeddable":true,"href":"http:\/\/www.grieta.org.mx\/index.php\/wp-json\/wp\/v2\/tags?post=68274"}],"curies":[{"name":"wp","href":"https:\/\/api.w.org\/{rel}","templated":true}]}}