{"id":68150,"date":"2023-11-09T17:40:30","date_gmt":"2023-11-09T23:40:30","guid":{"rendered":"https:\/\/www.grieta.org.mx\/?p=68150"},"modified":"2023-11-20T18:00:51","modified_gmt":"2023-11-21T00:00:51","slug":"persiste-la-exigencia-de-justicia-a-tres-anos-del-9n-de-cancun-no-hay-ningun-detenido-por-la-represion-a-balazos-frente-al-palacio-municipal-quintana-roo","status":"publish","type":"post","link":"http:\/\/www.grieta.org.mx\/index.php\/2023\/11\/09\/persiste-la-exigencia-de-justicia-a-tres-anos-del-9n-de-cancun-no-hay-ningun-detenido-por-la-represion-a-balazos-frente-al-palacio-municipal-quintana-roo\/","title":{"rendered":"Persiste la exigencia de justicia a tres a\u00f1os del 9N de Canc\u00fan: No hay ning\u00fan detenido por la represi\u00f3n a balazos frente al Palacio Municipal (Quintana Roo)"},"content":{"rendered":"<p>Noticaribe<br \/>\nCANC\u00daN, MX.- Esta noche, un grupo de ciudadanos se congreg\u00f3 para conmemorar los tres a\u00f1os de la represi\u00f3n a balazos de una manifestaci\u00f3n afuera del Palacio Municipal, el 9 de noviembre de 2020, incidente conocido como 9N. All\u00ed, el llamado Comit\u00e9 de V\u00edctimas lament\u00f3 la falta de justicia, toda vez que los 11 polic\u00edas que llegaron a ser acusados gozan de libertad.<\/p>\n<p>Durante el evento, se destac\u00f3 el acompa\u00f1amiento de representantes de organismos internacionales como la ONU y Art\u00edculo 19, quienes aprovecharon la ocasi\u00f3n para concientizar sobre la libertad de asamblea, expresi\u00f3n y manifestaci\u00f3n, derechos que consideran fueron vulnerados en este caso.<\/p>\n<p>\u201cLa intenci\u00f3n del Comit\u00e9 es seguir impulsando que se siga ejerciendo la libre manifestaci\u00f3n porque ese es el derecho que nosotros trataron de quitarnos: el libre derecho a manifestarnos y, por supuesto, a la expresi\u00f3n y la labor period\u00edstica\u201d, afirm\u00f3 Juli\u00e1n Ram\u00edrez Olivares, l\u00edder del Comit\u00e9 de V\u00edctimas del 9N.<\/p>\n<p>\u201cLos 11 polic\u00edas que fueron denunciados por perseguir a los manifestantes y disparar sus armas de fuego directamente contra tres personas est\u00e1n libres; solo dos polic\u00edas tienen abierto un proceso, por robo de celulares\u201d, afirm\u00f3.<\/p>\n<p>Aunque se esperaba que a las 8 de la noche, los manifestantes se movilizaran hacia las instalaciones de la Fiscal\u00eda General del Estado, el evento se prolong\u00f3 con distintas participaciones y hasta espect\u00e1culos art\u00edsticos.<\/p>\n<p>Agentes de Tr\u00e1nsito se mantuvieron en espera, para cerrar calles en caso de concretizarse esta marcha.<\/p>\n<p>Realizan marcha pac\u00edfica del 9N hacia la Fiscal\u00eda General del Estado en Canc\u00fan<\/p>\n<p>Despu\u00e9s de un espect\u00e1culo art\u00edstico y una ceremonia de fuego, la manifestaci\u00f3n del Comit\u00e9 de V\u00edctimas del 9N, a tres a\u00f1os de aquella represi\u00f3n policiaca, concluy\u00f3 con una marcha hacia la sede de la Fiscal\u00eda General del Estado.<\/p>\n<p>Esta marcha pac\u00edfica inici\u00f3 a las 9:20 de la noche con alrededor de 60 personas de diversas organizaciones, incluyendo representantes de la ONU y Art\u00edculo 19.<\/p>\n<p>El contingente avanz\u00f3 desde el Palacio Municipal, para pasar por la Glorieta El Ceviche, luego a la representaci\u00f3n del Congreso del Estado, seguido de la representaci\u00f3n de Derechos Humanos, despu\u00e9s a la Secretar\u00eda de Seguridad Ciudadana y finalmente a las instalaciones de la Fiscal\u00eda General del Estado.<\/p>\n<p>Al llegar a su destino, pronunciaron discursos en contra de la falta de justicia por estos hechos y acusaron a Marco Euan Toh, ex presidente de la Comisi\u00f3n de Derechos Humanos del Estado de Quintana Roo de proteger a los involucrados. (Agencia SIM)<\/p>\n<p><a href=\"https:\/\/noticaribe.com.mx\/2023\/11\/09\/persiste-la-exigencia-de-justicia-a-tres-anos-del-9n-de-cancun-no-hay-ningun-detenido-por-la-represion-a-balazos-frente-al-palacio-municipal\/\" rel=\"noopener\" target=\"_blank\">https:\/\/noticaribe.com.mx\/2023\/11\/09\/persiste-la-exigencia-de-justicia-a-tres-anos-del-9n-de-cancun-no-hay-ningun-detenido-por-la-represion-a-balazos-frente-al-palacio-municipal\/<\/a><\/p>\n","protected":false},"excerpt":{"rendered":"<p>Noticaribe CANC\u00daN, MX.- Esta noche, un grupo de ciudadanos se congreg\u00f3 para conmemorar los tres a\u00f1os de la represi\u00f3n a balazos de una manifestaci\u00f3n afuera del Palacio Municipal, el 9 &hellip; <a href=\"http:\/\/www.grieta.org.mx\/index.php\/2023\/11\/09\/persiste-la-exigencia-de-justicia-a-tres-anos-del-9n-de-cancun-no-hay-ningun-detenido-por-la-represion-a-balazos-frente-al-palacio-municipal-quintana-roo\/\" class=\"more-link\">Leer m\u00e1s<\/a><\/p>\n","protected":false},"author":2,"featured_media":68151,"comment_status":"closed","ping_status":"closed","sticky":false,"template":"","format":"standard","meta":{"ngg_post_thumbnail":0,"_jetpack_newsletter_access":"","_jetpack_dont_email_post_to_subs":false,"_jetpack_newsletter_tier_id":0,"_jetpack_memberships_contains_paywalled_content":false,"_jetpack_memberships_contains_paid_content":false,"footnotes":""},"categories":[2809,80,2,28],"tags":[3220],"class_list":["post-68150","post","type-post","status-publish","format-standard","has-post-thumbnail","hentry","category-abuso-policiaco-en-quintana-roo","category-cintillo","category-noticias-nacionales","category-quintana-roo","tag-falta-de-justicia","entry"],"jetpack_featured_media_url":"http:\/\/www.grieta.org.mx\/wp-content\/uploads\/2023\/11\/9N-e1700524705321.jpg","jetpack_sharing_enabled":true,"jetpack_shortlink":"https:\/\/wp.me\/p7ZJR4-hJc","jetpack_likes_enabled":false,"jetpack-related-posts":[{"id":65720,"url":"http:\/\/www.grieta.org.mx\/index.php\/2022\/11\/17\/la-represion-del-9n-en-cancun-una-herida-que-no-se-cura-quintana-roo\/","url_meta":{"origin":68150,"position":0},"title":"La represi\u00f3n del 9N en Canc\u00fan, una herida que no se cura (Quintana Roo)","author":"grieta","date":"17 noviembre, 2022","format":false,"excerpt":"Octavio Mart\u00ednez \/ Revista Proceso A dos a\u00f1os de la agresi\u00f3n policial armada cometida contra manifestantes y periodistas en la explanada del palacio municipal de Benito Ju\u00e1rez, s\u00f3lo una agente de polic\u00eda se encuentra detenida. Para las v\u00edctimas, la apuesta de la entonces alcaldesa y ahora gobernadora, Mara Lezama, es\u2026","rel":"","context":"En &quot;Abuso policiaco en Quintana Roo&quot;","block_context":{"text":"Abuso policiaco en Quintana Roo","link":"http:\/\/www.grieta.org.mx\/index.php\/category\/noticias-nacionales\/quintana-roo\/abuso-policiaco-en-quintana-roo\/"},"img":{"alt_text":"","src":"https:\/\/i0.wp.com\/www.grieta.org.mx\/wp-content\/uploads\/2022\/11\/Cancun9n-e1668953087965.jpg?resize=350%2C200","width":350,"height":200,"srcset":"https:\/\/i0.wp.com\/www.grieta.org.mx\/wp-content\/uploads\/2022\/11\/Cancun9n-e1668953087965.jpg?resize=350%2C200 1x, https:\/\/i0.wp.com\/www.grieta.org.mx\/wp-content\/uploads\/2022\/11\/Cancun9n-e1668953087965.jpg?resize=525%2C300 1.5x, https:\/\/i0.wp.com\/www.grieta.org.mx\/wp-content\/uploads\/2022\/11\/Cancun9n-e1668953087965.jpg?resize=700%2C400 2x"},"classes":[]},{"id":56198,"url":"http:\/\/www.grieta.org.mx\/index.php\/2021\/01\/09\/feministas-se-manifiestan-para-recordar-represion-policial-en-cancun\/","url_meta":{"origin":68150,"position":1},"title":"Feministas se manifiestan para recordar represi\u00f3n policial en Canc\u00fan","author":"grieta","date":"9 enero, 2021","format":false,"excerpt":"Alonso Cupul \/ MegaNews CANC\u00daN.- Nuevamente el Palacio Municipal de Benito Ju\u00e1rez y la Plaza de la Reforma, se convirtieron en el escenario de una manifestaci\u00f3n feminista para recordar la represi\u00f3n policial del pasado 9 de noviembre del 2020, cuando decenas de mujeres y hombres ped\u00edan justicia por los feminicidios.\u2026","rel":"","context":"En &quot;CINTILLO&quot;","block_context":{"text":"CINTILLO","link":"http:\/\/www.grieta.org.mx\/index.php\/category\/cintillo\/"},"img":{"alt_text":"","src":"https:\/\/i0.wp.com\/www.grieta.org.mx\/wp-content\/uploads\/2021\/01\/FeministasCancun.png?resize=350%2C200","width":350,"height":200,"srcset":"https:\/\/i0.wp.com\/www.grieta.org.mx\/wp-content\/uploads\/2021\/01\/FeministasCancun.png?resize=350%2C200 1x, https:\/\/i0.wp.com\/www.grieta.org.mx\/wp-content\/uploads\/2021\/01\/FeministasCancun.png?resize=525%2C300 1.5x, https:\/\/i0.wp.com\/www.grieta.org.mx\/wp-content\/uploads\/2021\/01\/FeministasCancun.png?resize=700%2C400 2x"},"classes":[]},{"id":56934,"url":"http:\/\/www.grieta.org.mx\/index.php\/2021\/02\/13\/a-tres-meses-del-9n-en-cancun-victimas-denuncian-impunidad\/","url_meta":{"origin":68150,"position":2},"title":"A tres meses del 9N en Canc\u00fan, v\u00edctimas denuncian impunidad","author":"grieta","date":"13 febrero, 2021","format":false,"excerpt":"Texto: Ricardo Hern\u00e1ndez Ruiz \/ Foto: Mar Andrea Aldana \/ Pie de P\u00e1gina Han pasado tres meses desde la represi\u00f3n a feministas en Canc\u00fan, Quintana Roo, que dej\u00f3 como saldo tres personas heridas de bala, abusos y detenciones arbitrarias. Las v\u00edctimas siguen sin atenci\u00f3n m\u00e9dica ni psicol\u00f3gica; el caso sigue\u2026","rel":"","context":"En &quot;Abuso policiaco en Quintana Roo&quot;","block_context":{"text":"Abuso policiaco en Quintana Roo","link":"http:\/\/www.grieta.org.mx\/index.php\/category\/noticias-nacionales\/quintana-roo\/abuso-policiaco-en-quintana-roo\/"},"img":{"alt_text":"","src":"https:\/\/i0.wp.com\/www.grieta.org.mx\/wp-content\/uploads\/2021\/02\/QuintanaRoo_ataque_mujer-e1613339086261.jpg?resize=350%2C200","width":350,"height":200,"srcset":"https:\/\/i0.wp.com\/www.grieta.org.mx\/wp-content\/uploads\/2021\/02\/QuintanaRoo_ataque_mujer-e1613339086261.jpg?resize=350%2C200 1x, https:\/\/i0.wp.com\/www.grieta.org.mx\/wp-content\/uploads\/2021\/02\/QuintanaRoo_ataque_mujer-e1613339086261.jpg?resize=525%2C300 1.5x, https:\/\/i0.wp.com\/www.grieta.org.mx\/wp-content\/uploads\/2021\/02\/QuintanaRoo_ataque_mujer-e1613339086261.jpg?resize=700%2C400 2x"},"classes":[]},{"id":67179,"url":"http:\/\/www.grieta.org.mx\/index.php\/2023\/07\/08\/policia-de-cancun-detiene-arbitrariamente-a-victima-de-ataque-armado-del-9n-quintana-roo\/","url_meta":{"origin":68150,"position":3},"title":"Polic\u00eda de Canc\u00fan detiene arbitrariamente a v\u00edctima de ataque armado del 9N (Quintana Roo)","author":"grieta","date":"8 julio, 2023","format":false,"excerpt":"Adriana Varillas \/ Estamos Aqu\u00ed Canc\u00fan, Q. Roo.- La noche del pasado cinco de julio, Juli\u00e1n Ram\u00edrez estaba bailando salsa en compa\u00f1\u00eda de una amiga, en Malec\u00f3n Tajamar, cuando fue detenido arbitrariamente por elementos de la Secretar\u00eda de Seguridad P\u00fablica del ayuntamiento de Benito Ju\u00e1rez, quienes se lo llevaron argumentando\u2026","rel":"","context":"En &quot;Abuso policiaco en Quintana Roo&quot;","block_context":{"text":"Abuso policiaco en Quintana Roo","link":"http:\/\/www.grieta.org.mx\/index.php\/category\/noticias-nacionales\/quintana-roo\/abuso-policiaco-en-quintana-roo\/"},"img":{"alt_text":"","src":"https:\/\/i0.wp.com\/www.grieta.org.mx\/wp-content\/uploads\/2023\/07\/9Na-e1689269930472.jpg?resize=350%2C200","width":350,"height":200,"srcset":"https:\/\/i0.wp.com\/www.grieta.org.mx\/wp-content\/uploads\/2023\/07\/9Na-e1689269930472.jpg?resize=350%2C200 1x, https:\/\/i0.wp.com\/www.grieta.org.mx\/wp-content\/uploads\/2023\/07\/9Na-e1689269930472.jpg?resize=525%2C300 1.5x, https:\/\/i0.wp.com\/www.grieta.org.mx\/wp-content\/uploads\/2023\/07\/9Na-e1689269930472.jpg?resize=700%2C400 2x"},"classes":[]},{"id":67072,"url":"http:\/\/www.grieta.org.mx\/index.php\/2023\/06\/09\/9n-cancun-tribunales-de-q-roo-buscan-suspender-el-caso-de-represion-contra-feministas\/","url_meta":{"origin":68150,"position":4},"title":"9N Canc\u00fan: Tribunales de Q.Roo buscan suspender el caso de represi\u00f3n contra feministas","author":"grieta","date":"9 junio, 2023","format":false,"excerpt":"Por Esto! El Comit\u00e9 de V\u00edctimas del 9N, denunci\u00f3 ayer que los Tribunales de Quintana Roo est\u00e1n buscando dar una suspensi\u00f3n condicional a su caso, por tercera ocasi\u00f3n, por lo que los polic\u00edas involucrados en la represi\u00f3n en la explanada del Ayuntamiento de Benito Ju\u00e1rez podr\u00edan salir libres en cualquier\u2026","rel":"","context":"En &quot;Abuso policiaco en Quintana Roo&quot;","block_context":{"text":"Abuso policiaco en Quintana Roo","link":"http:\/\/www.grieta.org.mx\/index.php\/category\/noticias-nacionales\/quintana-roo\/abuso-policiaco-en-quintana-roo\/"},"img":{"alt_text":"","src":"https:\/\/i0.wp.com\/www.grieta.org.mx\/wp-content\/uploads\/2023\/06\/9n-e1687545398698.jpg?resize=350%2C200","width":350,"height":200,"srcset":"https:\/\/i0.wp.com\/www.grieta.org.mx\/wp-content\/uploads\/2023\/06\/9n-e1687545398698.jpg?resize=350%2C200 1x, https:\/\/i0.wp.com\/www.grieta.org.mx\/wp-content\/uploads\/2023\/06\/9n-e1687545398698.jpg?resize=525%2C300 1.5x, https:\/\/i0.wp.com\/www.grieta.org.mx\/wp-content\/uploads\/2023\/06\/9n-e1687545398698.jpg?resize=700%2C400 2x"},"classes":[]},{"id":64979,"url":"http:\/\/www.grieta.org.mx\/index.php\/2022\/08\/21\/una-mujer-es-la-unica-policia-detenida-por-represion-a-feministas-en-cancun-quintana-roo\/","url_meta":{"origin":68150,"position":5},"title":"Una mujer es la \u00fanica polic\u00eda detenida por represi\u00f3n a feministas en Canc\u00fan (Quintana Roo)","author":"grieta","date":"21 agosto, 2022","format":false,"excerpt":"Texto: Ricardo Hern\u00e1ndez \/ Foto: Elizabeth Ruiz \/ Cuartoscuro \/ Pie de P\u00e1gina Trece polic\u00edas del sexo masculino denunciados por la represi\u00f3n violenta a la protesta feminista en Canc\u00fan siguen libres a casi dos a\u00f1os del evento donde tres manifestantes fueron baleadas. Una mujer polic\u00eda es la \u00fanica detenida QUINTANA\u2026","rel":"","context":"En &quot;Abuso policiaco en Quintana Roo&quot;","block_context":{"text":"Abuso policiaco en Quintana Roo","link":"http:\/\/www.grieta.org.mx\/index.php\/category\/noticias-nacionales\/quintana-roo\/abuso-policiaco-en-quintana-roo\/"},"img":{"alt_text":"","src":"https:\/\/i0.wp.com\/www.grieta.org.mx\/wp-content\/uploads\/2022\/08\/Cancun9N-e1661820027108.png?resize=350%2C200","width":350,"height":200,"srcset":"https:\/\/i0.wp.com\/www.grieta.org.mx\/wp-content\/uploads\/2022\/08\/Cancun9N-e1661820027108.png?resize=350%2C200 1x, https:\/\/i0.wp.com\/www.grieta.org.mx\/wp-content\/uploads\/2022\/08\/Cancun9N-e1661820027108.png?resize=525%2C300 1.5x, https:\/\/i0.wp.com\/www.grieta.org.mx\/wp-content\/uploads\/2022\/08\/Cancun9N-e1661820027108.png?resize=700%2C400 2x"},"classes":[]}],"_links":{"self":[{"href":"http:\/\/www.grieta.org.mx\/index.php\/wp-json\/wp\/v2\/posts\/68150","targetHints":{"allow":["GET"]}}],"collection":[{"href":"http:\/\/www.grieta.org.mx\/index.php\/wp-json\/wp\/v2\/posts"}],"about":[{"href":"http:\/\/www.grieta.org.mx\/index.php\/wp-json\/wp\/v2\/types\/post"}],"author":[{"embeddable":true,"href":"http:\/\/www.grieta.org.mx\/index.php\/wp-json\/wp\/v2\/users\/2"}],"replies":[{"embeddable":true,"href":"http:\/\/www.grieta.org.mx\/index.php\/wp-json\/wp\/v2\/comments?post=68150"}],"version-history":[{"count":1,"href":"http:\/\/www.grieta.org.mx\/index.php\/wp-json\/wp\/v2\/posts\/68150\/revisions"}],"predecessor-version":[{"id":68152,"href":"http:\/\/www.grieta.org.mx\/index.php\/wp-json\/wp\/v2\/posts\/68150\/revisions\/68152"}],"wp:featuredmedia":[{"embeddable":true,"href":"http:\/\/www.grieta.org.mx\/index.php\/wp-json\/wp\/v2\/media\/68151"}],"wp:attachment":[{"href":"http:\/\/www.grieta.org.mx\/index.php\/wp-json\/wp\/v2\/media?parent=68150"}],"wp:term":[{"taxonomy":"category","embeddable":true,"href":"http:\/\/www.grieta.org.mx\/index.php\/wp-json\/wp\/v2\/categories?post=68150"},{"taxonomy":"post_tag","embeddable":true,"href":"http:\/\/www.grieta.org.mx\/index.php\/wp-json\/wp\/v2\/tags?post=68150"}],"curies":[{"name":"wp","href":"https:\/\/api.w.org\/{rel}","templated":true}]}}