{"id":68118,"date":"2023-11-10T18:50:45","date_gmt":"2023-11-11T00:50:45","guid":{"rendered":"https:\/\/www.grieta.org.mx\/?p=68118"},"modified":"2023-11-13T19:47:52","modified_gmt":"2023-11-14T01:47:52","slug":"militarizacion-ecocidio-y-division-comunitaria-deja-a-su-paso-tren-maya-en-campeche","status":"publish","type":"post","link":"http:\/\/www.grieta.org.mx\/index.php\/2023\/11\/10\/militarizacion-ecocidio-y-division-comunitaria-deja-a-su-paso-tren-maya-en-campeche\/","title":{"rendered":"Militarizaci\u00f3n, ecocidio y divisi\u00f3n comunitaria deja a su paso tren maya en Campeche"},"content":{"rendered":"<p>Aldo Santiago \/ Avispa Midia<\/p>\n<p>En portada: El ejido Para\u00edso Nuevo est\u00e1 dividido por el paso de v\u00edas f\u00e9rreas. Con las obras del tren maya, la separaci\u00f3n de la comunidad se acent\u00faa. Foto: Santiago Navarro F.<\/p>\n<p>Perla Rub\u00ed Garduza Pablo, ama de casa del ejido Para\u00edso Nuevo, Campeche, suspira tras la pregunta: \u00bfQu\u00e9 opina de la declaraci\u00f3n del presidente sobre que no se iba a tirar un solo \u00e1rbol? El cielo nublado sobre nosotros, ruge, anticipando la lluvia y su respuesta: \u201c\u00a1Es mentira! A nosotros nos han da\u00f1ado la flora, fauna y nuestra vida\u201d, exclama molesta por el paso del tren maya por su comunidad.<\/p>\n<p>La devastaci\u00f3n que atestiguan en el ejido Para\u00edso Nuevo se repite a lo largo de otros territorios. De acuerdo a un an\u00e1lisis de im\u00e1genes satelitales realizado por CartoCr\u00edtica, para junio de 2023 se han deforestado 6,659 hect\u00e1reas en la pen\u00ednsula de Yucat\u00e1n por la construcci\u00f3n del tren maya. CartoCr\u00edtica enfatiz\u00f3 que, de esta \u00e1rea, 5,769 hect\u00e1reas fueron desmontadas ignorando la legislaci\u00f3n ambiental pues no se promovieron ni autorizaron cambios de uso de suelo a trav\u00e9s de la Secretar\u00eda de Medio Ambiente y Recursos Naturales (Semarnat). <\/p>\n<p><img loading=\"lazy\" decoding=\"async\" data-attachment-id=\"68120\" data-permalink=\"http:\/\/www.grieta.org.mx\/index.php\/2023\/11\/10\/militarizacion-ecocidio-y-division-comunitaria-deja-a-su-paso-tren-maya-en-campeche\/trencampeche2\/\" data-orig-file=\"http:\/\/www.grieta.org.mx\/wp-content\/uploads\/2023\/11\/TrenCampeche2-e1699924196453.jpg\" data-orig-size=\"800,593\" data-comments-opened=\"0\" data-image-meta=\"{&quot;aperture&quot;:&quot;0&quot;,&quot;credit&quot;:&quot;&quot;,&quot;camera&quot;:&quot;&quot;,&quot;caption&quot;:&quot;&quot;,&quot;created_timestamp&quot;:&quot;0&quot;,&quot;copyright&quot;:&quot;&quot;,&quot;focal_length&quot;:&quot;0&quot;,&quot;iso&quot;:&quot;0&quot;,&quot;shutter_speed&quot;:&quot;0&quot;,&quot;title&quot;:&quot;&quot;,&quot;orientation&quot;:&quot;1&quot;}\" data-image-title=\"TrenCampeche2\" data-image-description=\"\" data-image-caption=\"\" data-medium-file=\"http:\/\/www.grieta.org.mx\/wp-content\/uploads\/2023\/11\/TrenCampeche2-300x223.jpg\" data-large-file=\"http:\/\/www.grieta.org.mx\/wp-content\/uploads\/2023\/11\/TrenCampeche2-1024x759.jpg\" src=\"http:\/\/www.grieta.org.mx\/wp-content\/uploads\/2023\/11\/TrenCampeche2-e1699924196453.jpg\" alt=\"\" width=\"800\" height=\"593\" class=\"alignnone size-full wp-image-68120\" \/><br \/>\nTala de \u00e1rboles en los alrededores del ejido Para\u00edso Nuevo. Foto: Santiago Navarro F.<\/p>\n<p>Rub\u00ed reclama por el incumplimiento de las promesas hechas por funcionarios de otorgar beneficios a la poblaci\u00f3n para que aceptara el tren. Sostiene que los estragos por las obras del megaproyecto son palpables en la cotidianidad de esta poblaci\u00f3n, al sur de Campeche. <\/p>\n<p>Un equipo de Avispa M\u00eddia visit\u00f3 el ejido Para\u00edso Nuevo, correspondiente al tramo 1 del tren. Los pobladores refieren que las consecuencias negativas del megaproyecto no son cosa del futuro, sino algo que han vivido desde hace tres a\u00f1os, cuando en plena pandemia de la Covid-19, inici\u00f3 la construcci\u00f3n.<\/p>\n<p><img loading=\"lazy\" decoding=\"async\" data-attachment-id=\"68121\" data-permalink=\"http:\/\/www.grieta.org.mx\/index.php\/2023\/11\/10\/militarizacion-ecocidio-y-division-comunitaria-deja-a-su-paso-tren-maya-en-campeche\/trencampeche3\/\" data-orig-file=\"http:\/\/www.grieta.org.mx\/wp-content\/uploads\/2023\/11\/TrenCampeche3-e1699924297971.jpg\" data-orig-size=\"800,596\" data-comments-opened=\"0\" data-image-meta=\"{&quot;aperture&quot;:&quot;0&quot;,&quot;credit&quot;:&quot;&quot;,&quot;camera&quot;:&quot;&quot;,&quot;caption&quot;:&quot;&quot;,&quot;created_timestamp&quot;:&quot;0&quot;,&quot;copyright&quot;:&quot;&quot;,&quot;focal_length&quot;:&quot;0&quot;,&quot;iso&quot;:&quot;0&quot;,&quot;shutter_speed&quot;:&quot;0&quot;,&quot;title&quot;:&quot;&quot;,&quot;orientation&quot;:&quot;1&quot;}\" data-image-title=\"TrenCampeche3\" data-image-description=\"\" data-image-caption=\"\" data-medium-file=\"http:\/\/www.grieta.org.mx\/wp-content\/uploads\/2023\/11\/TrenCampeche3-300x223.jpg\" data-large-file=\"http:\/\/www.grieta.org.mx\/wp-content\/uploads\/2023\/11\/TrenCampeche3-1024x762.jpg\" src=\"http:\/\/www.grieta.org.mx\/wp-content\/uploads\/2023\/11\/TrenCampeche3-e1699924297971.jpg\" alt=\"\" width=\"800\" height=\"596\" class=\"alignnone size-full wp-image-68121\" \/><br \/>\nLas v\u00edas f\u00e9rreas atraviesan el ejido de Para\u00edso Nuevo, dividiendo el pueblo en dos. Foto: Santiago Navarro F.<\/p>\n<p>Joel Jim\u00e9nez es uno de los 300 habitantes de este ejido, ubicado a 14 kil\u00f3metros de la ciudad de Candelaria, donde se construye una estaci\u00f3n del tren. De ocupaciones talabartero y pastor evang\u00e9lico, \u00e9l fue una de las personas que inici\u00f3 los reclamos ante los perjuicios desde el inicio de las obras. <\/p>\n<p>\u201cEn ese tiempo estuvieron tirando cal, toda la gente sali\u00f3 enferma de las v\u00edas respiratorias. Hab\u00edan ancianitos que los sacaron de urgencias. Se junt\u00f3 lo del Covid con lo del tren, eran tiempos que ya no sab\u00edas ni qu\u00e9 hacer\u201d, complementa Rub\u00ed. <\/p>\n<p>\u201cSeg\u00fan la informaci\u00f3n que se daba, era un proyecto de mucho progreso\u201d, rememora el pastor. Sin embargo, afirma que la afectaci\u00f3n a su comunidad y la naturaleza es a gran escala y enlista: la p\u00e9rdida de miles de \u00e1rboles maderables, desaparici\u00f3n de fauna, as\u00ed como el enga\u00f1o sobre ofertas de trabajo para los j\u00f3venes de la localidad. <\/p>\n<p>A este escenario se suma la militarizaci\u00f3n de la comunidad. Como si escoltaran las v\u00edas f\u00e9rreas, elementos del ej\u00e9rcito mexicano y la Guardia Nacional (GN) irrumpen en la din\u00e1mica comunitaria. \u201cEst\u00e1n aqu\u00ed en el pueblo, ellos vigilan que nadie se ponga en la v\u00eda\u201d, asevera el pastor, quien detalla que permanecen desde enero del 2023 tras el desalojo violento de las y los pobladores que manten\u00edan un plant\u00f3n en el sitio de las obras del tren.<\/p>\n<p><img loading=\"lazy\" decoding=\"async\" data-attachment-id=\"68122\" data-permalink=\"http:\/\/www.grieta.org.mx\/index.php\/2023\/11\/10\/militarizacion-ecocidio-y-division-comunitaria-deja-a-su-paso-tren-maya-en-campeche\/trencampeche4\/\" data-orig-file=\"http:\/\/www.grieta.org.mx\/wp-content\/uploads\/2023\/11\/TrenCampeche4-e1699924462544.jpg\" data-orig-size=\"800,586\" data-comments-opened=\"0\" data-image-meta=\"{&quot;aperture&quot;:&quot;0&quot;,&quot;credit&quot;:&quot;&quot;,&quot;camera&quot;:&quot;&quot;,&quot;caption&quot;:&quot;&quot;,&quot;created_timestamp&quot;:&quot;0&quot;,&quot;copyright&quot;:&quot;&quot;,&quot;focal_length&quot;:&quot;0&quot;,&quot;iso&quot;:&quot;0&quot;,&quot;shutter_speed&quot;:&quot;0&quot;,&quot;title&quot;:&quot;&quot;,&quot;orientation&quot;:&quot;1&quot;}\" data-image-title=\"TrenCampeche4\" data-image-description=\"\" data-image-caption=\"\" data-medium-file=\"http:\/\/www.grieta.org.mx\/wp-content\/uploads\/2023\/11\/TrenCampeche4-300x220.jpg\" data-large-file=\"http:\/\/www.grieta.org.mx\/wp-content\/uploads\/2023\/11\/TrenCampeche4-1024x750.jpg\" src=\"http:\/\/www.grieta.org.mx\/wp-content\/uploads\/2023\/11\/TrenCampeche4-e1699924462544.jpg\" alt=\"\" width=\"800\" height=\"586\" class=\"alignnone size-full wp-image-68122\" \/><br \/>\nHabitantes de Para\u00edso Nuevo durante el primer bloqueo de las obras del tren en 2021.<\/p>\n<p>Divisi\u00f3n                                 <\/p>\n<p>Para los pobladores de Para\u00edso Nuevo, el principal problema es que al pueblo lo divide las v\u00edas del tren. \u201cNos dividieron\u201d, sentencia Rub\u00ed, pero su descripci\u00f3n no se limita a la cuesti\u00f3n social. Las obras del tren maya acentuaron la separaci\u00f3n de la comunidad, dificultando el libre tr\u00e1nsito de sus pobladores, acostumbrados a cruzar a pie por las v\u00edas f\u00e9rreas que ya existen en el pueblo y que los comunitarios atraviesan para asistir a las escuelas, consultar m\u00e9dicos y obtener insumos b\u00e1sicos.<\/p>\n<p><img loading=\"lazy\" decoding=\"async\" data-attachment-id=\"68123\" data-permalink=\"http:\/\/www.grieta.org.mx\/index.php\/2023\/11\/10\/militarizacion-ecocidio-y-division-comunitaria-deja-a-su-paso-tren-maya-en-campeche\/trebcampeche5\/\" data-orig-file=\"http:\/\/www.grieta.org.mx\/wp-content\/uploads\/2023\/11\/TrebCampeche5-e1699924576936.jpg\" data-orig-size=\"800,214\" data-comments-opened=\"0\" data-image-meta=\"{&quot;aperture&quot;:&quot;0&quot;,&quot;credit&quot;:&quot;&quot;,&quot;camera&quot;:&quot;&quot;,&quot;caption&quot;:&quot;&quot;,&quot;created_timestamp&quot;:&quot;0&quot;,&quot;copyright&quot;:&quot;&quot;,&quot;focal_length&quot;:&quot;0&quot;,&quot;iso&quot;:&quot;0&quot;,&quot;shutter_speed&quot;:&quot;0&quot;,&quot;title&quot;:&quot;&quot;,&quot;orientation&quot;:&quot;1&quot;}\" data-image-title=\"TrebCampeche5\" data-image-description=\"\" data-image-caption=\"\" data-medium-file=\"http:\/\/www.grieta.org.mx\/wp-content\/uploads\/2023\/11\/TrebCampeche5-300x80.jpg\" data-large-file=\"http:\/\/www.grieta.org.mx\/wp-content\/uploads\/2023\/11\/TrebCampeche5-1024x274.jpg\" src=\"http:\/\/www.grieta.org.mx\/wp-content\/uploads\/2023\/11\/TrebCampeche5-e1699924576936.jpg\" alt=\"\" width=\"800\" height=\"214\" class=\"alignnone size-full wp-image-68123\" \/><br \/>\nAspectos de un puente y paso de fauna, \u00fanicos cruces disponibles para las y los pobladores del ejido Para\u00edso Nuevo. Fotos: Santiago Navarro F.<\/p>\n<p>Mientras el paso del tren maya ser\u00e1 por medio de un terrapl\u00e9n, de acuerdo a los habitantes de Para\u00edso, el cruce por las v\u00edas ya existentes ser\u00e1 restringido por una valla cuando comience las operaciones del megaproyecto.<\/p>\n<p>Por esta raz\u00f3n, sus habitantes demandaron la construcci\u00f3n de tres puentes para asegurar el cruce de todos los habitantes, pues de acuerdo a su ubicaci\u00f3n, muchos tendr\u00e1n que desplazarse hasta un kil\u00f3metro para atravesar el poblado. Pese a las promesas iniciales, solo fue construido un puente elevado, de casi tres metros, que no contempla las peticiones de los pobladores y por donde adem\u00e1s circular\u00e1n autom\u00f3viles. \u201cAqu\u00ed tenemos personas en silla de ruedas, ancianos, ni\u00f1os. El presidente no se est\u00e1 poniendo a ver las perjudicaciones que nos est\u00e1n haciendo a nosotros como pueblo\u201d, sostiene Rub\u00ed.<\/p>\n<div class=\"jetpack-video-wrapper\"><iframe loading=\"lazy\" title=\"Puentes - Para\u00edso Nuevo\" width=\"1170\" height=\"658\" src=\"https:\/\/www.youtube.com\/embed\/KCksSTt6Rv0?feature=oembed\" frameborder=\"0\" allow=\"accelerometer; autoplay; clipboard-write; encrypted-media; gyroscope; picture-in-picture; web-share\" referrerpolicy=\"strict-origin-when-cross-origin\" allowfullscreen><\/iframe><\/div>\n<p>El pastor menciona que, en reiteradas ocasiones, solicitaron a los responsables de la construcci\u00f3n los puentes para la seguridad de la comunidad. Para justificar la no construcci\u00f3n de los puentes demandados, \u201cun ingeniero se atrev\u00eda a decirme, \u2018es por causa de dinero, un puente por toda la v\u00eda nos sale en 50 millones de pesos, y as\u00ed, transversal, nos sale en 20 millones\u2019, o sea, \u00bfellos se quieren ahorrar 30 millones de pesos a costilla del pueblo?\u201d, reclama Jim\u00e9nez.<br \/>\nLas estrategias<\/p>\n<p>Acorde a Rub\u00ed, fueron varias las estrategias que funcionarios del gobierno utilizaron para la imposici\u00f3n del megaproyecto. Una de ellas, repetida en lugares como Candelaria, en Campeche y Bacalar, Quintana Roo, donde no se consult\u00f3 a la poblaci\u00f3n, fue negociar la autorizaci\u00f3n para las obras exclusivamente con los ejidatarios, pese a que su presencia en Para\u00edso Nuevo es casi nula.<\/p>\n<p>\u201cLos ejidatarios que viven aqu\u00ed son cinco. La mayor\u00eda vive en Candelaria, en Ciudad del Carmen, en Campeche. Eso era lo que la poblaci\u00f3n peleaba, a ellos se les pag\u00f3 cuando no ten\u00edan por qu\u00e9, pues no les perjudicaba\u201d, contextualiza Rub\u00ed debido a que los ejidatarios recibieron un pago por indemnizaci\u00f3n por su permiso para las obras.<\/p>\n<div class=\"jetpack-video-wrapper\"><iframe loading=\"lazy\" title=\"Ejidatarios - Para\u00edso Nuevo\" width=\"1170\" height=\"658\" src=\"https:\/\/www.youtube.com\/embed\/EZCib0Oa_JA?feature=oembed\" frameborder=\"0\" allow=\"accelerometer; autoplay; clipboard-write; encrypted-media; gyroscope; picture-in-picture; web-share\" referrerpolicy=\"strict-origin-when-cross-origin\" allowfullscreen><\/iframe><\/div>\n<p>Ella cuenta que los pobladores, sorprendidos, se molestaron cuando vieron entrar la maquinaria pesada tras el acuerdo entre el Fondo Nacional de Fomento al Turismo (Fonatur) y los ejidatarios. Su primera reacci\u00f3n fue enviar escritos a las autoridades locales para exigir beneficios en su comunidad a cambio de otorgar el permiso para las obras. <\/p>\n<p>El pastor se\u00f1ala que siempre expresaron su inconformidad a las autoridades y funcionarios sobre el perjuicio ante la restricci\u00f3n de su movilidad. Incluso enviaron una comisi\u00f3n a la ciudad de M\u00e9xico para exigir la atenci\u00f3n a sus demandas, pero no hubo respuesta. Por esta raz\u00f3n, la poblaci\u00f3n se moviliz\u00f3 para realizar un plant\u00f3n y detener las obras.<br \/>\nTramo 1<\/p>\n<p>Las obras de este tramo, cuyo contrato asciende a m\u00e1s de 13 mil 394 millones de pesos, est\u00e1n a cargo del Consorcio LAMAT Tramo 1, un grupo empresarial que incluye a Mota-Engil M\u00e9xico, China Communications Construction Company LTD, Grupo Cosh y Eyasa y Gavil Ingenier\u00eda.<\/p>\n<p><img loading=\"lazy\" decoding=\"async\" data-attachment-id=\"68124\" data-permalink=\"http:\/\/www.grieta.org.mx\/index.php\/2023\/11\/10\/militarizacion-ecocidio-y-division-comunitaria-deja-a-su-paso-tren-maya-en-campeche\/trencampeche6\/\" data-orig-file=\"http:\/\/www.grieta.org.mx\/wp-content\/uploads\/2023\/11\/TrenCampeche6-e1699924962211.jpg\" data-orig-size=\"800,525\" data-comments-opened=\"0\" data-image-meta=\"{&quot;aperture&quot;:&quot;0&quot;,&quot;credit&quot;:&quot;&quot;,&quot;camera&quot;:&quot;&quot;,&quot;caption&quot;:&quot;&quot;,&quot;created_timestamp&quot;:&quot;0&quot;,&quot;copyright&quot;:&quot;&quot;,&quot;focal_length&quot;:&quot;0&quot;,&quot;iso&quot;:&quot;0&quot;,&quot;shutter_speed&quot;:&quot;0&quot;,&quot;title&quot;:&quot;&quot;,&quot;orientation&quot;:&quot;1&quot;}\" data-image-title=\"TrenCampeche6\" data-image-description=\"\" data-image-caption=\"\" data-medium-file=\"http:\/\/www.grieta.org.mx\/wp-content\/uploads\/2023\/11\/TrenCampeche6-300x197.jpg\" data-large-file=\"http:\/\/www.grieta.org.mx\/wp-content\/uploads\/2023\/11\/TrenCampeche6-1024x673.jpg\" src=\"http:\/\/www.grieta.org.mx\/wp-content\/uploads\/2023\/11\/TrenCampeche6-e1699924962211.jpg\" alt=\"\" width=\"800\" height=\"525\" class=\"alignnone size-full wp-image-68124\" \/><br \/>\nAspectos de la obra en el tramo 1 del tren maya. Foto: Aldo Santiago<\/p>\n<p>La filial mexicana de la portuguesa Mota-Engil ha sido se\u00f1alada reiteradas veces por anomal\u00edas en los contratos con el gobierno federal, principalmente con la Secretar\u00eda de Comunicaciones y Transportes en el sexenio de Enrique Pe\u00f1a Nieto. La Auditor\u00eda Superior de la Federaci\u00f3n report\u00f3 irregularidades en obras carreteras; gastos no previstos en Guanajuato, pagos indebidos en Colima, as\u00ed como gastos no justificados en el tramo Coatzacoalcos-Villahermosa, en Tabasco.<\/p>\n<p>A pesar de su historial, en el periodo de Andr\u00e9s Manuel L\u00f3pez Obrador (AMLO), adem\u00e1s del contrato con Fonatur, cuenta con otros convenios con el Banco Nacional de Obras y Servicios P\u00fablicos, as\u00ed como con la Secretar\u00eda de Marina; esta \u00faltima dependencia le adjudic\u00f3 de manera directa un contrato por m\u00e1s de 11 mil millones de pesos para la rehabilitaci\u00f3n de 310 kil\u00f3metros de las v\u00edas f\u00e9rreas entre Coatzacoalcos y Palenque, tramo que articular\u00e1 el tren maya con el corredor interoce\u00e1nico en el Istmo de Tehuantepec.<\/p>\n<p>Otro punto sensible para las obras en este tramo est\u00e1 relacionado con la afectaci\u00f3n a la biodiversidad de la regi\u00f3n. De acuerdo al Observatorio Latinoamericano de Geopol\u00edtica, mediante an\u00e1lisis a la Manifestaci\u00f3n de Impacto Ambiental Modalidad Regional (MIA-R) del Tren Maya Fase 1, en esta regi\u00f3n se contempla la remoci\u00f3n de m\u00e1s de 11 mil especies forestales, \u201cdos especies est\u00e1n clasificadas en peligro de extinci\u00f3n, cinco est\u00e1n amenazadas y una est\u00e1 sujeta a protecci\u00f3n especial\u201d.<\/p>\n<p><img loading=\"lazy\" decoding=\"async\" data-attachment-id=\"68125\" data-permalink=\"http:\/\/www.grieta.org.mx\/index.php\/2023\/11\/10\/militarizacion-ecocidio-y-division-comunitaria-deja-a-su-paso-tren-maya-en-campeche\/trencampeche7\/\" data-orig-file=\"http:\/\/www.grieta.org.mx\/wp-content\/uploads\/2023\/11\/TrenCampeche7-e1699925084820.jpg\" data-orig-size=\"800,718\" data-comments-opened=\"0\" data-image-meta=\"{&quot;aperture&quot;:&quot;0&quot;,&quot;credit&quot;:&quot;&quot;,&quot;camera&quot;:&quot;&quot;,&quot;caption&quot;:&quot;&quot;,&quot;created_timestamp&quot;:&quot;0&quot;,&quot;copyright&quot;:&quot;&quot;,&quot;focal_length&quot;:&quot;0&quot;,&quot;iso&quot;:&quot;0&quot;,&quot;shutter_speed&quot;:&quot;0&quot;,&quot;title&quot;:&quot;&quot;,&quot;orientation&quot;:&quot;1&quot;}\" data-image-title=\"TrenCampeche7\" data-image-description=\"\" data-image-caption=\"\" data-medium-file=\"http:\/\/www.grieta.org.mx\/wp-content\/uploads\/2023\/11\/TrenCampeche7-300x269.jpg\" data-large-file=\"http:\/\/www.grieta.org.mx\/wp-content\/uploads\/2023\/11\/TrenCampeche7-1024x920.jpg\" src=\"http:\/\/www.grieta.org.mx\/wp-content\/uploads\/2023\/11\/TrenCampeche7-e1699925084820.jpg\" alt=\"\" width=\"800\" height=\"718\" class=\"alignnone size-full wp-image-68125\" \/><br \/>\nRastros de la deforestaci\u00f3n en el tramo 1, desde Candelar\u00eda hasta Esc\u00e1rcega en Campeche. Fotos: Santiago Navarro F \/ Aldo Santiago<\/p>\n<p>Plantones<\/p>\n<p>\u201cEn 2021, 130 personas nos unimos para hacer un plant\u00f3n aqu\u00ed en la comunidad\u201d, relata el pastor. Despu\u00e9s de tres meses de bloqueo de las obras, el ex director general de Fonatur, Javier May Rodr\u00edguez, visit\u00f3 a los habitantes de Para\u00edso Nuevo.<\/p>\n<p><img loading=\"lazy\" decoding=\"async\" data-attachment-id=\"68126\" data-permalink=\"http:\/\/www.grieta.org.mx\/index.php\/2023\/11\/10\/militarizacion-ecocidio-y-division-comunitaria-deja-a-su-paso-tren-maya-en-campeche\/trencampeche8\/\" data-orig-file=\"http:\/\/www.grieta.org.mx\/wp-content\/uploads\/2023\/11\/TrenCampeche8-e1699925184462.jpg\" data-orig-size=\"800,465\" data-comments-opened=\"0\" data-image-meta=\"{&quot;aperture&quot;:&quot;0&quot;,&quot;credit&quot;:&quot;&quot;,&quot;camera&quot;:&quot;&quot;,&quot;caption&quot;:&quot;&quot;,&quot;created_timestamp&quot;:&quot;0&quot;,&quot;copyright&quot;:&quot;&quot;,&quot;focal_length&quot;:&quot;0&quot;,&quot;iso&quot;:&quot;0&quot;,&quot;shutter_speed&quot;:&quot;0&quot;,&quot;title&quot;:&quot;&quot;,&quot;orientation&quot;:&quot;1&quot;}\" data-image-title=\"TrenCampeche8\" data-image-description=\"\" data-image-caption=\"\" data-medium-file=\"http:\/\/www.grieta.org.mx\/wp-content\/uploads\/2023\/11\/TrenCampeche8-300x175.jpg\" data-large-file=\"http:\/\/www.grieta.org.mx\/wp-content\/uploads\/2023\/11\/TrenCampeche8-1024x596.jpg\" src=\"http:\/\/www.grieta.org.mx\/wp-content\/uploads\/2023\/11\/TrenCampeche8-e1699925184462.jpg\" alt=\"\" width=\"800\" height=\"465\" class=\"alignnone size-full wp-image-68126\" \/><br \/>\nJavier May, ex titular de Fonatur, durante inspeccion de obras a inicios del 2023.<\/p>\n<p>\u201cNo es posible que pase un tren que vale millones de pesos por un pueblo que est\u00e9 marginado y sin calles\u201d, recuerda Jim\u00e9nez sobre los argumentos lanzados al funcionario federal. Frente a 200 pobladores, el ex titular de Fonatur se comprometi\u00f3 a una serie de beneficios: pavimentar calles, entregar paneles solares, antenas de internet y mejoramientos para el centro de salud. Incluso prometi\u00f3 un programa de vivienda, dividido en tres etapas, cuya \u00faltima nunca se cumpli\u00f3.<\/p>\n<p>Tras esta omisi\u00f3n, 24 familias quedaron sin el beneficio en vivienda. En ese momento, los funcionarios de Fonatur, Jos\u00e9 Luis Garc\u00eda Vela, gerente de infraestructura, y Mario Alberto C\u00e1rdenas Vera, analista, se negaron a cumplir lo prometido por May. \u201cDe ah\u00ed vino la idea de volver a cerrar el tramo, en noviembre 2022\u201d, se\u00f1alan los habitantes de Para\u00edso Nuevo.<\/p>\n<p>Pasaron dos meses y no hubo di\u00e1logo. Los pobladores del ejido denuncian que los funcionarios de Fonatur solo aparec\u00edan para presionar y amenazar a las personas movilizadas. \u201cEl 9 de enero del 2023 la Guardia Nacional, agentes de ministeriales, de la Fiscal\u00eda, Polic\u00eda del Estado, militares vinieron a desalojar la gente\u201d, recuerda el pastor sobre el operativo durante el cual fue detenido y acusado por delincuencia organizada.<\/p>\n<div class=\"jetpack-video-wrapper\"><iframe loading=\"lazy\" title=\"Criminalizaci\u00f3n - Para\u00edso Nuevo\" width=\"1170\" height=\"658\" src=\"https:\/\/www.youtube.com\/embed\/MsBVL4qmC7g?feature=oembed\" frameborder=\"0\" allow=\"accelerometer; autoplay; clipboard-write; encrypted-media; gyroscope; picture-in-picture; web-share\" referrerpolicy=\"strict-origin-when-cross-origin\" allowfullscreen><\/iframe><\/div>\n<p>\u201cNosotros estuvimos bajo medidas cautelares\u201d, reclama Jim\u00e9nez, quien mantiene el proceso legal en libertad debido a que Fonatur no present\u00f3 pruebas para sostener su denuncia.<\/p>\n<p>\u201cNos acusaban de delincuencia organizada, nos acusaban de robo en pandilla. Soy un pastor evang\u00e9lico que me dedico a predicar de Jesucristo y lejos de motivar a la gente que hagan delincuencia los aconsejo que hagan bien las cosas\u201d, contradice el pastor sobre los cargos que le fueron imputados por su participaci\u00f3n en las protestas.<\/p>\n<p>Por su parte, Rub\u00ed lamenta que la divisi\u00f3n del pueblo tambi\u00e9n se manifieste en el tejido comunitario. Ella recuerda que, durante los plantones, la mayor\u00eda del pueblo estaba unida, pero una vez comenzaron a repartir beneficios, \u201cla gente a la que ya le hab\u00edan dado, se apart\u00f3 y se uni\u00f3 a ellos, ah\u00ed nos dividieron en gran manera. En las reuniones de agua potable, de la luz o cualquier otra referente al pueblo, sigue habiendo esas fricciones\u201d, detalla.<\/p>\n<p>El pastor enfatiza que desde el momento de su detenci\u00f3n el personal militar, del ej\u00e9rcito y de la Guardia Nacional se asent\u00f3 en la comunidad. \u201cEllos vigilan que nadie se ponga en la v\u00eda\u201d, denuncia.       <\/p>\n<p>Rub\u00ed es una de las mujeres de Para\u00edso Nuevo que alzan la voz contra la militarizaci\u00f3n de los espacios p\u00fablicos en su comunidad. Seg\u00fan sus relatos, elementos del ej\u00e9rcito y GN que permanecen en el parque y las canchas de la comunidad, utilizan drogas y alcohol. Pese a las denuncias, reclama que sus superiores han relevado algunos elementos, quienes tras su llegada repiten las mismas conductas.<\/p>\n<div class=\"jetpack-video-wrapper\"><iframe loading=\"lazy\" title=\"Militarizaci\u00f3n - Para\u00edso Nuevo\" width=\"1170\" height=\"658\" src=\"https:\/\/www.youtube.com\/embed\/ghOYs70-lYI?feature=oembed\" frameborder=\"0\" allow=\"accelerometer; autoplay; clipboard-write; encrypted-media; gyroscope; picture-in-picture; web-share\" referrerpolicy=\"strict-origin-when-cross-origin\" allowfullscreen><\/iframe><\/div>\n<p>Militares al mando<\/p>\n<p>El lunes 4 de septiembre, durante la conferencia matutina del presidente, se anunci\u00f3 la transferencia del control de la empresa Tren Maya Sociedad An\u00f3nima de Capital Variable (Tren Maya S.A de C.V.) a la Secretar\u00eda de la Defensa Nacional (Sedena). Tambi\u00e9n fue anunciado que el general \u00d3scar David Lozano \u00c1guila pasar\u00eda a ser su director general. Esto ocurri\u00f3 tras la renuncia de Javier May, titular del Fonatur, dependencia que hasta ese momento coordinaba las obras.<\/p>\n<p>Desde febrero de 2023, Lozano, general del Estado Mayor, hab\u00eda anunciado las acciones para la constituci\u00f3n de la empresa de participaci\u00f3n estatal mayoritaria Tren Maya S.A de C.V., con la intenci\u00f3n de cumplir con la promesa del presidente, quien desde diciembre del 2020 comunic\u00f3 su decisi\u00f3n de que el megaproyecto fuera administrado y operado por la Sedena. \u201c[El general Lozano] ahora lo har\u00e1 formalmente por decisi\u00f3n del secretario de la Defensa, Luis Cresencio Sandoval\u201d, declar\u00f3 AMLO en septiembre, adem\u00e1s de anunciar la firma de un decreto para concretar la transferencia del megaproyecto a la Sedena, a mas tardar el 31 de diciembre del 2023.<\/p>\n<p>Carga<\/p>\n<p>Para la conferencia del 25 de septiembre, el general Lozano report\u00f3 la conclusi\u00f3n de trabajos en 185 kil\u00f3metros, de un total de 226, que integran el tramo 1 que transita de Palenque, en Chiapas hasta Esc\u00e1rcega, en Campeche. <\/p>\n<p>El militar resalt\u00f3 que, en este tramo, se considera la construcci\u00f3n de dos instalaciones importantes para el sistema de carga del tren. \u201cLa primera de ellas es la terminal de intercambio que se construir\u00e1 a partir del pr\u00f3ximo a\u00f1o en Palenque y que permitir\u00e1 conectar al Corredor Interoce\u00e1nico del Istmo de Tehuantepec (que administra la Secretar\u00eda de Marina) con la asignaci\u00f3n ferroviaria del Tren Maya\u201d, enfatiz\u00f3 el militar.<\/p>\n<p>Adem\u00e1s, a\u00f1adi\u00f3 que en Esc\u00e1rcega se construy\u00f3 un patio de operaciones para \u201clograr capacidades de transportar combustible, cemento, acero, granos, perecederos, inclusive veh\u00edculos, entre otros de los art\u00edculos que se van a transportar a trav\u00e9s del sistema ferroviario del tren\u201d.<\/p>\n<p>De acuerdo con informaci\u00f3n de inicios del 2023, prove\u00edda por el general Lozano, la infraestructura del tren maya \u201cnos va a permitir dar servicio a los principales clientes para transportar cargas desde los productos de Petr\u00f3leos Mexicanos, que pr\u00e1cticamente Pemex ser\u00e1 el principal cliente del Tren Maya, porque transportaremos hasta un 80 por ciento de nuestra capacidad con Pemex\u201d.<\/p>\n<p>\u201cNo es lo que dice la televisi\u00f3n, ni el gobierno\u201d, reflexiona el pastor sobre quienes ser\u00e1n beneficiados con el megaproyecto. \u201cQue el gobierno mire con otros ojos al sureste, no con esos ojos ambiciosos de ganancias multimillonarias, hicieron un proyecto que no es ni de nosotros\u201d, reclama mientras espera la resoluci\u00f3n de su proceso penal por protestar contra el megaproyecto estrella del sureste mexicano.<br \/>\nPrimer viaje<\/p>\n<p>Durante el primer fin de semana de septiembre de 2023, decenas de medios encumbraron el arranque del primer recorrido del tren maya entre los tramos 2,3 y 4. En un viaje de supervisi\u00f3n, encabezado por AMLO, el primer vag\u00f3n se traslad\u00f3 desde la estaci\u00f3n San Francisco, en Campeche, con direcci\u00f3n hacia distintos paraderos y estaciones entre los estados de Yucat\u00e1n y Quintana Roo.<\/p>\n<p>Seg\u00fan Maite Ramos G\u00f3mez, directora de Alstom M\u00e9xico, empresa encargada de fabricar y entregar 42 trenes para el megaproyecto, la primera unidad del tren maya super\u00f3 con \u00e9xito la prueba al recorrer mil kil\u00f3metros a trav\u00e9s de 14 estaciones. Ramos tambi\u00e9n inform\u00f3 que el modelo de tren utilizado emplea di\u00e9sel, contrastando con el discurso oficial que asegura que la energ\u00eda para mover el tren ser\u00e1 el\u00e9ctrica.<\/p>\n<p>Acorde a los funcionarios, la inauguraci\u00f3n del megaproyecto est\u00e1 prevista para el 21 de diciembre del 2023. En total,recorrer\u00e1 1,545 kil\u00f3metros a trav\u00e9s de los estados de Chiapas, Tabasco, Campeche, Yucat\u00e1n y Quintana Roo.<\/p>\n<p><img loading=\"lazy\" decoding=\"async\" data-attachment-id=\"68127\" data-permalink=\"http:\/\/www.grieta.org.mx\/index.php\/2023\/11\/10\/militarizacion-ecocidio-y-division-comunitaria-deja-a-su-paso-tren-maya-en-campeche\/trencampeche9\/\" data-orig-file=\"http:\/\/www.grieta.org.mx\/wp-content\/uploads\/2023\/11\/TrenCampeche9-e1699925645488.jpg\" data-orig-size=\"800,444\" data-comments-opened=\"0\" data-image-meta=\"{&quot;aperture&quot;:&quot;0&quot;,&quot;credit&quot;:&quot;&quot;,&quot;camera&quot;:&quot;&quot;,&quot;caption&quot;:&quot;&quot;,&quot;created_timestamp&quot;:&quot;0&quot;,&quot;copyright&quot;:&quot;&quot;,&quot;focal_length&quot;:&quot;0&quot;,&quot;iso&quot;:&quot;0&quot;,&quot;shutter_speed&quot;:&quot;0&quot;,&quot;title&quot;:&quot;&quot;,&quot;orientation&quot;:&quot;1&quot;}\" data-image-title=\"TrenCampeche9\" data-image-description=\"\" data-image-caption=\"\" data-medium-file=\"http:\/\/www.grieta.org.mx\/wp-content\/uploads\/2023\/11\/TrenCampeche9-300x167.jpg\" data-large-file=\"http:\/\/www.grieta.org.mx\/wp-content\/uploads\/2023\/11\/TrenCampeche9-1024x568.jpg\" src=\"http:\/\/www.grieta.org.mx\/wp-content\/uploads\/2023\/11\/TrenCampeche9-e1699925645488.jpg\" alt=\"\" width=\"800\" height=\"444\" class=\"alignnone size-full wp-image-68127\" \/><br \/>\nAMLO acompa\u00f1ado de funcionarios federales y locales durante el primer recorrido de prueba del tren. Septiembre, 2023.<\/p>\n<p>Adem\u00e1s de AMLO, mandos militares y funcionarios del gabinete como la titular de Semarnat, Maria Luisa Albores, estuvieron presentes para celebrar el primer recorrido del tren.<\/p>\n<p><a href=\"https:\/\/avispa.org\/militarizacion-ecocidio-y-division-comunitaria-deja-a-su-paso-tren-maya-en-campeche\/\" rel=\"noopener\" target=\"_blank\">https:\/\/avispa.org\/militarizacion-ecocidio-y-division-comunitaria-deja-a-su-paso-tren-maya-en-campeche\/<\/a><\/p>\n","protected":false},"excerpt":{"rendered":"<p>Aldo Santiago \/ Avispa Midia En portada: El ejido Para\u00edso Nuevo est\u00e1 dividido por el paso de v\u00edas f\u00e9rreas. Con las obras del tren maya, la separaci\u00f3n de la comunidad &hellip; <a href=\"http:\/\/www.grieta.org.mx\/index.php\/2023\/11\/10\/militarizacion-ecocidio-y-division-comunitaria-deja-a-su-paso-tren-maya-en-campeche\/\" class=\"more-link\">Leer m\u00e1s<\/a><\/p>\n","protected":false},"author":2,"featured_media":68119,"comment_status":"closed","ping_status":"closed","sticky":false,"template":"","format":"standard","meta":{"ngg_post_thumbnail":0,"_jetpack_newsletter_access":"","_jetpack_dont_email_post_to_subs":false,"_jetpack_newsletter_tier_id":0,"_jetpack_memberships_contains_paywalled_content":false,"_jetpack_memberships_contains_paid_content":false,"footnotes":""},"categories":[11,80,2258,3,922,926,944,952,2,1877,2026],"tags":[2778,2988,2987,4130,614,1090,3646,1878],"class_list":["post-68118","post","type-post","status-publish","format-standard","has-post-thumbnail","hentry","category-campeche","category-cintillo","category-ecocidio-en-campeche","category-megaproyectos","category-megaproyectos-estados","category-mp-campeche","category-mp-quintana-roo","category-mp-yucatan","category-noticias-nacionales","category-resistencia-al-tren-maya-en-la-peninsula-de-yucatan-campeche","category-tren-maya","tag-criminalizacion-de-la-protesta","tag-deforestacion-por-el-tren-maya","tag-impacto-ecologico-por-tren-maya","tag-impactos-sociales-por-tren-maya","tag-militarizacion","tag-represion-de-la-protesta-social","tag-resistencia-contra-el-tren-maya","tag-tren-maya","entry"],"jetpack_featured_media_url":"http:\/\/www.grieta.org.mx\/wp-content\/uploads\/2023\/11\/TrenCampeche-scaled-e1699924080323.jpg","jetpack_sharing_enabled":true,"jetpack_shortlink":"https:\/\/wp.me\/p7ZJR4-hIG","jetpack_likes_enabled":false,"jetpack-related-posts":[{"id":35945,"url":"http:\/\/www.grieta.org.mx\/index.php\/2019\/07\/05\/expansion-de-megaproyectos-en-la-peninsula-de-yucatan-video\/","url_meta":{"origin":68118,"position":0},"title":"Expansi\u00f3n de Megaproyectos en la Pen\u00ednsula de Yucat\u00e1n (Video)","author":"grieta","date":"5 julio, 2019","format":false,"excerpt":"https:\/\/youtu.be\/qLBARIAaBsI","rel":"","context":"En &quot;Campeche&quot;","block_context":{"text":"Campeche","link":"http:\/\/www.grieta.org.mx\/index.php\/category\/noticias-nacionales\/campeche\/"},"img":{"alt_text":"","src":"https:\/\/i0.wp.com\/img.youtube.com\/vi\/qLBARIAaBsI\/0.jpg?resize=350%2C200","width":350,"height":200},"classes":[]},{"id":47874,"url":"http:\/\/www.grieta.org.mx\/index.php\/2020\/04\/13\/las-vias-torcidas-del-tren-maya-video\/","url_meta":{"origin":68118,"position":1},"title":"Las v\u00edas torcidas del tren maya (Video)","author":"grieta","date":"13 abril, 2020","format":false,"excerpt":"https:\/\/www.youtube.com\/watch?v=k8FRX9eT0YY","rel":"","context":"En &quot;16. Pueblo Maya&quot;","block_context":{"text":"16. Pueblo Maya","link":"http:\/\/www.grieta.org.mx\/index.php\/category\/espejos-de-la-resistencia\/16-pueblo-maya\/"},"img":{"alt_text":"","src":"https:\/\/i0.wp.com\/www.grieta.org.mx\/wp-content\/uploads\/2020\/04\/ViasTorcidasTrenMaya.png?resize=350%2C200","width":350,"height":200,"srcset":"https:\/\/i0.wp.com\/www.grieta.org.mx\/wp-content\/uploads\/2020\/04\/ViasTorcidasTrenMaya.png?resize=350%2C200 1x, https:\/\/i0.wp.com\/www.grieta.org.mx\/wp-content\/uploads\/2020\/04\/ViasTorcidasTrenMaya.png?resize=525%2C300 1.5x, https:\/\/i0.wp.com\/www.grieta.org.mx\/wp-content\/uploads\/2020\/04\/ViasTorcidasTrenMaya.png?resize=700%2C400 2x"},"classes":[]},{"id":55389,"url":"http:\/\/www.grieta.org.mx\/index.php\/2020\/11\/19\/habitantes-de-campeche-bloquean-obras-del-tren-maya\/","url_meta":{"origin":68118,"position":2},"title":"Habitantes de Campeche bloquean obras del Tren Maya","author":"grieta","date":"19 noviembre, 2020","format":false,"excerpt":"Obras del Tren Maya. Foto:Facebook @TrenMayaOficial Rosa Santana \/ Proceso CHAMPOT\u00d3N, Camp. (apro).- Pobladores de las comunidades Xbacab, Miguel Colorado, 5 de febrero y Pixoyal bloquearon el paso a veh\u00edculos y maquinaria utilizada en la construcci\u00f3n del Tren Maya, en protesta por la destrucci\u00f3n de sus caminos de acceso. El\u2026","rel":"","context":"En &quot;Campeche&quot;","block_context":{"text":"Campeche","link":"http:\/\/www.grieta.org.mx\/index.php\/category\/noticias-nacionales\/campeche\/"},"img":{"alt_text":"","src":"https:\/\/i0.wp.com\/www.grieta.org.mx\/wp-content\/uploads\/2020\/11\/f800x450-125136_176582_5050.jpg?resize=350%2C200","width":350,"height":200,"srcset":"https:\/\/i0.wp.com\/www.grieta.org.mx\/wp-content\/uploads\/2020\/11\/f800x450-125136_176582_5050.jpg?resize=350%2C200 1x, https:\/\/i0.wp.com\/www.grieta.org.mx\/wp-content\/uploads\/2020\/11\/f800x450-125136_176582_5050.jpg?resize=525%2C300 1.5x, https:\/\/i0.wp.com\/www.grieta.org.mx\/wp-content\/uploads\/2020\/11\/f800x450-125136_176582_5050.jpg?resize=700%2C400 2x"},"classes":[]},{"id":67059,"url":"http:\/\/www.grieta.org.mx\/index.php\/2023\/05\/03\/caravana-el-sur-resiste-pide-a-la-sedena-suspender-obras-en-el-tramo-7-del-tren-maya-campeche\/","url_meta":{"origin":68118,"position":3},"title":"Caravana El Sur Resiste pide a la Sedena suspender obras en el Tramo 7 del Tren Maya (Campeche)","author":"grieta","date":"3 mayo, 2023","format":false,"excerpt":"Cambio 22 XPUJIL, CAMPECHE, 3 de mayo.- Los integrantes del movimiento Caravana El Sur Resiste llegaron al campamento de la Secretar\u00eda de la Defensa Nacional (Sedena) en Xpujil, municipio de Calakmul, Campeche, para hacer entrega a los ingenieros militares de documentos que acreditan que el Tramo 7 del Tren Maya\u2026","rel":"","context":"En &quot;25. Xpujil&quot;","block_context":{"text":"25. Xpujil","link":"http:\/\/www.grieta.org.mx\/index.php\/category\/espejos-de-la-resistencia\/25-xpujil\/"},"img":{"alt_text":"","src":"https:\/\/i0.wp.com\/www.grieta.org.mx\/wp-content\/uploads\/2023\/06\/SurResiste-e1687537548743.jpg?resize=350%2C200","width":350,"height":200,"srcset":"https:\/\/i0.wp.com\/www.grieta.org.mx\/wp-content\/uploads\/2023\/06\/SurResiste-e1687537548743.jpg?resize=350%2C200 1x, https:\/\/i0.wp.com\/www.grieta.org.mx\/wp-content\/uploads\/2023\/06\/SurResiste-e1687537548743.jpg?resize=525%2C300 1.5x, https:\/\/i0.wp.com\/www.grieta.org.mx\/wp-content\/uploads\/2023\/06\/SurResiste-e1687537548743.jpg?resize=700%2C400 2x"},"classes":[]},{"id":68844,"url":"http:\/\/www.grieta.org.mx\/index.php\/2024\/04\/29\/ambientalistas-clausuran-las-oficinas-de-semarnat-tras-calificarla-de-ecocida-quintana-roo\/","url_meta":{"origin":68118,"position":4},"title":"Ambientalistas &#8220;clausuran&#8221; las oficinas de Semarnat tras calificarla de ecocida (Quintana Roo)","author":"grieta","date":"29 abril, 2024","format":false,"excerpt":"Leslie Gordillo \/ NOTICARIBE PENINSULAR CANC\u00daN.- Un grupo de ambientalistas, representante de diferentes organismos y asociaciones civiles, se manifestaron en la zona hotelera de Canc\u00fan y clausuraron de manera simb\u00f3lica las oficinas de la Secretar\u00eda de Medio Ambiente y Recursos Naturales (Semarnat). La denuncia es que la Semarnat ha sido\u2026","rel":"","context":"En &quot;Campeche&quot;","block_context":{"text":"Campeche","link":"http:\/\/www.grieta.org.mx\/index.php\/category\/noticias-nacionales\/campeche\/"},"img":{"alt_text":"","src":"https:\/\/i0.wp.com\/www.grieta.org.mx\/wp-content\/uploads\/2024\/04\/ambientalitas-e1715552774254.jpg?resize=350%2C200","width":350,"height":200,"srcset":"https:\/\/i0.wp.com\/www.grieta.org.mx\/wp-content\/uploads\/2024\/04\/ambientalitas-e1715552774254.jpg?resize=350%2C200 1x, https:\/\/i0.wp.com\/www.grieta.org.mx\/wp-content\/uploads\/2024\/04\/ambientalitas-e1715552774254.jpg?resize=525%2C300 1.5x, https:\/\/i0.wp.com\/www.grieta.org.mx\/wp-content\/uploads\/2024\/04\/ambientalitas-e1715552774254.jpg?resize=700%2C400 2x"},"classes":[]},{"id":29462,"url":"http:\/\/www.grieta.org.mx\/index.php\/2019\/02\/18\/migrantes-construirian-tren-maya-y-refineria-en-tabasco\/","url_meta":{"origin":68118,"position":5},"title":"Migrantes \u2018construir\u00edan\u2019 Tren Maya y refiner\u00eda en Tabasco","author":"grieta","date":"18 febrero, 2019","format":false,"excerpt":"Redacci\u00f3n \/ XEVA Noticias Ra\u00fal Bonifaz Mohedano, diputado federal de Morena y presidente de la Comisi\u00f3n de la Frontera Sur en el Congreso de la Uni\u00f3n, adelant\u00f3 que hay un proyecto que podr\u00eda contemplar la contrataci\u00f3n de migrantes en obras federales en el sur del pa\u00eds. El legislador federal expuso\u2026","rel":"","context":"En &quot;16. Pueblo Maya&quot;","block_context":{"text":"16. Pueblo Maya","link":"http:\/\/www.grieta.org.mx\/index.php\/category\/espejos-de-la-resistencia\/16-pueblo-maya\/"},"img":{"alt_text":"","src":"https:\/\/i0.wp.com\/www.grieta.org.mx\/wp-content\/uploads\/2019\/02\/tren-1550524057-621x354.jpg?resize=350%2C200","width":350,"height":200,"srcset":"https:\/\/i0.wp.com\/www.grieta.org.mx\/wp-content\/uploads\/2019\/02\/tren-1550524057-621x354.jpg?resize=350%2C200 1x, https:\/\/i0.wp.com\/www.grieta.org.mx\/wp-content\/uploads\/2019\/02\/tren-1550524057-621x354.jpg?resize=525%2C300 1.5x"},"classes":[]}],"_links":{"self":[{"href":"http:\/\/www.grieta.org.mx\/index.php\/wp-json\/wp\/v2\/posts\/68118","targetHints":{"allow":["GET"]}}],"collection":[{"href":"http:\/\/www.grieta.org.mx\/index.php\/wp-json\/wp\/v2\/posts"}],"about":[{"href":"http:\/\/www.grieta.org.mx\/index.php\/wp-json\/wp\/v2\/types\/post"}],"author":[{"embeddable":true,"href":"http:\/\/www.grieta.org.mx\/index.php\/wp-json\/wp\/v2\/users\/2"}],"replies":[{"embeddable":true,"href":"http:\/\/www.grieta.org.mx\/index.php\/wp-json\/wp\/v2\/comments?post=68118"}],"version-history":[{"count":1,"href":"http:\/\/www.grieta.org.mx\/index.php\/wp-json\/wp\/v2\/posts\/68118\/revisions"}],"predecessor-version":[{"id":68128,"href":"http:\/\/www.grieta.org.mx\/index.php\/wp-json\/wp\/v2\/posts\/68118\/revisions\/68128"}],"wp:featuredmedia":[{"embeddable":true,"href":"http:\/\/www.grieta.org.mx\/index.php\/wp-json\/wp\/v2\/media\/68119"}],"wp:attachment":[{"href":"http:\/\/www.grieta.org.mx\/index.php\/wp-json\/wp\/v2\/media?parent=68118"}],"wp:term":[{"taxonomy":"category","embeddable":true,"href":"http:\/\/www.grieta.org.mx\/index.php\/wp-json\/wp\/v2\/categories?post=68118"},{"taxonomy":"post_tag","embeddable":true,"href":"http:\/\/www.grieta.org.mx\/index.php\/wp-json\/wp\/v2\/tags?post=68118"}],"curies":[{"name":"wp","href":"https:\/\/api.w.org\/{rel}","templated":true}]}}