{"id":68088,"date":"2023-11-10T23:29:42","date_gmt":"2023-11-11T05:29:42","guid":{"rendered":"http:\/\/www.grieta.org.mx\/?p=68088"},"modified":"2024-11-11T19:55:31","modified_gmt":"2024-11-12T01:55:31","slug":"septima-parte-un-escarabajo-en-streaming","status":"publish","type":"post","link":"http:\/\/www.grieta.org.mx\/index.php\/2023\/11\/10\/septima-parte-un-escarabajo-en-streaming\/","title":{"rendered":"S\u00e9ptima Parte: Un Escarabajo en Streaming"},"content":{"rendered":"<p>Noviembre del 2023<\/p>\n<p>Durito me ha reenviado esto que le lleg\u00f3 a uno de sus millones (eso dijo) de fans:<\/p>\n<p><img loading=\"lazy\" decoding=\"async\" data-attachment-id=\"24494\" data-permalink=\"http:\/\/www.grieta.org.mx\/index.php\/2018\/07\/02\/aumentan-8-desapariciones-ya-son-37-mil-435\/captura-de-pantalla-2018-07-09-a-las-12-14-24\/\" data-orig-file=\"http:\/\/www.grieta.org.mx\/wp-content\/uploads\/2018\/07\/Captura-de-pantalla-2018-07-09-a-las-12.14.24.png\" data-orig-size=\"482,498\" data-comments-opened=\"0\" data-image-meta=\"{&quot;aperture&quot;:&quot;0&quot;,&quot;credit&quot;:&quot;&quot;,&quot;camera&quot;:&quot;&quot;,&quot;caption&quot;:&quot;&quot;,&quot;created_timestamp&quot;:&quot;0&quot;,&quot;copyright&quot;:&quot;&quot;,&quot;focal_length&quot;:&quot;0&quot;,&quot;iso&quot;:&quot;0&quot;,&quot;shutter_speed&quot;:&quot;0&quot;,&quot;title&quot;:&quot;&quot;,&quot;orientation&quot;:&quot;0&quot;}\" data-image-title=\"Captura de pantalla 2018-07-09 a la(s) 12.14.24\" data-image-description=\"\" data-image-caption=\"\" data-medium-file=\"http:\/\/www.grieta.org.mx\/wp-content\/uploads\/2018\/07\/Captura-de-pantalla-2018-07-09-a-las-12.14.24-290x300.png\" data-large-file=\"http:\/\/www.grieta.org.mx\/wp-content\/uploads\/2018\/07\/Captura-de-pantalla-2018-07-09-a-las-12.14.24.png\" class=\"wp-image-24494 aligncenter\" src=\"https:\/\/i0.wp.com\/enlacezapatista.ezln.org.mx\/wp-content\/uploads\/2023\/11\/2.jpeg?resize=399%2C602&amp;ssl=1\" sizes=\"auto, (max-width: 399px) 100vw, 399px\" srcset=\"https:\/\/i0.wp.com\/enlacezapatista.ezln.org.mx\/wp-content\/uploads\/2023\/11\/2.jpeg?resize=424%2C640&amp;ssl=1 424w, https:\/\/i0.wp.com\/enlacezapatista.ezln.org.mx\/wp-content\/uploads\/2023\/11\/2.jpeg?w=678&amp;ssl=1 678w\" alt=\"\" width=\"399\" height=\"602\" data-attachment-id=\"24494\" data-permalink=\"https:\/\/enlacezapatista.ezln.org.mx\/2023\/11\/10\/septima-parte-un-escarabajo-en-streaming\/2-30\/\" data-orig-file=\"https:\/\/i0.wp.com\/enlacezapatista.ezln.org.mx\/wp-content\/uploads\/2023\/11\/2.jpeg?fit=678%2C1024&amp;ssl=1\" data-orig-size=\"678,1024\" data-comments-opened=\"1\" data-image-meta=\"{&quot;aperture&quot;:&quot;0&quot;,&quot;credit&quot;:&quot;&quot;,&quot;camera&quot;:&quot;&quot;,&quot;caption&quot;:&quot;&quot;,&quot;created_timestamp&quot;:&quot;0&quot;,&quot;copyright&quot;:&quot;&quot;,&quot;focal_length&quot;:&quot;0&quot;,&quot;iso&quot;:&quot;0&quot;,&quot;shutter_speed&quot;:&quot;0&quot;,&quot;title&quot;:&quot;&quot;,&quot;orientation&quot;:&quot;0&quot;}\" data-image-title=\"2\" data-image-description=\"\" data-image-caption=\"\" data-medium-file=\"https:\/\/i0.wp.com\/enlacezapatista.ezln.org.mx\/wp-content\/uploads\/2023\/11\/2.jpeg?fit=424%2C640&amp;ssl=1\" data-large-file=\"https:\/\/i0.wp.com\/enlacezapatista.ezln.org.mx\/wp-content\/uploads\/2023\/11\/2.jpeg?fit=678%2C1024&amp;ssl=1\" data-recalc-dims=\"1\"><\/p>\n<p>&nbsp; &nbsp;Agrega lo siguiente:<\/p>\n<p>&nbsp; \u201c<em>Aunque es un detalle que hayan cambiado el color negro por el azul, lo que protege mi identidad secreta, puede ser que quieran eludir el pago de derechos de autor.&nbsp; Sobre todo, por mi discreta participaci\u00f3n en la huelga de SAG-AFTRA, al lado de mi admirada Susan.&nbsp; Como quiera, agradezco el humilde homenaje de HBO al m\u00e1s grande superh\u00e9roe que ha parido el planeta tierra: yo mero<\/em>\u201d<\/p>\n<p>&nbsp; Casi al mismo tiempo, me ha llegado esto del Community Manager de HBO:<\/p>\n<p>&nbsp; \u00ab<em>En relaci\u00f3n con el anuncio de la programaci\u00f3n de la pel\u00edcula referida, HBO aclara que no se refiere a Don Durito (DD para cuestiones legales) ni es una referencia al pr\u00f3ximo aniversario del EZLN.&nbsp; Es una mera coincidencia.&nbsp; HBO reitera su compromiso con el sistema y ya est\u00e1 en tr\u00e1mites para amonestar a los responsables de nuestra programaci\u00f3n en este lamentable malentendido.&nbsp; HBO no hace pel\u00edculas, ni programa la exhibici\u00f3n de filmes, de superh\u00e9roes reales, s\u00f3lo de ficticios.&nbsp; Y, previendo demandas del referido DD, advertimos que ya est\u00e1, en nuestro departamento legal, toda la documentaci\u00f3n que ampara nuestra inocencia.&nbsp; No aceptaremos demandas mayores a 10 millones de USD, aunque estar\u00edamos en disposici\u00f3n de redirigir a Guerrero la indemnizaci\u00f3n, siempre y cuando sea una cantidad razonable que no exceda el monto referido y que no pase por el Congreso de la Uni\u00f3n del cementerio llamado M\u00e9xico.&nbsp; Estamos en entera disposici\u00f3n para llegar a un arreglo razonable.&nbsp; Atentamente.&nbsp; El CEO de HBO<\/em>\u00bb<\/p>\n<p>&nbsp; Creo que esto ya se sali\u00f3 de control.<\/p>\n<p>&nbsp; Ahora Durito estar\u00e1 insoportable.&nbsp; Bueno, ya estaba, pero m\u00e1s (\u00bfo es Max?).<\/p>\n<p>Desde el despacho del Representante Art\u00edstico de DD (para cuestiones legales).<\/p>\n<p><img loading=\"lazy\" decoding=\"async\" class=\"alignnone wp-image-24439\" src=\"https:\/\/i0.wp.com\/enlacezapatista.ezln.org.mx\/wp-content\/uploads\/2023\/11\/firma.png?resize=198%2C160&amp;ssl=1\" sizes=\"auto, (max-width: 198px) 100vw, 198px\" srcset=\"https:\/\/i0.wp.com\/enlacezapatista.ezln.org.mx\/wp-content\/uploads\/2023\/11\/firma.png?resize=640%2C518&amp;ssl=1 640w, https:\/\/i0.wp.com\/enlacezapatista.ezln.org.mx\/wp-content\/uploads\/2023\/11\/firma.png?resize=1024%2C828&amp;ssl=1 1024w, https:\/\/i0.wp.com\/enlacezapatista.ezln.org.mx\/wp-content\/uploads\/2023\/11\/firma.png?resize=768%2C621&amp;ssl=1 768w, https:\/\/i0.wp.com\/enlacezapatista.ezln.org.mx\/wp-content\/uploads\/2023\/11\/firma.png?w=1136&amp;ssl=1 1136w\" alt=\"\" width=\"198\" height=\"160\" data-attachment-id=\"24439\" data-permalink=\"https:\/\/enlacezapatista.ezln.org.mx\/2023\/10\/29\/segunda-parte-los-muertos-estornudan\/firma-2\/\" data-orig-file=\"https:\/\/i0.wp.com\/enlacezapatista.ezln.org.mx\/wp-content\/uploads\/2023\/11\/firma.png?fit=1136%2C919&amp;ssl=1\" data-orig-size=\"1136,919\" data-comments-opened=\"1\" data-image-meta=\"{&quot;aperture&quot;:&quot;0&quot;,&quot;credit&quot;:&quot;&quot;,&quot;camera&quot;:&quot;&quot;,&quot;caption&quot;:&quot;&quot;,&quot;created_timestamp&quot;:&quot;0&quot;,&quot;copyright&quot;:&quot;&quot;,&quot;focal_length&quot;:&quot;0&quot;,&quot;iso&quot;:&quot;0&quot;,&quot;shutter_speed&quot;:&quot;0&quot;,&quot;title&quot;:&quot;&quot;,&quot;orientation&quot;:&quot;0&quot;}\" data-image-title=\"firma\" data-image-description=\"\" data-image-caption=\"\" data-medium-file=\"https:\/\/i0.wp.com\/enlacezapatista.ezln.org.mx\/wp-content\/uploads\/2023\/11\/firma.png?fit=640%2C518&amp;ssl=1\" data-large-file=\"https:\/\/i0.wp.com\/enlacezapatista.ezln.org.mx\/wp-content\/uploads\/2023\/11\/firma.png?fit=1024%2C828&amp;ssl=1\"><\/p>\n<p>El Capit\u00e1n.<br \/>\nNoviembre del 2023.<\/p>\n<p><a href=\"https:\/\/enlacezapatista.ezln.org.mx\/2023\/11\/10\/septima-parte-un-escarabajo-en-streaming\/\">https:\/\/enlacezapatista.ezln.org.mx\/2023\/11\/10\/septima-parte-un-escarabajo-en-streaming\/<\/a><\/p>\n","protected":false},"excerpt":{"rendered":"<p>Noviembre del 2023 Durito me ha reenviado esto que le lleg\u00f3 a uno de sus millones (eso dijo) de fans: &nbsp; &nbsp;Agrega lo siguiente: &nbsp; \u201cAunque es un detalle que &hellip; <a href=\"http:\/\/www.grieta.org.mx\/index.php\/2023\/11\/10\/septima-parte-un-escarabajo-en-streaming\/\" class=\"more-link\">Leer m\u00e1s<\/a><\/p>\n","protected":false},"author":1,"featured_media":68089,"comment_status":"closed","ping_status":"closed","sticky":false,"template":"","format":"standard","meta":{"ngg_post_thumbnail":0,"_jetpack_newsletter_access":"","_jetpack_dont_email_post_to_subs":false,"_jetpack_newsletter_tier_id":0,"_jetpack_memberships_contains_paywalled_content":false,"_jetpack_memberships_contains_paid_content":false,"footnotes":""},"categories":[80,74,907,2,78],"tags":[2839,466],"class_list":["post-68088","post","type-post","status-publish","format-standard","has-post-thumbnail","hentry","category-cintillo","category-ezln","category-ezln-2","category-noticias-nacionales","category-palabras-del-ezln","tag-comunicados-ezln","tag-ezln","entry"],"jetpack_featured_media_url":"http:\/\/www.grieta.org.mx\/wp-content\/uploads\/2023\/11\/escarabajo.jpg","jetpack_sharing_enabled":true,"jetpack_shortlink":"https:\/\/wp.me\/p7ZJR4-hIc","jetpack_likes_enabled":false,"jetpack-related-posts":[{"id":68186,"url":"http:\/\/www.grieta.org.mx\/index.php\/2023\/12\/04\/quinceava-parte-de-noche-y-a-toda-luz\/","url_meta":{"origin":68088,"position":0},"title":"Quinceava Parte: De noche y a toda luz\u2026","author":"grieta","date":"4 diciembre, 2023","format":false,"excerpt":"https:\/\/vimeo.com\/891306166 \u00a0 Im\u00e1genes de trabajos artesanales de insurgentas e insurgentes en preparativos para la celebraci\u00f3n de los 30 a\u00f1os del inicio de la guerra contra el olvido. Fotos y videos cortes\u00eda de Los Tercios Compas. Copyleft; diciembre del 2023. M\u00fasica Dan Dan Kokoro Hikareteku (Mi coraz\u00f3n encantado), Piano: RuRu Violin:\u2026","rel":"","context":"En &quot;CINTILLO&quot;","block_context":{"text":"CINTILLO","link":"http:\/\/www.grieta.org.mx\/index.php\/category\/cintillo\/"},"img":{"alt_text":"","src":"https:\/\/i0.wp.com\/www.grieta.org.mx\/wp-content\/uploads\/2023\/12\/Diapositiva1.jpeg?resize=350%2C200","width":350,"height":200,"srcset":"https:\/\/i0.wp.com\/www.grieta.org.mx\/wp-content\/uploads\/2023\/12\/Diapositiva1.jpeg?resize=350%2C200 1x, https:\/\/i0.wp.com\/www.grieta.org.mx\/wp-content\/uploads\/2023\/12\/Diapositiva1.jpeg?resize=525%2C300 1.5x, https:\/\/i0.wp.com\/www.grieta.org.mx\/wp-content\/uploads\/2023\/12\/Diapositiva1.jpeg?resize=700%2C400 2x"},"classes":[]},{"id":27703,"url":"http:\/\/www.grieta.org.mx\/index.php\/2018\/11\/24\/comunicado-del-cni-cig-y-ezln-al-pueblo-mapuche\/","url_meta":{"origin":68088,"position":1},"title":"Comunicado [conjunto del CNI, CIG y EZLN] al pueblo Mapuche","author":"grieta","date":"24 noviembre, 2018","format":false,"excerpt":"Comunicado: Al pueblo mapuche Al pueblo chileno A los pueblos originarios de Am\u00e9rica A la Sexta Internacional Hermanos y hermanas del digno pueblo mapuche, Los pueblos, naciones, tribus y barrios que conformamos el Congreso Nacional Ind\u00edgena, el Concejo Ind\u00edgena de Gobierno y el EZLN abrazamos solidariamente la familia del compa\u00f1ero\u2026","rel":"","context":"En &quot;CINTILLO&quot;","block_context":{"text":"CINTILLO","link":"http:\/\/www.grieta.org.mx\/index.php\/category\/cintillo\/"},"img":{"alt_text":"","src":"","width":0,"height":0},"classes":[]},{"id":38543,"url":"http:\/\/www.grieta.org.mx\/index.php\/2019\/08\/31\/imagenes-de-la-ruptura-del-cerco-i\/","url_meta":{"origin":68088,"position":2},"title":"IM\u00c1GENES DE LA RUPTURA DEL CERCO I","author":"grieta","date":"31 agosto, 2019","format":false,"excerpt":"IM\u00c1GENES DE LA RUPTURA DEL CERCO I AGOSTO DEL 2019. Desde las monta\u00f1as del Sureste Mexicano. Los Tercios Compas. Comisi\u00f3n Sexta del EZLN. Agosto del 2019.","rel":"","context":"En &quot;CINTILLO&quot;","block_context":{"text":"CINTILLO","link":"http:\/\/www.grieta.org.mx\/index.php\/category\/cintillo\/"},"img":{"alt_text":"","src":"https:\/\/i0.wp.com\/www.grieta.org.mx\/wp-content\/uploads\/2019\/08\/proxy.duckduckgo.com_-1.jpg?resize=350%2C200","width":350,"height":200,"srcset":"https:\/\/i0.wp.com\/www.grieta.org.mx\/wp-content\/uploads\/2019\/08\/proxy.duckduckgo.com_-1.jpg?resize=350%2C200 1x, https:\/\/i0.wp.com\/www.grieta.org.mx\/wp-content\/uploads\/2019\/08\/proxy.duckduckgo.com_-1.jpg?resize=525%2C300 1.5x, https:\/\/i0.wp.com\/www.grieta.org.mx\/wp-content\/uploads\/2019\/08\/proxy.duckduckgo.com_-1.jpg?resize=700%2C400 2x"},"classes":[]},{"id":57325,"url":"http:\/\/www.grieta.org.mx\/index.php\/2021\/03\/08\/las-que-no-estan\/","url_meta":{"origin":68088,"position":3},"title":"LAS QUE NO EST\u00c1N.","author":"Admin","date":"8 marzo, 2021","format":false,"excerpt":"LAS QUE NO EST\u00c1N. SUS HISTORIAS. SUS ALEGR\u00cdAS Y SUS TRISTEZAS. SUS DOLORES Y SUS RABIAS. SUS OLVIDOS Y SUS MEMORIAS. SUS RISAS Y SUS L\u00c1GRIMAS. SUS PRESENCIAS Y SUS AUSENCIAS. SUS CORAZONES. SUS ESPERANZAS. SU DIGNIDAD. SUS CALENDARIOS. LOS QUE CUMPLIERON. LOS QUE LES QUEDARON Y LES QUEDAMOS A\u2026","rel":"","context":"En &quot;CINTILLO&quot;","block_context":{"text":"CINTILLO","link":"http:\/\/www.grieta.org.mx\/index.php\/category\/cintillo\/"},"img":{"alt_text":"","src":"https:\/\/i0.wp.com\/www.grieta.org.mx\/wp-content\/uploads\/2020\/11\/21841-ezln-ejercito-zapatista_400px.jpg?resize=350%2C200","width":350,"height":200},"classes":[]},{"id":70841,"url":"http:\/\/www.grieta.org.mx\/index.php\/2025\/01\/13\/ecos-de-la-primera-sesion-de-los-encuentros-de-resistencia-y-rebeldia-diciembre-2024-y-1-2-de-enero-2025-fragmentos-del-programa-cultural-del-encuentro-de-resistencia-y-rebeldia\/","url_meta":{"origin":68088,"position":4},"title":"Ecos de la Primera Sesi\u00f3n de los Encuentros de Resistencia y Rebeld\u00eda. Diciembre 2024 y 1-2 de enero 2025.  Fragmentos del Programa Cultural del Encuentro de Resistencia y Rebeld\u00eda","author":"grieta","date":"13 enero, 2025","format":false,"excerpt":"Ecos de la Primera Sesi\u00f3n de los Encuentros de Resistencia y Rebeld\u00eda. Diciembre 2024 y 1-2 de enero 2025. Fragmentos del Programa Cultural del Encuentro de Resistencia y Rebeld\u00eda \u00a0 \u00a0 \u00a0 \u00a0 \u00a0 \u00a0 \u00a0 \u00a0 \u00a0 \u00a0 \u00a0 \u00a0 \u00a0 \u00a0 \u00a0 \u00a0 \u00a0 \u00a0 \u00a0 \u00a0 \u00a0\u2026","rel":"","context":"En &quot;CINTILLO&quot;","block_context":{"text":"CINTILLO","link":"http:\/\/www.grieta.org.mx\/index.php\/category\/cintillo\/"},"img":{"alt_text":"","src":"https:\/\/i0.wp.com\/www.grieta.org.mx\/wp-content\/uploads\/2025\/01\/Captura-de-pantalla-2025-01-13-180726.png?resize=350%2C200","width":350,"height":200,"srcset":"https:\/\/i0.wp.com\/www.grieta.org.mx\/wp-content\/uploads\/2025\/01\/Captura-de-pantalla-2025-01-13-180726.png?resize=350%2C200 1x, https:\/\/i0.wp.com\/www.grieta.org.mx\/wp-content\/uploads\/2025\/01\/Captura-de-pantalla-2025-01-13-180726.png?resize=525%2C300 1.5x, https:\/\/i0.wp.com\/www.grieta.org.mx\/wp-content\/uploads\/2025\/01\/Captura-de-pantalla-2025-01-13-180726.png?resize=700%2C400 2x"},"classes":[]},{"id":70981,"url":"http:\/\/www.grieta.org.mx\/index.php\/2025\/02\/16\/alto-a-los-ataques-contra-la-ucizoni-pronunciamiento-del-congreso-nacional-indigena-y-el-ezln-en-apoyo-a-quienes-resisten-en-el-istmo\/","url_meta":{"origin":68088,"position":5},"title":"ALTO A LOS ATAQUES CONTRA LA UCIZONI. PRONUNCIAMIENTO DEL CONGRESO NACIONAL IND\u00cdGENA Y EL EZLN EN APOYO A QUIENES RESISTEN EN EL ISTMO","author":"grieta","date":"16 febrero, 2025","format":false,"excerpt":"ALTO A LOS ATAQUES CONTRA LA UCIZONI PRONUNCIAMIENTO DEL CONGRESO NACIONAL IND\u00cdGENA Y EL EZLN EN APOYO A QUIENES RESISTEN EN EL ISTMO. A los pueblos ind\u00edgenas de M\u00e9xico y del mundo A las organizaciones en resistencia A la sociedad civil nacional e internacional Hermanas y hermanos: Desde el Congreso\u2026","rel":"","context":"En &quot;CINTILLO&quot;","block_context":{"text":"CINTILLO","link":"http:\/\/www.grieta.org.mx\/index.php\/category\/cintillo\/"},"img":{"alt_text":"","src":"https:\/\/i0.wp.com\/www.grieta.org.mx\/wp-content\/uploads\/2025\/02\/ucizoni.png?resize=350%2C200","width":350,"height":200,"srcset":"https:\/\/i0.wp.com\/www.grieta.org.mx\/wp-content\/uploads\/2025\/02\/ucizoni.png?resize=350%2C200 1x, https:\/\/i0.wp.com\/www.grieta.org.mx\/wp-content\/uploads\/2025\/02\/ucizoni.png?resize=525%2C300 1.5x, https:\/\/i0.wp.com\/www.grieta.org.mx\/wp-content\/uploads\/2025\/02\/ucizoni.png?resize=700%2C400 2x"},"classes":[]}],"_links":{"self":[{"href":"http:\/\/www.grieta.org.mx\/index.php\/wp-json\/wp\/v2\/posts\/68088","targetHints":{"allow":["GET"]}}],"collection":[{"href":"http:\/\/www.grieta.org.mx\/index.php\/wp-json\/wp\/v2\/posts"}],"about":[{"href":"http:\/\/www.grieta.org.mx\/index.php\/wp-json\/wp\/v2\/types\/post"}],"author":[{"embeddable":true,"href":"http:\/\/www.grieta.org.mx\/index.php\/wp-json\/wp\/v2\/users\/1"}],"replies":[{"embeddable":true,"href":"http:\/\/www.grieta.org.mx\/index.php\/wp-json\/wp\/v2\/comments?post=68088"}],"version-history":[{"count":1,"href":"http:\/\/www.grieta.org.mx\/index.php\/wp-json\/wp\/v2\/posts\/68088\/revisions"}],"predecessor-version":[{"id":68091,"href":"http:\/\/www.grieta.org.mx\/index.php\/wp-json\/wp\/v2\/posts\/68088\/revisions\/68091"}],"wp:featuredmedia":[{"embeddable":true,"href":"http:\/\/www.grieta.org.mx\/index.php\/wp-json\/wp\/v2\/media\/68089"}],"wp:attachment":[{"href":"http:\/\/www.grieta.org.mx\/index.php\/wp-json\/wp\/v2\/media?parent=68088"}],"wp:term":[{"taxonomy":"category","embeddable":true,"href":"http:\/\/www.grieta.org.mx\/index.php\/wp-json\/wp\/v2\/categories?post=68088"},{"taxonomy":"post_tag","embeddable":true,"href":"http:\/\/www.grieta.org.mx\/index.php\/wp-json\/wp\/v2\/tags?post=68088"}],"curies":[{"name":"wp","href":"https:\/\/api.w.org\/{rel}","templated":true}]}}