{"id":67985,"date":"2023-10-19T07:33:57","date_gmt":"2023-10-19T13:33:57","guid":{"rendered":"https:\/\/www.grieta.org.mx\/?p=67985"},"modified":"2023-10-25T16:37:21","modified_gmt":"2023-10-25T22:37:21","slug":"maestros-exigen-ajuste-salarial-con-recursos-federales-quintana-roo","status":"publish","type":"post","link":"http:\/\/www.grieta.org.mx\/index.php\/2023\/10\/19\/maestros-exigen-ajuste-salarial-con-recursos-federales-quintana-roo\/","title":{"rendered":"Maestros exigen ajuste salarial con recursos federales (Quintana Roo)"},"content":{"rendered":"<p>Pedro Hern\u00e1ndez\/Quadrat\u00edn Quintana Roo<\/p>\n<p>OTH\u00d3N P. BLANCO, QRoo, 19 de octubre de 2023.- Trabajadores del sector educativo se manifestaron en la ciudad de Chetumal debido a que, aseguraron, no se les han pagado recursos que desde junio habr\u00eda anunciado el Gobierno federal. <\/p>\n<p>Tanto docentes como personal administrativo protestaron a las afueras del edificio de recursos humanos de la Secretar\u00eda de Educaci\u00f3n, exigiendo la entrega de los recursos que van destinados al Personal de Asistencia y Apoyo a la Educaci\u00f3n (PAAE), y se\u00f1alaron que de no recibir una respuesta favorable los movimientos aumentar\u00e1n. <\/p>\n<p>Diana Borges, una de las inconformes, se\u00f1al\u00f3 que \u201cdesde junio se liber\u00f3 un pago de ajuste salarial, pero hasta el momento no lo hemos recibido; estamos esperando el retroactivo, pero nos dicen que no hay nada, por eso queremos saber qu\u00e9 pas\u00f3 con el recurso\u201d.<\/p>\n<p>Por su parte, Manuel Mijangos, otro de los manifestantes, se\u00f1alo que el l\u00edder del Sindicato Nacional de Trabajadores de la Educaci\u00f3n (SNTE) secci\u00f3n 25, Abimael Salas, no ha tenido inter\u00e9s en brindar atenci\u00f3n a esta situaci\u00f3n.<\/p>\n<p>\u201cNo hay inter\u00e9s por parte del l\u00edder del sindicato; al parecer tiene sus intenciones pol\u00edticas y no le interesa la base. Hemos buscado el acercamiento y solo quiere que se calme la cosa, pero no resuelve\u201d, sostuvo.<\/p>\n<p><a href=\"https:\/\/quintanaroo.quadratin.com.mx\/maestros-exigen-ajuste-salarial-con-recursos-federales\/\" rel=\"noopener\" target=\"_blank\">https:\/\/quintanaroo.quadratin.com.mx\/maestros-exigen-ajuste-salarial-con-recursos-federales\/<\/a><\/p>\n","protected":false},"excerpt":{"rendered":"<p>Pedro Hern\u00e1ndez\/Quadrat\u00edn Quintana Roo OTH\u00d3N P. BLANCO, QRoo, 19 de octubre de 2023.- Trabajadores del sector educativo se manifestaron en la ciudad de Chetumal debido a que, aseguraron, no se &hellip; <a href=\"http:\/\/www.grieta.org.mx\/index.php\/2023\/10\/19\/maestros-exigen-ajuste-salarial-con-recursos-federales-quintana-roo\/\" class=\"more-link\">Leer m\u00e1s<\/a><\/p>\n","protected":false},"author":2,"featured_media":67986,"comment_status":"closed","ping_status":"closed","sticky":false,"template":"","format":"standard","meta":{"ngg_post_thumbnail":0,"_jetpack_newsletter_access":"","_jetpack_dont_email_post_to_subs":false,"_jetpack_newsletter_tier_id":0,"_jetpack_memberships_contains_paywalled_content":false,"_jetpack_memberships_contains_paid_content":false,"footnotes":""},"categories":[80,916,2,2618,28,83],"tags":[3217,3457],"class_list":["post-67985","post","type-post","status-publish","format-standard","has-post-thumbnail","hentry","category-cintillo","category-privatizacion-del-la-educacion-publica","category-noticias-nacionales","category-protestas-del-magisterio-en-quintana-roo","category-quintana-roo","category-temas-nacionales","tag-falta-de-pagos-a-maestros","tag-manifestaciones-de-maestros","entry"],"jetpack_featured_media_url":"http:\/\/www.grieta.org.mx\/wp-content\/uploads\/2023\/10\/maestrosqroo-e1698273287837.jpg","jetpack_sharing_enabled":true,"jetpack_shortlink":"https:\/\/wp.me\/p7ZJR4-hGx","jetpack_likes_enabled":false,"jetpack-related-posts":[{"id":39957,"url":"http:\/\/www.grieta.org.mx\/index.php\/2019\/10\/03\/maestros-en-q-roo-reclaman-recursos-que-les-adeudan-desde-agosto\/","url_meta":{"origin":67985,"position":0},"title":"Maestros en Q. Roo reclaman recursos que les adeudan desde agosto","author":"grieta","date":"3 octubre, 2019","format":false,"excerpt":"Infoqroo\/Diario de Yucat\u00e1n CHETUMAL.\u2014 Unos 60 maestros protestaron en las oficinas de la Secretar\u00eda de Educaci\u00f3n de Quintana Roo (SEQ) para exigir el pago de 4,500 pesos que no les cubrieron desde agosto pasado. Ese grupo de docentes labora en comunidades de la zona lim\u00edtrofe con Campeche y de la\u2026","rel":"","context":"En &quot;CINTILLO&quot;","block_context":{"text":"CINTILLO","link":"http:\/\/www.grieta.org.mx\/index.php\/category\/cintillo\/"},"img":{"alt_text":"","src":"https:\/\/i0.wp.com\/www.grieta.org.mx\/wp-content\/uploads\/2019\/10\/SEQ-e1570129211909.jpg?resize=350%2C200","width":350,"height":200,"srcset":"https:\/\/i0.wp.com\/www.grieta.org.mx\/wp-content\/uploads\/2019\/10\/SEQ-e1570129211909.jpg?resize=350%2C200 1x, https:\/\/i0.wp.com\/www.grieta.org.mx\/wp-content\/uploads\/2019\/10\/SEQ-e1570129211909.jpg?resize=525%2C300 1.5x, https:\/\/i0.wp.com\/www.grieta.org.mx\/wp-content\/uploads\/2019\/10\/SEQ-e1570129211909.jpg?resize=700%2C400 2x"},"classes":[]},{"id":54288,"url":"http:\/\/www.grieta.org.mx\/index.php\/2020\/10\/14\/maestros-de-quintana-roo-protestan-por-incumplimiento-de-contratos\/","url_meta":{"origin":67985,"position":1},"title":"Maestros de Quintana Roo protestan por incumplimiento de contratos","author":"grieta","date":"14 octubre, 2020","format":false,"excerpt":"Jos\u00e9 Ramos \/ Por Esto! Alrededor de 70 trabajadores de la educaci\u00f3n se manifestaron este mi\u00e9rcoles en las instalaciones de la Secretar\u00eda de Educaci\u00f3n en Quintana Roo (SEQ), para exigir que se les cumpla con el contrato firmado dentro del programa Escuelas de Tiempo Completo. Jorge Humberto Guerrero Sosa, docente\u2026","rel":"","context":"En &quot;CINTILLO&quot;","block_context":{"text":"CINTILLO","link":"http:\/\/www.grieta.org.mx\/index.php\/category\/cintillo\/"},"img":{"alt_text":"","src":"https:\/\/i0.wp.com\/www.grieta.org.mx\/wp-content\/uploads\/2020\/10\/TiempoCompleto.png?resize=350%2C200","width":350,"height":200,"srcset":"https:\/\/i0.wp.com\/www.grieta.org.mx\/wp-content\/uploads\/2020\/10\/TiempoCompleto.png?resize=350%2C200 1x, https:\/\/i0.wp.com\/www.grieta.org.mx\/wp-content\/uploads\/2020\/10\/TiempoCompleto.png?resize=525%2C300 1.5x"},"classes":[]},{"id":66892,"url":"http:\/\/www.grieta.org.mx\/index.php\/2023\/05\/04\/no-a-la-incorporacion-de-la-educacion-indigena-al-inpi-realizan-maestros-marcha-de-rechazo-y-exigencia-d-permanecer-dentro-de-la-atencion-de-la-sep-quintana-roo\/","url_meta":{"origin":67985,"position":2},"title":"No a la incorporaci\u00f3n de la educaci\u00f3n ind\u00edgena al  INPI: Realizan maestros marcha de rechazo y exigencia d permanecer dentro de la atenci\u00f3n de la SEP (Quintana Roo)","author":"grieta","date":"4 mayo, 2023","format":false,"excerpt":"Rafael Brice\u00f1o \/ Noticaribe FELIPE CARRILLO PUERTO, MX. \u2013 Tras la propuesta federal de incorporar la educaci\u00f3n ind\u00edgena al Instituto Nacional de Pueblos Ind\u00edgenas (INPI), maestros realizaron una marcha de protesta para manifestar su rechazo al considerarlo un retroceso y exigir permanecer dentro de la Secretar\u00eda de Educaci\u00f3n P\u00fablica (SEP).\u2026","rel":"","context":"En &quot;CINTILLO&quot;","block_context":{"text":"CINTILLO","link":"http:\/\/www.grieta.org.mx\/index.php\/category\/cintillo\/"},"img":{"alt_text":"","src":"https:\/\/i0.wp.com\/www.grieta.org.mx\/wp-content\/uploads\/2023\/05\/EducacionIndigena-e1683302013245.jpg?resize=350%2C200","width":350,"height":200,"srcset":"https:\/\/i0.wp.com\/www.grieta.org.mx\/wp-content\/uploads\/2023\/05\/EducacionIndigena-e1683302013245.jpg?resize=350%2C200 1x, https:\/\/i0.wp.com\/www.grieta.org.mx\/wp-content\/uploads\/2023\/05\/EducacionIndigena-e1683302013245.jpg?resize=525%2C300 1.5x, https:\/\/i0.wp.com\/www.grieta.org.mx\/wp-content\/uploads\/2023\/05\/EducacionIndigena-e1683302013245.jpg?resize=700%2C400 2x"},"classes":[]},{"id":68736,"url":"http:\/\/www.grieta.org.mx\/index.php\/2024\/03\/19\/advierten-maestros-de-quintana-roo-paro-de-labores\/","url_meta":{"origin":67985,"position":3},"title":"Advierten maestros de Quintana Roo paro de labores","author":"grieta","date":"19 marzo, 2024","format":false,"excerpt":"Manuel S\u00e1nchez \/ Quadrat\u00edn Quintana Roo CANC\u00daN, QRoo, 19 de marzo de 2024.- Por descuentos aplicados no reintegrados a sus n\u00f3minas el 15 de marzo, maestros y agremiados a la secci\u00f3n 25 del Sindicato Nacional de los Trabajadores de la Educaci\u00f3n, advirtieron un paro de labores si la Secretar\u00eda de\u2026","rel":"","context":"En &quot;CINTILLO&quot;","block_context":{"text":"CINTILLO","link":"http:\/\/www.grieta.org.mx\/index.php\/category\/cintillo\/"},"img":{"alt_text":"","src":"https:\/\/i0.wp.com\/www.grieta.org.mx\/wp-content\/uploads\/2024\/04\/Maestros-e1712171334685.jpg?resize=350%2C200","width":350,"height":200,"srcset":"https:\/\/i0.wp.com\/www.grieta.org.mx\/wp-content\/uploads\/2024\/04\/Maestros-e1712171334685.jpg?resize=350%2C200 1x, https:\/\/i0.wp.com\/www.grieta.org.mx\/wp-content\/uploads\/2024\/04\/Maestros-e1712171334685.jpg?resize=525%2C300 1.5x, https:\/\/i0.wp.com\/www.grieta.org.mx\/wp-content\/uploads\/2024\/04\/Maestros-e1712171334685.jpg?resize=700%2C400 2x"},"classes":[]},{"id":56131,"url":"http:\/\/www.grieta.org.mx\/index.php\/2021\/01\/05\/denuncian-maestros-a-la-secretaria-de-educacion-de-quintana-roo\/","url_meta":{"origin":67985,"position":4},"title":"Denuncian maestros a la Secretar\u00eda de educaci\u00f3n de Quintana Roo","author":"grieta","date":"5 enero, 2021","format":false,"excerpt":"Rafael Brise\u00f1o\/Quadrat\u00edn Quintana Roo OTH\u00d3N POMPEYO BLANCO, QRoo, 5 de enero de 2021.- Ante el incumplimiento de la Secretar\u00eda de educaci\u00f3n en Quintana Roo (SEQ) para cubrir el pago correspondiente al segundo semestre del 2020 del programa de escuelas de tiempo completo, la entrega irregular de plazas y despidos injustificados,\u2026","rel":"","context":"En &quot;CINTILLO&quot;","block_context":{"text":"CINTILLO","link":"http:\/\/www.grieta.org.mx\/index.php\/category\/cintillo\/"},"img":{"alt_text":"","src":"https:\/\/i0.wp.com\/www.grieta.org.mx\/wp-content\/uploads\/2021\/01\/MaestrosQroo-e1609956170934.jpg?resize=350%2C200","width":350,"height":200,"srcset":"https:\/\/i0.wp.com\/www.grieta.org.mx\/wp-content\/uploads\/2021\/01\/MaestrosQroo-e1609956170934.jpg?resize=350%2C200 1x, https:\/\/i0.wp.com\/www.grieta.org.mx\/wp-content\/uploads\/2021\/01\/MaestrosQroo-e1609956170934.jpg?resize=525%2C300 1.5x, https:\/\/i0.wp.com\/www.grieta.org.mx\/wp-content\/uploads\/2021\/01\/MaestrosQroo-e1609956170934.jpg?resize=700%2C400 2x"},"classes":[]},{"id":57289,"url":"http:\/\/www.grieta.org.mx\/index.php\/2021\/03\/01\/maestros-de-chetumal-denuncian-incumplimiento-en-proceso-de-asignacion-de-plazas-quintana-roo\/","url_meta":{"origin":67985,"position":5},"title":"Maestros de Chetumal denuncian incumplimiento en proceso de asignaci\u00f3n de plazas (Quintana Roo)","author":"grieta","date":"1 marzo, 2021","format":false,"excerpt":"Jos\u00e9 Ramos \/ PorEsto! La SEP no ha dado a conocer los criterios de este proceso a los docentes que presentaron examen de asignaci\u00f3n para nivel b\u00e1sico Maestros integrantes del Frente de Admisi\u00f3n Magisterial Definitiva (FAMD) en Chetumal manifestaron su inconformidad ante el incumplimiento en el proceso de asignaci\u00f3n de\u2026","rel":"","context":"En &quot;CINTILLO&quot;","block_context":{"text":"CINTILLO","link":"http:\/\/www.grieta.org.mx\/index.php\/category\/cintillo\/"},"img":{"alt_text":"","src":"https:\/\/i0.wp.com\/www.grieta.org.mx\/wp-content\/uploads\/2021\/03\/MaestrosChetumal-e1614803617703.png?resize=350%2C200","width":350,"height":200,"srcset":"https:\/\/i0.wp.com\/www.grieta.org.mx\/wp-content\/uploads\/2021\/03\/MaestrosChetumal-e1614803617703.png?resize=350%2C200 1x, https:\/\/i0.wp.com\/www.grieta.org.mx\/wp-content\/uploads\/2021\/03\/MaestrosChetumal-e1614803617703.png?resize=525%2C300 1.5x, https:\/\/i0.wp.com\/www.grieta.org.mx\/wp-content\/uploads\/2021\/03\/MaestrosChetumal-e1614803617703.png?resize=700%2C400 2x"},"classes":[]}],"_links":{"self":[{"href":"http:\/\/www.grieta.org.mx\/index.php\/wp-json\/wp\/v2\/posts\/67985","targetHints":{"allow":["GET"]}}],"collection":[{"href":"http:\/\/www.grieta.org.mx\/index.php\/wp-json\/wp\/v2\/posts"}],"about":[{"href":"http:\/\/www.grieta.org.mx\/index.php\/wp-json\/wp\/v2\/types\/post"}],"author":[{"embeddable":true,"href":"http:\/\/www.grieta.org.mx\/index.php\/wp-json\/wp\/v2\/users\/2"}],"replies":[{"embeddable":true,"href":"http:\/\/www.grieta.org.mx\/index.php\/wp-json\/wp\/v2\/comments?post=67985"}],"version-history":[{"count":1,"href":"http:\/\/www.grieta.org.mx\/index.php\/wp-json\/wp\/v2\/posts\/67985\/revisions"}],"predecessor-version":[{"id":67987,"href":"http:\/\/www.grieta.org.mx\/index.php\/wp-json\/wp\/v2\/posts\/67985\/revisions\/67987"}],"wp:featuredmedia":[{"embeddable":true,"href":"http:\/\/www.grieta.org.mx\/index.php\/wp-json\/wp\/v2\/media\/67986"}],"wp:attachment":[{"href":"http:\/\/www.grieta.org.mx\/index.php\/wp-json\/wp\/v2\/media?parent=67985"}],"wp:term":[{"taxonomy":"category","embeddable":true,"href":"http:\/\/www.grieta.org.mx\/index.php\/wp-json\/wp\/v2\/categories?post=67985"},{"taxonomy":"post_tag","embeddable":true,"href":"http:\/\/www.grieta.org.mx\/index.php\/wp-json\/wp\/v2\/tags?post=67985"}],"curies":[{"name":"wp","href":"https:\/\/api.w.org\/{rel}","templated":true}]}}