{"id":67975,"date":"2023-07-18T19:50:02","date_gmt":"2023-07-19T01:50:02","guid":{"rendered":"https:\/\/www.grieta.org.mx\/?p=67975"},"modified":"2023-10-22T21:42:35","modified_gmt":"2023-10-23T03:42:35","slug":"agrupaciones-protestan-contra-explotacion-del-cerro-del-gallo-en-dolores-hidalgo-por-minera-canadiense-guanajuato","status":"publish","type":"post","link":"http:\/\/www.grieta.org.mx\/index.php\/2023\/07\/18\/agrupaciones-protestan-contra-explotacion-del-cerro-del-gallo-en-dolores-hidalgo-por-minera-canadiense-guanajuato\/","title":{"rendered":"Agrupaciones protestan contra explotaci\u00f3n del cerro del Gallo en Dolores Hidalgo por minera canadiense (Guanajuato)"},"content":{"rendered":"<p>Roberto L\u00f3pez Martes, Peri\u00f3dico Correo, 18 Julio, 2023<\/p>\n<p>Dolores Hidalgo, Guanajuato.- A prop\u00f3sito del d\u00eda mundial contra la miner\u00eda a cielo abierto, el pr\u00f3ximo 22 de julio, tres agrupaciones se reunieron para dar a conocer que se mantienen en lucha contra la explotaci\u00f3n del cerro del Gallo, en San Ant\u00f3n de las Minas, por parte de la canadiense Argonaut Gold. La Red de Redes integra a estas agrupaciones, quienes realizar\u00e1n un foro p\u00fablico el pr\u00f3ximo s\u00e1bado en la plaza principal.<\/p>\n<p>La Red de redes est\u00e1 integrada por diversas agrupaciones conectadas a las 4 organizaciones: Movimiento Social Contra la Miner\u00eda Abierta y el Extractivismo del Agua en la Cuenca de la independencia, la Red Agua Vida, la Hermandad de la Cuenca y la Coalici\u00f3n en Defensa de la Cuenca de la Independencia.<\/p>\n<figure id=\"attachment_67977\" aria-describedby=\"caption-attachment-67977\" style=\"width: 750px\" class=\"wp-caption alignnone\"><img loading=\"lazy\" decoding=\"async\" data-attachment-id=\"67977\" data-permalink=\"http:\/\/www.grieta.org.mx\/index.php\/2023\/07\/18\/agrupaciones-protestan-contra-explotacion-del-cerro-del-gallo-en-dolores-hidalgo-por-minera-canadiense-guanajuato\/mineros-1-294617038\/\" data-orig-file=\"http:\/\/www.grieta.org.mx\/wp-content\/uploads\/2023\/10\/mineros-1-294617038.jpg\" data-orig-size=\"1280,797\" data-comments-opened=\"0\" data-image-meta=\"{&quot;aperture&quot;:&quot;0&quot;,&quot;credit&quot;:&quot;&quot;,&quot;camera&quot;:&quot;&quot;,&quot;caption&quot;:&quot;&quot;,&quot;created_timestamp&quot;:&quot;0&quot;,&quot;copyright&quot;:&quot;&quot;,&quot;focal_length&quot;:&quot;0&quot;,&quot;iso&quot;:&quot;0&quot;,&quot;shutter_speed&quot;:&quot;0&quot;,&quot;title&quot;:&quot;&quot;,&quot;orientation&quot;:&quot;0&quot;}\" data-image-title=\"mineros-1-294617038\" data-image-description=\"\" data-image-caption=\"&lt;p&gt;Denuncian explotaci\u00f3n del cerro del Gallo, en San Ant\u00f3n de las Minas. Foto: Roberto L\u00f3pez &lt;\/p&gt;\n\" data-medium-file=\"http:\/\/www.grieta.org.mx\/wp-content\/uploads\/2023\/10\/mineros-1-294617038-300x187.jpg\" data-large-file=\"http:\/\/www.grieta.org.mx\/wp-content\/uploads\/2023\/10\/mineros-1-294617038-1024x638.jpg\" class=\"wp-image-67977\" src=\"http:\/\/www.grieta.org.mx\/wp-content\/uploads\/2023\/10\/mineros-1-294617038.jpg\" alt=\"\" width=\"750\" height=\"467\" srcset=\"http:\/\/www.grieta.org.mx\/wp-content\/uploads\/2023\/10\/mineros-1-294617038.jpg 1280w, http:\/\/www.grieta.org.mx\/wp-content\/uploads\/2023\/10\/mineros-1-294617038-300x187.jpg 300w, http:\/\/www.grieta.org.mx\/wp-content\/uploads\/2023\/10\/mineros-1-294617038-1024x638.jpg 1024w, http:\/\/www.grieta.org.mx\/wp-content\/uploads\/2023\/10\/mineros-1-294617038-768x478.jpg 768w\" sizes=\"auto, (max-width: 750px) 100vw, 750px\" \/><figcaption id=\"caption-attachment-67977\" class=\"wp-caption-text\">Denuncian explotaci\u00f3n del cerro del Gallo, en San Ant\u00f3n de las Minas. Foto: Roberto L\u00f3pez<\/figcaption><\/figure>\n<p>El padre Juan Carlos Ceati, coordinador de la pastoral campesina en la di\u00f3cesis de Celaya, dijo que la miner\u00eda a cielo abierto es una actividad propia de grandes empresas nacionales y extranjeras, que quieren extraer minerales como oro, plata o cobre.<\/p>\n<blockquote><p><em><br \/>\n\u201cPara ello, mienten a la poblaci\u00f3n, dinamitan la tierra, generan enormes cr\u00e1teres de m\u00e1s de un kil\u00f3metro de di\u00e1metro y medio kil\u00f3metro de profundidad, en donde grandes excavadoras extraen toneladas de rocas y tierra, que depositan en la superficie, para rociarlas con una mezcla de cianuro s\u00f3dico y agua, d\u00eda y noche, durante muchos meses, para separar las part\u00edculas de oro, plata o cobre que tienen las rocas\u201d.<\/em><\/p><\/blockquote>\n<p>Dijo que hoy en d\u00eda, m\u00e1s de 20 comunidades y hasta la misma cabecera municipal de Dolores, est\u00e1n en riesgo de que el proyecto minero Cerro del Gallo, propiedad de la empresa canadiense Argonaut Gold, ubicado en San Ant\u00f3n de las Minas, sea aprobado por el gobierno municipal y el federal.<\/p>\n<p><em> \u201cEste tipo de miner\u00eda genera una terrible destrucci\u00f3n del medio ambiente, porque contamina el aire, el agua y el suelo, sin dejar nada bueno a la poblaci\u00f3n que vive y trabaja en las comunidades cercanas. Adem\u00e1s de los da\u00f1os ambientales, este proyecto minero es un gran acaparador de agua, pues concentra 8 concesiones de agua, con permiso para extraer 1.4 millones de metros c\u00fabicos, en una regi\u00f3n donde las comunidades les falta el agua y un acu\u00edfero subterr\u00e1neo sobreexplotado\u201d.<\/em><\/p>\n<blockquote><p>Dio a conocer que ciudadanos mexicanos y canadienses, establecieron en 2009 el d\u00eda mundial contra miner\u00eda a cielo abierto o megaminer\u00eda, para protestar contra el desastre y hacerlo visible.<\/p>\n<p>Anunci\u00f3 que en este 2023, agrupaciones de la sociedad civil, en conjunto con las comunidades campesinas se unieron en la Red de Redes para organizar un foro p\u00fablico, el d\u00eda 22 de julio del 2023, de 11:00 a las 13:00 horas, en el jard\u00edn principal de Dolores Hidalgo, con la presencia de la Dra. Violeta N\u00fa\u00f1ez, quien hablar\u00e1 sobre la reciente propuesta de reforma a la ley minera.<\/p>\n<p>Tambi\u00e9n estar\u00e1 una persona desplazada por la miner\u00eda y el crimen organizado en el Estado de Guerrero, as\u00ed como una persona habitante de las comunidades afectadas por el proyecto minero Cerro del Gallo y una persona habitante de las comunidades de la CODECIN.<\/p>\n<p><a href=\"https:\/\/periodicocorreo.com.mx\/municipios\/agrupaciones-protestan-contra-explotacion-del-cerro-del-gallo-en-dolores-hidalgo-por-minera-canadiense-20230718-77907.html?utm_source=pocket_saves\">https:\/\/periodicocorreo.com.mx\/municipios\/agrupaciones-protestan-contra-explotacion-del-cerro-del-gallo-en-dolores-hidalgo-por-minera-canadiense-20230718-77907.html?utm_source=pocket_saves<\/a><\/p><\/blockquote>\n","protected":false},"excerpt":{"rendered":"<p>Roberto L\u00f3pez Martes, Peri\u00f3dico Correo, 18 Julio, 2023 Dolores Hidalgo, Guanajuato.- A prop\u00f3sito del d\u00eda mundial contra la miner\u00eda a cielo abierto, el pr\u00f3ximo 22 de julio, tres agrupaciones se &hellip; <a href=\"http:\/\/www.grieta.org.mx\/index.php\/2023\/07\/18\/agrupaciones-protestan-contra-explotacion-del-cerro-del-gallo-en-dolores-hidalgo-por-minera-canadiense-guanajuato\/\" class=\"more-link\">Leer m\u00e1s<\/a><\/p>\n","protected":false},"author":2,"featured_media":67976,"comment_status":"closed","ping_status":"closed","sticky":false,"template":"","format":"standard","meta":{"ngg_post_thumbnail":0,"_jetpack_newsletter_access":"","_jetpack_dont_email_post_to_subs":false,"_jetpack_newsletter_tier_id":0,"_jetpack_memberships_contains_paywalled_content":false,"_jetpack_memberships_contains_paid_content":false,"footnotes":""},"categories":[80,2739,17,2,2751,2910],"tags":[2216,393,394,3149,874,2741],"class_list":["post-67975","post","type-post","status-publish","format-standard","has-post-thumbnail","hentry","category-cintillo","category-conflictos-por-mineria-en-guanajuato","category-guanajuato","category-noticias-nacionales","category-resistencia-contra-mineras-en-guanajuato","category-resistencias-en-guanajuato","tag-conflictos-por-mineria","tag-contaminacion-del-agua","tag-contaminacion-por-mineria","tag-lucha-contra-mineras","tag-mineras-canadienses","tag-protestas-contra-contaminacion-de-mineras","entry"],"jetpack_featured_media_url":"http:\/\/www.grieta.org.mx\/wp-content\/uploads\/2023\/10\/cerro-610432957.jpg","jetpack_sharing_enabled":true,"jetpack_shortlink":"https:\/\/wp.me\/p7ZJR4-hGn","jetpack_likes_enabled":false,"jetpack-related-posts":[{"id":52689,"url":"http:\/\/www.grieta.org.mx\/index.php\/2020\/07\/22\/manifestacion-virtual-no-a-la-mina-en-dolores-hidalgo-guanajuato\/","url_meta":{"origin":67975,"position":0},"title":"Manifestaci\u00f3n Virtual \u201cNo a la Mina\u201d En Dolores Hidalgo  (Guanajuato)","author":"grieta","date":"22 julio, 2020","format":false,"excerpt":"En conmemoraci\u00f3n del \u201cDia Mundial Contra la Miner\u00eda a Cielo Abierto\u201d, activistas se manifestaron virtualmente para reiterar su inconformidad por la pretensi\u00f3n de explotaci\u00f3n que tiene la minera canadiense Argonaut Gold, sobre la mina en el Cerro Del Gallo, en la comunidad de San Ant\u00f3n de las minas, en Dolores\u2026","rel":"","context":"En &quot;CINTILLO&quot;","block_context":{"text":"CINTILLO","link":"http:\/\/www.grieta.org.mx\/index.php\/category\/cintillo\/"},"img":{"alt_text":"","src":"https:\/\/i0.wp.com\/www.grieta.org.mx\/wp-content\/uploads\/2020\/08\/0p.jpg?resize=350%2C200","width":350,"height":200,"srcset":"https:\/\/i0.wp.com\/www.grieta.org.mx\/wp-content\/uploads\/2020\/08\/0p.jpg?resize=350%2C200 1x, https:\/\/i0.wp.com\/www.grieta.org.mx\/wp-content\/uploads\/2020\/08\/0p.jpg?resize=525%2C300 1.5x, https:\/\/i0.wp.com\/www.grieta.org.mx\/wp-content\/uploads\/2020\/08\/0p.jpg?resize=700%2C400 2x, https:\/\/i0.wp.com\/www.grieta.org.mx\/wp-content\/uploads\/2020\/08\/0p.jpg?resize=1050%2C600 3x"},"classes":[]},{"id":41521,"url":"http:\/\/www.grieta.org.mx\/index.php\/2019\/11\/24\/advierten-crisis-hidrica-en-dolores-hidalgo-si-se-explota-mina-en-el-cerro-del-gallo-guanajuato\/","url_meta":{"origin":67975,"position":1},"title":"Advierten crisis h\u00eddrica en Dolores Hidalgo si se explota mina en el Cerro del Gallo (Guanajuato","author":"grieta","date":"24 noviembre, 2019","format":false,"excerpt":"En el conversatorio \u201cAgua y miner\u00eda\u201d realizado la tarde de este s\u00e1bado en el Museo Bicentenario, se habl\u00f3 sobre el problema existente del agua en la Cuenca de la Independencia, as\u00ed como aun la gran afectaci\u00f3n que sufrir\u00edan los pobladores si se llega a implementar la explotaci\u00f3n de la mina\u2026","rel":"","context":"En &quot;CINTILLO&quot;","block_context":{"text":"CINTILLO","link":"http:\/\/www.grieta.org.mx\/index.php\/category\/cintillo\/"},"img":{"alt_text":"","src":"https:\/\/i0.wp.com\/www.grieta.org.mx\/wp-content\/uploads\/2019\/11\/cerritodelgallo2-focus-0-0-983-557.jpg?resize=350%2C200","width":350,"height":200,"srcset":"https:\/\/i0.wp.com\/www.grieta.org.mx\/wp-content\/uploads\/2019\/11\/cerritodelgallo2-focus-0-0-983-557.jpg?resize=350%2C200 1x, https:\/\/i0.wp.com\/www.grieta.org.mx\/wp-content\/uploads\/2019\/11\/cerritodelgallo2-focus-0-0-983-557.jpg?resize=525%2C300 1.5x, https:\/\/i0.wp.com\/www.grieta.org.mx\/wp-content\/uploads\/2019\/11\/cerritodelgallo2-focus-0-0-983-557.jpg?resize=700%2C400 2x"},"classes":[]},{"id":41518,"url":"http:\/\/www.grieta.org.mx\/index.php\/2019\/11\/21\/preparan-conversatorio-en-dolores-hidalgo-agua-y-mineria-guanajuato\/","url_meta":{"origin":67975,"position":2},"title":"Preparan conversatorio en Dolores Hidalgo \u201cAgua y Miner\u00eda\u201d (Guanajuato)","author":"grieta","date":"21 noviembre, 2019","format":false,"excerpt":"La Coalici\u00f3n en Defensa de la Cuenca de la Independencia CODECIN, Centro de Desarrollo Agropecuario A.C. CEDESA y el Colectivo Guardianes de la Cuenca convocan al conversatorio \u201cAgua y Miner\u00eda\u201d este s\u00e1bado 23 de Noviembre en el museo Bicentenario. Zona Franca, 21 de noviembre de 2019 Dolores Hidalgo Gto. Activistas\u2026","rel":"","context":"En &quot;CINTILLO&quot;","block_context":{"text":"CINTILLO","link":"http:\/\/www.grieta.org.mx\/index.php\/category\/cintillo\/"},"img":{"alt_text":"","src":"https:\/\/i0.wp.com\/www.grieta.org.mx\/wp-content\/uploads\/2019\/11\/h0.jpeg?resize=350%2C200","width":350,"height":200,"srcset":"https:\/\/i0.wp.com\/www.grieta.org.mx\/wp-content\/uploads\/2019\/11\/h0.jpeg?resize=350%2C200 1x, https:\/\/i0.wp.com\/www.grieta.org.mx\/wp-content\/uploads\/2019\/11\/h0.jpeg?resize=525%2C300 1.5x, https:\/\/i0.wp.com\/www.grieta.org.mx\/wp-content\/uploads\/2019\/11\/h0.jpeg?resize=700%2C400 2x"},"classes":[]},{"id":39256,"url":"http:\/\/www.grieta.org.mx\/index.php\/2019\/08\/02\/activistas-recolectaran-firmas-contra-el-proyecto-minero-en-cerro-del-gallo-guanajuato\/","url_meta":{"origin":67975,"position":3},"title":"Activistas recolectar\u00e1n firmas contra el proyecto minero en Cerro del Gallo (Guanajuato)","author":"grieta","date":"2 agosto, 2019","format":false,"excerpt":"Organizaciones civiles comunales; refirieron sobre las expectativas sobresalientes con respecto a la marcha de inconformidad contra la intenci\u00f3n de hacer miner\u00eda abierta en el Cerro del Gallo. Anuncian nuevas estrategias. Por Roberto Guti\u00e9rrez Torres \/Zona Franca, 2 de agosto de 2019 Dolores Hidalgo, Gto. Defender el territorio, cuidar el agua\u2026","rel":"","context":"En &quot;CINTILLO&quot;","block_context":{"text":"CINTILLO","link":"http:\/\/www.grieta.org.mx\/index.php\/category\/cintillo\/"},"img":{"alt_text":"","src":"https:\/\/i0.wp.com\/www.grieta.org.mx\/wp-content\/uploads\/2019\/09\/photo_2019-07-21_11-29-34.jpg?resize=350%2C200","width":350,"height":200,"srcset":"https:\/\/i0.wp.com\/www.grieta.org.mx\/wp-content\/uploads\/2019\/09\/photo_2019-07-21_11-29-34.jpg?resize=350%2C200 1x, https:\/\/i0.wp.com\/www.grieta.org.mx\/wp-content\/uploads\/2019\/09\/photo_2019-07-21_11-29-34.jpg?resize=525%2C300 1.5x, https:\/\/i0.wp.com\/www.grieta.org.mx\/wp-content\/uploads\/2019\/09\/photo_2019-07-21_11-29-34.jpg?resize=700%2C400 2x"},"classes":[]},{"id":62877,"url":"http:\/\/www.grieta.org.mx\/index.php\/2021\/11\/10\/con-marcha-retoman-lucha-contra-mina-a-cielo-abierto-en-dolores-hidalgo-guanajuato\/","url_meta":{"origin":67975,"position":4},"title":"Con marcha, retoman lucha contra mina a cielo abierto en Dolores Hidalgo (Guanajuato)","author":"grieta","date":"10 noviembre, 2021","format":false,"excerpt":"por Alfonsina Avila noviembre 10, 2021, Zona Franca Guanajuato. Organizaciones y ciudadanos convocan a una manifestaci\u00f3n para el 21 de noviembre para defender el territorio y evitar la instalaci\u00f3n de una mina a cielo abierto en el Cerro del Gallo, en Dolores Hidalgo, por parte de la empresa canadiense Argonaut\u2026","rel":"","context":"En &quot;CINTILLO&quot;","block_context":{"text":"CINTILLO","link":"http:\/\/www.grieta.org.mx\/index.php\/category\/cintillo\/"},"img":{"alt_text":"","src":"https:\/\/i0.wp.com\/www.grieta.org.mx\/wp-content\/uploads\/2021\/11\/unnamed-3-5.png?resize=350%2C200","width":350,"height":200},"classes":[]},{"id":63202,"url":"http:\/\/www.grieta.org.mx\/index.php\/2021\/12\/07\/niega-semarnat-permiso-para-explotar-mina-en-dolores-hidalgo-guanajuato\/","url_meta":{"origin":67975,"position":5},"title":"Niega Semarnat permiso para explotar mina en Dolores Hidalgo (Guanajuato)","author":"grieta","date":"7 diciembre, 2021","format":false,"excerpt":"OSCAR REYES. EL SOL DEL BAJ\u00cdO, 07 de diciembre 2021 Celebran integrantes de la Red Mexicana de Afectados por la Miner\u00eda resolutivo federal. IRAPUATO, Guanajuato. (OEM-Informex). Es oficial: la mina canadiense Argonaut Gold no podr\u00e1 realizar ning\u00fan tipo de explotaci\u00f3n en el Cerro del Gallo, en Dolores Hidalgo, pues la\u2026","rel":"","context":"En &quot;CINTILLO&quot;","block_context":{"text":"CINTILLO","link":"http:\/\/www.grieta.org.mx\/index.php\/category\/cintillo\/"},"img":{"alt_text":"","src":"https:\/\/i0.wp.com\/www.grieta.org.mx\/wp-content\/uploads\/2022\/01\/En-todo-momento-660x330-1.jpg?resize=350%2C200","width":350,"height":200,"srcset":"https:\/\/i0.wp.com\/www.grieta.org.mx\/wp-content\/uploads\/2022\/01\/En-todo-momento-660x330-1.jpg?resize=350%2C200 1x, https:\/\/i0.wp.com\/www.grieta.org.mx\/wp-content\/uploads\/2022\/01\/En-todo-momento-660x330-1.jpg?resize=525%2C300 1.5x"},"classes":[]}],"_links":{"self":[{"href":"http:\/\/www.grieta.org.mx\/index.php\/wp-json\/wp\/v2\/posts\/67975","targetHints":{"allow":["GET"]}}],"collection":[{"href":"http:\/\/www.grieta.org.mx\/index.php\/wp-json\/wp\/v2\/posts"}],"about":[{"href":"http:\/\/www.grieta.org.mx\/index.php\/wp-json\/wp\/v2\/types\/post"}],"author":[{"embeddable":true,"href":"http:\/\/www.grieta.org.mx\/index.php\/wp-json\/wp\/v2\/users\/2"}],"replies":[{"embeddable":true,"href":"http:\/\/www.grieta.org.mx\/index.php\/wp-json\/wp\/v2\/comments?post=67975"}],"version-history":[{"count":1,"href":"http:\/\/www.grieta.org.mx\/index.php\/wp-json\/wp\/v2\/posts\/67975\/revisions"}],"predecessor-version":[{"id":67978,"href":"http:\/\/www.grieta.org.mx\/index.php\/wp-json\/wp\/v2\/posts\/67975\/revisions\/67978"}],"wp:featuredmedia":[{"embeddable":true,"href":"http:\/\/www.grieta.org.mx\/index.php\/wp-json\/wp\/v2\/media\/67976"}],"wp:attachment":[{"href":"http:\/\/www.grieta.org.mx\/index.php\/wp-json\/wp\/v2\/media?parent=67975"}],"wp:term":[{"taxonomy":"category","embeddable":true,"href":"http:\/\/www.grieta.org.mx\/index.php\/wp-json\/wp\/v2\/categories?post=67975"},{"taxonomy":"post_tag","embeddable":true,"href":"http:\/\/www.grieta.org.mx\/index.php\/wp-json\/wp\/v2\/tags?post=67975"}],"curies":[{"name":"wp","href":"https:\/\/api.w.org\/{rel}","templated":true}]}}