{"id":67923,"date":"2023-10-14T11:41:34","date_gmt":"2023-10-14T17:41:34","guid":{"rendered":"https:\/\/www.grieta.org.mx\/?p=67923"},"modified":"2023-10-15T11:55:45","modified_gmt":"2023-10-15T17:55:45","slug":"califican-de-neocolonialista-al-gobierno-de-salomon-jara-por-vender-el-istmo-a-estados-unidos","status":"publish","type":"post","link":"http:\/\/www.grieta.org.mx\/index.php\/2023\/10\/14\/califican-de-neocolonialista-al-gobierno-de-salomon-jara-por-vender-el-istmo-a-estados-unidos\/","title":{"rendered":"Califican de \u00abneocolonialista\u00bb al gobierno de Salom\u00f3n Jara por vender el Istmo a Estados Unidos"},"content":{"rendered":"<p>Imagen:<\/p>\n<p>Pedro Mat\u00edas \/ Pagina3<\/p>\n<div dir=\"ltr\" data-setdir=\"false\">OAXACA, Oax. (<span dir=\"ltr\">pagina3.mx<\/span>).- \u201cFuera Estados Unidos de Oaxaca\u201d y \u201cEl Sur Resiste\u201d, fueron las frases que resonaron en el pronunciamiento del Frente de Organizaciones Oaxaque\u00f1as (FORO) al cuestionar al gobierno de la \u201cPrimavera Oaxaque\u00f1a\u201d que encabeza Salom\u00f3n Jara Cruz.<\/div>\n<div dir=\"ltr\" data-setdir=\"false\">Se\u00f1alaron que mantiene una constante campa\u00f1a medi\u00e1tica para imponer el Corredor Interoce\u00e1nico en el Istmo de Tehuantepec y entregarlo a empresas transnacionales.<\/div>\n<div dir=\"ltr\" data-setdir=\"false\"><\/div>\n<div dir=\"ltr\" data-setdir=\"false\">Adem\u00e1s, acusaron al gobierno morenista de ser parte de la \u201cneocolonizaci\u00f3n\u201d y de prestarse\u00a0 al \u201creordenamiento del Sur-Sureste\u201d que favorece a los Estados Unidos al pretender imponer una segunda frontera en el Istmo de Tehuantepec.<\/div>\n<div dir=\"ltr\" data-setdir=\"false\"><\/div>\n<div dir=\"ltr\" data-setdir=\"false\">Su preocupaci\u00f3n radica en que la \u201cPrimavera Oaxaque\u00f1a\u201d ha firmado la llamada \u201cIniciativa por Oaxaca\u201d, impulsada por Ken Salazar y el Consejo Coordinador Empresarial (CCE), bajo el amparo del gobernador del estado, Salom\u00f3n Jara Cruz, y presentado por \u00e9l mismo como \u201cAmigos por Oaxaca\u201d.<\/div>\n<div dir=\"ltr\" data-setdir=\"false\"><\/div>\n<div dir=\"ltr\" data-setdir=\"false\">El objetivo de los \u201cneoporfiristas\u201d consiste en entregar las riquezas naturales con las que cuenta Oaxaca al imperialismo norteamericano, como lo recalc\u00f3 Ken Salazar, concretar con el \u201cCorredor Interoce\u00e1nico, los puertos, los aeropuertos\u201d y dem\u00e1s infraestructura encaminada a la industrializaci\u00f3n, permitir\u00e1 que \u201cAm\u00e9rica del Norte sea la potencia econ\u00f3mica m\u00e1s grande del mundo\u201d.<\/div>\n<div dir=\"ltr\" data-setdir=\"false\"><\/div>\n<div dir=\"ltr\" data-setdir=\"false\">De ah\u00ed que el gobierno de Salom\u00f3n Jara mantenga una estrategia que busca invisibilizar el papel hist\u00f3rico de la sociedad civil y organizaciones sociales en la vida pol\u00edtica del estado, as\u00ed como vender la imagen de gobernabilidad y paz, para crear las condiciones necesarias que permitan la llegada de inversiones de las empresas transnacionales.<\/div>\n<div dir=\"ltr\" data-setdir=\"false\"><\/div>\n<div dir=\"ltr\" data-setdir=\"false\">Para reforzar su dicho, citaron las frases de este gobierno: \u201cHablamos, No Bloqueamos\u201d y los \u201cDelegados de Paz Social\u201d, cuando en realidad son la m\u00e1scara que pretende ocultar los graves conflictos sociales (gentrificaci\u00f3n, desplazamientos forzados) y ambientales (agua, basura, extractivismo), a la par, la violencia de los grupos del crimen organizado aumenta d\u00eda con d\u00eda, el narcoestado se desenmascara en Oaxaca.<\/div>\n<div dir=\"ltr\" data-setdir=\"false\"><\/div>\n<div dir=\"ltr\" data-setdir=\"false\">Consideran que \u201cel Istmo de Tehuantepec pretende ser el espacio f\u00edsico donde se movilice la econom\u00eda mundial de todos los continentes, controlado por los intereses econ\u00f3micos y militares de EEUU y sus aliados del Norte Global.<\/div>\n<div dir=\"ltr\" data-setdir=\"false\"><\/div>\n<div dir=\"ltr\" data-setdir=\"false\">Para ello, la destrucci\u00f3n ambiental, explotaci\u00f3n de los bienes naturales y la mano de obra barata es requerida, se producir\u00e1 una expropiaci\u00f3n socioecol\u00f3gica, donde las mercanc\u00edas a consumirse en el pa\u00eds destino estar\u00e1n cargadas de lo que a nosotros y nosotras nos ser\u00e1 arrebatado: agua, tierras, bosques, aire, etc.\u201d.<\/div>\n<p class=\"ydp278d7e08MsoNoSpacing\">Y es que con esta neocolonizaci\u00f3n, a la poblaci\u00f3n de la regi\u00f3n se les quitar\u00e1n o se les escasear\u00e1n estos servicios porque el Istmo ser\u00e1 la puerta al saqueo de Oaxaca y del Sur-sureste mexicano.<\/p>\n<p class=\"ydp278d7e08MsoNoSpacing\">\u201cAmigos por Oaxaca\u201d o \u201cIniciativa Oaxaca\u201d es un paso m\u00e1s de los mecanismos del Desarrollo Neoliberal que han sido implementados en la regi\u00f3n del Istmo de Tehuantepec desde el a\u00f1o 2018 y se ratific\u00f3 el pasado mes de septiembre.<\/p>\n<p><a href=\"https:\/\/pagina3.mx\/2023\/10\/califican-de-neocolonialista-al-gobierno-de-salomon-jara-por-vender-el-istmo-a-estados-unidos\/\">https:\/\/pagina3.mx\/2023\/10\/califican-de-neocolonialista-al-gobierno-de-salomon-jara-por-vender-el-istmo-a-estados-unidos\/<\/a><\/p>\n","protected":false},"excerpt":{"rendered":"<p>Imagen: Pedro Mat\u00edas \/ Pagina3 OAXACA, Oax. (pagina3.mx).- \u201cFuera Estados Unidos de Oaxaca\u201d y \u201cEl Sur Resiste\u201d, fueron las frases que resonaron en el pronunciamiento del Frente de Organizaciones Oaxaque\u00f1as &hellip; <a href=\"http:\/\/www.grieta.org.mx\/index.php\/2023\/10\/14\/califican-de-neocolonialista-al-gobierno-de-salomon-jara-por-vender-el-istmo-a-estados-unidos\/\" class=\"more-link\">Leer m\u00e1s<\/a><\/p>\n","protected":false},"author":2,"featured_media":67924,"comment_status":"closed","ping_status":"closed","sticky":false,"template":"","format":"standard","meta":{"ngg_post_thumbnail":0,"_jetpack_newsletter_access":"","_jetpack_dont_email_post_to_subs":false,"_jetpack_newsletter_tier_id":0,"_jetpack_memberships_contains_paywalled_content":false,"_jetpack_memberships_contains_paid_content":false,"footnotes":""},"categories":[80,1358,1708,1948,1278,3,922,941,2,25,83],"tags":[3614,3703,96,2528,3056],"class_list":["post-67923","post","type-post","status-publish","format-standard","has-post-thumbnail","hentry","category-cintillo","category-conflictos-por-megaproyectos-en-oaxaca","category-corredor-del-istmo-de-tehuantepec","category-corredor-transistmico","category-despojo-de-tierras-y-territorios","category-megaproyectos","category-megaproyectos-estados","category-mp-oaxaca","category-noticias-nacionales","category-oaxaca","category-temas-nacionales","tag-corredor-interoceanico","tag-lucha-contra-megapoyectos","tag-megaproyectos","tag-resistencia-contra-megaproyectos","tag-transistmico","entry"],"jetpack_featured_media_url":"http:\/\/www.grieta.org.mx\/wp-content\/uploads\/2023\/10\/IMG_6492.webp","jetpack_sharing_enabled":true,"jetpack_shortlink":"https:\/\/wp.me\/p7ZJR4-hFx","jetpack_likes_enabled":false,"jetpack-related-posts":[{"id":67028,"url":"http:\/\/www.grieta.org.mx\/index.php\/2023\/06\/15\/comunidad-indigena-binniza-de-puente-madera-detiene-polo-de-desarrollo-del-corredor-interoceanico-del-istmo-de-tehuantepec\/","url_meta":{"origin":67923,"position":0},"title":"Comunidad ind\u00edgena Binniza de Puente Madera detiene Polo de Desarrollo del Corredor Interoce\u00e1nico del Istmo de Tehuantepec (Oaxaca)","author":"grieta","date":"15 junio, 2023","format":false,"excerpt":"Imagen: P\u00e1gina 3 Pedro Mat\u00edas \/ P\u00e1gina 3 OAXACA, Oax. (pagina3.mx).- La comunidad ind\u00edgena Binniza de Puente Madera logr\u00f3 detener mediante un juicio de amparo el Polo de Desarrollo para el Bienestar en San Blas Atempa que pretende imponer el presidente Andr\u00e9s Manuel L\u00f3pez Obrador como parte del Corredor Interoce\u00e1nico\u2026","rel":"","context":"En &quot;5. Istmo&quot;","block_context":{"text":"5. Istmo","link":"http:\/\/www.grieta.org.mx\/index.php\/category\/espejos-de-la-resistencia\/5-istmo\/"},"img":{"alt_text":"","src":"https:\/\/i0.wp.com\/www.grieta.org.mx\/wp-content\/uploads\/2023\/06\/IMG_4332.webp?resize=350%2C200","width":350,"height":200,"srcset":"https:\/\/i0.wp.com\/www.grieta.org.mx\/wp-content\/uploads\/2023\/06\/IMG_4332.webp?resize=350%2C200 1x, https:\/\/i0.wp.com\/www.grieta.org.mx\/wp-content\/uploads\/2023\/06\/IMG_4332.webp?resize=525%2C300 1.5x"},"classes":[]},{"id":65997,"url":"http:\/\/www.grieta.org.mx\/index.php\/2022\/12\/14\/ven-en-el-interoceanico-proyecto-de-saqueo-y-despojo-apiidtt-15-anos-de-lucha-y-resistencia-por-la-vida-oaxaca\/","url_meta":{"origin":67923,"position":1},"title":"Ven en el Interoce\u00e1nico proyecto de saqueo y despojo, APIIDTT 15 a\u00f1os de lucha y resistencia por la vida (Oaxaca)","author":"grieta","date":"14 diciembre, 2022","format":false,"excerpt":"Imagen: Cortes\u00eda Gerardo Valdivieso Parada \/ NVINoticias SAN BLAS ATEMPA, Oaxaca.- Integrantes de la Asamblea de los Pueblos Ind\u00edgenas del Istmo en Defensa de la Tierra y el Territorio (APIIDTT) conmemoraron 15 a\u00f1os \u201cen este caminar de lucha y resistencia por la defensa de la vida, tierra y territorio\u201d. En\u2026","rel":"","context":"En &quot;5. Istmo&quot;","block_context":{"text":"5. Istmo","link":"http:\/\/www.grieta.org.mx\/index.php\/category\/espejos-de-la-resistencia\/5-istmo\/"},"img":{"alt_text":"","src":"https:\/\/i0.wp.com\/www.grieta.org.mx\/wp-content\/uploads\/2022\/12\/proyecto_interoceanico.webp?resize=350%2C200","width":350,"height":200,"srcset":"https:\/\/i0.wp.com\/www.grieta.org.mx\/wp-content\/uploads\/2022\/12\/proyecto_interoceanico.webp?resize=350%2C200 1x, https:\/\/i0.wp.com\/www.grieta.org.mx\/wp-content\/uploads\/2022\/12\/proyecto_interoceanico.webp?resize=525%2C300 1.5x, https:\/\/i0.wp.com\/www.grieta.org.mx\/wp-content\/uploads\/2022\/12\/proyecto_interoceanico.webp?resize=700%2C400 2x"},"classes":[]},{"id":65676,"url":"http:\/\/www.grieta.org.mx\/index.php\/2022\/10\/28\/matan-a-comunero-y-atentan-contra-dirigente-del-colectivo-sol-rojo-en-el-istmo-oaxaqueno-ambos-opositores-del-corredor-interoceanico-oaxaca\/","url_meta":{"origin":67923,"position":2},"title":"Matan a comunero y atentan contra dirigente del colectivo \u201cSol Rojo\u201d en el Istmo oaxaque\u00f1o ; ambos opositores del corredor interoce\u00e1nico (Oaxaca)","author":"grieta","date":"28 octubre, 2022","format":false,"excerpt":"Imagen: Especial Diana Manzo \/ Agencia de Noticias IstmoPress #Tehuantepec 28 Oct (#Istmopress) \u2013 Ayer por la noche, Jes\u00fas Manuel Garc\u00eda Mart\u00ednez, comunero zapoteca de la comunidad agraria de Santa Cruz Tagolaba conocido tambi\u00e9n como \u201cChu Pau\u201d, fue asesinado por un grupo de personas armadas, quienes interrumpieron su domicilio en\u2026","rel":"","context":"En &quot;CINTILLO&quot;","block_context":{"text":"CINTILLO","link":"http:\/\/www.grieta.org.mx\/index.php\/category\/cintillo\/"},"img":{"alt_text":"","src":"https:\/\/i0.wp.com\/www.grieta.org.mx\/wp-content\/uploads\/2022\/11\/BSZASRZZ5NG2DO2KEHU5OFYRNI.webp?resize=350%2C200","width":350,"height":200,"srcset":"https:\/\/i0.wp.com\/www.grieta.org.mx\/wp-content\/uploads\/2022\/11\/BSZASRZZ5NG2DO2KEHU5OFYRNI.webp?resize=350%2C200 1x, https:\/\/i0.wp.com\/www.grieta.org.mx\/wp-content\/uploads\/2022\/11\/BSZASRZZ5NG2DO2KEHU5OFYRNI.webp?resize=525%2C300 1.5x, https:\/\/i0.wp.com\/www.grieta.org.mx\/wp-content\/uploads\/2022\/11\/BSZASRZZ5NG2DO2KEHU5OFYRNI.webp?resize=700%2C400 2x"},"classes":[]},{"id":69944,"url":"http:\/\/www.grieta.org.mx\/index.php\/2024\/09\/26\/con-violencia-impiden-que-se-cancele-banco-petreo-que-opera-ilegalmente-para-el-fc-interoceanico-oaxaca\/","url_meta":{"origin":67923,"position":3},"title":"Con violencia impiden que se cancele banco p\u00e9treo que opera ilegalmente para el FC interoce\u00e1nico (Oaxaca)","author":"grieta","date":"26 septiembre, 2024","format":false,"excerpt":"Imagen: P\u00e1gina 3 Diana Manzon \/ P\u00e1gina 3 \u00a0Oaxaca, Oax.- La violencia contra defensores en\u00a0\u00a0Oaxaca\u00a0va en aumento, y es que hace 10 d\u00edas, el pasado 15 de agosto, un grupo de civiles armados violent\u00f3 a funcionarios de la Procuradur\u00eda de Protecci\u00f3n al Ambiente del Estado de Oaxaca (PROPAEO) y al\u2026","rel":"","context":"En &quot;CINTILLO&quot;","block_context":{"text":"CINTILLO","link":"http:\/\/www.grieta.org.mx\/index.php\/category\/cintillo\/"},"img":{"alt_text":"","src":"https:\/\/i0.wp.com\/www.grieta.org.mx\/wp-content\/uploads\/2024\/10\/banco-petreo-ilegal-Istmo-0.jpeg?resize=350%2C200","width":350,"height":200,"srcset":"https:\/\/i0.wp.com\/www.grieta.org.mx\/wp-content\/uploads\/2024\/10\/banco-petreo-ilegal-Istmo-0.jpeg?resize=350%2C200 1x, https:\/\/i0.wp.com\/www.grieta.org.mx\/wp-content\/uploads\/2024\/10\/banco-petreo-ilegal-Istmo-0.jpeg?resize=525%2C300 1.5x, https:\/\/i0.wp.com\/www.grieta.org.mx\/wp-content\/uploads\/2024\/10\/banco-petreo-ilegal-Istmo-0.jpeg?resize=700%2C400 2x"},"classes":[]},{"id":66213,"url":"http:\/\/www.grieta.org.mx\/index.php\/2023\/02\/07\/amlo-decreta-expropiacion-de-tierras-en-el-istmo-para-construccion-de-parques-industriales-oaxaca\/","url_meta":{"origin":67923,"position":4},"title":"AMLO decreta expropiaci\u00f3n de tierras en el Istmo para construcci\u00f3n de parques industriales (Oaxaca)","author":"grieta","date":"7 febrero, 2023","format":false,"excerpt":"Imagen: Avispa Midia Redacci\u00f3n \/ Avispa Midia El pasado jueves 2 de febrero, el presidente de M\u00e9xico, Andr\u00e9s Manuel L\u00f3pez Obrador, public\u00f3 en el Diario Oficial de la Federaci\u00f3n (DOF) dos decretos que consolidan la expropiaci\u00f3n de 412 hect\u00e1reas de tierras comunales en\u00a0Ciudad Ixtepec\u00a0y de 502 en\u00a0Santa Mar\u00eda Mixtequilla, en\u2026","rel":"","context":"En &quot;CINTILLO&quot;","block_context":{"text":"CINTILLO","link":"http:\/\/www.grieta.org.mx\/index.php\/category\/cintillo\/"},"img":{"alt_text":"","src":"https:\/\/i0.wp.com\/www.grieta.org.mx\/wp-content\/uploads\/2023\/02\/Istmo.jpg?resize=350%2C200","width":350,"height":200,"srcset":"https:\/\/i0.wp.com\/www.grieta.org.mx\/wp-content\/uploads\/2023\/02\/Istmo.jpg?resize=350%2C200 1x, https:\/\/i0.wp.com\/www.grieta.org.mx\/wp-content\/uploads\/2023\/02\/Istmo.jpg?resize=525%2C300 1.5x, https:\/\/i0.wp.com\/www.grieta.org.mx\/wp-content\/uploads\/2023\/02\/Istmo.jpg?resize=700%2C400 2x"},"classes":[]},{"id":67158,"url":"http:\/\/www.grieta.org.mx\/index.php\/2023\/07\/05\/localizan-sin-vida-al-activista-que-cuestionaba-pago-de-tierras-del-corredor-interoceanico-en-mixtequilla-oaxaca\/","url_meta":{"origin":67923,"position":5},"title":"Localizan sin vida al activista que cuestionaba pago de tierras del Corredor Interoce\u00e1nico en Mixtequilla, Oaxaca","author":"grieta","date":"5 julio, 2023","format":false,"excerpt":"Imagen: Ficha de b\u00fasqueda emitida para encontrar a Noel L\u00f3pez Gallegos - Pagina 3 Diana Manzo \/ P\u00e1gina 3 Mixtequilla, Oax.- Noel L\u00f3pez Gallegos, activista zapoteca de 52 a\u00f1os de edad, fue localizado sin vida la tarde de este martes, confirmaron las autoridades locales de este municipio asentado en el\u2026","rel":"","context":"En &quot;CINTILLO&quot;","block_context":{"text":"CINTILLO","link":"http:\/\/www.grieta.org.mx\/index.php\/category\/cintillo\/"},"img":{"alt_text":"","src":"https:\/\/i0.wp.com\/www.grieta.org.mx\/wp-content\/uploads\/2023\/07\/Acivista-Noel-Lopez-Gallegos.webp?resize=350%2C200","width":350,"height":200,"srcset":"https:\/\/i0.wp.com\/www.grieta.org.mx\/wp-content\/uploads\/2023\/07\/Acivista-Noel-Lopez-Gallegos.webp?resize=350%2C200 1x, https:\/\/i0.wp.com\/www.grieta.org.mx\/wp-content\/uploads\/2023\/07\/Acivista-Noel-Lopez-Gallegos.webp?resize=525%2C300 1.5x"},"classes":[]}],"_links":{"self":[{"href":"http:\/\/www.grieta.org.mx\/index.php\/wp-json\/wp\/v2\/posts\/67923","targetHints":{"allow":["GET"]}}],"collection":[{"href":"http:\/\/www.grieta.org.mx\/index.php\/wp-json\/wp\/v2\/posts"}],"about":[{"href":"http:\/\/www.grieta.org.mx\/index.php\/wp-json\/wp\/v2\/types\/post"}],"author":[{"embeddable":true,"href":"http:\/\/www.grieta.org.mx\/index.php\/wp-json\/wp\/v2\/users\/2"}],"replies":[{"embeddable":true,"href":"http:\/\/www.grieta.org.mx\/index.php\/wp-json\/wp\/v2\/comments?post=67923"}],"version-history":[{"count":1,"href":"http:\/\/www.grieta.org.mx\/index.php\/wp-json\/wp\/v2\/posts\/67923\/revisions"}],"predecessor-version":[{"id":67925,"href":"http:\/\/www.grieta.org.mx\/index.php\/wp-json\/wp\/v2\/posts\/67923\/revisions\/67925"}],"wp:featuredmedia":[{"embeddable":true,"href":"http:\/\/www.grieta.org.mx\/index.php\/wp-json\/wp\/v2\/media\/67924"}],"wp:attachment":[{"href":"http:\/\/www.grieta.org.mx\/index.php\/wp-json\/wp\/v2\/media?parent=67923"}],"wp:term":[{"taxonomy":"category","embeddable":true,"href":"http:\/\/www.grieta.org.mx\/index.php\/wp-json\/wp\/v2\/categories?post=67923"},{"taxonomy":"post_tag","embeddable":true,"href":"http:\/\/www.grieta.org.mx\/index.php\/wp-json\/wp\/v2\/tags?post=67923"}],"curies":[{"name":"wp","href":"https:\/\/api.w.org\/{rel}","templated":true}]}}