{"id":678,"date":"2016-02-15T20:27:02","date_gmt":"2016-02-15T20:27:02","guid":{"rendered":"http:\/\/50.22.11.12\/~grietaor\/?p=678"},"modified":"2016-03-01T22:24:13","modified_gmt":"2016-03-01T22:24:13","slug":"conflictos-en-la-universidad-autonoma-de-zacatecas","status":"publish","type":"post","link":"http:\/\/www.grieta.org.mx\/index.php\/2016\/02\/15\/conflictos-en-la-universidad-autonoma-de-zacatecas\/","title":{"rendered":"Conflictos en la Universidad Aut\u00f3noma de Zacatecas"},"content":{"rendered":"<p><strong>15\/02\/16. <\/strong><a href=\" http:\/\/grieta.org.mx\/index.php\/2016\/02\/15\/otro-paro-en-la-uaz\/ \">Otro Paro en la UAZ<\/a><br \/>\n<em>NTR Zacatecas<\/em><\/p>\n<p><strong>12\/02\/16. <\/strong><a href=\" http:\/\/grieta.org.mx\/index.php\/2016\/02\/12\/planta-rector-a-spauaz-stuaz-rechaza-huelga\/\">Planta rector a SPAUAZ; STUAZ rechaza huelga<\/a><br \/>\n<em>NTR Zacatecas<\/em><\/p>\n<p><strong>27\/01\/16. <\/strong><a href=\" http:\/\/grieta.org.mx\/index.php\/2016\/01\/27\/paro-general-en-la-uaz\/\">Paro general en la UAZ<\/a><br \/>\n<em>NTR Zacatecas<\/em><\/p>\n<p><strong>26\/01\/16. <\/strong><a href=\" http:\/\/grieta.org.mx\/index.php\/2016\/01\/26\/condicionan-a-alumnos-de-medicina-de-la-uaz\/\">Condicionan a alumnos de medicina de la UAZ<\/a><br \/>\n<em>NTR Zacatecas<\/em><\/p>\n<p><strong>18\/01\/16. <\/strong><a href=\" http:\/\/grieta.org.mx\/index.php\/2016\/01\/18\/denuncia-spauaz-a-rector-por-peculado\/\">Denuncia SPAUAZ a rector por peculado<\/a><br \/>\n<em>NTR Zacatecas<\/em><\/p>\n<p><strong>17\/12\/15. <\/strong><a href=\" http:\/\/grieta.org.mx\/index.php\/2015\/12\/17\/prestara-spauaz-dinero-a-agremiados-por-pagos-pendientes\/\">Prestar\u00e1 SPAUAZ dinero a agremiados por pagos pendientes<\/a><br \/>\n<em>NTR Zacatecas<\/em><\/p>\n<p><strong>16\/12\/15. <\/strong><a href=\"http:\/\/grieta.org.mx\/index.php\/2015\/12\/16\/spauaz-bloquea-finanzas-y-paso-a-ciudad-administrativa\/\">Spauaz bloquea Finanzas y paso a Ciudad Administrativa <\/a><br \/>\n<em>Zacatecas Online<\/em><\/p>\n<p><strong>12\/12\/15. <\/strong><a href=\"http:\/\/grieta.org.mx\/index.php\/2015\/12\/12\/presiona-spauaz-con-bloqueos\/\">Presiona SPAUAZ con bloqueos<\/a><br \/>\n<em>NTR Zacatecas<\/em><\/p>\n<p><strong>20\/11\/15. <\/strong><a href=\" http:\/\/grieta.org.mx\/index.php\/2015\/11\/20\/uaz-sin-recursos-para-pagar-prestaciones-de-fin-de-ano\/\"> UAZ, sin recursos para pagar prestaciones de fin de a\u00f1o<\/a><br \/>\n<em>NTR Zacatecas<\/em><\/p>\n<p><strong>13\/11\/15. <\/strong><a href=\"http:\/\/grieta.org.mx\/index.php\/2015\/11\/13\/toman-docentes-ciencias-biologicas-uaz\/\">Toman docentes Ciencias Biol\u00f3gicas-UAZ<\/a><br \/>\n<em>NTR Zacatecas<\/em><\/p>\n<p><strong>12\/11\/15. <\/strong><a href=\"http:\/\/grieta.org.mx\/index.php\/2015\/11\/12\/entrega-spauaz-emplazamiento-a-huelga-a-jlca\/\">Entrega SPAUAZ emplazamiento a huelga a JLCA<\/a><br \/>\n<em>NTR Zacatecas<\/em><\/p>\n<p><strong>11\/11\/15. <\/strong><a href=\"http:\/\/grieta.org.mx\/index.php\/2015\/11\/11\/maestros-toman-rectoria-de-universidad-autonoma-de-zacatecas\/\">Maestros toman rector\u00eda de Universidad Aut\u00f3noma de Zacatecas<\/a><br \/>\n<em>Excelsior<\/em><\/p>\n<p><strong>11\/11\/15. <\/strong><a href=\"http:\/\/grieta.org.mx\/index.php\/2015\/11\/11\/denuncian-anomalias-en-distribucion-de-horas-por-spauaz\/\">Denuncian anomal\u00edas en distribuci\u00f3n de horas por SPAUAZ<\/a><br \/>\n<em>NTR Zacatecas<\/em><\/p>\n<p><strong>04\/11\/15. <\/strong><a href=\"http:\/\/grieta.org.mx\/index.php\/2015\/11\/04\/realizan-paro-de-12-horas-en-universidad-de-zacatecas\/\">Maestros realizan paro en Universidad Aut\u00f3noma de Zacatecas<\/a><br \/>\n<em>UnoTV<\/em><\/p>\n<p><strong>31\/10\/15. <\/strong><a href=\"http:\/\/grieta.org.mx\/index.php\/2015\/10\/31\/spauaz-acuerda-emplazar-a-huelga-y-realizar-paro\/\">Spauaz acuerda emplazar a huelga<\/a><br \/>\n<em>La Jornada Zacatecas<\/em><\/p>\n<p><strong>25\/09\/15. <\/strong><a href=\"http:\/\/grieta.org.mx\/index.php\/2015\/09\/25\/levantan-paro-en-el-campus-uaz-siglo-xxi\/\">Levantan paro en el Campus UAZ Siglo XXI<\/a><br \/>\n<em>NTR Zacatecas<\/em><\/p>\n<p><strong>24\/09\/15. <\/strong><a href=\"http:\/\/grieta.org.mx\/index.php\/2015\/09\/24\/paran-labores-en-campus-siglo-xxi-por-falta-de-pago\/\">Paran labores en Campus Siglo XXI por falta de pago<\/a><br \/>\n<em>Imagen <\/em><\/p>\n<p><strong>04\/04\/15. <\/strong><a href=\"http:\/\/grieta.org.mx\/index.php\/2015\/04\/04\/estarian-en-riesgo-apoyos-extraordinarios-para-la-uaz-y-ayuntamientos-de-zacatecas\/\">Estar\u00edan en riesgo apoyos extraordinarios para la UAZ y Ayuntamientos de Zacatecas<\/a><br \/>\n<em>El Sol de Zacatecas<\/em><\/p>\n<p><strong>21\/03\/15. <\/strong><a href=\"http:\/\/grieta.org.mx\/index.php\/2015\/03\/21\/reducen-20-salario-en-la-administracion-central-de-la-uaz\/\">Reducen 20% salario en la administraci\u00f3n central de la UAZ<\/a><br \/>\n<em>El Sol de Zacatecas<\/em><\/p>\n<p><strong>18\/03\/15. <\/strong><a href=\"http:\/\/grieta.org.mx\/index.php\/2015\/03\/18\/termina-la-huelga-en-la-uaz-votan-docentes-por-volver-a-sus-actividades\/\">Termina la huelga en la UAZ; votan docentes por volver a sus actividades<\/a><br \/>\n<em>Mirador<\/em><\/p>\n<p><strong>14\/03\/15. <\/strong><a href=\"http:\/\/grieta.org.mx\/index.php\/2015\/03\/14\/se-avizora-el-levantamiento-de-la-huelga-de-la-uaz\/\">Se avizora el levantamiento de la huelga de la UAZ<\/a><br \/>\n<em>El Sol de Zacatecas<\/em><\/p>\n<p><strong>13\/03\/15. <\/strong><a href=\"http:\/\/grieta.org.mx\/index.php\/2015\/03\/13\/ofrece-rector-70-plazas-a-docentes-al-spauaz\/\">Ofrece rector 70 plazas a docentes al SPAUAZ<\/a><br \/>\n<em>NTR Period\u00edsmo Critico<\/em><\/p>\n<p><strong>12\/03\/15. <\/strong><a href=\" http:\/\/grieta.org.mx\/index.php\/2015\/03\/12\/secretario-general-de-gobierno-de-zacatecas-defiende-actuar-ante-problematica-de-la-uaz\/\">Secretario General de Gobierno de Zacatecas defiende actuar ante problem\u00e1tica de la UAZ<\/a><br \/>\n<em>El Sol de Zacatecas<\/em><\/p>\n<p><strong>12\/03\/15. <\/strong><a href=\"http:\/\/grieta.org.mx\/index.php\/2015\/03\/12\/pide-spauaz-114-millones-de-pesos-para-seguridad-social\/\">Pide SPAUAZ 114 millones de pesos para seguridad social<\/a><br \/>\n<em>NTR Period\u00edsmo Critico<\/em><\/p>\n<p><strong>11\/03\/15. <\/strong><a href=\"http:\/\/grieta.org.mx\/index.php\/2015\/03\/11\/entrampada-negociacion-entre-rectoria-y-spauaz\/\">Entrampada, negociaci\u00f3n entre Rector\u00eda y SPAUAZ<\/a><br \/>\n<em>NTR Period\u00edsmo Critico<\/em><\/p>\n<p><strong>11\/03\/15. <\/strong><a href=\"http:\/\/grieta.org.mx\/index.php\/2015\/03\/11\/no-hay-acuerdo-continuara-la-huelga-en-la-uaz\/\">No hay acuerdo; continuar\u00e1 la huelga en la UAZ<\/a><br \/>\n<em>Express Zacatecas<\/em><\/p>\n<p><strong>11\/03\/15. <\/strong><a href=\"http:\/\/grieta.org.mx\/index.php\/2015\/03\/11\/rechaza-spauaz-nueva-propuesta-del-rector\/\">Rechaza SPAUAZ nueva propuesta del rector<\/a><br \/>\n<em>NTR Period\u00edsmo Critico<\/em><\/p>\n<p><strong>11\/03\/15. <\/strong><a href=\"http:\/\/grieta.org.mx\/index.php\/2015\/03\/11\/afirma-gobernador-de-zacatecas-que-se-buscan-alternativas-para-solucionar-huelga-en-la-uaz\/\">Afirma Gobernador de Zacatecas que se buscan alternativas para solucionar huelga en la UAZ<\/a><br \/>\n<em>El Sol de Zacatecas<\/em><\/p>\n<p><strong>11\/03\/15. <\/strong><a href=\"http:\/\/grieta.org.mx\/index.php\/2015\/03\/11\/no-hay-negociacion-spauaz\/\">\u201cNo hay negociaci\u00f3n\u201d: SPAUAZ<\/a><br \/>\n<em>NTR Period\u00edsmo Critico<\/em><\/p>\n<p><strong>10\/03\/15. <\/strong><a href=\"http:\/\/grieta.org.mx\/index.php\/2015\/03\/10\/exigen-transportistas-a-gobierno-intervenir-en-conflicto-de-la-uaz\/\">Exigen transportistas a Gobierno intervenir en conflicto de la UAZ<\/a><br \/>\n<em>NTR Period\u00edsmo Critico<\/em><\/p>\n<p><strong>10\/03\/15. <\/strong><a href=\"http:\/\/grieta.org.mx\/index.php\/2015\/03\/10\/debe-morales-vera-irse-de-la-uaz\/\">Debe Morales Vera irse de la UAZ<\/a><br \/>\n<em>NTR Period\u00edsmo Critico<\/em><\/p>\n<p><strong>10\/03\/15. <\/strong><a href=\"http:\/\/grieta.org.mx\/index.php\/2015\/03\/10\/marchan-5-mil-en-apoyo-al-spauaz\/\">Marchan 5 mil en apoyo al SPAUAZ<\/a><br \/>\n<em>NTR Period\u00edsmo Critico<\/em><\/p>\n<p><strong>09\/03\/15. <\/strong><a href=\"http:\/\/grieta.org.mx\/index.php\/2015\/03\/09\/es-mejor-fortalecer-a-la-uaz-que-entregar-pantallas\/\">Es mejor fortalecer a la UAZ que entregar pantallas<\/a><br \/>\n<em>NTR Period\u00edsmo Critico<\/em><br \/>\n<strong>08\/03\/15. <\/strong><a href=\"http:\/\/grieta.org.mx\/index.php\/2015\/03\/08\/prestamo-del-spauaz-a-docentes-asciende-a-3-mdp\/\">Pr\u00e9stamo del SPAUAZ a docentes asciende a 3 mdp<\/a><br \/>\n<em>NTR Period\u00edsmo Critico<\/em><\/p>\n<p><strong>06\/03\/15. <\/strong><a href=\"http:\/\/grieta.org.mx\/index.php\/2015\/03\/06\/stuaz-se-deslinda-de-la-huelga\/\">STUAZ se deslinda de la huelga<\/a><br \/>\n<em>NTR Period\u00edsmo Critico<\/em><\/p>\n<p><strong>27\/02\/15. <\/strong><a href=\"http:\/\/grieta.org.mx\/index.php\/2015\/02\/27\/apoya-el-comite-estudiantil-la-huelga-de-los-docentes-de-la-uaz\/\">Apoya el Comit\u00e9 Estudiantil la huelga de los docentes de la UAZ<\/a><br \/>\n<em>El Sol de Zacatecas<\/em><\/p>\n<p><strong>23\/02\/15. <\/strong><a href=\"http:\/\/grieta.org.mx\/index.php\/2015\/02\/23\/marchan-mil-200-sindicalizados\/\">Marchan mil 200 sindicalizados<\/a><br \/>\n<em>NTR Period\u00edsmo Critico<\/em><\/p>\n<p><strong>16\/02\/15. <\/strong><a href=\" http:\/\/grieta.org.mx\/index.php\/2015\/02\/16\/docentes-de-zacatecas-activan-paro-de-brazos-caidos\/\">Docentes de Zacatecas activan paro de brazos ca\u00eddos<\/a><br \/>\n<em>Sin Embargo<\/em><\/p>\n","protected":false},"excerpt":{"rendered":"<p>15\/02\/16. Otro Paro en la UAZ NTR Zacatecas 12\/02\/16. Planta rector a SPAUAZ; STUAZ rechaza huelga NTR Zacatecas 27\/01\/16. Paro general en la UAZ NTR Zacatecas 26\/01\/16. Condicionan a alumnos &hellip; <a href=\"http:\/\/www.grieta.org.mx\/index.php\/2016\/02\/15\/conflictos-en-la-universidad-autonoma-de-zacatecas\/\" class=\"more-link\">Leer m\u00e1s<\/a><\/p>\n","protected":false},"author":2,"featured_media":21928,"comment_status":"closed","ping_status":"open","sticky":false,"template":"","format":"standard","meta":{"ngg_post_thumbnail":0,"_jetpack_newsletter_access":"","_jetpack_dont_email_post_to_subs":false,"_jetpack_newsletter_tier_id":0,"_jetpack_memberships_contains_paywalled_content":false,"_jetpack_memberships_contains_paid_content":false,"footnotes":""},"categories":[76],"tags":[105,107],"class_list":["post-678","post","type-post","status-publish","format-standard","has-post-thumbnail","hentry","category-zacatecas","tag-derechos-laborales","tag-educacion","entry"],"jetpack_featured_media_url":"http:\/\/www.grieta.org.mx\/wp-content\/uploads\/2018\/03\/14524434_1106112876131411_958039263622046936_o.jpg","jetpack_sharing_enabled":true,"jetpack_shortlink":"https:\/\/wp.me\/p7ZJR4-aW","jetpack_likes_enabled":false,"jetpack-related-posts":[{"id":592,"url":"http:\/\/www.grieta.org.mx\/index.php\/2016\/01\/27\/paro-general-en-la-uaz\/","url_meta":{"origin":678,"position":0},"title":"Paro general en la UAZ","author":"grieta","date":"27 enero, 2016","format":false,"excerpt":"Mi\u00e9rcoles, 27 de enero de 2016 ABIGAIL SALINAS Zacatecas.- De las 7 a las 19 horas de este mi\u00e9rcoles, Sindicato de Personal Acad\u00e9mico de la Universidad Aut\u00f3noma de Zacatecas (SPAUAZ) mantendr\u00e1 un paro general en la universidad, debido a que a\u00fan queda pendiente el pago de 70 millones de pesos\u2026","rel":"","context":"En &quot;CINTILLO&quot;","block_context":{"text":"CINTILLO","link":"http:\/\/www.grieta.org.mx\/index.php\/category\/cintillo\/"},"img":{"alt_text":"","src":"https:\/\/i0.wp.com\/www.grieta.org.mx\/wp-content\/uploads\/2018\/03\/14524434_1106112876131411_958039263622046936_o.jpg?resize=350%2C200","width":350,"height":200,"srcset":"https:\/\/i0.wp.com\/www.grieta.org.mx\/wp-content\/uploads\/2018\/03\/14524434_1106112876131411_958039263622046936_o.jpg?resize=350%2C200 1x, https:\/\/i0.wp.com\/www.grieta.org.mx\/wp-content\/uploads\/2018\/03\/14524434_1106112876131411_958039263622046936_o.jpg?resize=525%2C300 1.5x, https:\/\/i0.wp.com\/www.grieta.org.mx\/wp-content\/uploads\/2018\/03\/14524434_1106112876131411_958039263622046936_o.jpg?resize=700%2C400 2x"},"classes":[]},{"id":587,"url":"http:\/\/www.grieta.org.mx\/index.php\/2016\/02\/15\/otro-paro-en-la-uaz\/","url_meta":{"origin":678,"position":1},"title":"Otro paro en la UAZ","author":"grieta","date":"15 febrero, 2016","format":false,"excerpt":"Zacatecas Lunes, 15 de febrero de 2016 ABIGAIL SALINAS Zacatecas.- Al mediod\u00eda de este lunes, en asamblea general del Sindicato del Personal Acad\u00e9mico de la Universidad Aut\u00f3noma de Zacatecas (SPAUAZ), se decidi\u00f3 realizar un paro general de actividades este martes en todos los planteles de la m\u00e1xima casa de estudios\u2026","rel":"","context":"En &quot;CINTILLO&quot;","block_context":{"text":"CINTILLO","link":"http:\/\/www.grieta.org.mx\/index.php\/category\/cintillo\/"},"img":{"alt_text":"","src":"https:\/\/i0.wp.com\/www.grieta.org.mx\/wp-content\/uploads\/2018\/03\/14524434_1106112876131411_958039263622046936_o.jpg?resize=350%2C200","width":350,"height":200,"srcset":"https:\/\/i0.wp.com\/www.grieta.org.mx\/wp-content\/uploads\/2018\/03\/14524434_1106112876131411_958039263622046936_o.jpg?resize=350%2C200 1x, https:\/\/i0.wp.com\/www.grieta.org.mx\/wp-content\/uploads\/2018\/03\/14524434_1106112876131411_958039263622046936_o.jpg?resize=525%2C300 1.5x, https:\/\/i0.wp.com\/www.grieta.org.mx\/wp-content\/uploads\/2018\/03\/14524434_1106112876131411_958039263622046936_o.jpg?resize=700%2C400 2x"},"classes":[]},{"id":671,"url":"http:\/\/www.grieta.org.mx\/index.php\/2015\/02\/23\/marchan-mil-200-sindicalizados\/","url_meta":{"origin":678,"position":2},"title":"Marchan mil 200 sindicalizados","author":"grieta","date":"23 febrero, 2015","format":false,"excerpt":"Lunes, 23 de febrero de 2015 a las 9:57pm Abigail Salinas \/ ntrzacatecas.com Aproximadamente mil 200 manifestantes marcharon por las principales calles del Centro Hist\u00f3rico de Zacatecas; docentes y alumnos de la Universidad Aut\u00f3noma de Zacatecas (UAZ) participaron en el movimiento convocado por el Sindicato de Personal Acad\u00e9mico (SPAUAZ). En\u2026","rel":"","context":"En &quot;CINTILLO&quot;","block_context":{"text":"CINTILLO","link":"http:\/\/www.grieta.org.mx\/index.php\/category\/cintillo\/"},"img":{"alt_text":"","src":"https:\/\/i0.wp.com\/www.grieta.org.mx\/wp-content\/uploads\/2018\/03\/14524434_1106112876131411_958039263622046936_o.jpg?resize=350%2C200","width":350,"height":200,"srcset":"https:\/\/i0.wp.com\/www.grieta.org.mx\/wp-content\/uploads\/2018\/03\/14524434_1106112876131411_958039263622046936_o.jpg?resize=350%2C200 1x, https:\/\/i0.wp.com\/www.grieta.org.mx\/wp-content\/uploads\/2018\/03\/14524434_1106112876131411_958039263622046936_o.jpg?resize=525%2C300 1.5x, https:\/\/i0.wp.com\/www.grieta.org.mx\/wp-content\/uploads\/2018\/03\/14524434_1106112876131411_958039263622046936_o.jpg?resize=700%2C400 2x"},"classes":[]},{"id":71056,"url":"http:\/\/www.grieta.org.mx\/index.php\/2025\/02\/18\/profesores-de-la-uaz-se-van-a-huelga-para-exigir-mejores-condiciones-laborales-zacatecas\/","url_meta":{"origin":678,"position":3},"title":"Profesores de la UAZ se van a huelga para exigir mejores condiciones laborales (Zacatecas)","author":"grieta","date":"18 febrero, 2025","format":false,"excerpt":"Proceso Por Alonso Ch\u00e1vez Landeros martes, 18 de febrero de 2025 \u00b7 ZACATECAS, Zac. (apro).- Este mediod\u00eda de martes fueron colocadas las banderas rojinegras en la Universidad Aut\u00f3noma de Zacatecas (UAZ) tras estallar la huelga los integrantes del Sindicato de Personal Acad\u00e9mico (SPAUAZ). La huelga fue aprobada por la mayor\u00eda\u2026","rel":"","context":"En &quot;CINTILLO&quot;","block_context":{"text":"CINTILLO","link":"http:\/\/www.grieta.org.mx\/index.php\/category\/cintillo\/"},"img":{"alt_text":"","src":"https:\/\/i0.wp.com\/www.grieta.org.mx\/wp-content\/uploads\/2025\/02\/f685x385-217268_254961_5050.webp?resize=350%2C200","width":350,"height":200,"srcset":"https:\/\/i0.wp.com\/www.grieta.org.mx\/wp-content\/uploads\/2025\/02\/f685x385-217268_254961_5050.webp?resize=350%2C200 1x, https:\/\/i0.wp.com\/www.grieta.org.mx\/wp-content\/uploads\/2025\/02\/f685x385-217268_254961_5050.webp?resize=525%2C300 1.5x"},"classes":[]},{"id":633,"url":"http:\/\/www.grieta.org.mx\/index.php\/2015\/03\/12\/secretario-general-de-gobierno-de-zacatecas-defiende-actuar-ante-problematica-de-la-uaz\/","url_meta":{"origin":678,"position":4},"title":"Secretario General de Gobierno de Zacatecas defiende actuar ante problem\u00e1tica de la UAZ","author":"grieta","date":"12 marzo, 2015","format":false,"excerpt":"El Sol de Zacatecas 12 de marzo de 2015 Rub\u00e9n Valdez Zacatecas, Zacatecas.- El Secretario General de Gobierno, Jaime Santoyo Castro, dijo que el Gobierno de Miguel Alonso Reyes ha cumplido con su responsabilidad en el caso de la Universidad Aut\u00f3noma de Zacatecas (UAZ), con la finalidad, primero, de que\u2026","rel":"","context":"En &quot;CINTILLO&quot;","block_context":{"text":"CINTILLO","link":"http:\/\/www.grieta.org.mx\/index.php\/category\/cintillo\/"},"img":{"alt_text":"","src":"https:\/\/i0.wp.com\/www.grieta.org.mx\/wp-content\/uploads\/2018\/03\/14524434_1106112876131411_958039263622046936_o.jpg?resize=350%2C200","width":350,"height":200,"srcset":"https:\/\/i0.wp.com\/www.grieta.org.mx\/wp-content\/uploads\/2018\/03\/14524434_1106112876131411_958039263622046936_o.jpg?resize=350%2C200 1x, https:\/\/i0.wp.com\/www.grieta.org.mx\/wp-content\/uploads\/2018\/03\/14524434_1106112876131411_958039263622046936_o.jpg?resize=525%2C300 1.5x, https:\/\/i0.wp.com\/www.grieta.org.mx\/wp-content\/uploads\/2018\/03\/14524434_1106112876131411_958039263622046936_o.jpg?resize=700%2C400 2x"},"classes":[]},{"id":631,"url":"http:\/\/www.grieta.org.mx\/index.php\/2015\/03\/13\/ofrece-rector-70-plazas-a-docentes-al-spauaz\/","url_meta":{"origin":678,"position":5},"title":"Ofrece rector 70 plazas a docentes al SPAUAZ","author":"grieta","date":"13 marzo, 2015","format":false,"excerpt":"viernes, 13 de marzo de 2015 a las 10:16pm ABIGAIL SALINAS \/ ntrzacatecas.com Zacatecas.- Armando Silva Ch\u00e1irez, rector de la Universidad Aut\u00f3noma de Zacatecas ofreci\u00f3 al secretario general del SPAUAZ, Jos\u00e9 Crescenciano S\u00e1nchez P\u00e9rez, 70 plazas docentes de las 74 que pidi\u00f3 el sindicato. Tras 23 d\u00edas de huelga, Silva\u2026","rel":"","context":"En &quot;CINTILLO&quot;","block_context":{"text":"CINTILLO","link":"http:\/\/www.grieta.org.mx\/index.php\/category\/cintillo\/"},"img":{"alt_text":"","src":"https:\/\/i0.wp.com\/www.grieta.org.mx\/wp-content\/uploads\/2018\/03\/14524434_1106112876131411_958039263622046936_o.jpg?resize=350%2C200","width":350,"height":200,"srcset":"https:\/\/i0.wp.com\/www.grieta.org.mx\/wp-content\/uploads\/2018\/03\/14524434_1106112876131411_958039263622046936_o.jpg?resize=350%2C200 1x, https:\/\/i0.wp.com\/www.grieta.org.mx\/wp-content\/uploads\/2018\/03\/14524434_1106112876131411_958039263622046936_o.jpg?resize=525%2C300 1.5x, https:\/\/i0.wp.com\/www.grieta.org.mx\/wp-content\/uploads\/2018\/03\/14524434_1106112876131411_958039263622046936_o.jpg?resize=700%2C400 2x"},"classes":[]}],"_links":{"self":[{"href":"http:\/\/www.grieta.org.mx\/index.php\/wp-json\/wp\/v2\/posts\/678","targetHints":{"allow":["GET"]}}],"collection":[{"href":"http:\/\/www.grieta.org.mx\/index.php\/wp-json\/wp\/v2\/posts"}],"about":[{"href":"http:\/\/www.grieta.org.mx\/index.php\/wp-json\/wp\/v2\/types\/post"}],"author":[{"embeddable":true,"href":"http:\/\/www.grieta.org.mx\/index.php\/wp-json\/wp\/v2\/users\/2"}],"replies":[{"embeddable":true,"href":"http:\/\/www.grieta.org.mx\/index.php\/wp-json\/wp\/v2\/comments?post=678"}],"version-history":[{"count":1,"href":"http:\/\/www.grieta.org.mx\/index.php\/wp-json\/wp\/v2\/posts\/678\/revisions"}],"predecessor-version":[{"id":25290,"href":"http:\/\/www.grieta.org.mx\/index.php\/wp-json\/wp\/v2\/posts\/678\/revisions\/25290"}],"wp:featuredmedia":[{"embeddable":true,"href":"http:\/\/www.grieta.org.mx\/index.php\/wp-json\/wp\/v2\/media\/21928"}],"wp:attachment":[{"href":"http:\/\/www.grieta.org.mx\/index.php\/wp-json\/wp\/v2\/media?parent=678"}],"wp:term":[{"taxonomy":"category","embeddable":true,"href":"http:\/\/www.grieta.org.mx\/index.php\/wp-json\/wp\/v2\/categories?post=678"},{"taxonomy":"post_tag","embeddable":true,"href":"http:\/\/www.grieta.org.mx\/index.php\/wp-json\/wp\/v2\/tags?post=678"}],"curies":[{"name":"wp","href":"https:\/\/api.w.org\/{rel}","templated":true}]}}