{"id":67764,"date":"2023-08-30T13:33:56","date_gmt":"2023-08-30T19:33:56","guid":{"rendered":"https:\/\/www.grieta.org.mx\/?p=67764"},"modified":"2023-09-17T13:44:15","modified_gmt":"2023-09-17T19:44:15","slug":"en-el-dia-internacional-del-desaparecido-familias-reclaman-la-atencion-de-las-autoridades-de-slp","status":"publish","type":"post","link":"http:\/\/www.grieta.org.mx\/index.php\/2023\/08\/30\/en-el-dia-internacional-del-desaparecido-familias-reclaman-la-atencion-de-las-autoridades-de-slp\/","title":{"rendered":"En el D\u00eda internacional del Desaparecido, familias reclaman la atenci\u00f3n de las autoridades de SLP"},"content":{"rendered":"<p>Imagen: Mar\u00eda Ru\u00edz<\/p>\n<p>Mar\u00eda Ru\u00edz \/ Astrolabio Diario Digital<\/p>\n<p>Familias integrantes del colectivo Voz y Dignidad por los Nuestros A.C. realizaron un\u00a0<strong>acto de memoria<\/strong>\u00a0por las y los desaparecidos en el estado en el marco del\u00a0<strong>D\u00eda Internacional D\u00eda Internacional de las V\u00edctimas de Desapariciones Forzadas<\/strong>, que se conmemora cada 30 de agosto.<\/p>\n<p><strong>Al menos 20 familias v\u00edctimas indirectas<\/strong>\u00a0de desaparici\u00f3n forzada y no localizaci\u00f3n se dieron cita este mi\u00e9rcoles a las afueras del Palacio de Gobierno del Estado, para\u00a0<strong>recordar a sus seres queridos<\/strong>\u00a0que son buscados.<\/p>\n<p>Este acto simb\u00f3lico comenz\u00f3 con una protesta silenciosa, en la que realizaron la colocaci\u00f3n de\u00a0<strong>dos \u00e1rboles de la memoria<\/strong>\u00a0para disponer los rostros y fichas de b\u00fasqueda de\u00a0<strong>m\u00e1s de 300 personas<\/strong>\u00a0que son buscadas por el colectivo.<\/p>\n<p>A la par, las madres v\u00edctimas indirectas realizaron un reclamo en el que se\u00f1alaron la indolencia y la\u00a0<strong>falta de atenci\u00f3n del Gobierno del Estado<\/strong>, que \u201cprefiere gastar millones en conciertos y ferias\u201d, que en disponer recursos para que las familias puedan buscar a sus desaparecidos.<\/p>\n<p>\u201cC\u00f3mo es posible que el gobernador, teniendo tanto a su alcance, no emplee sus recursos para buscar a nuestros hijos \u00bfQu\u00e9 no ve que estamos sufriendo?, \u00bfqu\u00e9 no sabe que a las personas las desaparecen todoslos d\u00edas y que este estado presencia una crisis insostenible en materia de desaparci\u00f3n?\u201d, cuestionaron.<\/p>\n<p>La periodista y activista Marcela del Muro, quien por m\u00e1s de seis a\u00f1os ha acompa\u00f1ado y documentado el trabajo de Voz y Dignidad por los Nuestros SLP, se\u00f1al\u00f3 que la ubicaci\u00f3n geogr\u00e1fica del estado es una de las condiciones que hace que este territorio sea\u00a0<strong>disputado por el crimen organizado<\/strong>, esto se refleja<strong>\u00a0actos de violencia<\/strong>, como las desaparciones forzadas.<\/p>\n<p>Actualmente, las desapariciones forzadas se realizan con una\u00a0<strong>violencia exacerbada<\/strong>, precisamente, seg\u00fan la activista, para mandar un\u00a0<strong>mensaje de temor a la poblaci\u00f3n<\/strong>\u00a0y, en este caso, tambi\u00e9n a otras c\u00e9lulas delictivas.<\/p>\n<p>\u201cEste d\u00eda es muy doloroso para las v\u00edctimas, pero tambi\u00e9n es un llamado a las autoridades que deben de visibilizar y se debe de reconocer el problema, sobre todo se deben de reconocer las cifras exactas de desaparici\u00f3n\u201d, dijo.<\/p>\n<p>Sobre esto \u00faltimo, Marcela del Muro explic\u00f3 que la\u00a0<strong>cantidad de desaparecidos<\/strong>\u00a0que se han registrado por parte de la Fiscal\u00eda General del Estado (FGE), a trav\u00e9s de la Comisi\u00f3n Estatal de B\u00fasqueda de Personas (CEBP),\u00a0<strong>no coinciden con el Registro Nacional de Desaparecidos<\/strong>, lo que demuestra que no hay claridad ni datos fidedignos por parte del Estado.<\/p>\n<p>Tambi\u00e9n enfatiz\u00f3 en que hay una necesidad de acciones preventivas por parte de las autoridades, quienes pueden\u00a0<strong>estudiar el perfil de las v\u00edctimas<\/strong>\u00a0y a partir de ah\u00ed realizar un panorama de estudio sobre a quienes desaparecen.<\/p>\n<p>\u201cPor ejemplo, ahorita que vemos el caso de Gustavo, el [conductor] Indriver, refleja cu\u00e1les son o qu\u00e9 tipo de personas son a las que est\u00e1n desapareciendo. Sabemos que son la mayor\u00eda hombres j\u00f3venes, que trabajan en su mayor\u00eda y que pueden encontrar en situaciones de vulnerabilidad\u201d.<\/p>\n<p>Una situaci\u00f3n que lacera a familias como la de\u00a0<strong>Gustavo Ram\u00edrez Galv\u00e1n<\/strong>, quien desapareci\u00f3 el pasado\u00a0<strong>10 de agosto<\/strong>\u00a0mientras realizaba su trabajo de traslado sobre la carretera San Luis-Quer\u00e9taro.<\/p>\n<p>Para su esposa, \u00c1ngeles Ram\u00edrez, el D\u00eda Internacional de las V\u00edctimas de Desaparici\u00f3n Forzada reafirma la situaci\u00f3n cr\u00edtica que como familia enfrentan ante el\u00a0<strong>desconocimiento del paradero<\/strong>\u00a0de Gustavo<\/p>\n<p>\u201cLa Fiscal\u00eda sigue una l\u00ednea de investigaci\u00f3n y dice que tiene avances, emprendieron acciones de b\u00fasqueda en Santa Rita, en la delegaci\u00f3n de Villa de Pozos, y tambi\u00e9n en La Pila. Tambi\u00e9n ya hicieron las pruebas pertinentes con los cuerpos que encontraron en esa zona y ninguna corresponde a mi marido. Tambi\u00e9n nos inform\u00f3 el fiscal que mi hijo peque\u00f1o tendr\u00eda que rendir testimonio en el caso. Todo esto es muy doloroso para nosotros\u201d.<\/p>\n<p>Y como esta historia se suman centenas, donde las familias relatan su\u00a0<strong>trayecto de dolor y lucha<\/strong>\u00a0contra la impunidad que envuelve la b\u00fasqueda de justicia para sus familiares desaparecidos.<\/p>\n<p>\u201cNo estamos todos, nos faltan 100 mil, esa es la cifra que lapida a nuestro pa\u00eds. Ojal\u00e1 que no solo este d\u00eda recuerden a nuestros desaparecidos, que los recuerden siempre, hoy estamos aqu\u00ed en honor a su memoria, a su ausencia\u201d.<\/p>\n<p><a href=\"https:\/\/www.astrolabio.com.mx\/en-el-dia-internacional-del-desaparecido-familias-reclaman-la-atencion-de-las-autoridades-de-slp\/\">https:\/\/www.astrolabio.com.mx\/en-el-dia-internacional-del-desaparecido-familias-reclaman-la-atencion-de-las-autoridades-de-slp\/<\/a><\/p>\n","protected":false},"excerpt":{"rendered":"<p>Imagen: Mar\u00eda Ru\u00edz Mar\u00eda Ru\u00edz \/ Astrolabio Diario Digital Familias integrantes del colectivo Voz y Dignidad por los Nuestros A.C. realizaron un\u00a0acto de memoria\u00a0por las y los desaparecidos en el &hellip; <a href=\"http:\/\/www.grieta.org.mx\/index.php\/2023\/08\/30\/en-el-dia-internacional-del-desaparecido-familias-reclaman-la-atencion-de-las-autoridades-de-slp\/\" class=\"more-link\">Leer m\u00e1s<\/a><\/p>\n","protected":false},"author":2,"featured_media":67765,"comment_status":"closed","ping_status":"closed","sticky":false,"template":"","format":"standard","meta":{"ngg_post_thumbnail":0,"_jetpack_newsletter_access":"","_jetpack_dont_email_post_to_subs":false,"_jetpack_newsletter_tier_id":0,"_jetpack_memberships_contains_paywalled_content":false,"_jetpack_memberships_contains_paid_content":false,"footnotes":""},"categories":[80,87,1272,2,29,83],"tags":[3791,1828,3018,121,3775,1668,3975],"class_list":["post-67764","post","type-post","status-publish","format-standard","has-post-thumbnail","hentry","category-cintillo","category-desaparecidos","category-desaparecidos-en-san-luis-potosi","category-noticias-nacionales","category-san-luis-potosi","category-temas-nacionales","tag-acciones-por-desaparecidos","tag-busqueda-de-desaparecidos","tag-colectivos-de-busqueda-de-desaparecidos","tag-desaparecidos","tag-estadisticas-de-desaparecidos","tag-familiares-de-desaparecidos","tag-madres-de-desaparecidos","entry"],"jetpack_featured_media_url":"http:\/\/www.grieta.org.mx\/wp-content\/uploads\/2023\/09\/personas-desaparecidas-MR-8.jpeg","jetpack_sharing_enabled":true,"jetpack_shortlink":"https:\/\/wp.me\/p7ZJR4-hCY","jetpack_likes_enabled":false,"jetpack-related-posts":[{"id":54397,"url":"http:\/\/www.grieta.org.mx\/index.php\/2020\/08\/30\/buscan-a-250-desaparecidos-en-slp\/","url_meta":{"origin":67764,"position":0},"title":"Buscan a 250 desaparecidos en SLP","author":"grieta","date":"30 agosto, 2020","format":false,"excerpt":"Ruth Berrones\/Quadrat\u00edn SLP 30 agosto 2020 SAN LUIS POTOS\u00cd, SLP., 30 de agosto 2020.- Este domingo en el D\u00eda Internacional de las V\u00edctimas de Desaparici\u00f3n Forzada, familiares de personas desaparecidas realizaron una marcha para solicitar a las autoridades que se localicen a sus familiares. Edith P\u00e9rez Rodr\u00edguez, de la asociaci\u00f3n\u2026","rel":"","context":"En &quot;CINTILLO&quot;","block_context":{"text":"CINTILLO","link":"http:\/\/www.grieta.org.mx\/index.php\/category\/cintillo\/"},"img":{"alt_text":"","src":"https:\/\/i0.wp.com\/www.grieta.org.mx\/wp-content\/uploads\/2020\/10\/WhatsApp-Image-2020-08-30-at-4.36.21-PM-1160x700-1.jpeg?resize=350%2C200","width":350,"height":200,"srcset":"https:\/\/i0.wp.com\/www.grieta.org.mx\/wp-content\/uploads\/2020\/10\/WhatsApp-Image-2020-08-30-at-4.36.21-PM-1160x700-1.jpeg?resize=350%2C200 1x, https:\/\/i0.wp.com\/www.grieta.org.mx\/wp-content\/uploads\/2020\/10\/WhatsApp-Image-2020-08-30-at-4.36.21-PM-1160x700-1.jpeg?resize=525%2C300 1.5x, https:\/\/i0.wp.com\/www.grieta.org.mx\/wp-content\/uploads\/2020\/10\/WhatsApp-Image-2020-08-30-at-4.36.21-PM-1160x700-1.jpeg?resize=700%2C400 2x, https:\/\/i0.wp.com\/www.grieta.org.mx\/wp-content\/uploads\/2020\/10\/WhatsApp-Image-2020-08-30-at-4.36.21-PM-1160x700-1.jpeg?resize=1050%2C600 3x"},"classes":[]},{"id":65080,"url":"http:\/\/www.grieta.org.mx\/index.php\/2022\/08\/30\/familiares-de-victimas-de-desaparicion-se-manifiestan-frente-a-palacio-de-gobierno-de-slp\/","url_meta":{"origin":67764,"position":1},"title":"Familiares de v\u00edctimas de desaparici\u00f3n se manifiestan frente a Palacio de Gobierno de SLP","author":"grieta","date":"30 agosto, 2022","format":false,"excerpt":"Redacci\u00f3n\/El Universal San Luis Potos\u00ed 30 agosto 2022 Fotos: Fabiola Ju\u00e1rez En las vallas que rodean el edificio gubernamental fueron colocadas mantas con fotograf\u00edas de los desaparecidos potosinos; piden continuar con su b\u00fasqueda hasta encontrarlos En el marco del D\u00eda Internacional de V\u00edctimas de Desaparici\u00f3n Forzada, familiares e integrantes del\u2026","rel":"","context":"En &quot;CINTILLO&quot;","block_context":{"text":"CINTILLO","link":"http:\/\/www.grieta.org.mx\/index.php\/category\/cintillo\/"},"img":{"alt_text":"","src":"https:\/\/i0.wp.com\/www.grieta.org.mx\/wp-content\/uploads\/2022\/09\/desparecidos_slp_1.jpg?resize=350%2C200","width":350,"height":200,"srcset":"https:\/\/i0.wp.com\/www.grieta.org.mx\/wp-content\/uploads\/2022\/09\/desparecidos_slp_1.jpg?resize=350%2C200 1x, https:\/\/i0.wp.com\/www.grieta.org.mx\/wp-content\/uploads\/2022\/09\/desparecidos_slp_1.jpg?resize=525%2C300 1.5x, https:\/\/i0.wp.com\/www.grieta.org.mx\/wp-content\/uploads\/2022\/09\/desparecidos_slp_1.jpg?resize=700%2C400 2x, https:\/\/i0.wp.com\/www.grieta.org.mx\/wp-content\/uploads\/2022\/09\/desparecidos_slp_1.jpg?resize=1050%2C600 3x"},"classes":[]},{"id":67676,"url":"http:\/\/www.grieta.org.mx\/index.php\/2023\/08\/30\/nayarit-colectivo-de-familias-de-desaparecidos-reclaman-la-falta-de-operativos-de-busquedas\/","url_meta":{"origin":67764,"position":2},"title":"Nayarit: Colectivo de familias de desaparecidos reclaman la falta de operativos de b\u00fasquedas","author":"grieta","date":"30 agosto, 2023","format":false,"excerpt":"imagen: El Occidental Crys Benitez \/ El Occidental Tepic, Nayarit (OEM- Informex).- En el marco del\u00a0\"D\u00eda Internacional de las V\u00edctimas de Desapariciones Forzadas\", el cual se instituy\u00f3 el 21 de diciembre de 2010 por la Asamblea General de Naciones Unidas, los integrantes de la asociaci\u00f3n denominada, \"B\u00fasqueda de Desaparecidos Nayarit\",\u2026","rel":"","context":"En &quot;CINTILLO&quot;","block_context":{"text":"CINTILLO","link":"http:\/\/www.grieta.org.mx\/index.php\/category\/cintillo\/"},"img":{"alt_text":"","src":"https:\/\/i0.wp.com\/www.grieta.org.mx\/wp-content\/uploads\/2023\/09\/Colectivo-de-busqueda-de-personas-desaparecidas-en-Nayarit.jpg?resize=350%2C200","width":350,"height":200,"srcset":"https:\/\/i0.wp.com\/www.grieta.org.mx\/wp-content\/uploads\/2023\/09\/Colectivo-de-busqueda-de-personas-desaparecidas-en-Nayarit.jpg?resize=350%2C200 1x, https:\/\/i0.wp.com\/www.grieta.org.mx\/wp-content\/uploads\/2023\/09\/Colectivo-de-busqueda-de-personas-desaparecidas-en-Nayarit.jpg?resize=525%2C300 1.5x, https:\/\/i0.wp.com\/www.grieta.org.mx\/wp-content\/uploads\/2023\/09\/Colectivo-de-busqueda-de-personas-desaparecidas-en-Nayarit.jpg?resize=700%2C400 2x"},"classes":[]},{"id":55011,"url":"http:\/\/www.grieta.org.mx\/index.php\/2020\/11\/11\/recorte-de-fideicomisos-afectara-busqueda-de-desaparecidos-en-san-luis-potosi\/","url_meta":{"origin":67764,"position":3},"title":"Recorte de fideicomisos afectar\u00e1 b\u00fasqueda de desaparecidos en San Luis Potos\u00ed","author":"grieta","date":"11 noviembre, 2020","format":false,"excerpt":"Juan Hern\u00e1ndez\/Quadrat\u00edn San Luis Potos\u00ed 11 noviembre 2020 SAN LUIS POTOS\u00cd, SLP., 11 de noviembre 2020.- La desaparici\u00f3n del Fondo de Ayuda, Asistencia y Reparaci\u00f3n Integral, por parte del Senado de la Rep\u00fablica, provocar\u00e1 que las labores de b\u00fasqueda quedar\u00e1n suspendidas para varias personas que integran el colectivo Voz y\u2026","rel":"","context":"En &quot;CINTILLO&quot;","block_context":{"text":"CINTILLO","link":"http:\/\/www.grieta.org.mx\/index.php\/category\/cintillo\/"},"img":{"alt_text":"","src":"https:\/\/i0.wp.com\/www.grieta.org.mx\/wp-content\/uploads\/2020\/11\/WhatsApp-Image-2020-11-10-at-5.15.41-PM-1160x700-1.jpeg?resize=350%2C200","width":350,"height":200,"srcset":"https:\/\/i0.wp.com\/www.grieta.org.mx\/wp-content\/uploads\/2020\/11\/WhatsApp-Image-2020-11-10-at-5.15.41-PM-1160x700-1.jpeg?resize=350%2C200 1x, https:\/\/i0.wp.com\/www.grieta.org.mx\/wp-content\/uploads\/2020\/11\/WhatsApp-Image-2020-11-10-at-5.15.41-PM-1160x700-1.jpeg?resize=525%2C300 1.5x, https:\/\/i0.wp.com\/www.grieta.org.mx\/wp-content\/uploads\/2020\/11\/WhatsApp-Image-2020-11-10-at-5.15.41-PM-1160x700-1.jpeg?resize=700%2C400 2x, https:\/\/i0.wp.com\/www.grieta.org.mx\/wp-content\/uploads\/2020\/11\/WhatsApp-Image-2020-11-10-at-5.15.41-PM-1160x700-1.jpeg?resize=1050%2C600 3x"},"classes":[]},{"id":58801,"url":"http:\/\/www.grieta.org.mx\/index.php\/2021\/04\/15\/denuncian-falta-de-apoyo-institucional-para-busqueda-de-desaparecidos-en-san-luis-potosi\/","url_meta":{"origin":67764,"position":4},"title":"Denuncian falta de apoyo institucional para b\u00fasqueda de desaparecidos en San Luis Potos\u00ed","author":"grieta","date":"15 abril, 2021","format":false,"excerpt":"Juan Hern\u00e1ndez\/Quadrat\u00edn SLP 15 abril 2021 SAN LUIS POTOS\u00cd, SLP., 15 de abril 2021.- La vocera y representante del colectivo Voz y Dignidad por los Nuestros, que se dedica a la b\u00fasqueda de personas desaparecidas, Edith P\u00e9rez Rodr\u00edguez, ahora estar\u00e1 trabajando en la Comisi\u00f3n Estatal de Derechos Humanos (CEDH), incluso\u2026","rel":"","context":"En &quot;CINTILLO&quot;","block_context":{"text":"CINTILLO","link":"http:\/\/www.grieta.org.mx\/index.php\/category\/cintillo\/"},"img":{"alt_text":"","src":"https:\/\/i0.wp.com\/www.grieta.org.mx\/wp-content\/uploads\/2021\/04\/cedh.jpeg?resize=350%2C200","width":350,"height":200,"srcset":"https:\/\/i0.wp.com\/www.grieta.org.mx\/wp-content\/uploads\/2021\/04\/cedh.jpeg?resize=350%2C200 1x, https:\/\/i0.wp.com\/www.grieta.org.mx\/wp-content\/uploads\/2021\/04\/cedh.jpeg?resize=525%2C300 1.5x, https:\/\/i0.wp.com\/www.grieta.org.mx\/wp-content\/uploads\/2021\/04\/cedh.jpeg?resize=700%2C400 2x, https:\/\/i0.wp.com\/www.grieta.org.mx\/wp-content\/uploads\/2021\/04\/cedh.jpeg?resize=1050%2C600 3x"},"classes":[]},{"id":25144,"url":"http:\/\/www.grieta.org.mx\/index.php\/2018\/07\/23\/continua-busqueda-de-desaparecidos-en-limites-de-slp-y-tamaulipas\/","url_meta":{"origin":67764,"position":5},"title":"Contin\u00faa b\u00fasqueda de desaparecidos en l\u00edmites de SLP y Tamaulipas","author":"grieta","date":"23 julio, 2018","format":false,"excerpt":"Jos\u00e9 Luis Mart\u00ednez Castro\/El Sol de San Luis La b\u00fasqueda de personas que han desparecido contin\u00faa, se busca en los l\u00edmites de San Luis Potos\u00ed con Tamaulipas, porque pese a que han pasado muchos a\u00f1os, existe la esperanza de familiares de por lo menos encontrar los restos de sus seres\u2026","rel":"","context":"En &quot;CINTILLO&quot;","block_context":{"text":"CINTILLO","link":"http:\/\/www.grieta.org.mx\/index.php\/category\/cintillo\/"},"img":{"alt_text":"","src":"https:\/\/i0.wp.com\/www.grieta.org.mx\/wp-content\/uploads\/2018\/07\/t1-1.jpg?resize=350%2C200","width":350,"height":200,"srcset":"https:\/\/i0.wp.com\/www.grieta.org.mx\/wp-content\/uploads\/2018\/07\/t1-1.jpg?resize=350%2C200 1x, https:\/\/i0.wp.com\/www.grieta.org.mx\/wp-content\/uploads\/2018\/07\/t1-1.jpg?resize=525%2C300 1.5x, https:\/\/i0.wp.com\/www.grieta.org.mx\/wp-content\/uploads\/2018\/07\/t1-1.jpg?resize=700%2C400 2x"},"classes":[]}],"_links":{"self":[{"href":"http:\/\/www.grieta.org.mx\/index.php\/wp-json\/wp\/v2\/posts\/67764","targetHints":{"allow":["GET"]}}],"collection":[{"href":"http:\/\/www.grieta.org.mx\/index.php\/wp-json\/wp\/v2\/posts"}],"about":[{"href":"http:\/\/www.grieta.org.mx\/index.php\/wp-json\/wp\/v2\/types\/post"}],"author":[{"embeddable":true,"href":"http:\/\/www.grieta.org.mx\/index.php\/wp-json\/wp\/v2\/users\/2"}],"replies":[{"embeddable":true,"href":"http:\/\/www.grieta.org.mx\/index.php\/wp-json\/wp\/v2\/comments?post=67764"}],"version-history":[{"count":1,"href":"http:\/\/www.grieta.org.mx\/index.php\/wp-json\/wp\/v2\/posts\/67764\/revisions"}],"predecessor-version":[{"id":67766,"href":"http:\/\/www.grieta.org.mx\/index.php\/wp-json\/wp\/v2\/posts\/67764\/revisions\/67766"}],"wp:featuredmedia":[{"embeddable":true,"href":"http:\/\/www.grieta.org.mx\/index.php\/wp-json\/wp\/v2\/media\/67765"}],"wp:attachment":[{"href":"http:\/\/www.grieta.org.mx\/index.php\/wp-json\/wp\/v2\/media?parent=67764"}],"wp:term":[{"taxonomy":"category","embeddable":true,"href":"http:\/\/www.grieta.org.mx\/index.php\/wp-json\/wp\/v2\/categories?post=67764"},{"taxonomy":"post_tag","embeddable":true,"href":"http:\/\/www.grieta.org.mx\/index.php\/wp-json\/wp\/v2\/tags?post=67764"}],"curies":[{"name":"wp","href":"https:\/\/api.w.org\/{rel}","templated":true}]}}