{"id":67653,"date":"2023-08-29T12:11:09","date_gmt":"2023-08-29T18:11:09","guid":{"rendered":"https:\/\/www.grieta.org.mx\/?p=67653"},"modified":"2023-09-03T12:16:56","modified_gmt":"2023-09-03T18:16:56","slug":"piden-investigar-a-gobernador-y-graco-ramirez-por-omisiones-en-caso-samir-morelos","status":"publish","type":"post","link":"http:\/\/www.grieta.org.mx\/index.php\/2023\/08\/29\/piden-investigar-a-gobernador-y-graco-ramirez-por-omisiones-en-caso-samir-morelos\/","title":{"rendered":"Piden investigar a Gobernador y Graco Ram\u00edrez por omisiones en caso Samir; Morelos"},"content":{"rendered":"<p><strong>Funcionarios como el expresidente municipal de Temoac, Valent\u00edn Lav\u00edn, el gobernador Cuauht\u00e9moc Blanco, el exfiscal de Morelos Uriel \u201cN\u201d y el delegado federal Hugo Erik Flores est\u00e1n en la lista<\/strong><\/p>\n<p>Ofelia Espinoza \/ El Sol de Cuautla<\/p>\n<p>Una vez que la Fiscal\u00eda General de la Rep\u00fablica (FGR) atrajo el expediente por el asesinato de Samir Flores, integrantes del Frente de Pueblos en Defensa del Agua y la Tierra, pidieron a las autoridades federales investigar a funcionarios y exfuncionarios por omisiones en su actuar ante el caso.<\/p>\n<p>Entre los personajes que piden se investigue est\u00e1n el expresidente municipal de Temoac, Valent\u00edn Lav\u00edn Romero; el fiscal de Morelos Uriel \u201cN\u201d, actualmente sujeto a proceso por el caso del feminicidio de Ariadna Fernanda; el gobernador Cuauht\u00e9moc Blanco; el entonces delegado federal Hugo Erik Flores; representantes de la Comisi\u00f3n Federal de Electricidad en Morelos, as\u00ed como las empresas involucradas en la termoel\u00e9ctrica y su relaci\u00f3n, por ejemplo, con el exgobernador Graco Ram\u00edrez.<\/p>\n<p>Adem\u00e1s tambi\u00e9n pide se investigue al presidente de la Rep\u00fablica, Andr\u00e9s Manuel L\u00f3pez Obrador, a quien acusan de lanzar discursos de desprestigio y odio a quienes defienden sus derechos frente al Proyecto Integral Morelos.<\/p>\n<p>Samir Flores Soberanos, fue uno de los principales activistas que se pronunci\u00f3 en contra de la instalaci\u00f3n de la termoel\u00e9ctrica en Huexca, fue asesinado en febrero de 2019 afuera de su domicilio en el municipio de Temoac, tres d\u00edas antes de la consulta que se propuso para el mencionado proyecto.<\/p>\n<p>A cuatro a\u00f1os y 6 meses del hecho, el Frente de Pueblos indic\u00f3 que con la atracci\u00f3n de la FGR se deber\u00e1 investigar de manera imparcial a los mencionados personajes y actores p\u00fablicos, para que se haga justicia y se d\u00e9 con los autores materiales e intelectuales del asesinato del activista Samir.<\/p>\n<p>Acusaron que durante ese tiempo hubo un manejo medi\u00e1tico irresponsable por parte de la Fiscal\u00eda General del Estado (FGE), encubrimiento, as\u00ed como dilaci\u00f3n en las investigaciones y montaje de supuestos avances.<\/p>\n<p>Se\u00f1alaron que de igual forma toca a la Fiscal\u00eda Especial para la Atenci\u00f3n de Delitos cometidos contra de la Libertad de Expresi\u00f3n (FEADLE) investigar con imparcialidad, para demostrar que Samir fue v\u00edctima de un asesinato cometido por su activismo y los intereses que se encuentran detr\u00e1s del Proyecto Integral Morelos.<\/p>\n<p>Finalmente, dijeron que con esta atracci\u00f3n de la FGR se da un avance tambi\u00e9n en materia de reconocimiento a los comunicadores ind\u00edgenas y comunitarios como periodistas, para contar con los mismos derechos de protecci\u00f3n con que cuentan los que ejercen el periodismo en medios p\u00fablicos y privados, luego que el mismo Fiscal el estado, argument\u00f3 que no exist\u00edan las pruebas suficientes para determinar que Samir era periodista.<\/p>\n<p><a href=\"https:\/\/www.elsoldecuautla.com.mx\/local\/frente-de-pueblos-pide-investigar-a-funcionarios-en-el-caso-samir-10612160.html\" rel=\"noopener\" target=\"_blank\">https:\/\/www.elsoldecuautla.com.mx\/local\/frente-de-pueblos-pide-investigar-a-funcionarios-en-el-caso-samir-10612160.html<\/a><\/p>\n","protected":false},"excerpt":{"rendered":"<p>Funcionarios como el expresidente municipal de Temoac, Valent\u00edn Lav\u00edn, el gobernador Cuauht\u00e9moc Blanco, el exfiscal de Morelos Uriel \u201cN\u201d y el delegado federal Hugo Erik Flores est\u00e1n en la lista &hellip; <a href=\"http:\/\/www.grieta.org.mx\/index.php\/2023\/08\/29\/piden-investigar-a-gobernador-y-graco-ramirez-por-omisiones-en-caso-samir-morelos\/\" class=\"more-link\">Leer m\u00e1s<\/a><\/p>\n","protected":false},"author":2,"featured_media":67654,"comment_status":"closed","ping_status":"closed","sticky":false,"template":"","format":"standard","meta":{"ngg_post_thumbnail":0,"_jetpack_newsletter_access":"","_jetpack_dont_email_post_to_subs":false,"_jetpack_newsletter_tier_id":0,"_jetpack_memberships_contains_paywalled_content":false,"_jetpack_memberships_contains_paid_content":false,"footnotes":""},"categories":[54,55,80,970,1,954,3,922,22,938,2,44,1762,1171],"tags":[510,2471],"class_list":["post-67653","post","type-post","status-publish","format-standard","has-post-thumbnail","hentry","category-10-huexca","category-11-amilcingo","category-cintillo","category-esp-morelos","category-espejos-de-la-resistencia","category-espejos-estados","category-megaproyectos","category-megaproyectos-estados","category-morelos","category-mp-morelos","category-noticias-nacionales","category-proyecto-integral-morelos","category-rechazo-a-los-megaproyectos-en-morelos","category-rechazo-al-proyecto-integral-morelos-pim-en-morelos","tag-proyecto-integral-morelos","tag-samir","entry"],"jetpack_featured_media_url":"http:\/\/www.grieta.org.mx\/wp-content\/uploads\/2023\/09\/frente-de-pueblos-region-oriente-morelos-archivo.jpg","jetpack_sharing_enabled":true,"jetpack_shortlink":"https:\/\/wp.me\/p7ZJR4-hBb","jetpack_likes_enabled":false,"jetpack-related-posts":[{"id":29279,"url":"http:\/\/www.grieta.org.mx\/index.php\/2019\/02\/20\/pronunciamiento-del-cni-cig-ezln-ante-el-asesinato-del-companero-samir-flores-soberanes\/","url_meta":{"origin":67653,"position":0},"title":"Pronunciamiento del CNI-CIG-EZLN ante el asesinato del compa\u00f1ero Samir Flores Soberanes","author":"grieta","date":"20 febrero, 2019","format":false,"excerpt":"20 de febrero del 2019 Al pueblo de M\u00e9xico y a los pueblos del mundo A las redes de apoyo al CIG A las redes de resistencia y rebeld\u00eda A la Sexta Nacional e Internacional A los medios de comunicaci\u00f3n Denunciamos con dolor y rabia el cobarde asesinato de nuestro\u2026","rel":"","context":"En &quot;10. Huexca&quot;","block_context":{"text":"10. Huexca","link":"http:\/\/www.grieta.org.mx\/index.php\/category\/espejos-de-la-resistencia\/10-huexca\/"},"img":{"alt_text":"","src":"https:\/\/i0.wp.com\/www.grieta.org.mx\/wp-content\/uploads\/2019\/02\/Ejecutan-a-Samir-Flores-opositor-de-gasoducto-y-termoel%C3%A9ctrica-de-Morelos-640x424.jpg?resize=350%2C200","width":350,"height":200,"srcset":"https:\/\/i0.wp.com\/www.grieta.org.mx\/wp-content\/uploads\/2019\/02\/Ejecutan-a-Samir-Flores-opositor-de-gasoducto-y-termoel%C3%A9ctrica-de-Morelos-640x424.jpg?resize=350%2C200 1x, https:\/\/i0.wp.com\/www.grieta.org.mx\/wp-content\/uploads\/2019\/02\/Ejecutan-a-Samir-Flores-opositor-de-gasoducto-y-termoel%C3%A9ctrica-de-Morelos-640x424.jpg?resize=525%2C300 1.5x"},"classes":[]},{"id":34298,"url":"http:\/\/www.grieta.org.mx\/index.php\/2019\/05\/20\/a-3-meses-del-asesinato-de-samir-flores-activistas-piden-justicia-frente-a-la-fiscalia-de-morelos\/","url_meta":{"origin":67653,"position":1},"title":"A 3 meses del asesinato de Samir Flores, activistas piden justicia frente a la Fiscal\u00eda de Morelos","author":"grieta","date":"20 mayo, 2019","format":false,"excerpt":"Redacci\u00f3n \/ Sin embargo Samir Flores era el principal opositor de la termoel\u00e9ctrica de Huexca, en el estado de Morelos y fue asesinado de varios balazos el pasado 20 de febrero afuera de su casa, en el municipio de Temoac. Ciudad de M\u00e9xico, 20 de mayo (SinEmbargo).- Compa\u00f1eros de lucha\u2026","rel":"","context":"En &quot;11. Amilcingo&quot;","block_context":{"text":"11. Amilcingo","link":"http:\/\/www.grieta.org.mx\/index.php\/category\/espejos-de-la-resistencia\/11-amilcingo\/"},"img":{"alt_text":"","src":"https:\/\/i0.wp.com\/www.grieta.org.mx\/wp-content\/uploads\/2019\/06\/samir.jpg?resize=350%2C200","width":350,"height":200,"srcset":"https:\/\/i0.wp.com\/www.grieta.org.mx\/wp-content\/uploads\/2019\/06\/samir.jpg?resize=350%2C200 1x, https:\/\/i0.wp.com\/www.grieta.org.mx\/wp-content\/uploads\/2019\/06\/samir.jpg?resize=525%2C300 1.5x, https:\/\/i0.wp.com\/www.grieta.org.mx\/wp-content\/uploads\/2019\/06\/samir.jpg?resize=700%2C400 2x, https:\/\/i0.wp.com\/www.grieta.org.mx\/wp-content\/uploads\/2019\/06\/samir.jpg?resize=1050%2C600 3x"},"classes":[]},{"id":31074,"url":"http:\/\/www.grieta.org.mx\/index.php\/2019\/03\/20\/sin-avances-la-investigacion-por-el-asesinato-de-samir-flores-en-morelos\/","url_meta":{"origin":67653,"position":2},"title":"Sin avances, la investigaci\u00f3n por el asesinato de Samir Flores en Morelos","author":"grieta","date":"20 marzo, 2019","format":false,"excerpt":"Jaime Luis Brito \/ Proceso AMILCINGO, Mor. (apro).\u2013 A un mes del asesinato de Samir Flores Soberanes, uno de los m\u00e1s importantes opositores al gasoducto y la termoel\u00e9ctrica del Proyecto Integral Morelos, las autoridades estatales no han anunciado avances en la investigaci\u00f3n y la Fiscal\u00eda General de la Rep\u00fablica (FGR)\u2026","rel":"","context":"En &quot;10. Huexca&quot;","block_context":{"text":"10. Huexca","link":"http:\/\/www.grieta.org.mx\/index.php\/category\/espejos-de-la-resistencia\/10-huexca\/"},"img":{"alt_text":"","src":"https:\/\/i0.wp.com\/www.grieta.org.mx\/wp-content\/uploads\/2019\/03\/7b1db3497876caac98-220219-samir-as6-1-1078x800.jpg?resize=350%2C200","width":350,"height":200,"srcset":"https:\/\/i0.wp.com\/www.grieta.org.mx\/wp-content\/uploads\/2019\/03\/7b1db3497876caac98-220219-samir-as6-1-1078x800.jpg?resize=350%2C200 1x, https:\/\/i0.wp.com\/www.grieta.org.mx\/wp-content\/uploads\/2019\/03\/7b1db3497876caac98-220219-samir-as6-1-1078x800.jpg?resize=525%2C300 1.5x, https:\/\/i0.wp.com\/www.grieta.org.mx\/wp-content\/uploads\/2019\/03\/7b1db3497876caac98-220219-samir-as6-1-1078x800.jpg?resize=700%2C400 2x, https:\/\/i0.wp.com\/www.grieta.org.mx\/wp-content\/uploads\/2019\/03\/7b1db3497876caac98-220219-samir-as6-1-1078x800.jpg?resize=1050%2C600 3x"},"classes":[]},{"id":39461,"url":"http:\/\/www.grieta.org.mx\/index.php\/2019\/08\/20\/exigen-que-asesinato-del-activista-samir-flores-lo-investigue-fgr-morelos\/","url_meta":{"origin":67653,"position":3},"title":"Exigen que asesinato del activista Samir Flores lo investigue FGR (Morelos)","author":"grieta","date":"20 agosto, 2019","format":false,"excerpt":"Redacci\u00f3n \/ \u00c1ngulo 7 A seis meses del asesinato del opositor del Proyecto Integral Morelos (PIM), Samir Flores Soberanes, el Frente de Pueblos en Defensa de la Tierra y el Agua (Fpdta) exigi\u00f3 que el asesinato de sea investigado por la FGR, ya que acusan de ineficiente a la de\u2026","rel":"","context":"En &quot;10. Huexca&quot;","block_context":{"text":"10. Huexca","link":"http:\/\/www.grieta.org.mx\/index.php\/category\/espejos-de-la-resistencia\/10-huexca\/"},"img":{"alt_text":"","src":"https:\/\/i0.wp.com\/www.grieta.org.mx\/wp-content\/uploads\/2019\/09\/https-_www.angulo7.com_.mx_wp-content_uploads_2019_02_activista-Samir-Flores-Soberanes-PIM-1.jpg?resize=350%2C200","width":350,"height":200,"srcset":"https:\/\/i0.wp.com\/www.grieta.org.mx\/wp-content\/uploads\/2019\/09\/https-_www.angulo7.com_.mx_wp-content_uploads_2019_02_activista-Samir-Flores-Soberanes-PIM-1.jpg?resize=350%2C200 1x, https:\/\/i0.wp.com\/www.grieta.org.mx\/wp-content\/uploads\/2019\/09\/https-_www.angulo7.com_.mx_wp-content_uploads_2019_02_activista-Samir-Flores-Soberanes-PIM-1.jpg?resize=525%2C300 1.5x"},"classes":[]},{"id":31071,"url":"http:\/\/www.grieta.org.mx\/index.php\/2019\/03\/21\/ong-exige-investigar-posible-implicacion-de-tres-empresas-espanolas-en-el-crimen-de-samir-flores-morelos\/","url_meta":{"origin":67653,"position":4},"title":"ONG exige investigar posible implicaci\u00f3n de tres empresas espa\u00f1olas en el crimen de Samir Flores (Morelos)","author":"grieta","date":"21 marzo, 2019","format":false,"excerpt":"Alejandro Guti\u00e9rrez \/ Proceso MADRID (apro).- La organizaci\u00f3n Ecologistas en Acci\u00f3n exigi\u00f3 al gobierno mexicano que se investigue y aclare la posible implicaci\u00f3n de las empresas espa\u00f1olas Abengoa, Elecnor y Enagas, en el asesinato del activista Samir Flores. A un mes del asesinato de Flores, Ecologistas en Acci\u00f3n pone la\u2026","rel":"","context":"En &quot;10. Huexca&quot;","block_context":{"text":"10. Huexca","link":"http:\/\/www.grieta.org.mx\/index.php\/category\/espejos-de-la-resistencia\/10-huexca\/"},"img":{"alt_text":"","src":"https:\/\/i0.wp.com\/www.grieta.org.mx\/wp-content\/uploads\/2019\/03\/samir3-1078x808.jpg?resize=350%2C200","width":350,"height":200,"srcset":"https:\/\/i0.wp.com\/www.grieta.org.mx\/wp-content\/uploads\/2019\/03\/samir3-1078x808.jpg?resize=350%2C200 1x, https:\/\/i0.wp.com\/www.grieta.org.mx\/wp-content\/uploads\/2019\/03\/samir3-1078x808.jpg?resize=525%2C300 1.5x, https:\/\/i0.wp.com\/www.grieta.org.mx\/wp-content\/uploads\/2019\/03\/samir3-1078x808.jpg?resize=700%2C400 2x, https:\/\/i0.wp.com\/www.grieta.org.mx\/wp-content\/uploads\/2019\/03\/samir3-1078x808.jpg?resize=1050%2C600 3x"},"classes":[]},{"id":31118,"url":"http:\/\/www.grieta.org.mx\/index.php\/2019\/03\/20\/se-exige-que-se-aclare-el-papel-de-empresas-espanolas-en-el-asesinato-de-samir-flores-morelos\/","url_meta":{"origin":67653,"position":5},"title":"Se exige que se aclare el papel de empresas espa\u00f1olas en el asesinato de Samir Flores (Morelos)","author":"grieta","date":"20 marzo, 2019","format":false,"excerpt":"Redacci\u00f3n \/ tercerainformaci\u00f3n.es - A un mes del asesinato del activista mexicano Samir Flores, Ecologistas en Acci\u00f3n exige que se aclare la implicaci\u00f3n de las empresas espa\u00f1olas vinculadas al Proyecto Integral Morelos (PIM). - Este defensor de los derechos humanos se opon\u00eda al PIM, un plan de infraestructuras de gran\u2026","rel":"","context":"En &quot;10. Huexca&quot;","block_context":{"text":"10. Huexca","link":"http:\/\/www.grieta.org.mx\/index.php\/category\/espejos-de-la-resistencia\/10-huexca\/"},"img":{"alt_text":"","src":"https:\/\/i0.wp.com\/www.grieta.org.mx\/wp-content\/uploads\/2019\/03\/direct-7.jpg?resize=350%2C200","width":350,"height":200,"srcset":"https:\/\/i0.wp.com\/www.grieta.org.mx\/wp-content\/uploads\/2019\/03\/direct-7.jpg?resize=350%2C200 1x, https:\/\/i0.wp.com\/www.grieta.org.mx\/wp-content\/uploads\/2019\/03\/direct-7.jpg?resize=525%2C300 1.5x"},"classes":[]}],"_links":{"self":[{"href":"http:\/\/www.grieta.org.mx\/index.php\/wp-json\/wp\/v2\/posts\/67653","targetHints":{"allow":["GET"]}}],"collection":[{"href":"http:\/\/www.grieta.org.mx\/index.php\/wp-json\/wp\/v2\/posts"}],"about":[{"href":"http:\/\/www.grieta.org.mx\/index.php\/wp-json\/wp\/v2\/types\/post"}],"author":[{"embeddable":true,"href":"http:\/\/www.grieta.org.mx\/index.php\/wp-json\/wp\/v2\/users\/2"}],"replies":[{"embeddable":true,"href":"http:\/\/www.grieta.org.mx\/index.php\/wp-json\/wp\/v2\/comments?post=67653"}],"version-history":[{"count":1,"href":"http:\/\/www.grieta.org.mx\/index.php\/wp-json\/wp\/v2\/posts\/67653\/revisions"}],"predecessor-version":[{"id":67655,"href":"http:\/\/www.grieta.org.mx\/index.php\/wp-json\/wp\/v2\/posts\/67653\/revisions\/67655"}],"wp:featuredmedia":[{"embeddable":true,"href":"http:\/\/www.grieta.org.mx\/index.php\/wp-json\/wp\/v2\/media\/67654"}],"wp:attachment":[{"href":"http:\/\/www.grieta.org.mx\/index.php\/wp-json\/wp\/v2\/media?parent=67653"}],"wp:term":[{"taxonomy":"category","embeddable":true,"href":"http:\/\/www.grieta.org.mx\/index.php\/wp-json\/wp\/v2\/categories?post=67653"},{"taxonomy":"post_tag","embeddable":true,"href":"http:\/\/www.grieta.org.mx\/index.php\/wp-json\/wp\/v2\/tags?post=67653"}],"curies":[{"name":"wp","href":"https:\/\/api.w.org\/{rel}","templated":true}]}}