{"id":67650,"date":"2023-08-24T12:02:51","date_gmt":"2023-08-24T18:02:51","guid":{"rendered":"https:\/\/www.grieta.org.mx\/?p=67650"},"modified":"2023-09-03T12:08:31","modified_gmt":"2023-09-03T18:08:31","slug":"familias-de-periodistas-asesinados-esperan-justicia-autoridades-son-indiferentes-veracruz","status":"publish","type":"post","link":"http:\/\/www.grieta.org.mx\/index.php\/2023\/08\/24\/familias-de-periodistas-asesinados-esperan-justicia-autoridades-son-indiferentes-veracruz\/","title":{"rendered":"Familias de periodistas asesinados esperan justicia; &#8220;autoridades son indiferentes&#8221;, Veracruz"},"content":{"rendered":"<p><strong>Las autoridades dijeron que se emprender\u00eda una campa\u00f1a nacional para reivindicar el nombre de los periodistas asesinados<\/strong><\/p>\n<p>Mayra Figueiras \/ El Sol de Orizaba<\/p>\n<p>Orizaba, Ver.- Debido a la indiferencia de autoridades estatales y federales, m\u00e1s de 16 familias de periodistas asesinados en Veracruz, Oaxaca y la Ciudad de M\u00e9xico siguen en espera de justicia, sostuvo Jorge S\u00e1nchez, representante de la Red de Memoria y Lucha de Periodistas Asesinados o Desaparecidos. La espera para muchos de ellos tiene m\u00e1s de 10 a\u00f1os.<\/p>\n<p>Record\u00f3 que en enero tuvo una intervenci\u00f3n en la ma\u00f1anera con AMLO y le cuestionaron c\u00f3mo puede decir que hay justicia cuando hay casos de periodistas asesinados que siguen esperando ser esclarecidos. Uno de ellos es el de su padre que tiene ocho a\u00f1os, el de Jacinto Romero, que tiene dos a\u00f1os, entre muchos m\u00e1s.<\/p>\n<p>\u00bfCu\u00e1ntos periodistas han sido asesinados desde el 2010 hasta el 2023 en M\u00e9xico?<br \/>\nDijo que organizaciones como Reporteros sin Fronteras y Art\u00edculo 19 tienen el registro de que desde el 2010 hasta ahora son 33 los periodistas asesinados, 16 de ellos del estado de Veracruz. Todos los casos a excepci\u00f3n de uno, est\u00e1n en la impunidad. \u201cEl secretario Alejandro Encinas reconoci\u00f3 que hay un 98% de impunidad en los casos de reporteros asesinados\u201d.<\/p>\n<p>Asever\u00f3 que los programas de v\u00edctimas son deficientes y, todo en conjunto ha dado pie a que las familias se organicen y reclamen al presidente de la Rep\u00fablica la falta de justicia.<\/p>\n<p>&#8220;Autoridades no dan seguimiento a los casos&#8221;<br \/>\nSe\u00f1al\u00f3 que se reunieron tambi\u00e9n con el secretario Alejandro Encinas, con la secretaria de Seguridad Ciudadana y personal del Gobierno Federal, as\u00ed como con el gobernador de Veracruz, Cuitl\u00e1huac Garc\u00eda y la Fiscal Ver\u00f3nica Giad\u00e1ns y \u201cnos dimos cuenta de qu\u00e9 los expedientes que ya llevan m\u00e1s de cinco a\u00f1os y no tienen seguimiento, en la Fiscal\u00eda General no hay inter\u00e9s porque se haga justicia\u201d, detall\u00f3.<\/p>\n<p>Con el gobernador veracruzano sucedi\u00f3 lo mismo. Record\u00f3 que en marzo pasado se reunieron con \u00e9l y les asegur\u00f3 que har\u00eda una actividad en memoria de los compa\u00f1eros asesinados, que dar\u00eda una disculpa p\u00fablica el 7 de junio (D\u00eda del Periodista), pero pas\u00f3 la fecha y no la ofreci\u00f3, expres\u00f3.<\/p>\n<p>Hay, dijo, funcionarios que tienen un doble discurso, pues frente a las c\u00e1maras o cuando est\u00e1n en campa\u00f1a dicen que est\u00e1n en la disposici\u00f3n de trabajar para que se les haga justicia, sin embargo, cuando tienen el poder no hacen nada; ni siquiera algo tan simple como lo es reivindicar el nombre de los periodistas que han sido asesinados.<\/p>\n<p>Ese es otro agravio que afrontan sus deudos, resalt\u00f3 Jorge S\u00e1nchez. \u201cApenas matan a un periodista y empieza la distorsi\u00f3n medi\u00e1tica de parte del gobierno diciendo que lo asesinaron porque seguramente algo deb\u00eda. Echan la culpa al periodista de qu\u00e9 lo hayan asesinado. Eso es algo que lastima mucho a las familias, que tienen que luchar contra el estigma de que lo mataron porque algo deb\u00eda\u201d.<\/p>\n<p>Familias exigen disculpa p\u00fablica de autoridades<br \/>\nPor ese agravio las familias de los periodistas asesinados exigen tanto al Gobierno Federal como estatal, una disculpa p\u00fablica, \u201cporque desde el gobierno se ataca a los compa\u00f1eros que son asesinados, para manchar su nombre\u201d.<\/p>\n<p>Record\u00f3 que las autoridades dijeron que se emprender\u00eda una campa\u00f1a nacional para reivindicar el nombre de los periodistas asesinados y, que se har\u00eda una campa\u00f1a especialmente para Veracruz, pero tampoco sucedi\u00f3.<\/p>\n<p>Incluso, dijeron que se har\u00eda un monumento en la capital del Estado, y las familias propusieron que fuera en la Plaza Regina, pero algo tan simple como eso tampoco se logr\u00f3.<\/p>\n<p>Pese a ello, la Red de Familias sigue exigiendo justicia, aunque las que tienen m\u00e1s de cinco a\u00f1os en esa lucha saben que no la van a obtener, pues despu\u00e9s de ese tiempo no se puede hacer ning\u00fan peritaje. \u201cSi no lo hicieron en su momento, ahorita ya no se van a recolectar ni testimoniales ni pruebas\u201d.<\/p>\n<p>Hace un a\u00f1o que se form\u00f3 esta asociaci\u00f3n en M\u00e9xico llegaron a la conclusi\u00f3n, agreg\u00f3, de que los periodistas asesinados no van a obtener justicia, por lo que evidencian lo que est\u00e1 sucediendo en el pa\u00eds y recurren a instancias internacionales.<\/p>\n<p>Algunos casos ya los presentaron ante la Comisi\u00f3n Interamericana y est\u00e1n a la espera de que contin\u00fae el proceso, y llegue a la Corte Internacional, pues, aunque AMLO dice que la justicia se tiene que dar en M\u00e9xico, \u00e9sta no llega. \u201cEl pr\u00f3ximo a\u00f1o se acaba su administraci\u00f3n y es mentira que en un a\u00f1o van a ser lo que no hicieron en cinco\u201d, resalt\u00f3.<\/p>\n<p>La justicia en Veracruz<br \/>\nEn Veracruz, dijo, el problema es que el \u00e1rea de justicia y seguridad est\u00e1n totalmente intervenidas por grupos de intereses y, mientras eso contin\u00fae no se tendr\u00e1 un aparato de justicia que termine con la impunidad.<\/p>\n<p>Subray\u00f3 que la exigencia de las familias de periodistas asesinados no es un acto partidista o en contra de un gobierno. \u201cEstamos en contra de ciertas acciones que no se han hecho: no puede ser posible que digan que est\u00e1n gobernando con el pueblo y no se acercan a las familias\u201d.<\/p>\n<p>Y es que dijo que a pesar de haber pedido a las autoridades federales una reuni\u00f3n para plantearles sus casos, no han accedido, \u201cno hay voluntad de parte del gobierno y, no se puede resolver un problema si no se comprende; para eso se tiene que escuchar a quienes viven esa situaci\u00f3n\u201d, resalt\u00f3.<\/p>\n<p>Las familias no pueden esperar m\u00e1s. Llevan 10 a\u00f1os, cinco, dos\u2026 \u201cNo nos pueden pedir que esperemos para darnos los resultados que debieron haber dado hace tiempo. No es s\u00f3lo esta administraci\u00f3n, sino la de Duarte con Luis \u00c1ngel Bravo; la de Yunes con Winkler y, la de Cuitl\u00e1huac Garc\u00eda con Ver\u00f3nica Giad\u00e1ns; no importa que cambien y el gobierno sea azul, rojo o guinda, lo que nosotros vemos es que lo que persiste es la impunidad\u201d, concluy\u00f3 el entrevistado.<\/p>\n<p><a href=\"https:\/\/www.elsoldeorizaba.com.mx\/local\/casos-de-periodistas-asesinados-continuan-sin-ser-esclarecidos-10590374.html\" rel=\"noopener\" target=\"_blank\">https:\/\/www.elsoldeorizaba.com.mx\/local\/casos-de-periodistas-asesinados-continuan-sin-ser-esclarecidos-10590374.html<\/a><\/p>\n","protected":false},"excerpt":{"rendered":"<p>Las autoridades dijeron que se emprender\u00eda una campa\u00f1a nacional para reivindicar el nombre de los periodistas asesinados Mayra Figueiras \/ El Sol de Orizaba Orizaba, Ver.- Debido a la indiferencia &hellip; <a href=\"http:\/\/www.grieta.org.mx\/index.php\/2023\/08\/24\/familias-de-periodistas-asesinados-esperan-justicia-autoridades-son-indiferentes-veracruz\/\" class=\"more-link\">Leer m\u00e1s<\/a><\/p>\n","protected":false},"author":2,"featured_media":67651,"comment_status":"closed","ping_status":"closed","sticky":false,"template":"","format":"standard","meta":{"ngg_post_thumbnail":0,"_jetpack_newsletter_access":"","_jetpack_dont_email_post_to_subs":false,"_jetpack_newsletter_tier_id":0,"_jetpack_memberships_contains_paywalled_content":false,"_jetpack_memberships_contains_paid_content":false,"footnotes":""},"categories":[80,2,1936,83,35,88],"tags":[1180,2325],"class_list":["post-67650","post","type-post","status-publish","format-standard","has-post-thumbnail","hentry","category-cintillo","category-noticias-nacionales","category-protestas-por-violencia-en-contra-de-periodistas-en-veracruz","category-temas-nacionales","category-veracruz","category-violencia-contra-periodistas","tag-asesinato-de-periodistas","tag-protestas-contra-asesionato-de-periodistas","entry"],"jetpack_featured_media_url":"http:\/\/www.grieta.org.mx\/wp-content\/uploads\/2023\/09\/Familias-de-periodistas-asesinados-esperan-justicia.jpg","jetpack_sharing_enabled":true,"jetpack_shortlink":"https:\/\/wp.me\/p7ZJR4-hB8","jetpack_likes_enabled":false,"jetpack-related-posts":[{"id":69047,"url":"http:\/\/www.grieta.org.mx\/index.php\/2024\/05\/23\/familiares-de-periodistas-asesinados-denunciaron-a-funcionario-estatal-veracruz\/","url_meta":{"origin":67650,"position":0},"title":"Familiares de periodistas asesinados denunciaron a funcionario estatal (Veracruz)","author":"grieta","date":"23 mayo, 2024","format":false,"excerpt":"Miguel Salazar \/ Diario de Xalapa De acuerdo con Jorge S\u00e1nchez, hijo de Mois\u00e9s S\u00e1nchez Cerezo, periodista asesinado el 2 de enero de 2015 en el municipio de Medell\u00edn, \"la denuncia se present\u00f3 hace unos d\u00edas ante la Feadle Xalapa, Ver.-Integrantes de la Red en Memoria y Lucha de Periodistas\u2026","rel":"","context":"En &quot;CINTILLO&quot;","block_context":{"text":"CINTILLO","link":"http:\/\/www.grieta.org.mx\/index.php\/category\/cintillo\/"},"img":{"alt_text":"","src":"https:\/\/i0.wp.com\/www.grieta.org.mx\/wp-content\/uploads\/2024\/05\/Screenshot-2024-05-30-at-20-12-01-Familiares-de-periodistas-asesinados-denunciaron-a-funcionario-estatal-1.png?resize=350%2C200","width":350,"height":200,"srcset":"https:\/\/i0.wp.com\/www.grieta.org.mx\/wp-content\/uploads\/2024\/05\/Screenshot-2024-05-30-at-20-12-01-Familiares-de-periodistas-asesinados-denunciaron-a-funcionario-estatal-1.png?resize=350%2C200 1x, https:\/\/i0.wp.com\/www.grieta.org.mx\/wp-content\/uploads\/2024\/05\/Screenshot-2024-05-30-at-20-12-01-Familiares-de-periodistas-asesinados-denunciaron-a-funcionario-estatal-1.png?resize=525%2C300 1.5x, https:\/\/i0.wp.com\/www.grieta.org.mx\/wp-content\/uploads\/2024\/05\/Screenshot-2024-05-30-at-20-12-01-Familiares-de-periodistas-asesinados-denunciaron-a-funcionario-estatal-1.png?resize=700%2C400 2x"},"classes":[]},{"id":63405,"url":"http:\/\/www.grieta.org.mx\/index.php\/2022\/02\/14\/periodistas-de-jalisco-exigen-justicia-por-sus-cinco-companeros-asesinados\/","url_meta":{"origin":67650,"position":1},"title":"Periodistas de Jalisco exigen justicia por sus cinco compa\u00f1eros asesinados","author":"grieta","date":"14 febrero, 2022","format":false,"excerpt":"Foto: Christian Cantero En el marco de la Segunda Acci\u00f3n Nacional #PeriodismoEnRiesgo, periodistas de Jalisco protestaron para exigir justicia por los cinco colegas asesinados en este a\u00f1o; adem\u00e1s hicieron un llamado para que desde los gobiernos se deje de atacar a las y los trabajadores de los medios, pues eso\u2026","rel":"","context":"En &quot;CINTILLO&quot;","block_context":{"text":"CINTILLO","link":"http:\/\/www.grieta.org.mx\/index.php\/category\/cintillo\/"},"img":{"alt_text":"","src":"https:\/\/i0.wp.com\/www.grieta.org.mx\/wp-content\/uploads\/2022\/02\/TODOSSOMOS-1068x1068-1.png?resize=350%2C200","width":350,"height":200,"srcset":"https:\/\/i0.wp.com\/www.grieta.org.mx\/wp-content\/uploads\/2022\/02\/TODOSSOMOS-1068x1068-1.png?resize=350%2C200 1x, https:\/\/i0.wp.com\/www.grieta.org.mx\/wp-content\/uploads\/2022\/02\/TODOSSOMOS-1068x1068-1.png?resize=525%2C300 1.5x, https:\/\/i0.wp.com\/www.grieta.org.mx\/wp-content\/uploads\/2022\/02\/TODOSSOMOS-1068x1068-1.png?resize=700%2C400 2x, https:\/\/i0.wp.com\/www.grieta.org.mx\/wp-content\/uploads\/2022\/02\/TODOSSOMOS-1068x1068-1.png?resize=1050%2C600 3x"},"classes":[]},{"id":63262,"url":"http:\/\/www.grieta.org.mx\/index.php\/2022\/01\/25\/no-queremos-mas-companeros-asesinados-exigen-en-orizaba-veracruz\/","url_meta":{"origin":67650,"position":2},"title":"\u00a1No queremos m\u00e1s compa\u00f1eros asesinados! Exigen en Orizaba, Veracruz","author":"grieta","date":"25 enero, 2022","format":false,"excerpt":"Mayra Figueiras | El Sol de Orizaba \u00a0 Orizaba, Ver.- \"No queremos m\u00e1s compa\u00f1eros asesinados, secuestrados ni desaparecidos\" exigieron periodistas de los diferentes medios de comunicaci\u00f3n de la regi\u00f3n de las Altas Monta\u00f1as, quienes este medio d\u00eda realizaron una marcha y manifestaci\u00f3n en el Centro Hist\u00f3rico de Orizaba. Al sumarse\u2026","rel":"","context":"En &quot;CINTILLO&quot;","block_context":{"text":"CINTILLO","link":"http:\/\/www.grieta.org.mx\/index.php\/category\/cintillo\/"},"img":{"alt_text":"","src":"https:\/\/i0.wp.com\/www.grieta.org.mx\/wp-content\/uploads\/2022\/01\/No-queremos-mas-companeros-asesinados-secuestrados-ni-desaparecidos-exigieron-periodistas-de-los-diferentes-medios-de-comunicacion-de-la-region-de-las-Altas-Montanas.jpg?resize=350%2C200","width":350,"height":200,"srcset":"https:\/\/i0.wp.com\/www.grieta.org.mx\/wp-content\/uploads\/2022\/01\/No-queremos-mas-companeros-asesinados-secuestrados-ni-desaparecidos-exigieron-periodistas-de-los-diferentes-medios-de-comunicacion-de-la-region-de-las-Altas-Montanas.jpg?resize=350%2C200 1x, https:\/\/i0.wp.com\/www.grieta.org.mx\/wp-content\/uploads\/2022\/01\/No-queremos-mas-companeros-asesinados-secuestrados-ni-desaparecidos-exigieron-periodistas-de-los-diferentes-medios-de-comunicacion-de-la-region-de-las-Altas-Montanas.jpg?resize=525%2C300 1.5x, https:\/\/i0.wp.com\/www.grieta.org.mx\/wp-content\/uploads\/2022\/01\/No-queremos-mas-companeros-asesinados-secuestrados-ni-desaparecidos-exigieron-periodistas-de-los-diferentes-medios-de-comunicacion-de-la-region-de-las-Altas-Montanas.jpg?resize=700%2C400 2x"},"classes":[]},{"id":63170,"url":"http:\/\/www.grieta.org.mx\/index.php\/2022\/01\/25\/periodismo-en-riesgo-desde-cancun-exigen-justicia-por-periodistas-asesinados-quintana-roo\/","url_meta":{"origin":67650,"position":3},"title":"&#8220;Periodismo en riesgo&#8221;: Desde Canc\u00fan, exigen justicia por periodistas asesinados (Quintana Roo)","author":"grieta","date":"25 enero, 2022","format":false,"excerpt":"Agencia SIM | Fotos: Infoqroo \/ Noticaribe CANC\u00daN, MX.- Reporteros, editores, fot\u00f3grafos y otros trabajadores de los medios de comunicaci\u00f3n se reunieron esta noche afuera del Palacio Municipal del Ayuntamiento de Benito Ju\u00e1rez, para sumarse al movimiento \u201cPeriodismo en Riesgo\u201d y exigir justicia por los tres colegas que fueron asesinados\u2026","rel":"","context":"En &quot;CINTILLO&quot;","block_context":{"text":"CINTILLO","link":"http:\/\/www.grieta.org.mx\/index.php\/category\/cintillo\/"},"img":{"alt_text":"","src":"https:\/\/i0.wp.com\/www.grieta.org.mx\/wp-content\/uploads\/2022\/01\/PeriodismoEnRiesgo.png?resize=350%2C200","width":350,"height":200,"srcset":"https:\/\/i0.wp.com\/www.grieta.org.mx\/wp-content\/uploads\/2022\/01\/PeriodismoEnRiesgo.png?resize=350%2C200 1x, https:\/\/i0.wp.com\/www.grieta.org.mx\/wp-content\/uploads\/2022\/01\/PeriodismoEnRiesgo.png?resize=525%2C300 1.5x, https:\/\/i0.wp.com\/www.grieta.org.mx\/wp-content\/uploads\/2022\/01\/PeriodismoEnRiesgo.png?resize=700%2C400 2x"},"classes":[]},{"id":63254,"url":"http:\/\/www.grieta.org.mx\/index.php\/2022\/01\/26\/video-asi-es-el-ya-basta-de-periodistas-en-veracruz-tras-asesinatos\/","url_meta":{"origin":67650,"position":4},"title":"[Video] As\u00ed es el ya basta de periodistas en Veracruz, tras asesinatos","author":"grieta","date":"26 enero, 2022","format":false,"excerpt":"Guadalupe Castillo \/ El Sol de C\u00f3rdoba C\u00f3rdoba, Ver. - La investigaci\u00f3n y la verdad se han visto manchados de sangre al ultimar a periodistas por hacer su trabajo diario, esta tarde periodistas libres de la ciudad de C\u00f3rdoba se suma a la manifestaci\u00f3n a nivel nacional por los 3\u2026","rel":"","context":"En &quot;CINTILLO&quot;","block_context":{"text":"CINTILLO","link":"http:\/\/www.grieta.org.mx\/index.php\/category\/cintillo\/"},"img":{"alt_text":"","src":"https:\/\/i0.wp.com\/www.grieta.org.mx\/wp-content\/uploads\/2022\/01\/Screenshot-2022-01-31-at-10-56-08-Video-Asi-es-el-ya-basta-de-periodistas-en-Veracruz-tras-asesinatos.png?resize=350%2C200","width":350,"height":200,"srcset":"https:\/\/i0.wp.com\/www.grieta.org.mx\/wp-content\/uploads\/2022\/01\/Screenshot-2022-01-31-at-10-56-08-Video-Asi-es-el-ya-basta-de-periodistas-en-Veracruz-tras-asesinatos.png?resize=350%2C200 1x, https:\/\/i0.wp.com\/www.grieta.org.mx\/wp-content\/uploads\/2022\/01\/Screenshot-2022-01-31-at-10-56-08-Video-Asi-es-el-ya-basta-de-periodistas-en-Veracruz-tras-asesinatos.png?resize=525%2C300 1.5x, https:\/\/i0.wp.com\/www.grieta.org.mx\/wp-content\/uploads\/2022\/01\/Screenshot-2022-01-31-at-10-56-08-Video-Asi-es-el-ya-basta-de-periodistas-en-Veracruz-tras-asesinatos.png?resize=700%2C400 2x"},"classes":[]},{"id":64153,"url":"http:\/\/www.grieta.org.mx\/index.php\/2022\/05\/03\/periodistas-vallartenses-conmemoran-libertad-de-prensa-exigen-justicia-por-sus-companeros-muertos-jalisco\/","url_meta":{"origin":67650,"position":5},"title":"Periodistas vallartenses conmemoran Libertad de Prensa, exigen justicia por sus compa\u00f1eros asesinados (Jalisco)","author":"grieta","date":"3 mayo, 2022","format":false,"excerpt":"Foto: Tribuna de la bah\u00eda \u00a0 Los periodistas vallartenses conmemoraron este 3 de mayo el\u00a0Dia Mundial de la Libertad de Prensa\u00a0en un sencillo pero simb\u00f3lico acto realizado en la Plaza de Armas, entre el quiosco y el monumento a Ignacio L. Vallarta. Recordaron con pase de lista a los siete\u00a0comunicadores\u2026","rel":"","context":"En &quot;CINTILLO&quot;","block_context":{"text":"CINTILLO","link":"http:\/\/www.grieta.org.mx\/index.php\/category\/cintillo\/"},"img":{"alt_text":"","src":"https:\/\/i0.wp.com\/www.grieta.org.mx\/wp-content\/uploads\/2022\/05\/periodistas-vallartenses-conmemoran-libertad-de-prensa-2-cover.jpg?resize=350%2C200","width":350,"height":200,"srcset":"https:\/\/i0.wp.com\/www.grieta.org.mx\/wp-content\/uploads\/2022\/05\/periodistas-vallartenses-conmemoran-libertad-de-prensa-2-cover.jpg?resize=350%2C200 1x, https:\/\/i0.wp.com\/www.grieta.org.mx\/wp-content\/uploads\/2022\/05\/periodistas-vallartenses-conmemoran-libertad-de-prensa-2-cover.jpg?resize=525%2C300 1.5x, https:\/\/i0.wp.com\/www.grieta.org.mx\/wp-content\/uploads\/2022\/05\/periodistas-vallartenses-conmemoran-libertad-de-prensa-2-cover.jpg?resize=700%2C400 2x"},"classes":[]}],"_links":{"self":[{"href":"http:\/\/www.grieta.org.mx\/index.php\/wp-json\/wp\/v2\/posts\/67650","targetHints":{"allow":["GET"]}}],"collection":[{"href":"http:\/\/www.grieta.org.mx\/index.php\/wp-json\/wp\/v2\/posts"}],"about":[{"href":"http:\/\/www.grieta.org.mx\/index.php\/wp-json\/wp\/v2\/types\/post"}],"author":[{"embeddable":true,"href":"http:\/\/www.grieta.org.mx\/index.php\/wp-json\/wp\/v2\/users\/2"}],"replies":[{"embeddable":true,"href":"http:\/\/www.grieta.org.mx\/index.php\/wp-json\/wp\/v2\/comments?post=67650"}],"version-history":[{"count":1,"href":"http:\/\/www.grieta.org.mx\/index.php\/wp-json\/wp\/v2\/posts\/67650\/revisions"}],"predecessor-version":[{"id":67652,"href":"http:\/\/www.grieta.org.mx\/index.php\/wp-json\/wp\/v2\/posts\/67650\/revisions\/67652"}],"wp:featuredmedia":[{"embeddable":true,"href":"http:\/\/www.grieta.org.mx\/index.php\/wp-json\/wp\/v2\/media\/67651"}],"wp:attachment":[{"href":"http:\/\/www.grieta.org.mx\/index.php\/wp-json\/wp\/v2\/media?parent=67650"}],"wp:term":[{"taxonomy":"category","embeddable":true,"href":"http:\/\/www.grieta.org.mx\/index.php\/wp-json\/wp\/v2\/categories?post=67650"},{"taxonomy":"post_tag","embeddable":true,"href":"http:\/\/www.grieta.org.mx\/index.php\/wp-json\/wp\/v2\/tags?post=67650"}],"curies":[{"name":"wp","href":"https:\/\/api.w.org\/{rel}","templated":true}]}}