{"id":67609,"date":"2023-07-20T19:36:51","date_gmt":"2023-07-21T01:36:51","guid":{"rendered":"https:\/\/www.grieta.org.mx\/?p=67609"},"modified":"2023-09-01T19:40:35","modified_gmt":"2023-09-02T01:40:35","slug":"reportan-desaparicion-de-catalina-vargas-madre-buscadora-en-guanajuato","status":"publish","type":"post","link":"http:\/\/www.grieta.org.mx\/index.php\/2023\/07\/20\/reportan-desaparicion-de-catalina-vargas-madre-buscadora-en-guanajuato\/","title":{"rendered":"Reportan desaparici\u00f3n de Catalina Vargas, madre buscadora, en Guanajuato"},"content":{"rendered":"<p>Redacci\u00f3n 24 Horas julio 20, 2023<\/p>\n<p>Catalina Vargas, madre buscadora e integrante del Colectivo Unidos por los Desaparecidos de Le\u00f3n, fue reportada como desaparecida. <\/p>\n<p>Su ficha de b\u00fasqueda compartida por el colectivo, indica que la mujer de 60 a\u00f1os fue vista por \u00faltima vez el 17 de julio en Le\u00f3n, Guanajuato. <\/p>\n<p>La madre buscadora mide 1.51 metros; tiene ojos medianos y color caf\u00e9 oscuro, cabello caf\u00e9 oscuro con canas y tez morena. <\/p>\n<p>Adem\u00e1s, es de complexi\u00f3n delgada, frente amplia, boca chica, cejas escasas, cara alargada y labios delgados. <\/p>\n<p>La \u00faltima vez que fue vista vest\u00eda una blusa blanca con flores azules, pantal\u00f3n de mezclilla azul claro flojo y zapatos caf\u00e9s.<br \/>\nTe podr\u00eda interesar: Dan buscadoras sentido social a boom de BarbieFot<\/p>\n<p>Catalina Vargas se uni\u00f3 a Unidos por los Desaparecidos, luego de la desaparici\u00f3n de su hijo Luis Antonio Rodr\u00edguez Vargas el 1 de enero de 2020 en Le\u00f3n. <\/p>\n<p><a href=\"https:\/\/www.24-horas.mx\/2023\/07\/20\/reportan-desaparicion-de-catalina-vargas-madre-buscadora-en-guanajuato\/?utm_source=pocket_saves\">https:\/\/www.24-horas.mx\/2023\/07\/20\/reportan-desaparicion-de-catalina-vargas-madre-buscadora-en-guanajuato\/?utm_source=pocket_saves<\/a><\/p>\n","protected":false},"excerpt":{"rendered":"<p>Redacci\u00f3n 24 Horas julio 20, 2023 Catalina Vargas, madre buscadora e integrante del Colectivo Unidos por los Desaparecidos de Le\u00f3n, fue reportada como desaparecida. Su ficha de b\u00fasqueda compartida por &hellip; <a href=\"http:\/\/www.grieta.org.mx\/index.php\/2023\/07\/20\/reportan-desaparicion-de-catalina-vargas-madre-buscadora-en-guanajuato\/\" class=\"more-link\">Leer m\u00e1s<\/a><\/p>\n","protected":false},"author":2,"featured_media":67610,"comment_status":"closed","ping_status":"closed","sticky":false,"template":"","format":"standard","meta":{"ngg_post_thumbnail":0,"_jetpack_newsletter_access":"","_jetpack_dont_email_post_to_subs":false,"_jetpack_newsletter_tier_id":0,"_jetpack_memberships_contains_paywalled_content":false,"_jetpack_memberships_contains_paid_content":false,"footnotes":""},"categories":[80,4091,1432,17,2],"tags":[3483,1828,1635],"class_list":["post-67609","post","type-post","status-publish","format-standard","has-post-thumbnail","hentry","category-cintillo","category-colectivos-de-busqueda-de-desaparecidos-en-guanajuato","category-desaparecidos-en-guanajuato","category-guanajuato","category-noticias-nacionales","tag-ataques-contra-la-poblacion-civil","tag-busqueda-de-desaparecidos","tag-rastreadoras-de-desaparecidos","entry"],"jetpack_featured_media_url":"http:\/\/www.grieta.org.mx\/wp-content\/uploads\/2023\/09\/Madre-buscadora-Leon-Catalina-Vargas.webp","jetpack_sharing_enabled":true,"jetpack_shortlink":"https:\/\/wp.me\/p7ZJR4-hAt","jetpack_likes_enabled":false,"jetpack-related-posts":[{"id":63001,"url":"http:\/\/www.grieta.org.mx\/index.php\/2021\/09\/03\/guardia-nacional-irrumpe-en-casa-de-buscadora-de-guanajuato-y-golpea-a-menores-denuncia-colectivo\/","url_meta":{"origin":67609,"position":0},"title":"Guardia Nacional irrumpe en casa de buscadora de Guanajuato y golpea a menores, denuncia colectivo","author":"grieta","date":"3 septiembre, 2021","format":false,"excerpt":"El Centro Nacional de Atenci\u00f3n Ciudadana de la Guardia Nacional solo asegur\u00f3 que este asunto \u201cya est\u00e1 siendo revisado por el \u00e1rea competente\u201d. Por Redacci\u00f3n Animal Pol\u00edtico, 3 de septiembre, 2021 Paula Rojas, integrante del colectivo de Buscadoras Guanajuato, denunci\u00f3 que elementos de la Guardia Nacional allanaron su casa, ubicada\u2026","rel":"","context":"En &quot;CINTILLO&quot;","block_context":{"text":"CINTILLO","link":"http:\/\/www.grieta.org.mx\/index.php\/category\/cintillo\/"},"img":{"alt_text":"","src":"https:\/\/i0.wp.com\/www.grieta.org.mx\/wp-content\/uploads\/2022\/01\/Captura-de-pantalla-2022-01-08-a-las-18.36.27.png?resize=350%2C200","width":350,"height":200,"srcset":"https:\/\/i0.wp.com\/www.grieta.org.mx\/wp-content\/uploads\/2022\/01\/Captura-de-pantalla-2022-01-08-a-las-18.36.27.png?resize=350%2C200 1x, https:\/\/i0.wp.com\/www.grieta.org.mx\/wp-content\/uploads\/2022\/01\/Captura-de-pantalla-2022-01-08-a-las-18.36.27.png?resize=525%2C300 1.5x, https:\/\/i0.wp.com\/www.grieta.org.mx\/wp-content\/uploads\/2022\/01\/Captura-de-pantalla-2022-01-08-a-las-18.36.27.png?resize=700%2C400 2x, https:\/\/i0.wp.com\/www.grieta.org.mx\/wp-content\/uploads\/2022\/01\/Captura-de-pantalla-2022-01-08-a-las-18.36.27.png?resize=1050%2C600 3x, https:\/\/i0.wp.com\/www.grieta.org.mx\/wp-content\/uploads\/2022\/01\/Captura-de-pantalla-2022-01-08-a-las-18.36.27.png?resize=1400%2C800 4x"},"classes":[]},{"id":67024,"url":"http:\/\/www.grieta.org.mx\/index.php\/2023\/05\/02\/asesinan-a-la-buscadora-teresa-magueyal-en-celaya-guanajuato\/","url_meta":{"origin":67609,"position":1},"title":"Asesinan a la buscadora Teresa Magueyal en Celaya, Guanajuato","author":"grieta","date":"2 mayo, 2023","format":false,"excerpt":"La Uni\u00f3n Regional de B\u00fasqueda del Baj\u00edo exige una investigaci\u00f3n a fondo en el caso del asesinato de Teresa Magueyal, la sexta persona buscadora asesinada en Guanajuato desde octubre de 2020, y pide medidas urgentes de protecci\u00f3n para las buscadoras de la regi\u00f3n. Por Mario Marlo \/ @Mariomarlo Somoselmedio, 02\u2026","rel":"","context":"En &quot;CINTILLO&quot;","block_context":{"text":"CINTILLO","link":"http:\/\/www.grieta.org.mx\/index.php\/category\/cintillo\/"},"img":{"alt_text":"Foto: Somoselmedio","src":"https:\/\/i0.wp.com\/www.grieta.org.mx\/wp-content\/uploads\/2023\/06\/FvKRX0jX0AAHKj_-696x365-1.jpg?resize=350%2C200","width":350,"height":200,"srcset":"https:\/\/i0.wp.com\/www.grieta.org.mx\/wp-content\/uploads\/2023\/06\/FvKRX0jX0AAHKj_-696x365-1.jpg?resize=350%2C200 1x, https:\/\/i0.wp.com\/www.grieta.org.mx\/wp-content\/uploads\/2023\/06\/FvKRX0jX0AAHKj_-696x365-1.jpg?resize=525%2C300 1.5x"},"classes":[]},{"id":68547,"url":"http:\/\/www.grieta.org.mx\/index.php\/2024\/02\/01\/cuidenme-para-que-yo-pueda-buscar-a-mi-hermano-guanajuato\/","url_meta":{"origin":67609,"position":2},"title":"\u00abCu\u00eddenme para que yo pueda buscar a mi hermano\u00bb (Guanajuato)","author":"grieta","date":"1 febrero, 2024","format":false,"excerpt":"Imagen: Tomada de video Desde 2021 el acoso y agresiones contra buscadoras de Guanajuato se ha recrudecido. Ahora, una integrante del Colectivo Hasta Encontrarte fue amenazada, mientras la Comisi\u00f3n Estatal de V\u00edctimas no atiende su caso Andrea Rea \/ Zona Docs CIUDAD DE M\u00c9XICO. -Karla Mart\u00ednez, integrante del\u00a0Colectivo Hasta Encontrarte,\u2026","rel":"","context":"En &quot;CINTILLO&quot;","block_context":{"text":"CINTILLO","link":"http:\/\/www.grieta.org.mx\/index.php\/category\/cintillo\/"},"img":{"alt_text":"","src":"https:\/\/i0.wp.com\/www.grieta.org.mx\/wp-content\/uploads\/2024\/02\/karla_martinez_buscadora_guanajuato_Facebook.jpg?resize=350%2C200","width":350,"height":200,"srcset":"https:\/\/i0.wp.com\/www.grieta.org.mx\/wp-content\/uploads\/2024\/02\/karla_martinez_buscadora_guanajuato_Facebook.jpg?resize=350%2C200 1x, https:\/\/i0.wp.com\/www.grieta.org.mx\/wp-content\/uploads\/2024\/02\/karla_martinez_buscadora_guanajuato_Facebook.jpg?resize=525%2C300 1.5x, https:\/\/i0.wp.com\/www.grieta.org.mx\/wp-content\/uploads\/2024\/02\/karla_martinez_buscadora_guanajuato_Facebook.jpg?resize=700%2C400 2x"},"classes":[]},{"id":67854,"url":"http:\/\/www.grieta.org.mx\/index.php\/2023\/09\/18\/buscadoras-acuden-a-hallazgo-de-fosa-y-policia-de-irapuato-responde-con-detencion-y-amenazas-guanajuato\/","url_meta":{"origin":67609,"position":3},"title":"Buscadoras acuden a hallazgo de fosa y Polic\u00eda de Irapuato responde con detenci\u00f3n y amenazas (Guanajuato)","author":"grieta","date":"18 septiembre, 2023","format":false,"excerpt":"Imagen: Zona Docs \u201cTe faltan unos buenos putazos\u201d fue la amenaza de preventivos municipales a Karla Mart\u00ednez, integrante de la Brigada Independiente al llegar a una fosa resguardada por la corporaci\u00f3n en la comunidad El Conejo Edith Dom\u00ednguez \/ Zona Docs Guanajuato se ha convertido en el estado m\u00e1s violento\u2026","rel":"","context":"En &quot;CINTILLO&quot;","block_context":{"text":"CINTILLO","link":"http:\/\/www.grieta.org.mx\/index.php\/category\/cintillo\/"},"img":{"alt_text":"","src":"https:\/\/i0.wp.com\/www.grieta.org.mx\/wp-content\/uploads\/2023\/10\/PORTADA_POP-LAB_AGRESIONES-BUSCADORAS-GUANAJUATO-1068x391-1.png?resize=350%2C200","width":350,"height":200,"srcset":"https:\/\/i0.wp.com\/www.grieta.org.mx\/wp-content\/uploads\/2023\/10\/PORTADA_POP-LAB_AGRESIONES-BUSCADORAS-GUANAJUATO-1068x391-1.png?resize=350%2C200 1x, https:\/\/i0.wp.com\/www.grieta.org.mx\/wp-content\/uploads\/2023\/10\/PORTADA_POP-LAB_AGRESIONES-BUSCADORAS-GUANAJUATO-1068x391-1.png?resize=525%2C300 1.5x, https:\/\/i0.wp.com\/www.grieta.org.mx\/wp-content\/uploads\/2023\/10\/PORTADA_POP-LAB_AGRESIONES-BUSCADORAS-GUANAJUATO-1068x391-1.png?resize=700%2C400 2x, https:\/\/i0.wp.com\/www.grieta.org.mx\/wp-content\/uploads\/2023\/10\/PORTADA_POP-LAB_AGRESIONES-BUSCADORAS-GUANAJUATO-1068x391-1.png?resize=1050%2C600 3x"},"classes":[]},{"id":68349,"url":"http:\/\/www.grieta.org.mx\/index.php\/2024\/01\/17\/secuestro-de-buscadora-salmantina-y-asesinato-de-su-pareja-e-hijo-sacuden-de-nuevo-a-guanajuato\/","url_meta":{"origin":67609,"position":4},"title":"Secuestro de buscadora salmantina y asesinato de su pareja e hijo, sacuden de nuevo a Guanajuato","author":"grieta","date":"17 enero, 2024","format":false,"excerpt":"Imagen: PopLab Mecanismos oficiales no reaccionan con prontitud, solo las colectivas act\u00faan: reclaman b\u00fasqueda en vida e interpelan a precandidatas a la gubernatura sobre acciones para frenar violencia Carmen Pizano, Melissa Esquivias y Edith Dom\u00ednguez \/ PopLab GUANAJUATO.\u00a0La privaci\u00f3n ilegal de la libertad de la buscadora Lorenza Cano Flores, en\u2026","rel":"","context":"En &quot;CINTILLO&quot;","block_context":{"text":"CINTILLO","link":"http:\/\/www.grieta.org.mx\/index.php\/category\/cintillo\/"},"img":{"alt_text":"","src":"https:\/\/i0.wp.com\/www.grieta.org.mx\/wp-content\/uploads\/2024\/01\/portada_lorenza_cano_color-1536x864-1-1068x601-1.jpeg?resize=350%2C200","width":350,"height":200,"srcset":"https:\/\/i0.wp.com\/www.grieta.org.mx\/wp-content\/uploads\/2024\/01\/portada_lorenza_cano_color-1536x864-1-1068x601-1.jpeg?resize=350%2C200 1x, https:\/\/i0.wp.com\/www.grieta.org.mx\/wp-content\/uploads\/2024\/01\/portada_lorenza_cano_color-1536x864-1-1068x601-1.jpeg?resize=525%2C300 1.5x, https:\/\/i0.wp.com\/www.grieta.org.mx\/wp-content\/uploads\/2024\/01\/portada_lorenza_cano_color-1536x864-1-1068x601-1.jpeg?resize=700%2C400 2x, https:\/\/i0.wp.com\/www.grieta.org.mx\/wp-content\/uploads\/2024\/01\/portada_lorenza_cano_color-1536x864-1-1068x601-1.jpeg?resize=1050%2C600 3x"},"classes":[]},{"id":71567,"url":"http:\/\/www.grieta.org.mx\/index.php\/2025\/04\/06\/27-personas-buscadoras-han-sido-asesinadas-y-tres-mas-desaparecidas-en-mexico\/","url_meta":{"origin":67609,"position":5},"title":"27 personas buscadoras han sido asesinadas y tres m\u00e1s desaparecidas en M\u00e9xico","author":"grieta","date":"6 abril, 2025","format":false,"excerpt":"Imagen: Fotos de personas buscadoras que han sido asesinadas por buscar a su familiar \/ Zona Docs En medio de la terrible crisis de desaparici\u00f3n de personas que no cesa en M\u00e9xico, las familias que buscan a sus seres queridos tambi\u00e9n se han vuelto objeto de amenazas y ataques, con\u2026","rel":"","context":"En &quot;CINTILLO&quot;","block_context":{"text":"CINTILLO","link":"http:\/\/www.grieta.org.mx\/index.php\/category\/cintillo\/"},"img":{"alt_text":"","src":"https:\/\/i0.wp.com\/www.grieta.org.mx\/wp-content\/uploads\/2025\/04\/eaLlPL53.jpeg?resize=350%2C200","width":350,"height":200,"srcset":"https:\/\/i0.wp.com\/www.grieta.org.mx\/wp-content\/uploads\/2025\/04\/eaLlPL53.jpeg?resize=350%2C200 1x, https:\/\/i0.wp.com\/www.grieta.org.mx\/wp-content\/uploads\/2025\/04\/eaLlPL53.jpeg?resize=525%2C300 1.5x, https:\/\/i0.wp.com\/www.grieta.org.mx\/wp-content\/uploads\/2025\/04\/eaLlPL53.jpeg?resize=700%2C400 2x, https:\/\/i0.wp.com\/www.grieta.org.mx\/wp-content\/uploads\/2025\/04\/eaLlPL53.jpeg?resize=1050%2C600 3x"},"classes":[]}],"_links":{"self":[{"href":"http:\/\/www.grieta.org.mx\/index.php\/wp-json\/wp\/v2\/posts\/67609","targetHints":{"allow":["GET"]}}],"collection":[{"href":"http:\/\/www.grieta.org.mx\/index.php\/wp-json\/wp\/v2\/posts"}],"about":[{"href":"http:\/\/www.grieta.org.mx\/index.php\/wp-json\/wp\/v2\/types\/post"}],"author":[{"embeddable":true,"href":"http:\/\/www.grieta.org.mx\/index.php\/wp-json\/wp\/v2\/users\/2"}],"replies":[{"embeddable":true,"href":"http:\/\/www.grieta.org.mx\/index.php\/wp-json\/wp\/v2\/comments?post=67609"}],"version-history":[{"count":1,"href":"http:\/\/www.grieta.org.mx\/index.php\/wp-json\/wp\/v2\/posts\/67609\/revisions"}],"predecessor-version":[{"id":67611,"href":"http:\/\/www.grieta.org.mx\/index.php\/wp-json\/wp\/v2\/posts\/67609\/revisions\/67611"}],"wp:featuredmedia":[{"embeddable":true,"href":"http:\/\/www.grieta.org.mx\/index.php\/wp-json\/wp\/v2\/media\/67610"}],"wp:attachment":[{"href":"http:\/\/www.grieta.org.mx\/index.php\/wp-json\/wp\/v2\/media?parent=67609"}],"wp:term":[{"taxonomy":"category","embeddable":true,"href":"http:\/\/www.grieta.org.mx\/index.php\/wp-json\/wp\/v2\/categories?post=67609"},{"taxonomy":"post_tag","embeddable":true,"href":"http:\/\/www.grieta.org.mx\/index.php\/wp-json\/wp\/v2\/tags?post=67609"}],"curies":[{"name":"wp","href":"https:\/\/api.w.org\/{rel}","templated":true}]}}