{"id":6758,"date":"2016-01-26T02:24:50","date_gmt":"2016-01-26T02:24:50","guid":{"rendered":"http:\/\/50.22.11.12\/~grietaor\/?p=6758"},"modified":"2016-03-29T02:26:26","modified_gmt":"2016-03-29T02:26:26","slug":"protestan-activistas-en-pgr-por-desaparecidos","status":"publish","type":"post","link":"http:\/\/www.grieta.org.mx\/index.php\/2016\/01\/26\/protestan-activistas-en-pgr-por-desaparecidos\/","title":{"rendered":"Protestan activistas en PGR por desaparecidos"},"content":{"rendered":"<p>Jos\u00e9 Abraham Sanz, Sinaloa.<\/p>\n<p>CULIAC\u00c1N._ El llamado Frente Amplio, conformado por varios organismos civiles, acudieron a la delegaci\u00f3n Sinaloa de la Procuradur\u00eda General de la Rep\u00fablica a exigir que se esclarezca la desaparici\u00f3n de los 43 estudiantes de la Normal de Ayotzinapa y por los m\u00e1s de 22 mil desaparecidos en M\u00e9xico.<\/p>\n<p>El grupo sac\u00f3 mantas alusivas a las protestas, tanto de las v\u00edctimas estudiantiles, como los desaparecidos en Sinaloa.<br \/>\nDespu\u00e9s de lanzar algunas consignas, ingresaron a la delegaci\u00f3n de la PGR para hacer entrega de un documento en que se hace formal la exigencia de justicia para familiares de los m\u00e1s de 20 mil desaparecidos.<\/p>\n<p>\u201cLos desaparecidos son de todos, son mexicanos, somos hermanos\u201d, dijo Carlos Ram\u00f3n G\u00f3mez, miembro de la Coordinadora Nacional de los Trabajadores de la Educaci\u00f3n.<\/p>\n<p>El documento contiene siete puntos de exigencia en los que espec\u00edfica incluya la opini\u00f3n de grupo interdisciplinario independiente y se haga un banco nacional de ADN que permita la identificaci\u00f3n de los restos de v\u00edctimas.<\/p>\n<p>El grupo lo conforman miembros de la CNTE, el Frente Popular Revolucionario, el Sindicato de Telefonistas, la Comisi\u00f3n de Defensa de Derechos Humanos del estado de Sinaloa y jubilados de la Universidad Aut\u00f3noma de Sinaloa.<\/p>\n<p><a href=\"http:\/\/beta.noroeste.com.mx\/publicaciones\/view\/protestan-activistas-en-pgr-por-desaparecidos-1007389\" target=\"_blank\">beta.noroeste.com.mx\/publicaciones\/view\/protestan-activistas-en-pgr-por-desaparecidos-1007389<\/a><\/p>\n","protected":false},"excerpt":{"rendered":"<p>Jos\u00e9 Abraham Sanz, Sinaloa. CULIAC\u00c1N._ El llamado Frente Amplio, conformado por varios organismos civiles, acudieron a la delegaci\u00f3n Sinaloa de la Procuradur\u00eda General de la Rep\u00fablica a exigir que se &hellip; <a href=\"http:\/\/www.grieta.org.mx\/index.php\/2016\/01\/26\/protestan-activistas-en-pgr-por-desaparecidos\/\" class=\"more-link\">Leer m\u00e1s<\/a><\/p>\n","protected":false},"author":2,"featured_media":21928,"comment_status":"closed","ping_status":"open","sticky":false,"template":"","format":"standard","meta":{"ngg_post_thumbnail":0,"_jetpack_newsletter_access":"","_jetpack_dont_email_post_to_subs":false,"_jetpack_newsletter_tier_id":0,"_jetpack_memberships_contains_paywalled_content":false,"_jetpack_memberships_contains_paid_content":false,"footnotes":""},"categories":[80,164],"tags":[119,121,229],"class_list":["post-6758","post","type-post","status-publish","format-standard","has-post-thumbnail","hentry","category-cintillo","category-sinaloa","tag-ayotzinapa","tag-desaparecidos","tag-solidaridad-con-ayotzinapa","entry"],"jetpack_featured_media_url":"http:\/\/www.grieta.org.mx\/wp-content\/uploads\/2018\/03\/14524434_1106112876131411_958039263622046936_o.jpg","jetpack_sharing_enabled":true,"jetpack_shortlink":"https:\/\/wp.me\/p7ZJR4-1L0","jetpack_likes_enabled":false,"jetpack-related-posts":[{"id":6726,"url":"http:\/\/www.grieta.org.mx\/index.php\/2016\/06\/27\/movilizaciones-por-ayotzinapa-en-sinaloa\/","url_meta":{"origin":6758,"position":0},"title":"Movilizaciones por Ayotzinapa en Sinaloa","author":"grieta","date":"27 junio, 2016","format":false,"excerpt":"27\/06\/16. Inconformes piden justicia por abusos El Debate 26\/06\/16. Muestran inconformidad en plazuela de Culiac\u00e1n El Debate 26\/01\/16. Protestan activistas en PGR por desaparecidos Noroeste 26\/09\/15. Marchan en Culiac\u00e1n por los 43 de Ayotzinapa y los mil 583 de Sinaloa Noroeste 26\/09\/15. Mazatl\u00e1n se une a protestas, a un a\u00f1o\u2026","rel":"","context":"En &quot;CINTILLO&quot;","block_context":{"text":"CINTILLO","link":"http:\/\/www.grieta.org.mx\/index.php\/category\/cintillo\/"},"img":{"alt_text":"","src":"https:\/\/i0.wp.com\/www.grieta.org.mx\/wp-content\/uploads\/2018\/03\/14524434_1106112876131411_958039263622046936_o.jpg?resize=350%2C200","width":350,"height":200,"srcset":"https:\/\/i0.wp.com\/www.grieta.org.mx\/wp-content\/uploads\/2018\/03\/14524434_1106112876131411_958039263622046936_o.jpg?resize=350%2C200 1x, https:\/\/i0.wp.com\/www.grieta.org.mx\/wp-content\/uploads\/2018\/03\/14524434_1106112876131411_958039263622046936_o.jpg?resize=525%2C300 1.5x, https:\/\/i0.wp.com\/www.grieta.org.mx\/wp-content\/uploads\/2018\/03\/14524434_1106112876131411_958039263622046936_o.jpg?resize=700%2C400 2x"},"classes":[]},{"id":6752,"url":"http:\/\/www.grieta.org.mx\/index.php\/2015\/09\/26\/marchan-en-culiacan-por-los-43-de-ayotzinapa-y-los-mil-583-de-sinaloa\/","url_meta":{"origin":6758,"position":1},"title":"Marchan en Culiac\u00e1n por los 43 de Ayotzinapa y los mil 583 de Sinaloa","author":"grieta","date":"26 septiembre, 2015","format":false,"excerpt":"Marcos Vizcarra, Sinaloa. CULIAC\u00c1N._ Familiares de desaparecidos, defensores de derechos humanos y colectivos civiles iniciaron a marchar esta tarde desde la Lomita por los 43 de Ayotzinapa y los mil 583 de Sinaloa. El grupo Voces Unidas por la Vida, que aglutina 52 casos de desaparecidos del Estado, encabeza esta\u2026","rel":"","context":"En &quot;CINTILLO&quot;","block_context":{"text":"CINTILLO","link":"http:\/\/www.grieta.org.mx\/index.php\/category\/cintillo\/"},"img":{"alt_text":"","src":"https:\/\/i0.wp.com\/www.grieta.org.mx\/wp-content\/uploads\/2018\/03\/14524434_1106112876131411_958039263622046936_o.jpg?resize=350%2C200","width":350,"height":200,"srcset":"https:\/\/i0.wp.com\/www.grieta.org.mx\/wp-content\/uploads\/2018\/03\/14524434_1106112876131411_958039263622046936_o.jpg?resize=350%2C200 1x, https:\/\/i0.wp.com\/www.grieta.org.mx\/wp-content\/uploads\/2018\/03\/14524434_1106112876131411_958039263622046936_o.jpg?resize=525%2C300 1.5x, https:\/\/i0.wp.com\/www.grieta.org.mx\/wp-content\/uploads\/2018\/03\/14524434_1106112876131411_958039263622046936_o.jpg?resize=700%2C400 2x"},"classes":[]},{"id":25893,"url":"http:\/\/www.grieta.org.mx\/index.php\/2018\/08\/27\/familiares-de-desaparecidos-no-dejaran-de-exigir-justicia-sinaloa\/","url_meta":{"origin":6758,"position":2},"title":"Familiares de desaparecidos no dejar\u00e1n de exigir justicia (Sinaloa)","author":"grieta","date":"27 agosto, 2018","format":false,"excerpt":"Retrato de los 43 estudiantes desaparecidos de Ayotzinapa en la Plazuela \u00c1lvaro Obreg\u00f3n en Culiac\u00e1n, Sinaloa. | Foto: El Debate Al lugar acudieron cientos de familiares de personas desaparecidas en todo el estado Francisca Mart\u00ednez Culiac\u00e1n, Sinaloa.- Unidos por la angustia y el dolor cada 26 de cada mes, decenas\u2026","rel":"","context":"En &quot;CINTILLO&quot;","block_context":{"text":"CINTILLO","link":"http:\/\/www.grieta.org.mx\/index.php\/category\/cintillo\/"},"img":{"alt_text":"","src":"https:\/\/i0.wp.com\/www.grieta.org.mx\/wp-content\/uploads\/2018\/08\/ayotzi_desaparecidos.jpg_539665225.jpg?resize=350%2C200","width":350,"height":200,"srcset":"https:\/\/i0.wp.com\/www.grieta.org.mx\/wp-content\/uploads\/2018\/08\/ayotzi_desaparecidos.jpg_539665225.jpg?resize=350%2C200 1x, https:\/\/i0.wp.com\/www.grieta.org.mx\/wp-content\/uploads\/2018\/08\/ayotzi_desaparecidos.jpg_539665225.jpg?resize=525%2C300 1.5x"},"classes":[]},{"id":6886,"url":"http:\/\/www.grieta.org.mx\/index.php\/2016\/09\/14\/desaparecidos-en-sinaloa\/","url_meta":{"origin":6758,"position":3},"title":"Desaparecidos en Sinaloa","author":"grieta","date":"14 septiembre, 2016","format":false,"excerpt":"14\/09\/16. Encuentran Las Rastreadoras seis cuerpos en el norte de Sinaloa Noroeste 01\/09\/16. \u201cRastreadoras\u201d encuentran cuatro cuerpos m\u00e1s; llegan a 62. (Sinaloa) Rio Doce 30\/08\/16. Familiares exigen a Malova resultados en casos de desaparecidos en Sinaloa Proceso 03\/08\/16. \u00bfFue desaparecido en Sinaloa y sospechas en d\u00f3nde est\u00e1? Pide un permiso\u2026","rel":"","context":"En &quot;Desaparecidos&quot;","block_context":{"text":"Desaparecidos","link":"http:\/\/www.grieta.org.mx\/index.php\/category\/temas-nacionales\/desaparecidos\/"},"img":{"alt_text":"","src":"https:\/\/i0.wp.com\/www.grieta.org.mx\/wp-content\/uploads\/2018\/03\/14524434_1106112876131411_958039263622046936_o.jpg?resize=350%2C200","width":350,"height":200,"srcset":"https:\/\/i0.wp.com\/www.grieta.org.mx\/wp-content\/uploads\/2018\/03\/14524434_1106112876131411_958039263622046936_o.jpg?resize=350%2C200 1x, https:\/\/i0.wp.com\/www.grieta.org.mx\/wp-content\/uploads\/2018\/03\/14524434_1106112876131411_958039263622046936_o.jpg?resize=525%2C300 1.5x, https:\/\/i0.wp.com\/www.grieta.org.mx\/wp-content\/uploads\/2018\/03\/14524434_1106112876131411_958039263622046936_o.jpg?resize=700%2C400 2x"},"classes":[]},{"id":13935,"url":"http:\/\/www.grieta.org.mx\/index.php\/2016\/06\/02\/se-plantan-familiares-de-desaparecidos-en-sinaloa-exigen-que-pgr-apresure-expedientes\/","url_meta":{"origin":6758,"position":4},"title":"Se plantan familiares de desaparecidos en Sinaloa, exigen que PGR apresure expedientes","author":"grieta","date":"2 junio, 2016","format":false,"excerpt":"Marcos Vizcarra, Sinaloa CULIAC\u00c1N._ El grupo Voces Unidas por la Vida se manifest\u00f3 este jueves en las instalaciones de la Procuradur\u00eda General de Justicia, previo a una reuni\u00f3n con funcionarios de PGR, a quienes les exigir\u00e1n que se apresure la integraci\u00f3n de expedientes de personas desaparecidas. \u00d3scar Loza Ochoa, enlace\u2026","rel":"","context":"En &quot;CINTILLO&quot;","block_context":{"text":"CINTILLO","link":"http:\/\/www.grieta.org.mx\/index.php\/category\/cintillo\/"},"img":{"alt_text":"","src":"https:\/\/i0.wp.com\/www.grieta.org.mx\/wp-content\/uploads\/2018\/03\/14524434_1106112876131411_958039263622046936_o.jpg?resize=350%2C200","width":350,"height":200,"srcset":"https:\/\/i0.wp.com\/www.grieta.org.mx\/wp-content\/uploads\/2018\/03\/14524434_1106112876131411_958039263622046936_o.jpg?resize=350%2C200 1x, https:\/\/i0.wp.com\/www.grieta.org.mx\/wp-content\/uploads\/2018\/03\/14524434_1106112876131411_958039263622046936_o.jpg?resize=525%2C300 1.5x, https:\/\/i0.wp.com\/www.grieta.org.mx\/wp-content\/uploads\/2018\/03\/14524434_1106112876131411_958039263622046936_o.jpg?resize=700%2C400 2x"},"classes":[]},{"id":9397,"url":"http:\/\/www.grieta.org.mx\/index.php\/2016\/03\/12\/acusan-a-pgr-de-incumplimiento-en-casos-de-desaparecidos-en-sinaloa\/","url_meta":{"origin":6758,"position":5},"title":"Acusan a PGR de incumplimiento en casos de desaparecidos en Sinaloa","author":"grieta","date":"12 marzo, 2016","format":false,"excerpt":"Marcos Vizcarra, Sinaloa. Grupos de familiares de desaparecidos de Sinaloa acusaron incumplimiento sobre investigaciones, b\u00fasquedas y entrega de resultados que prometi\u00f3 PGR en julio de 2015. \u00d3scar Loza Ochoa, enlace de la Comisi\u00f3n de Defensa de Derechos Humanos de Sinaloa y representante de los grupos de familiares, dijo que el\u2026","rel":"","context":"En &quot;CINTILLO&quot;","block_context":{"text":"CINTILLO","link":"http:\/\/www.grieta.org.mx\/index.php\/category\/cintillo\/"},"img":{"alt_text":"","src":"https:\/\/i0.wp.com\/www.grieta.org.mx\/wp-content\/uploads\/2018\/03\/14524434_1106112876131411_958039263622046936_o.jpg?resize=350%2C200","width":350,"height":200,"srcset":"https:\/\/i0.wp.com\/www.grieta.org.mx\/wp-content\/uploads\/2018\/03\/14524434_1106112876131411_958039263622046936_o.jpg?resize=350%2C200 1x, https:\/\/i0.wp.com\/www.grieta.org.mx\/wp-content\/uploads\/2018\/03\/14524434_1106112876131411_958039263622046936_o.jpg?resize=525%2C300 1.5x, https:\/\/i0.wp.com\/www.grieta.org.mx\/wp-content\/uploads\/2018\/03\/14524434_1106112876131411_958039263622046936_o.jpg?resize=700%2C400 2x"},"classes":[]}],"_links":{"self":[{"href":"http:\/\/www.grieta.org.mx\/index.php\/wp-json\/wp\/v2\/posts\/6758","targetHints":{"allow":["GET"]}}],"collection":[{"href":"http:\/\/www.grieta.org.mx\/index.php\/wp-json\/wp\/v2\/posts"}],"about":[{"href":"http:\/\/www.grieta.org.mx\/index.php\/wp-json\/wp\/v2\/types\/post"}],"author":[{"embeddable":true,"href":"http:\/\/www.grieta.org.mx\/index.php\/wp-json\/wp\/v2\/users\/2"}],"replies":[{"embeddable":true,"href":"http:\/\/www.grieta.org.mx\/index.php\/wp-json\/wp\/v2\/comments?post=6758"}],"version-history":[{"count":1,"href":"http:\/\/www.grieta.org.mx\/index.php\/wp-json\/wp\/v2\/posts\/6758\/revisions"}],"predecessor-version":[{"id":6760,"href":"http:\/\/www.grieta.org.mx\/index.php\/wp-json\/wp\/v2\/posts\/6758\/revisions\/6760"}],"wp:featuredmedia":[{"embeddable":true,"href":"http:\/\/www.grieta.org.mx\/index.php\/wp-json\/wp\/v2\/media\/21928"}],"wp:attachment":[{"href":"http:\/\/www.grieta.org.mx\/index.php\/wp-json\/wp\/v2\/media?parent=6758"}],"wp:term":[{"taxonomy":"category","embeddable":true,"href":"http:\/\/www.grieta.org.mx\/index.php\/wp-json\/wp\/v2\/categories?post=6758"},{"taxonomy":"post_tag","embeddable":true,"href":"http:\/\/www.grieta.org.mx\/index.php\/wp-json\/wp\/v2\/tags?post=6758"}],"curies":[{"name":"wp","href":"https:\/\/api.w.org\/{rel}","templated":true}]}}