{"id":6752,"date":"2015-09-26T02:22:47","date_gmt":"2015-09-26T02:22:47","guid":{"rendered":"http:\/\/50.22.11.12\/~grietaor\/?p=6752"},"modified":"2016-03-29T02:24:07","modified_gmt":"2016-03-29T02:24:07","slug":"marchan-en-culiacan-por-los-43-de-ayotzinapa-y-los-mil-583-de-sinaloa","status":"publish","type":"post","link":"http:\/\/www.grieta.org.mx\/index.php\/2015\/09\/26\/marchan-en-culiacan-por-los-43-de-ayotzinapa-y-los-mil-583-de-sinaloa\/","title":{"rendered":"Marchan en Culiac\u00e1n por los 43 de Ayotzinapa y los mil 583 de Sinaloa"},"content":{"rendered":"<p>Marcos Vizcarra, Sinaloa.<\/p>\n<p>CULIAC\u00c1N._ Familiares de desaparecidos, defensores de derechos humanos y colectivos civiles iniciaron a marchar esta tarde desde la Lomita por los 43 de Ayotzinapa y los mil 583 de Sinaloa.<\/p>\n<p>El grupo Voces Unidas por la Vida, que aglutina 52 casos de desaparecidos del Estado, encabeza esta manifestaci\u00f3n, pero con ellos las juventudes de izquierda, la Comisi\u00f3n de defensa de Derechos Humanos de Sinaloa, Parlamento Ciudadano y los integrantes del Frente Amplio Social.<\/p>\n<p>Con esta manifestaci\u00f3n se suman a las protestas nacionales por la desaparici\u00f3n de los 43 estudiantes de Ayotzinapa, quienes hoy cumplen un a\u00f1o fuera de sus casas.<\/p>\n<p>La marcha se dirige a la Catedral de Culiac\u00e1n, donde habr\u00e1 un mitin y luego continuar\u00e1 al Parque Las Riveras.<\/p>\n<p><a href=\"http:\/\/www.noroeste.com.mx\/publicaciones.php?id=1057264\" target=\"_blank\">www.noroeste.com.mx\/publicaciones.php?id=1057264<\/a><\/p>\n","protected":false},"excerpt":{"rendered":"<p>Marcos Vizcarra, Sinaloa. CULIAC\u00c1N._ Familiares de desaparecidos, defensores de derechos humanos y colectivos civiles iniciaron a marchar esta tarde desde la Lomita por los 43 de Ayotzinapa y los mil &hellip; <a href=\"http:\/\/www.grieta.org.mx\/index.php\/2015\/09\/26\/marchan-en-culiacan-por-los-43-de-ayotzinapa-y-los-mil-583-de-sinaloa\/\" class=\"more-link\">Leer m\u00e1s<\/a><\/p>\n","protected":false},"author":2,"featured_media":21928,"comment_status":"closed","ping_status":"open","sticky":false,"template":"","format":"standard","meta":{"ngg_post_thumbnail":0,"_jetpack_newsletter_access":"","_jetpack_dont_email_post_to_subs":false,"_jetpack_newsletter_tier_id":0,"_jetpack_memberships_contains_paywalled_content":false,"_jetpack_memberships_contains_paid_content":false,"footnotes":""},"categories":[80,164],"tags":[119,121,229],"class_list":["post-6752","post","type-post","status-publish","format-standard","has-post-thumbnail","hentry","category-cintillo","category-sinaloa","tag-ayotzinapa","tag-desaparecidos","tag-solidaridad-con-ayotzinapa","entry"],"jetpack_featured_media_url":"http:\/\/www.grieta.org.mx\/wp-content\/uploads\/2018\/03\/14524434_1106112876131411_958039263622046936_o.jpg","jetpack_sharing_enabled":true,"jetpack_shortlink":"https:\/\/wp.me\/p7ZJR4-1KU","jetpack_likes_enabled":false,"jetpack-related-posts":[{"id":6726,"url":"http:\/\/www.grieta.org.mx\/index.php\/2016\/06\/27\/movilizaciones-por-ayotzinapa-en-sinaloa\/","url_meta":{"origin":6752,"position":0},"title":"Movilizaciones por Ayotzinapa en Sinaloa","author":"grieta","date":"27 junio, 2016","format":false,"excerpt":"27\/06\/16. Inconformes piden justicia por abusos El Debate 26\/06\/16. Muestran inconformidad en plazuela de Culiac\u00e1n El Debate 26\/01\/16. Protestan activistas en PGR por desaparecidos Noroeste 26\/09\/15. Marchan en Culiac\u00e1n por los 43 de Ayotzinapa y los mil 583 de Sinaloa Noroeste 26\/09\/15. Mazatl\u00e1n se une a protestas, a un a\u00f1o\u2026","rel":"","context":"En &quot;CINTILLO&quot;","block_context":{"text":"CINTILLO","link":"http:\/\/www.grieta.org.mx\/index.php\/category\/cintillo\/"},"img":{"alt_text":"","src":"https:\/\/i0.wp.com\/www.grieta.org.mx\/wp-content\/uploads\/2018\/03\/14524434_1106112876131411_958039263622046936_o.jpg?resize=350%2C200","width":350,"height":200,"srcset":"https:\/\/i0.wp.com\/www.grieta.org.mx\/wp-content\/uploads\/2018\/03\/14524434_1106112876131411_958039263622046936_o.jpg?resize=350%2C200 1x, https:\/\/i0.wp.com\/www.grieta.org.mx\/wp-content\/uploads\/2018\/03\/14524434_1106112876131411_958039263622046936_o.jpg?resize=525%2C300 1.5x, https:\/\/i0.wp.com\/www.grieta.org.mx\/wp-content\/uploads\/2018\/03\/14524434_1106112876131411_958039263622046936_o.jpg?resize=700%2C400 2x"},"classes":[]},{"id":25893,"url":"http:\/\/www.grieta.org.mx\/index.php\/2018\/08\/27\/familiares-de-desaparecidos-no-dejaran-de-exigir-justicia-sinaloa\/","url_meta":{"origin":6752,"position":1},"title":"Familiares de desaparecidos no dejar\u00e1n de exigir justicia (Sinaloa)","author":"grieta","date":"27 agosto, 2018","format":false,"excerpt":"Retrato de los 43 estudiantes desaparecidos de Ayotzinapa en la Plazuela \u00c1lvaro Obreg\u00f3n en Culiac\u00e1n, Sinaloa. | Foto: El Debate Al lugar acudieron cientos de familiares de personas desaparecidas en todo el estado Francisca Mart\u00ednez Culiac\u00e1n, Sinaloa.- Unidos por la angustia y el dolor cada 26 de cada mes, decenas\u2026","rel":"","context":"En &quot;CINTILLO&quot;","block_context":{"text":"CINTILLO","link":"http:\/\/www.grieta.org.mx\/index.php\/category\/cintillo\/"},"img":{"alt_text":"","src":"https:\/\/i0.wp.com\/www.grieta.org.mx\/wp-content\/uploads\/2018\/08\/ayotzi_desaparecidos.jpg_539665225.jpg?resize=350%2C200","width":350,"height":200,"srcset":"https:\/\/i0.wp.com\/www.grieta.org.mx\/wp-content\/uploads\/2018\/08\/ayotzi_desaparecidos.jpg_539665225.jpg?resize=350%2C200 1x, https:\/\/i0.wp.com\/www.grieta.org.mx\/wp-content\/uploads\/2018\/08\/ayotzi_desaparecidos.jpg_539665225.jpg?resize=525%2C300 1.5x"},"classes":[]},{"id":6758,"url":"http:\/\/www.grieta.org.mx\/index.php\/2016\/01\/26\/protestan-activistas-en-pgr-por-desaparecidos\/","url_meta":{"origin":6752,"position":2},"title":"Protestan activistas en PGR por desaparecidos","author":"grieta","date":"26 enero, 2016","format":false,"excerpt":"Jos\u00e9 Abraham Sanz, Sinaloa. CULIAC\u00c1N._ El llamado Frente Amplio, conformado por varios organismos civiles, acudieron a la delegaci\u00f3n Sinaloa de la Procuradur\u00eda General de la Rep\u00fablica a exigir que se esclarezca la desaparici\u00f3n de los 43 estudiantes de la Normal de Ayotzinapa y por los m\u00e1s de 22 mil desaparecidos\u2026","rel":"","context":"En &quot;CINTILLO&quot;","block_context":{"text":"CINTILLO","link":"http:\/\/www.grieta.org.mx\/index.php\/category\/cintillo\/"},"img":{"alt_text":"","src":"https:\/\/i0.wp.com\/www.grieta.org.mx\/wp-content\/uploads\/2018\/03\/14524434_1106112876131411_958039263622046936_o.jpg?resize=350%2C200","width":350,"height":200,"srcset":"https:\/\/i0.wp.com\/www.grieta.org.mx\/wp-content\/uploads\/2018\/03\/14524434_1106112876131411_958039263622046936_o.jpg?resize=350%2C200 1x, https:\/\/i0.wp.com\/www.grieta.org.mx\/wp-content\/uploads\/2018\/03\/14524434_1106112876131411_958039263622046936_o.jpg?resize=525%2C300 1.5x, https:\/\/i0.wp.com\/www.grieta.org.mx\/wp-content\/uploads\/2018\/03\/14524434_1106112876131411_958039263622046936_o.jpg?resize=700%2C400 2x"},"classes":[]},{"id":15671,"url":"http:\/\/www.grieta.org.mx\/index.php\/2016\/06\/27\/inconformes-piden-justicia-por-abusos\/","url_meta":{"origin":6752,"position":3},"title":"Inconformes piden justicia por abusos (SINALOA)","author":"grieta","date":"27 junio, 2016","format":false,"excerpt":"Alexander Qui\u00f1ones, Sinaloa. Culiac\u00e1n, Sinaloa.- En el marco del a\u00f1o y nueve meses de la desaparici\u00f3n de los 43 estudiantes normalistas de Ayotzinapa, activistas organizaron un mitin en la plazuela Obreg\u00f3n. Evento El acto se realiz\u00f3 en memoria de los normalistas de Ayotzinapa y una exigencia por el esclarecimiento y\u2026","rel":"","context":"En &quot;CINTILLO&quot;","block_context":{"text":"CINTILLO","link":"http:\/\/www.grieta.org.mx\/index.php\/category\/cintillo\/"},"img":{"alt_text":"","src":"https:\/\/i0.wp.com\/www.grieta.org.mx\/wp-content\/uploads\/2018\/03\/14524434_1106112876131411_958039263622046936_o.jpg?resize=350%2C200","width":350,"height":200,"srcset":"https:\/\/i0.wp.com\/www.grieta.org.mx\/wp-content\/uploads\/2018\/03\/14524434_1106112876131411_958039263622046936_o.jpg?resize=350%2C200 1x, https:\/\/i0.wp.com\/www.grieta.org.mx\/wp-content\/uploads\/2018\/03\/14524434_1106112876131411_958039263622046936_o.jpg?resize=525%2C300 1.5x, https:\/\/i0.wp.com\/www.grieta.org.mx\/wp-content\/uploads\/2018\/03\/14524434_1106112876131411_958039263622046936_o.jpg?resize=700%2C400 2x"},"classes":[]},{"id":15667,"url":"http:\/\/www.grieta.org.mx\/index.php\/2016\/06\/26\/muestran-inconformidad-en-plazuela-de-culiacan\/","url_meta":{"origin":6752,"position":4},"title":"Muestran inconformidad en plazuela de Culiac\u00e1n","author":"grieta","date":"26 junio, 2016","format":false,"excerpt":"Redacci\u00f3n El Debate Culiac\u00e1n, Sinaloa.- Esta ma\u00f1ana, se llev\u00f3 a cabo una manifestaci\u00f3n pac\u00edfica en medio de la plazuela del centro de la ciudad, con el fin de exponer ciertos temas pol\u00e9micos para el pa\u00eds. Un joven de origen oaxaque\u00f1o, se plant\u00f3 en la plazuela del centro habl\u00f3 principalmente del\u2026","rel":"","context":"En &quot;CINTILLO&quot;","block_context":{"text":"CINTILLO","link":"http:\/\/www.grieta.org.mx\/index.php\/category\/cintillo\/"},"img":{"alt_text":"","src":"https:\/\/i0.wp.com\/www.grieta.org.mx\/wp-content\/uploads\/2018\/03\/14524434_1106112876131411_958039263622046936_o.jpg?resize=350%2C200","width":350,"height":200,"srcset":"https:\/\/i0.wp.com\/www.grieta.org.mx\/wp-content\/uploads\/2018\/03\/14524434_1106112876131411_958039263622046936_o.jpg?resize=350%2C200 1x, https:\/\/i0.wp.com\/www.grieta.org.mx\/wp-content\/uploads\/2018\/03\/14524434_1106112876131411_958039263622046936_o.jpg?resize=525%2C300 1.5x, https:\/\/i0.wp.com\/www.grieta.org.mx\/wp-content\/uploads\/2018\/03\/14524434_1106112876131411_958039263622046936_o.jpg?resize=700%2C400 2x"},"classes":[]},{"id":6725,"url":"http:\/\/www.grieta.org.mx\/index.php\/2015\/09\/26\/guasavenses-recuerdan-a-los-43-normalistas-de-ayotzinapa\/","url_meta":{"origin":6752,"position":5},"title":"Guasavenses recuerdan a los 43 normalistas de Ayotzinapa","author":"grieta","date":"26 septiembre, 2015","format":false,"excerpt":"Carlos Raeb Morales, Sinaloa Guasave, Sinaloa.- La CNTE, el grupo Guasave Independiente, guasavenses y estudiante de Cobaes, derecho UAS y UDO, estan llegando al cruce de Zaragoza y Corregidora donde recordar\u00e1n a loa 43 estudiantes que desaparecieron el 26 de septiembre del 2014 en Ayotzinapa, Guerrero y que denuncian, fue\u2026","rel":"","context":"En &quot;CINTILLO&quot;","block_context":{"text":"CINTILLO","link":"http:\/\/www.grieta.org.mx\/index.php\/category\/cintillo\/"},"img":{"alt_text":"","src":"https:\/\/i0.wp.com\/www.grieta.org.mx\/wp-content\/uploads\/2018\/03\/14524434_1106112876131411_958039263622046936_o.jpg?resize=350%2C200","width":350,"height":200,"srcset":"https:\/\/i0.wp.com\/www.grieta.org.mx\/wp-content\/uploads\/2018\/03\/14524434_1106112876131411_958039263622046936_o.jpg?resize=350%2C200 1x, https:\/\/i0.wp.com\/www.grieta.org.mx\/wp-content\/uploads\/2018\/03\/14524434_1106112876131411_958039263622046936_o.jpg?resize=525%2C300 1.5x, https:\/\/i0.wp.com\/www.grieta.org.mx\/wp-content\/uploads\/2018\/03\/14524434_1106112876131411_958039263622046936_o.jpg?resize=700%2C400 2x"},"classes":[]}],"_links":{"self":[{"href":"http:\/\/www.grieta.org.mx\/index.php\/wp-json\/wp\/v2\/posts\/6752","targetHints":{"allow":["GET"]}}],"collection":[{"href":"http:\/\/www.grieta.org.mx\/index.php\/wp-json\/wp\/v2\/posts"}],"about":[{"href":"http:\/\/www.grieta.org.mx\/index.php\/wp-json\/wp\/v2\/types\/post"}],"author":[{"embeddable":true,"href":"http:\/\/www.grieta.org.mx\/index.php\/wp-json\/wp\/v2\/users\/2"}],"replies":[{"embeddable":true,"href":"http:\/\/www.grieta.org.mx\/index.php\/wp-json\/wp\/v2\/comments?post=6752"}],"version-history":[{"count":1,"href":"http:\/\/www.grieta.org.mx\/index.php\/wp-json\/wp\/v2\/posts\/6752\/revisions"}],"predecessor-version":[{"id":6754,"href":"http:\/\/www.grieta.org.mx\/index.php\/wp-json\/wp\/v2\/posts\/6752\/revisions\/6754"}],"wp:featuredmedia":[{"embeddable":true,"href":"http:\/\/www.grieta.org.mx\/index.php\/wp-json\/wp\/v2\/media\/21928"}],"wp:attachment":[{"href":"http:\/\/www.grieta.org.mx\/index.php\/wp-json\/wp\/v2\/media?parent=6752"}],"wp:term":[{"taxonomy":"category","embeddable":true,"href":"http:\/\/www.grieta.org.mx\/index.php\/wp-json\/wp\/v2\/categories?post=6752"},{"taxonomy":"post_tag","embeddable":true,"href":"http:\/\/www.grieta.org.mx\/index.php\/wp-json\/wp\/v2\/tags?post=6752"}],"curies":[{"name":"wp","href":"https:\/\/api.w.org\/{rel}","templated":true}]}}