{"id":675,"date":"2015-02-16T20:25:33","date_gmt":"2015-02-16T20:25:33","guid":{"rendered":"http:\/\/50.22.11.12\/~grietaor\/?p=675"},"modified":"2016-03-01T20:26:35","modified_gmt":"2016-03-01T20:26:35","slug":"docentes-de-zacatecas-activan-paro-de-brazos-caidos","status":"publish","type":"post","link":"http:\/\/www.grieta.org.mx\/index.php\/2015\/02\/16\/docentes-de-zacatecas-activan-paro-de-brazos-caidos\/","title":{"rendered":"Docentes de Zacatecas activan paro de brazos ca\u00eddos"},"content":{"rendered":"<p>Sin Embargo<br \/>\nPor Redacci\u00f3n \/ Sin Embargo febrero 16, 2015<\/p>\n<p>Zacatecas, 16 Feb (Notimex).- Los docentes de la Universidad Aut\u00f3noma de Zacatecas (UAZ) iniciaron este lunes un paro de \u201cbrazos ca\u00eddos\u201d en esa casa de estudios en demanda de la soluci\u00f3n al problema econ\u00f3mico.<\/p>\n<p>En entrevista, el secretario general del Sindicato de Personal Acad\u00e9mico de la Universidad Aut\u00f3noma de Zacatecas (SPAUAZ), Crescenciano S\u00e1nchez, confirm\u00f3 el paro laboral, que llevan a cabo de las 7:00 a las 19:00 horas.<\/p>\n<p>Explic\u00f3 que como parte de esta acci\u00f3n los docentes universitarios acudir\u00e1n hoy a las aulas y laboratorios, pero en lugar de desarrollar sus actividades normales explicar\u00e1n los problemas que enfrenta esa casa de estudios.<\/p>\n<p>Lament\u00f3 que este lunes haya poca asistencia a las aulas universitarias ante el paro laboral, pues el objetivo es socializar entre la comunidad universitaria el problema de la UAZ.<\/p>\n<p>En este contexto, el l\u00edder de los maestros record\u00f3 que desde 2013 se solicita a la rector\u00eda que garantice la seguridad social de los trabajadores; sin embargo, dijo que en estos dos a\u00f1os s\u00f3lo una ocasi\u00f3n se han reunido con el rector Armando Silva Ch\u00e1irez.<\/p>\n<p>Mencion\u00f3 que el emplazamiento a huelga del SPAUAZ est\u00e1 fijado para el 18 de febrero y adelant\u00f3 que este mediod\u00eda el sindicato tendr\u00e1 una Asamblea general para analizar la propuesta que presente la rector\u00eda y determinar si la aceptan o la rechazan.<\/p>\n<p>De no haber el n\u00famero de votos requeridos, la reuni\u00f3n se efectuar\u00e1 de nueva cuenta el martes, aclar\u00f3 el dirigente sindical.<\/p>\n<p>Por otra parte, este fin de semana los afiliados al Sindicato de Trabajadores de la Universidad Aut\u00f3noma de Zacatecas (STUAZ) decidieron conjurar la huelga prevista para el 15 de febrero.<\/p>\n<p>En entrevista por separado, el l\u00edder de ese gremio, Rafael Rodr\u00edguez, explic\u00f3 que por mandato tomado en Asamblea se cancel\u00f3 la huelga, luego de que la rector\u00eda depositara 3.8 millones de pesos para el bono contractual, aunque todav\u00eda quedan temas pendientes de soluci\u00f3n.<\/p>\n<p>Entre ellos, mencion\u00f3 el caso de un adeudo superior a los mil millones de pesos al Instituto de Seguridad y Servicios Sociales de los Trabajadores del Estado (ISSSTE).<\/p>\n<p><a href=\"http:\/\/www.sinembargo.mx\/16-02-2015\/1252105\" target=\"_blank\"> www.sinembargo.mx\/16-02-2015\/1252105<\/a><\/p>\n","protected":false},"excerpt":{"rendered":"<p>Sin Embargo Por Redacci\u00f3n \/ Sin Embargo febrero 16, 2015 Zacatecas, 16 Feb (Notimex).- Los docentes de la Universidad Aut\u00f3noma de Zacatecas (UAZ) iniciaron este lunes un paro de \u201cbrazos &hellip; <a href=\"http:\/\/www.grieta.org.mx\/index.php\/2015\/02\/16\/docentes-de-zacatecas-activan-paro-de-brazos-caidos\/\" class=\"more-link\">Leer m\u00e1s<\/a><\/p>\n","protected":false},"author":2,"featured_media":21928,"comment_status":"closed","ping_status":"open","sticky":false,"template":"","format":"standard","meta":{"ngg_post_thumbnail":0,"_jetpack_newsletter_access":"","_jetpack_dont_email_post_to_subs":false,"_jetpack_newsletter_tier_id":0,"_jetpack_memberships_contains_paywalled_content":false,"_jetpack_memberships_contains_paid_content":false,"footnotes":""},"categories":[80,139],"tags":[105,107],"class_list":["post-675","post","type-post","status-publish","format-standard","has-post-thumbnail","hentry","category-cintillo","category-zacatecas","tag-derechos-laborales","tag-educacion","entry"],"jetpack_featured_media_url":"http:\/\/www.grieta.org.mx\/wp-content\/uploads\/2018\/03\/14524434_1106112876131411_958039263622046936_o.jpg","jetpack_sharing_enabled":true,"jetpack_shortlink":"https:\/\/wp.me\/p7ZJR4-aT","jetpack_likes_enabled":false,"jetpack-related-posts":[{"id":678,"url":"http:\/\/www.grieta.org.mx\/index.php\/2016\/02\/15\/conflictos-en-la-universidad-autonoma-de-zacatecas\/","url_meta":{"origin":675,"position":0},"title":"Conflictos en la Universidad Aut\u00f3noma de Zacatecas","author":"grieta","date":"15 febrero, 2016","format":false,"excerpt":"15\/02\/16. Otro Paro en la UAZ NTR Zacatecas 12\/02\/16. Planta rector a SPAUAZ; STUAZ rechaza huelga NTR Zacatecas 27\/01\/16. Paro general en la UAZ NTR Zacatecas 26\/01\/16. Condicionan a alumnos de medicina de la UAZ NTR Zacatecas 18\/01\/16. Denuncia SPAUAZ a rector por peculado NTR Zacatecas 17\/12\/15. Prestar\u00e1 SPAUAZ dinero\u2026","rel":"","context":"En &quot;Zacatecas&quot;","block_context":{"text":"Zacatecas","link":"http:\/\/www.grieta.org.mx\/index.php\/category\/noticias-nacionales\/zacatecas\/"},"img":{"alt_text":"","src":"https:\/\/i0.wp.com\/www.grieta.org.mx\/wp-content\/uploads\/2018\/03\/14524434_1106112876131411_958039263622046936_o.jpg?resize=350%2C200","width":350,"height":200,"srcset":"https:\/\/i0.wp.com\/www.grieta.org.mx\/wp-content\/uploads\/2018\/03\/14524434_1106112876131411_958039263622046936_o.jpg?resize=350%2C200 1x, https:\/\/i0.wp.com\/www.grieta.org.mx\/wp-content\/uploads\/2018\/03\/14524434_1106112876131411_958039263622046936_o.jpg?resize=525%2C300 1.5x, https:\/\/i0.wp.com\/www.grieta.org.mx\/wp-content\/uploads\/2018\/03\/14524434_1106112876131411_958039263622046936_o.jpg?resize=700%2C400 2x"},"classes":[]},{"id":615,"url":"http:\/\/www.grieta.org.mx\/index.php\/2015\/11\/04\/realizan-paro-de-12-horas-en-universidad-de-zacatecas\/","url_meta":{"origin":675,"position":1},"title":"Realizan paro de 12 horas en Universidad de Zacatecas","author":"grieta","date":"4 noviembre, 2015","format":false,"excerpt":"Notimex 04\/11\/15 Sindicato de Personal Acad\u00e9mico de la Universidad Aut\u00f3noma de Zacatecas (SPAUAZ)realiza un paro de 12 horas en la casa de estudios, en demanda de que le sean asignadas las cargas laborales del pr\u00f3ximo ciclo escolar. Ell\u00edder del SPAUAZ, Crescenciano S\u00e1nchez, confirm\u00f3 que el paro de actividades se desarrollar\u00e1\u2026","rel":"","context":"En &quot;CINTILLO&quot;","block_context":{"text":"CINTILLO","link":"http:\/\/www.grieta.org.mx\/index.php\/category\/cintillo\/"},"img":{"alt_text":"","src":"https:\/\/i0.wp.com\/www.grieta.org.mx\/wp-content\/uploads\/2018\/03\/14524434_1106112876131411_958039263622046936_o.jpg?resize=350%2C200","width":350,"height":200,"srcset":"https:\/\/i0.wp.com\/www.grieta.org.mx\/wp-content\/uploads\/2018\/03\/14524434_1106112876131411_958039263622046936_o.jpg?resize=350%2C200 1x, https:\/\/i0.wp.com\/www.grieta.org.mx\/wp-content\/uploads\/2018\/03\/14524434_1106112876131411_958039263622046936_o.jpg?resize=525%2C300 1.5x, https:\/\/i0.wp.com\/www.grieta.org.mx\/wp-content\/uploads\/2018\/03\/14524434_1106112876131411_958039263622046936_o.jpg?resize=700%2C400 2x"},"classes":[]},{"id":31610,"url":"http:\/\/www.grieta.org.mx\/index.php\/2019\/03\/28\/continua-el-paro-de-labores-en-la-uaz\/","url_meta":{"origin":675,"position":2},"title":"Contin\u00faa el paro de labores en la UAZ","author":"grieta","date":"28 marzo, 2019","format":false,"excerpt":"Isidro Mu\u00f1oz\/Zacatecas en Imagen ZACATECAS.- Sin soluci\u00f3n a sus demandas, alumnos continuar\u00e1n el paro en las instalaciones del campus Siglo 21 de la Universidad Aut\u00f3noma de Zacatecas. Los estudiantes, en apoyo al profesor Jos\u00e9 Luis Fierros Rojo, continuar\u00e1n con el paro de actividades en la universidad hasta que el profesor\u2026","rel":"","context":"En &quot;CINTILLO&quot;","block_context":{"text":"CINTILLO","link":"http:\/\/www.grieta.org.mx\/index.php\/category\/cintillo\/"},"img":{"alt_text":"","src":"https:\/\/i0.wp.com\/www.grieta.org.mx\/wp-content\/uploads\/2018\/03\/14524434_1106112876131411_958039263622046936_o.jpg?resize=350%2C200","width":350,"height":200,"srcset":"https:\/\/i0.wp.com\/www.grieta.org.mx\/wp-content\/uploads\/2018\/03\/14524434_1106112876131411_958039263622046936_o.jpg?resize=350%2C200 1x, https:\/\/i0.wp.com\/www.grieta.org.mx\/wp-content\/uploads\/2018\/03\/14524434_1106112876131411_958039263622046936_o.jpg?resize=525%2C300 1.5x, https:\/\/i0.wp.com\/www.grieta.org.mx\/wp-content\/uploads\/2018\/03\/14524434_1106112876131411_958039263622046936_o.jpg?resize=700%2C400 2x"},"classes":[]},{"id":40370,"url":"http:\/\/www.grieta.org.mx\/index.php\/2019\/10\/09\/home-secciones-educacion-se-sumaran-spauaz-y-stuaz-a-paro-nacional-convocado-por-la-contu-zacatecas\/","url_meta":{"origin":675,"position":3},"title":"Educaci\u00f3n Se sumar\u00e1n Spauaz y Stuaz a paro nacional convocado por la Contu (Zacatecas)","author":"grieta","date":"9 octubre, 2019","format":false,"excerpt":"Exigen mayor subsidio a instituciones de educaci\u00f3n superior y que se atienda la crisis Universidades corren el riesgo de no pagar salarios y prestaciones en el cierre de a\u00f1o MART\u00cdN CATAL\u00c1N LERMA \/ La jornada Zacatecas, 09 de octubre de 2019 Zacatecas.- El Sindicato de Personal Acad\u00e9mico de la Benem\u00e9rita\u2026","rel":"","context":"En &quot;CINTILLO&quot;","block_context":{"text":"CINTILLO","link":"http:\/\/www.grieta.org.mx\/index.php\/category\/cintillo\/"},"img":{"alt_text":"","src":"https:\/\/i0.wp.com\/www.grieta.org.mx\/wp-content\/uploads\/2019\/10\/Nota-1-stuaz-copia-1.jpg?resize=350%2C200","width":350,"height":200},"classes":[]},{"id":587,"url":"http:\/\/www.grieta.org.mx\/index.php\/2016\/02\/15\/otro-paro-en-la-uaz\/","url_meta":{"origin":675,"position":4},"title":"Otro paro en la UAZ","author":"grieta","date":"15 febrero, 2016","format":false,"excerpt":"Zacatecas Lunes, 15 de febrero de 2016 ABIGAIL SALINAS Zacatecas.- Al mediod\u00eda de este lunes, en asamblea general del Sindicato del Personal Acad\u00e9mico de la Universidad Aut\u00f3noma de Zacatecas (SPAUAZ), se decidi\u00f3 realizar un paro general de actividades este martes en todos los planteles de la m\u00e1xima casa de estudios\u2026","rel":"","context":"En &quot;CINTILLO&quot;","block_context":{"text":"CINTILLO","link":"http:\/\/www.grieta.org.mx\/index.php\/category\/cintillo\/"},"img":{"alt_text":"","src":"https:\/\/i0.wp.com\/www.grieta.org.mx\/wp-content\/uploads\/2018\/03\/14524434_1106112876131411_958039263622046936_o.jpg?resize=350%2C200","width":350,"height":200,"srcset":"https:\/\/i0.wp.com\/www.grieta.org.mx\/wp-content\/uploads\/2018\/03\/14524434_1106112876131411_958039263622046936_o.jpg?resize=350%2C200 1x, https:\/\/i0.wp.com\/www.grieta.org.mx\/wp-content\/uploads\/2018\/03\/14524434_1106112876131411_958039263622046936_o.jpg?resize=525%2C300 1.5x, https:\/\/i0.wp.com\/www.grieta.org.mx\/wp-content\/uploads\/2018\/03\/14524434_1106112876131411_958039263622046936_o.jpg?resize=700%2C400 2x"},"classes":[]},{"id":71056,"url":"http:\/\/www.grieta.org.mx\/index.php\/2025\/02\/18\/profesores-de-la-uaz-se-van-a-huelga-para-exigir-mejores-condiciones-laborales-zacatecas\/","url_meta":{"origin":675,"position":5},"title":"Profesores de la UAZ se van a huelga para exigir mejores condiciones laborales (Zacatecas)","author":"grieta","date":"18 febrero, 2025","format":false,"excerpt":"Proceso Por Alonso Ch\u00e1vez Landeros martes, 18 de febrero de 2025 \u00b7 ZACATECAS, Zac. (apro).- Este mediod\u00eda de martes fueron colocadas las banderas rojinegras en la Universidad Aut\u00f3noma de Zacatecas (UAZ) tras estallar la huelga los integrantes del Sindicato de Personal Acad\u00e9mico (SPAUAZ). La huelga fue aprobada por la mayor\u00eda\u2026","rel":"","context":"En &quot;CINTILLO&quot;","block_context":{"text":"CINTILLO","link":"http:\/\/www.grieta.org.mx\/index.php\/category\/cintillo\/"},"img":{"alt_text":"","src":"https:\/\/i0.wp.com\/www.grieta.org.mx\/wp-content\/uploads\/2025\/02\/f685x385-217268_254961_5050.webp?resize=350%2C200","width":350,"height":200,"srcset":"https:\/\/i0.wp.com\/www.grieta.org.mx\/wp-content\/uploads\/2025\/02\/f685x385-217268_254961_5050.webp?resize=350%2C200 1x, https:\/\/i0.wp.com\/www.grieta.org.mx\/wp-content\/uploads\/2025\/02\/f685x385-217268_254961_5050.webp?resize=525%2C300 1.5x"},"classes":[]}],"_links":{"self":[{"href":"http:\/\/www.grieta.org.mx\/index.php\/wp-json\/wp\/v2\/posts\/675","targetHints":{"allow":["GET"]}}],"collection":[{"href":"http:\/\/www.grieta.org.mx\/index.php\/wp-json\/wp\/v2\/posts"}],"about":[{"href":"http:\/\/www.grieta.org.mx\/index.php\/wp-json\/wp\/v2\/types\/post"}],"author":[{"embeddable":true,"href":"http:\/\/www.grieta.org.mx\/index.php\/wp-json\/wp\/v2\/users\/2"}],"replies":[{"embeddable":true,"href":"http:\/\/www.grieta.org.mx\/index.php\/wp-json\/wp\/v2\/comments?post=675"}],"version-history":[{"count":1,"href":"http:\/\/www.grieta.org.mx\/index.php\/wp-json\/wp\/v2\/posts\/675\/revisions"}],"predecessor-version":[{"id":677,"href":"http:\/\/www.grieta.org.mx\/index.php\/wp-json\/wp\/v2\/posts\/675\/revisions\/677"}],"wp:featuredmedia":[{"embeddable":true,"href":"http:\/\/www.grieta.org.mx\/index.php\/wp-json\/wp\/v2\/media\/21928"}],"wp:attachment":[{"href":"http:\/\/www.grieta.org.mx\/index.php\/wp-json\/wp\/v2\/media?parent=675"}],"wp:term":[{"taxonomy":"category","embeddable":true,"href":"http:\/\/www.grieta.org.mx\/index.php\/wp-json\/wp\/v2\/categories?post=675"},{"taxonomy":"post_tag","embeddable":true,"href":"http:\/\/www.grieta.org.mx\/index.php\/wp-json\/wp\/v2\/tags?post=675"}],"curies":[{"name":"wp","href":"https:\/\/api.w.org\/{rel}","templated":true}]}}