{"id":67457,"date":"2023-08-01T19:15:20","date_gmt":"2023-08-02T01:15:20","guid":{"rendered":"https:\/\/www.grieta.org.mx\/?p=67457"},"modified":"2023-08-14T19:25:58","modified_gmt":"2023-08-15T01:25:58","slug":"tren-maya-embiste-a-pobladores-de-san-eduardo-campeche-los-desalojaron-para-construirlo","status":"publish","type":"post","link":"http:\/\/www.grieta.org.mx\/index.php\/2023\/08\/01\/tren-maya-embiste-a-pobladores-de-san-eduardo-campeche-los-desalojaron-para-construirlo\/","title":{"rendered":"Tren Maya embiste a pobladores de San Eduardo Campeche; los desalojaron para construirlo"},"content":{"rendered":"<p>CLAUDIA ARRIAGA \/ CORRESPONSAL \/ La Silla Rota<\/p>\n<blockquote><p>\u00bfC\u00f3mo me voy a tranquilizar, si mi mam\u00e1 y mi pap\u00e1 no pueden caminar?\u201d gritaba y lloraba una pobladora para que no le arrebataran su casa<\/p><\/blockquote>\n<p>CAMPECHE. &#8211; A 300 metros de San Eduardo, un ejido de Campeche que era habitado por m\u00e1s de 100 personas, quienes no ten\u00edan el t\u00edtulo de la propiedad, pero s\u00ed la carta de asignaci\u00f3n de la tierra, desde 2016, pasar\u00e1 el Tren Maya. Motivo por el que, con uso de la fuerza p\u00fablica, fueron desalojados el 30 de junio.<\/p>\n<p>A partir de ese d\u00eda, las personas permanecen en protesta a las afueras del Palacio de Gobierno.<\/p>\n<p>Algunos habitaban en las 199 hect\u00e1reas de tierra desde el 2009 y atribuyen el desalojo a la estaci\u00f3n del Tren Maya, ubicada en la entrada del poblado y a las v\u00edas de la obra. Creen que se trata de un nuevo corral\u00f3n.<\/p>\n<p>    \u201cNos desaloj\u00f3 el Poder Judicial y Rafael Casillas por \u00f3rdenes de la gobernadora Layda Sansores. Tenemos cartas de asignaci\u00f3n desde el 2016\u201d, dijeron las personas que acampan en la puerta del Palacio de Gobierno de Campeche.<\/p>\n<p>Agregaron que hasta antes de la construcci\u00f3n del megaproyecto, la mayor\u00eda se dedicaba al campo.<\/p>\n<p>    \u201cLa verdad \u00e9ramos campesinos, trabaj\u00e1bamos la tierra, sembr\u00e1bamos ma\u00edz, chihua, calabaza, pepino, chile, el ma\u00edz, y alimentaba mis animales, cochino, pollo, pavo gallina\u201d, dijeron al un\u00edsono las mujeres presentes.<\/p>\n<p>De momento, continuar\u00e1n en protesta a la espera de una respuesta de la gobernadora, Layda Sansores.<\/p>\n<p>El desalojo<\/p>\n<p>El d\u00eda del desalojo, el pasado 30 de junio, acudieron elementos de la Polic\u00eda Ministerial de Campeche al ejido de San Eduardo. Exigieron a las y los pobladores salir de sus casas y abandonar sus tierras. Algunas de las personas tuvieron ataques de p\u00e1nico.<\/p>\n<p>Un Polic\u00eda Ministerial que acudi\u00f3 a la comunidad no quiso entrar dar m\u00e1s detalles sobre el desalojo y le dijo a los pobladores:<\/p>\n<p>    \u201cYo tengo una orden y es lo \u00fanico que vamos a ejecutar\u201d dijo un elemento de la Polic\u00eda Ministerial <\/p>\n<p>Ante esto los pobladores preguntaron cuantos d\u00edas ten\u00edan para irse y \u00e9l respondi\u00f3: \u201cEl ordenamiento es para hoy\u201d en ese momento las personas presentes se alteraron y se enojaron, pues argumentaron que as\u00ed no se hacen las cosas, pues nunca se les hab\u00eda avisado, hasta ese momento.<\/p>\n<p>Una de las pobladoras que estaba all\u00ed presente entr\u00f3 en crisis y entre l\u00e1grimas le reclam\u00f3 al polic\u00eda, ella dec\u00eda que no sab\u00eda que iba a hacer con sus papas, pues no pod\u00edan caminar, trataron de tranquilizarla, pero ella desconsolada dec\u00eda:<\/p>\n<p>    \u201c\u00bfC\u00f3mo me voy a tranquilizar, si mi mam\u00e1 y mi pap\u00e1 no pueden caminar?\u201d y segu\u00eda llorando. <\/p>\n<p>Uno de los oficiales insisti\u00f3 en que \u00e9l iba a cumplir una orden y que tendr\u00edan que irse en ese mismo momento. Incluso, los animales que criaban y cuidaban son v\u00edctimas colaterales, ya que no pudieron llevarlos consigo y ahora no les permiten acercarse para alimentarlos.<\/p>\n<p>Por el estado de Campeche atravesar\u00e1n los tramos 1, 2 y 7 del Tren Maya. Seg\u00fan informaci\u00f3n del Gobierno Federal, el tramo 2, que va de Esc\u00e1rcega a Calkin\u00ed y pasa por 6 municipios y 31 ejidos es el de mayor avance. Adem\u00e1s, es el \u00fanico de todos los tramos que atraviesa un solo estado.<\/p>\n<p><a href=\"https:\/\/lasillarota.com\/estados\/2023\/8\/1\/tren-maya-embiste-pobladores-de-san-eduardo-campeche-los-desalojaron-para-construirlo-440794.html\" rel=\"noopener\" target=\"_blank\">https:\/\/lasillarota.com\/estados\/2023\/8\/1\/tren-maya-embiste-pobladores-de-san-eduardo-campeche-los-desalojaron-para-construirlo-440794.html<\/a><\/p>\n","protected":false},"excerpt":{"rendered":"<p>CLAUDIA ARRIAGA \/ CORRESPONSAL \/ La Silla Rota \u00bfC\u00f3mo me voy a tranquilizar, si mi mam\u00e1 y mi pap\u00e1 no pueden caminar?\u201d gritaba y lloraba una pobladora para que no &hellip; <a href=\"http:\/\/www.grieta.org.mx\/index.php\/2023\/08\/01\/tren-maya-embiste-a-pobladores-de-san-eduardo-campeche-los-desalojaron-para-construirlo\/\" class=\"more-link\">Leer m\u00e1s<\/a><\/p>\n","protected":false},"author":2,"featured_media":67458,"comment_status":"closed","ping_status":"closed","sticky":false,"template":"","format":"standard","meta":{"ngg_post_thumbnail":0,"_jetpack_newsletter_access":"","_jetpack_dont_email_post_to_subs":false,"_jetpack_newsletter_tier_id":0,"_jetpack_memberships_contains_paywalled_content":false,"_jetpack_memberships_contains_paid_content":false,"footnotes":""},"categories":[11,80,1086,2997,3,922,926,944,952,2,28,1877,2026,36],"tags":[2616,2285,2727,4130,1878],"class_list":["post-67457","post","type-post","status-publish","format-standard","has-post-thumbnail","hentry","category-campeche","category-cintillo","category-desalojos-violentos-en-campeche","category-despojo-de-tierras-en-campeche","category-megaproyectos","category-megaproyectos-estados","category-mp-campeche","category-mp-quintana-roo","category-mp-yucatan","category-noticias-nacionales","category-quintana-roo","category-resistencia-al-tren-maya-en-la-peninsula-de-yucatan-campeche","category-tren-maya","category-yucatan","tag-desalojos","tag-despojo-de-tierra","tag-despojo-de-vivienda","tag-impactos-sociales-por-tren-maya","tag-tren-maya","entry"],"jetpack_featured_media_url":"http:\/\/www.grieta.org.mx\/wp-content\/uploads\/2023\/08\/San-Eduardo-e1692062405101.jpg","jetpack_sharing_enabled":true,"jetpack_shortlink":"https:\/\/wp.me\/p7ZJR4-hy1","jetpack_likes_enabled":false,"jetpack-related-posts":[{"id":35945,"url":"http:\/\/www.grieta.org.mx\/index.php\/2019\/07\/05\/expansion-de-megaproyectos-en-la-peninsula-de-yucatan-video\/","url_meta":{"origin":67457,"position":0},"title":"Expansi\u00f3n de Megaproyectos en la Pen\u00ednsula de Yucat\u00e1n (Video)","author":"grieta","date":"5 julio, 2019","format":false,"excerpt":"https:\/\/youtu.be\/qLBARIAaBsI","rel":"","context":"En &quot;Campeche&quot;","block_context":{"text":"Campeche","link":"http:\/\/www.grieta.org.mx\/index.php\/category\/noticias-nacionales\/campeche\/"},"img":{"alt_text":"","src":"https:\/\/i0.wp.com\/img.youtube.com\/vi\/qLBARIAaBsI\/0.jpg?resize=350%2C200","width":350,"height":200},"classes":[]},{"id":47874,"url":"http:\/\/www.grieta.org.mx\/index.php\/2020\/04\/13\/las-vias-torcidas-del-tren-maya-video\/","url_meta":{"origin":67457,"position":1},"title":"Las v\u00edas torcidas del tren maya (Video)","author":"grieta","date":"13 abril, 2020","format":false,"excerpt":"https:\/\/www.youtube.com\/watch?v=k8FRX9eT0YY","rel":"","context":"En &quot;16. Pueblo Maya&quot;","block_context":{"text":"16. Pueblo Maya","link":"http:\/\/www.grieta.org.mx\/index.php\/category\/espejos-de-la-resistencia\/16-pueblo-maya\/"},"img":{"alt_text":"","src":"https:\/\/i0.wp.com\/www.grieta.org.mx\/wp-content\/uploads\/2020\/04\/ViasTorcidasTrenMaya.png?resize=350%2C200","width":350,"height":200,"srcset":"https:\/\/i0.wp.com\/www.grieta.org.mx\/wp-content\/uploads\/2020\/04\/ViasTorcidasTrenMaya.png?resize=350%2C200 1x, https:\/\/i0.wp.com\/www.grieta.org.mx\/wp-content\/uploads\/2020\/04\/ViasTorcidasTrenMaya.png?resize=525%2C300 1.5x, https:\/\/i0.wp.com\/www.grieta.org.mx\/wp-content\/uploads\/2020\/04\/ViasTorcidasTrenMaya.png?resize=700%2C400 2x"},"classes":[]},{"id":35613,"url":"http:\/\/www.grieta.org.mx\/index.php\/2019\/06\/27\/impactos-sociales-y-territoriales-del-proyecto-tren-maya-video\/","url_meta":{"origin":67457,"position":2},"title":"Impactos sociales y territoriales del proyecto tren maya (Video)","author":"grieta","date":"27 junio, 2019","format":false,"excerpt":"https:\/\/youtu.be\/FPH4ZTKgMPc","rel":"","context":"En &quot;CINTILLO&quot;","block_context":{"text":"CINTILLO","link":"http:\/\/www.grieta.org.mx\/index.php\/category\/cintillo\/"},"img":{"alt_text":"","src":"https:\/\/i0.wp.com\/www.grieta.org.mx\/wp-content\/uploads\/2018\/03\/14524434_1106112876131411_958039263622046936_o.jpg?resize=350%2C200","width":350,"height":200,"srcset":"https:\/\/i0.wp.com\/www.grieta.org.mx\/wp-content\/uploads\/2018\/03\/14524434_1106112876131411_958039263622046936_o.jpg?resize=350%2C200 1x, https:\/\/i0.wp.com\/www.grieta.org.mx\/wp-content\/uploads\/2018\/03\/14524434_1106112876131411_958039263622046936_o.jpg?resize=525%2C300 1.5x, https:\/\/i0.wp.com\/www.grieta.org.mx\/wp-content\/uploads\/2018\/03\/14524434_1106112876131411_958039263622046936_o.jpg?resize=700%2C400 2x"},"classes":[]},{"id":67059,"url":"http:\/\/www.grieta.org.mx\/index.php\/2023\/05\/03\/caravana-el-sur-resiste-pide-a-la-sedena-suspender-obras-en-el-tramo-7-del-tren-maya-campeche\/","url_meta":{"origin":67457,"position":3},"title":"Caravana El Sur Resiste pide a la Sedena suspender obras en el Tramo 7 del Tren Maya (Campeche)","author":"grieta","date":"3 mayo, 2023","format":false,"excerpt":"Cambio 22 XPUJIL, CAMPECHE, 3 de mayo.- Los integrantes del movimiento Caravana El Sur Resiste llegaron al campamento de la Secretar\u00eda de la Defensa Nacional (Sedena) en Xpujil, municipio de Calakmul, Campeche, para hacer entrega a los ingenieros militares de documentos que acreditan que el Tramo 7 del Tren Maya\u2026","rel":"","context":"En &quot;25. Xpujil&quot;","block_context":{"text":"25. Xpujil","link":"http:\/\/www.grieta.org.mx\/index.php\/category\/espejos-de-la-resistencia\/25-xpujil\/"},"img":{"alt_text":"","src":"https:\/\/i0.wp.com\/www.grieta.org.mx\/wp-content\/uploads\/2023\/06\/SurResiste-e1687537548743.jpg?resize=350%2C200","width":350,"height":200,"srcset":"https:\/\/i0.wp.com\/www.grieta.org.mx\/wp-content\/uploads\/2023\/06\/SurResiste-e1687537548743.jpg?resize=350%2C200 1x, https:\/\/i0.wp.com\/www.grieta.org.mx\/wp-content\/uploads\/2023\/06\/SurResiste-e1687537548743.jpg?resize=525%2C300 1.5x, https:\/\/i0.wp.com\/www.grieta.org.mx\/wp-content\/uploads\/2023\/06\/SurResiste-e1687537548743.jpg?resize=700%2C400 2x"},"classes":[]},{"id":58003,"url":"http:\/\/www.grieta.org.mx\/index.php\/2021\/03\/27\/son-proyectos-que-no-estan-siendo-consultados-por-tren-maya-se-harian-10-parques-solares-activistas-de-yucatan-no-quieren-mas-despojo-de-tierras\/","url_meta":{"origin":67457,"position":4},"title":"\u201cSon proyectos que no est\u00e1n siendo consultados\u201d: Por Tren Maya, se har\u00edan 10 parques solares; activistas de Yucat\u00e1n no quieren m\u00e1s despojo de tierras","author":"grieta","date":"27 marzo, 2021","format":false,"excerpt":"Itzel Chan \/ Noticaribe M\u00c9RIDA, MX.- Ante el anuncio relacionado con la construcci\u00f3n de 10 parques de energ\u00eda solar para abastecer los tramos electrificados del Tren Maya, integrantes de la Asamblea de Defensores del Territorio Maya M\u00fauch\u2019 X\u00edinbal, se pronuncian desde ahora que se oponen a m\u00e1s despojo de tierras.\u2026","rel":"","context":"En &quot;Campeche&quot;","block_context":{"text":"Campeche","link":"http:\/\/www.grieta.org.mx\/index.php\/category\/noticias-nacionales\/campeche\/"},"img":{"alt_text":"","src":"https:\/\/i0.wp.com\/www.grieta.org.mx\/wp-content\/uploads\/2021\/03\/ParquesSolaresTrenMalla-e1616978369383.png?resize=350%2C200","width":350,"height":200,"srcset":"https:\/\/i0.wp.com\/www.grieta.org.mx\/wp-content\/uploads\/2021\/03\/ParquesSolaresTrenMalla-e1616978369383.png?resize=350%2C200 1x, https:\/\/i0.wp.com\/www.grieta.org.mx\/wp-content\/uploads\/2021\/03\/ParquesSolaresTrenMalla-e1616978369383.png?resize=525%2C300 1.5x, https:\/\/i0.wp.com\/www.grieta.org.mx\/wp-content\/uploads\/2021\/03\/ParquesSolaresTrenMalla-e1616978369383.png?resize=700%2C400 2x"},"classes":[]},{"id":49173,"url":"http:\/\/www.grieta.org.mx\/index.php\/2020\/05\/11\/suspenden-reubicacion-de-pobladores-de-campeche-por-el-tren-maya\/","url_meta":{"origin":67457,"position":5},"title":"Suspenden reubicaci\u00f3n de pobladores de Campeche por el Tren Maya","author":"grieta","date":"11 mayo, 2020","format":false,"excerpt":"Informe Fracto La medida es temporal y el pr\u00f3ximo 15 de junio el Juzgado Primero de Distrito de Campeche deber\u00e1 decidir si la mantiene. El proceso de reubicaci\u00f3n de pobladores de la ciudad de Campeche por el proyecto del Tren Maya ser\u00e1 suspendido durante la contingencia del COVID-19 (coronavirus), inform\u00f3\u2026","rel":"","context":"En &quot;Campeche&quot;","block_context":{"text":"Campeche","link":"http:\/\/www.grieta.org.mx\/index.php\/category\/noticias-nacionales\/campeche\/"},"img":{"alt_text":"","src":"https:\/\/i0.wp.com\/www.grieta.org.mx\/wp-content\/uploads\/2020\/05\/ruta-del-tren-maya-especial-1_0_21_677_421-e1589495660951.jpeg?resize=350%2C200","width":350,"height":200,"srcset":"https:\/\/i0.wp.com\/www.grieta.org.mx\/wp-content\/uploads\/2020\/05\/ruta-del-tren-maya-especial-1_0_21_677_421-e1589495660951.jpeg?resize=350%2C200 1x, https:\/\/i0.wp.com\/www.grieta.org.mx\/wp-content\/uploads\/2020\/05\/ruta-del-tren-maya-especial-1_0_21_677_421-e1589495660951.jpeg?resize=525%2C300 1.5x, https:\/\/i0.wp.com\/www.grieta.org.mx\/wp-content\/uploads\/2020\/05\/ruta-del-tren-maya-especial-1_0_21_677_421-e1589495660951.jpeg?resize=700%2C400 2x"},"classes":[]}],"_links":{"self":[{"href":"http:\/\/www.grieta.org.mx\/index.php\/wp-json\/wp\/v2\/posts\/67457","targetHints":{"allow":["GET"]}}],"collection":[{"href":"http:\/\/www.grieta.org.mx\/index.php\/wp-json\/wp\/v2\/posts"}],"about":[{"href":"http:\/\/www.grieta.org.mx\/index.php\/wp-json\/wp\/v2\/types\/post"}],"author":[{"embeddable":true,"href":"http:\/\/www.grieta.org.mx\/index.php\/wp-json\/wp\/v2\/users\/2"}],"replies":[{"embeddable":true,"href":"http:\/\/www.grieta.org.mx\/index.php\/wp-json\/wp\/v2\/comments?post=67457"}],"version-history":[{"count":1,"href":"http:\/\/www.grieta.org.mx\/index.php\/wp-json\/wp\/v2\/posts\/67457\/revisions"}],"predecessor-version":[{"id":67459,"href":"http:\/\/www.grieta.org.mx\/index.php\/wp-json\/wp\/v2\/posts\/67457\/revisions\/67459"}],"wp:featuredmedia":[{"embeddable":true,"href":"http:\/\/www.grieta.org.mx\/index.php\/wp-json\/wp\/v2\/media\/67458"}],"wp:attachment":[{"href":"http:\/\/www.grieta.org.mx\/index.php\/wp-json\/wp\/v2\/media?parent=67457"}],"wp:term":[{"taxonomy":"category","embeddable":true,"href":"http:\/\/www.grieta.org.mx\/index.php\/wp-json\/wp\/v2\/categories?post=67457"},{"taxonomy":"post_tag","embeddable":true,"href":"http:\/\/www.grieta.org.mx\/index.php\/wp-json\/wp\/v2\/tags?post=67457"}],"curies":[{"name":"wp","href":"https:\/\/api.w.org\/{rel}","templated":true}]}}