{"id":67383,"date":"2023-08-03T15:53:11","date_gmt":"2023-08-03T21:53:11","guid":{"rendered":"https:\/\/www.grieta.org.mx\/?p=67383"},"modified":"2023-08-06T17:49:44","modified_gmt":"2023-08-06T23:49:44","slug":"rectora-de-la-unacar-se-da-a-la-fuga-tras-manifestacion-de-sindicalizados-campeche","status":"publish","type":"post","link":"http:\/\/www.grieta.org.mx\/index.php\/2023\/08\/03\/rectora-de-la-unacar-se-da-a-la-fuga-tras-manifestacion-de-sindicalizados-campeche\/","title":{"rendered":"Rectora de la Unacar se da a la fuga tras manifestaci\u00f3n de sindicalizados (Campeche)"},"content":{"rendered":"<p>Por Esto!<\/p>\n<p>As\u00ed huy\u00f3 la rectora de la Universidad Aut\u00f3noma del Carmen (Unacar), Sandra Martha Laff\u00f3n Leal, despu\u00e9s de que los extrabajadores cerraron los accesos a la rector\u00eda con candados y cadenas, en protesta por la falta de pago de hasta 14 quincenas<\/p>\n<p>Es decir, que la mayor\u00eda de los 152 jubilados y pensionados del Sindicato \u00danico de Trabajadores de la Unacar (Sutunacar), no han recibido pago alguno en los primeros siete meses del a\u00f1o.<\/p>\n<p>Por una ventana, junto a dos colaboradores, aprovechando la llovizna de la tarde de este jueves en Ciudad del Carmen, Laff\u00f3n Leal, huy\u00f3 del edificio de rector\u00eda, pues los accesos a este han sido bloqueados por los jubilados y pensionados, que exigen transparencia en los recursos extraordinarios que ha recibido la Unacar.<\/p>\n<p>Cuentas claras en las condiciones del fideicomiso, como el pago de al menos 14 quincenas, a quienes ganan por encima de los 10 mil pesos, y a algunos les han pagado al dos quincenas, correspondientes al mes de enero, y desde febrero no reciben pago alguno.<\/p>\n<p><a href=\"https:\/\/www.poresto.net\/campeche\/2023\/8\/3\/rectora-de-la-unacar-se-da-la-fuga-tras-manifestacion-de-sindicalizados-394594.html\" rel=\"noopener\" target=\"_blank\">https:\/\/www.poresto.net\/campeche\/2023\/8\/3\/rectora-de-la-unacar-se-da-la-fuga-tras-manifestacion-de-sindicalizados-394594.html<\/a><\/p>\n","protected":false},"excerpt":{"rendered":"<p>Por Esto! As\u00ed huy\u00f3 la rectora de la Universidad Aut\u00f3noma del Carmen (Unacar), Sandra Martha Laff\u00f3n Leal, despu\u00e9s de que los extrabajadores cerraron los accesos a la rector\u00eda con candados &hellip; <a href=\"http:\/\/www.grieta.org.mx\/index.php\/2023\/08\/03\/rectora-de-la-unacar-se-da-a-la-fuga-tras-manifestacion-de-sindicalizados-campeche\/\" class=\"more-link\">Leer m\u00e1s<\/a><\/p>\n","protected":false},"author":2,"featured_media":67384,"comment_status":"closed","ping_status":"closed","sticky":false,"template":"","format":"standard","meta":{"ngg_post_thumbnail":0,"_jetpack_newsletter_access":"","_jetpack_dont_email_post_to_subs":false,"_jetpack_newsletter_tier_id":0,"_jetpack_memberships_contains_paywalled_content":false,"_jetpack_memberships_contains_paid_content":false,"footnotes":""},"categories":[11,80,1040,916,910,2,3212,1150,83],"tags":[113,2463,105,2281,310,3792,1356],"class_list":["post-67383","post","type-post","status-publish","format-standard","has-post-thumbnail","hentry","category-campeche","category-cintillo","category-conflictos-laborales-en-campeche","category-privatizacion-del-la-educacion-publica","category-explotacion-y-precariedad-laboral","category-noticias-nacionales","category-precariedad-laboral-en-campeche","category-protestas-de-jubilados-en-campeche","category-temas-nacionales","tag-conflictos-laborales","tag-demandas-laborales","tag-derechos-laborales","tag-falta-de-pago-de-jubilaciones","tag-jubilados","tag-protestas-de-jubilados-y-pensionados","tag-protestas-maestros-jubilados","entry"],"jetpack_featured_media_url":"http:\/\/www.grieta.org.mx\/wp-content\/uploads\/2023\/08\/Unacar-e1691365545385.jpg","jetpack_sharing_enabled":true,"jetpack_shortlink":"https:\/\/wp.me\/p7ZJR4-hwP","jetpack_likes_enabled":false,"jetpack-related-posts":[{"id":67735,"url":"http:\/\/www.grieta.org.mx\/index.php\/2023\/09\/14\/en-ciudad-del-carmen-jubilados-de-la-unacar-exigen-pagos-atrasados-campeche\/","url_meta":{"origin":67383,"position":0},"title":"En Ciudad del Carmen, jubilados de la Unacar exigen pagos atrasados (Campeche)","author":"grieta","date":"14 septiembre, 2023","format":false,"excerpt":"Un grupo de jubilados y pensionados de la Universidad Aut\u00f3noma del Carmen marcharon del Sindicato \u00danico de Trabajadores de la Unacar (Sutunacar) hasta rector\u00eda para exigir a las autoridades universitarias, encabezadas por Sandra Martha Laff\u00f3n Leal, como rectora, que cumpla con el pago de quincenas atrasadas, pues hay algunos a\u2026","rel":"","context":"En &quot;Campeche&quot;","block_context":{"text":"Campeche","link":"http:\/\/www.grieta.org.mx\/index.php\/category\/noticias-nacionales\/campeche\/"},"img":{"alt_text":"","src":"https:\/\/i0.wp.com\/www.grieta.org.mx\/wp-content\/uploads\/2023\/09\/CDCarmen-e1694802785883.jpg?resize=350%2C200","width":350,"height":200,"srcset":"https:\/\/i0.wp.com\/www.grieta.org.mx\/wp-content\/uploads\/2023\/09\/CDCarmen-e1694802785883.jpg?resize=350%2C200 1x, https:\/\/i0.wp.com\/www.grieta.org.mx\/wp-content\/uploads\/2023\/09\/CDCarmen-e1694802785883.jpg?resize=525%2C300 1.5x, https:\/\/i0.wp.com\/www.grieta.org.mx\/wp-content\/uploads\/2023\/09\/CDCarmen-e1694802785883.jpg?resize=700%2C400 2x"},"classes":[]},{"id":67964,"url":"http:\/\/www.grieta.org.mx\/index.php\/2023\/10\/18\/jubilados-toman-la-rectoria-de-la-unacar-campeche\/","url_meta":{"origin":67383,"position":1},"title":"Jubilados toman la Rector\u00eda de la Unacar (Campeche)","author":"grieta","date":"18 octubre, 2023","format":false,"excerpt":"CARMEN. \u201cSi las autoridades universitarias han perdido el poder de gesti\u00f3n o no pueden trabajar en nuestro beneficio, que se vayan\u201d, exigieron los trabajadores jubilados y pensionados de la Universidad Aut\u00f3noma del Carmen (Unacar), al tomar las instalaciones de la Rector\u00eda de la maxima casa de estudios en demanda del\u2026","rel":"","context":"En &quot;Campeche&quot;","block_context":{"text":"Campeche","link":"http:\/\/www.grieta.org.mx\/index.php\/category\/noticias-nacionales\/campeche\/"},"img":{"alt_text":"","src":"https:\/\/i0.wp.com\/www.grieta.org.mx\/wp-content\/uploads\/2023\/10\/Jubilados-e1697896122422.jpg?resize=350%2C200","width":350,"height":200,"srcset":"https:\/\/i0.wp.com\/www.grieta.org.mx\/wp-content\/uploads\/2023\/10\/Jubilados-e1697896122422.jpg?resize=350%2C200 1x, https:\/\/i0.wp.com\/www.grieta.org.mx\/wp-content\/uploads\/2023\/10\/Jubilados-e1697896122422.jpg?resize=525%2C300 1.5x, https:\/\/i0.wp.com\/www.grieta.org.mx\/wp-content\/uploads\/2023\/10\/Jubilados-e1697896122422.jpg?resize=700%2C400 2x"},"classes":[]},{"id":69322,"url":"http:\/\/www.grieta.org.mx\/index.php\/2024\/07\/07\/la-unacar-debe-siete-quincenas-a-trabajadores-jubilados-campeche\/","url_meta":{"origin":67383,"position":2},"title":"La Unacar debe siete quincenas a trabajadores jubilados (Campeche)","author":"grieta","date":"7 julio, 2024","format":false,"excerpt":"Fernando Kant\u00fan \/ La Comisi\u00f3n Mixta y el Consejo Universitario no han llegado a ning\u00fan acuerdo con los trabajadores universitarios porque la rectora de la M\u00e1xima Casa de Estudios de Ciudad del Carmen, no tienen ning\u00fan proyecto para solucionar este problema Ciudad del Carmen, Camp.__ En el mes de noviembre\u2026","rel":"","context":"En &quot;Campeche&quot;","block_context":{"text":"Campeche","link":"http:\/\/www.grieta.org.mx\/index.php\/category\/noticias-nacionales\/campeche\/"},"img":{"alt_text":"","src":"https:\/\/i0.wp.com\/www.grieta.org.mx\/wp-content\/uploads\/2024\/07\/Unacar-e1721651314746.jpg?resize=350%2C200","width":350,"height":200,"srcset":"https:\/\/i0.wp.com\/www.grieta.org.mx\/wp-content\/uploads\/2024\/07\/Unacar-e1721651314746.jpg?resize=350%2C200 1x, https:\/\/i0.wp.com\/www.grieta.org.mx\/wp-content\/uploads\/2024\/07\/Unacar-e1721651314746.jpg?resize=525%2C300 1.5x, https:\/\/i0.wp.com\/www.grieta.org.mx\/wp-content\/uploads\/2024\/07\/Unacar-e1721651314746.jpg?resize=700%2C400 2x"},"classes":[]},{"id":68612,"url":"http:\/\/www.grieta.org.mx\/index.php\/2024\/03\/03\/jubilados-y-pensionados-de-la-unacar-exigen-pagos-atrasados-desde-hace-tres-anos-campeche\/","url_meta":{"origin":67383,"position":3},"title":"Jubilados y pensionados de la Unacar exigen pagos atrasados desde hace tres a\u00f1os (Campeche)","author":"grieta","date":"3 marzo, 2024","format":false,"excerpt":"Gerardo Can \/ Por Esto! Ante la inacci\u00f3n de la rectora de la Universidad Aut\u00f3noma del Carmen (Unacar), Sandra Martha Laff\u00f3n Leal, lo cual se ha convertido en una situaci\u00f3n preocupante, los extrabajadores jubilados y pensionados sindicalizados han externado su enojo exigiendo los pagos pendientes del 2023, y las primeras\u2026","rel":"","context":"En &quot;Campeche&quot;","block_context":{"text":"Campeche","link":"http:\/\/www.grieta.org.mx\/index.php\/category\/noticias-nacionales\/campeche\/"},"img":{"alt_text":"","src":"https:\/\/i0.wp.com\/www.grieta.org.mx\/wp-content\/uploads\/2024\/03\/Jubilados-e1710725065743.jpg?resize=350%2C200","width":350,"height":200,"srcset":"https:\/\/i0.wp.com\/www.grieta.org.mx\/wp-content\/uploads\/2024\/03\/Jubilados-e1710725065743.jpg?resize=350%2C200 1x, https:\/\/i0.wp.com\/www.grieta.org.mx\/wp-content\/uploads\/2024\/03\/Jubilados-e1710725065743.jpg?resize=525%2C300 1.5x, https:\/\/i0.wp.com\/www.grieta.org.mx\/wp-content\/uploads\/2024\/03\/Jubilados-e1710725065743.jpg?resize=700%2C400 2x"},"classes":[]},{"id":68783,"url":"http:\/\/www.grieta.org.mx\/index.php\/2024\/03\/28\/en-campeche-extrabajadores-de-la-universidad-del-carmen-llevan-dos-quincenas-sin-cobrar\/","url_meta":{"origin":67383,"position":4},"title":"En Campeche, extrabajadores de la Universidad del Carmen llevan dos quincenas sin cobrar","author":"grieta","date":"28 marzo, 2024","format":false,"excerpt":"Gerardo Can \/ Por Esto! Una vez m\u00e1s, la rectora de la Universidad Aut\u00f3noma del Carmen, Sandra Martha Laff\u00f3n Leal y el secretario general, Juan Pablo Cetina Monterrey, incumplieron la promesa de pago de al menos dos quincenas del 2024 a los extrabajadores sindicalizados, con lo que ya suman tres\u2026","rel":"","context":"En &quot;Campeche&quot;","block_context":{"text":"Campeche","link":"http:\/\/www.grieta.org.mx\/index.php\/category\/noticias-nacionales\/campeche\/"},"img":{"alt_text":"","src":"https:\/\/i0.wp.com\/www.grieta.org.mx\/wp-content\/uploads\/2024\/04\/FaltaPago-e1712682131509.jpg?resize=350%2C200","width":350,"height":200,"srcset":"https:\/\/i0.wp.com\/www.grieta.org.mx\/wp-content\/uploads\/2024\/04\/FaltaPago-e1712682131509.jpg?resize=350%2C200 1x, https:\/\/i0.wp.com\/www.grieta.org.mx\/wp-content\/uploads\/2024\/04\/FaltaPago-e1712682131509.jpg?resize=525%2C300 1.5x, https:\/\/i0.wp.com\/www.grieta.org.mx\/wp-content\/uploads\/2024\/04\/FaltaPago-e1712682131509.jpg?resize=700%2C400 2x"},"classes":[]},{"id":65623,"url":"http:\/\/www.grieta.org.mx\/index.php\/2022\/10\/22\/jubilados-de-la-unacar-denuncian-al-rector-por-corrupcion-campeche\/","url_meta":{"origin":67383,"position":5},"title":"Jubilados de la Unacar denuncian al Rector por corrupci\u00f3n (Campeche)","author":"grieta","date":"22 octubre, 2022","format":false,"excerpt":"Roberto Espinoza \/ Ricardo Jim\u00e9nez \/ Por Esto! Derivado del adeudo de dos quincenas que no ha pagado la Universidad Aut\u00f3noma de Carmen a los jubilados y pensionados de la m\u00e1xima casa de estudios carmelita, un grupo de al menos 15 inconformes de la Uni\u00f3n de jubilados de la UNACAR\u2026","rel":"","context":"En &quot;Campeche&quot;","block_context":{"text":"Campeche","link":"http:\/\/www.grieta.org.mx\/index.php\/category\/noticias-nacionales\/campeche\/"},"img":{"alt_text":"","src":"https:\/\/i0.wp.com\/www.grieta.org.mx\/wp-content\/uploads\/2022\/10\/Unacar-e1666888270396.jpg?resize=350%2C200","width":350,"height":200,"srcset":"https:\/\/i0.wp.com\/www.grieta.org.mx\/wp-content\/uploads\/2022\/10\/Unacar-e1666888270396.jpg?resize=350%2C200 1x, https:\/\/i0.wp.com\/www.grieta.org.mx\/wp-content\/uploads\/2022\/10\/Unacar-e1666888270396.jpg?resize=525%2C300 1.5x, https:\/\/i0.wp.com\/www.grieta.org.mx\/wp-content\/uploads\/2022\/10\/Unacar-e1666888270396.jpg?resize=700%2C400 2x"},"classes":[]}],"_links":{"self":[{"href":"http:\/\/www.grieta.org.mx\/index.php\/wp-json\/wp\/v2\/posts\/67383","targetHints":{"allow":["GET"]}}],"collection":[{"href":"http:\/\/www.grieta.org.mx\/index.php\/wp-json\/wp\/v2\/posts"}],"about":[{"href":"http:\/\/www.grieta.org.mx\/index.php\/wp-json\/wp\/v2\/types\/post"}],"author":[{"embeddable":true,"href":"http:\/\/www.grieta.org.mx\/index.php\/wp-json\/wp\/v2\/users\/2"}],"replies":[{"embeddable":true,"href":"http:\/\/www.grieta.org.mx\/index.php\/wp-json\/wp\/v2\/comments?post=67383"}],"version-history":[{"count":1,"href":"http:\/\/www.grieta.org.mx\/index.php\/wp-json\/wp\/v2\/posts\/67383\/revisions"}],"predecessor-version":[{"id":67385,"href":"http:\/\/www.grieta.org.mx\/index.php\/wp-json\/wp\/v2\/posts\/67383\/revisions\/67385"}],"wp:featuredmedia":[{"embeddable":true,"href":"http:\/\/www.grieta.org.mx\/index.php\/wp-json\/wp\/v2\/media\/67384"}],"wp:attachment":[{"href":"http:\/\/www.grieta.org.mx\/index.php\/wp-json\/wp\/v2\/media?parent=67383"}],"wp:term":[{"taxonomy":"category","embeddable":true,"href":"http:\/\/www.grieta.org.mx\/index.php\/wp-json\/wp\/v2\/categories?post=67383"},{"taxonomy":"post_tag","embeddable":true,"href":"http:\/\/www.grieta.org.mx\/index.php\/wp-json\/wp\/v2\/tags?post=67383"}],"curies":[{"name":"wp","href":"https:\/\/api.w.org\/{rel}","templated":true}]}}