{"id":67357,"date":"2023-07-23T11:40:12","date_gmt":"2023-07-23T17:40:12","guid":{"rendered":"https:\/\/www.grieta.org.mx\/?p=67357"},"modified":"2023-08-06T11:56:20","modified_gmt":"2023-08-06T17:56:20","slug":"derribaran-200-arboles-para-construir-obra-de-corredor-interoceanico-oaxaca","status":"publish","type":"post","link":"http:\/\/www.grieta.org.mx\/index.php\/2023\/07\/23\/derribaran-200-arboles-para-construir-obra-de-corredor-interoceanico-oaxaca\/","title":{"rendered":"Derribar\u00e1n 200 \u00e1rboles para construir obra de Corredor Interoce\u00e1nico (Oaxaca)"},"content":{"rendered":"<p>Imagen: cortes\u00eda de Edwin Meneses<\/p>\n<p><strong>Sin un anuncio oficial, trabajadores de la empresa que construyen en un tramo del Corredor Interoc\u00e9anico anunciaron a habitantes del Istmo de Tehuantepec que derribar\u00e1n 200 \u00e1rboles, a cambio prometen construir un parque<\/strong><\/p>\n<p>Diana Manzo \/ Istmo Press \/ P\u00ede de P\u00e1gina<\/p>\n<p>OAXACA. \u2013 Sin dar mayor informaci\u00f3n, responsables de la empresa quienes tampoco se identificaron, pero iban acompa\u00f1ados de personal de la Marina, dieron a conocer que derribar\u00e1n 200 \u00e1rboles en Salina Cruz, Oaxaca para construir andenes del Ferrocarril de la obra del Corredor Interoce\u00e1nico del Istmo de Tehuantepec (CIIT).<\/p>\n<p>Esta informaci\u00f3n fue compartida en una reuni\u00f3n que sostuvieron con vecinos de las colonias Guadalupe, Cuauht\u00e9moc, Barrio Nuevo y Barrio Espinal, en el campo de f\u00fatbol donde se llevara cabo la instalaci\u00f3n de andenes.<\/p>\n<p>Los vecinos dijeron que los representantes de la empresa les informaron que van a construir una zona de esparcimiento o un parque, a cambio de la instalaci\u00f3n de los andenes.<\/p>\n<p>\u201cHasta el momento no nos han presentado el proyecto, solo nos dijeron que para la instalaci\u00f3n de los andenes, van a derribar esos \u00e1rboles, y a cambio van a construirnos un espacio para poder andar con nuestras familias\u201d, agregaron.<\/p>\n<p>Los representantes de la empresa y de la Marina al cuestionarlos sobre la obra y preguntarles por el Manifiesto de Impacto Ambiental (M\u00cdA) simplemente dijeron que ser\u00e1 hasta la pr\u00f3xima semana d\u00f3nde den a conocer esta informaci\u00f3n, porque van hacer la presentaci\u00f3n formal del proyecto.<\/p>\n<p>Al recorrer la zona donde se talaran los \u00e1rboles, se observa que aunque no se ha dado la presentaci\u00f3n oficial del proyecto, ya hay marcas en el tramo de la Colonia Barrio Nuevo del lado de las v\u00edas del ferrocarril.<\/p>\n<p>En Salina Cruz, ya ocurri\u00f3 una tala 70 de \u00e1rboles, en la colonia Morelos, que correspond\u00edan a la zona de \u00e1reas verdes, tambi\u00e9n como parte de las obras del CIIT.<\/p>\n<p>Esta misma situaci\u00f3n ocurri\u00f3 en Uni\u00f3n Hidalgo con la rehabilitaci\u00f3n de la L\u00ednea K, en donde cerca de 500 \u00e1rboles fueron talados sin mayor informaci\u00f3n.<\/p>\n<p>Ambientalistas y defensores zapotecas han alertado en diversas ocasiones que para las obras del CIIT, no hay un Manifiesto de Impacto Ambiental (MIA) y el proyecto se conoce a medias.<\/p>\n<p><a href=\"https:\/\/piedepagina.mx\/derribaran-200-arboles-para-construir-obra-de-corredor-interoceanico\/\">https:\/\/piedepagina.mx\/derribaran-200-arboles-para-construir-obra-de-corredor-interoceanico\/<\/a><\/p>\n","protected":false},"excerpt":{"rendered":"<p>Imagen: cortes\u00eda de Edwin Meneses Sin un anuncio oficial, trabajadores de la empresa que construyen en un tramo del Corredor Interoc\u00e9anico anunciaron a habitantes del Istmo de Tehuantepec que derribar\u00e1n &hellip; <a href=\"http:\/\/www.grieta.org.mx\/index.php\/2023\/07\/23\/derribaran-200-arboles-para-construir-obra-de-corredor-interoceanico-oaxaca\/\" class=\"more-link\">Leer m\u00e1s<\/a><\/p>\n","protected":false},"author":2,"featured_media":67358,"comment_status":"closed","ping_status":"closed","sticky":false,"template":"","format":"standard","meta":{"ngg_post_thumbnail":0,"_jetpack_newsletter_access":"","_jetpack_dont_email_post_to_subs":false,"_jetpack_newsletter_tier_id":0,"_jetpack_memberships_contains_paywalled_content":false,"_jetpack_memberships_contains_paid_content":false,"footnotes":""},"categories":[80,1358,1708,1948,1278,3,922,941,2,25,83],"tags":[2449,3614,2465,2311,3513,3056],"class_list":["post-67357","post","type-post","status-publish","format-standard","has-post-thumbnail","hentry","category-cintillo","category-conflictos-por-megaproyectos-en-oaxaca","category-corredor-del-istmo-de-tehuantepec","category-corredor-transistmico","category-despojo-de-tierras-y-territorios","category-megaproyectos","category-megaproyectos-estados","category-mp-oaxaca","category-noticias-nacionales","category-oaxaca","category-temas-nacionales","tag-conflicto-por-territorio","tag-corredor-interoceanico","tag-despojo-de-territorios-indigenas","tag-despojo-de-tierras","tag-protestas-contra-megaproyectos","tag-transistmico","entry"],"jetpack_featured_media_url":"http:\/\/www.grieta.org.mx\/wp-content\/uploads\/2023\/08\/IstmoPressarboles_Istmo_Edwin_Meneses.jpg","jetpack_sharing_enabled":true,"jetpack_shortlink":"https:\/\/wp.me\/p7ZJR4-hwp","jetpack_likes_enabled":false,"jetpack-related-posts":[{"id":65997,"url":"http:\/\/www.grieta.org.mx\/index.php\/2022\/12\/14\/ven-en-el-interoceanico-proyecto-de-saqueo-y-despojo-apiidtt-15-anos-de-lucha-y-resistencia-por-la-vida-oaxaca\/","url_meta":{"origin":67357,"position":0},"title":"Ven en el Interoce\u00e1nico proyecto de saqueo y despojo, APIIDTT 15 a\u00f1os de lucha y resistencia por la vida (Oaxaca)","author":"grieta","date":"14 diciembre, 2022","format":false,"excerpt":"Imagen: Cortes\u00eda Gerardo Valdivieso Parada \/ NVINoticias SAN BLAS ATEMPA, Oaxaca.- Integrantes de la Asamblea de los Pueblos Ind\u00edgenas del Istmo en Defensa de la Tierra y el Territorio (APIIDTT) conmemoraron 15 a\u00f1os \u201cen este caminar de lucha y resistencia por la defensa de la vida, tierra y territorio\u201d. En\u2026","rel":"","context":"En &quot;5. Istmo&quot;","block_context":{"text":"5. Istmo","link":"http:\/\/www.grieta.org.mx\/index.php\/category\/espejos-de-la-resistencia\/5-istmo\/"},"img":{"alt_text":"","src":"https:\/\/i0.wp.com\/www.grieta.org.mx\/wp-content\/uploads\/2022\/12\/proyecto_interoceanico.webp?resize=350%2C200","width":350,"height":200,"srcset":"https:\/\/i0.wp.com\/www.grieta.org.mx\/wp-content\/uploads\/2022\/12\/proyecto_interoceanico.webp?resize=350%2C200 1x, https:\/\/i0.wp.com\/www.grieta.org.mx\/wp-content\/uploads\/2022\/12\/proyecto_interoceanico.webp?resize=525%2C300 1.5x, https:\/\/i0.wp.com\/www.grieta.org.mx\/wp-content\/uploads\/2022\/12\/proyecto_interoceanico.webp?resize=700%2C400 2x"},"classes":[]},{"id":65676,"url":"http:\/\/www.grieta.org.mx\/index.php\/2022\/10\/28\/matan-a-comunero-y-atentan-contra-dirigente-del-colectivo-sol-rojo-en-el-istmo-oaxaqueno-ambos-opositores-del-corredor-interoceanico-oaxaca\/","url_meta":{"origin":67357,"position":1},"title":"Matan a comunero y atentan contra dirigente del colectivo \u201cSol Rojo\u201d en el Istmo oaxaque\u00f1o ; ambos opositores del corredor interoce\u00e1nico (Oaxaca)","author":"grieta","date":"28 octubre, 2022","format":false,"excerpt":"Imagen: Especial Diana Manzo \/ Agencia de Noticias IstmoPress #Tehuantepec 28 Oct (#Istmopress) \u2013 Ayer por la noche, Jes\u00fas Manuel Garc\u00eda Mart\u00ednez, comunero zapoteca de la comunidad agraria de Santa Cruz Tagolaba conocido tambi\u00e9n como \u201cChu Pau\u201d, fue asesinado por un grupo de personas armadas, quienes interrumpieron su domicilio en\u2026","rel":"","context":"En &quot;CINTILLO&quot;","block_context":{"text":"CINTILLO","link":"http:\/\/www.grieta.org.mx\/index.php\/category\/cintillo\/"},"img":{"alt_text":"","src":"https:\/\/i0.wp.com\/www.grieta.org.mx\/wp-content\/uploads\/2022\/11\/BSZASRZZ5NG2DO2KEHU5OFYRNI.webp?resize=350%2C200","width":350,"height":200,"srcset":"https:\/\/i0.wp.com\/www.grieta.org.mx\/wp-content\/uploads\/2022\/11\/BSZASRZZ5NG2DO2KEHU5OFYRNI.webp?resize=350%2C200 1x, https:\/\/i0.wp.com\/www.grieta.org.mx\/wp-content\/uploads\/2022\/11\/BSZASRZZ5NG2DO2KEHU5OFYRNI.webp?resize=525%2C300 1.5x, https:\/\/i0.wp.com\/www.grieta.org.mx\/wp-content\/uploads\/2022\/11\/BSZASRZZ5NG2DO2KEHU5OFYRNI.webp?resize=700%2C400 2x"},"classes":[]},{"id":67158,"url":"http:\/\/www.grieta.org.mx\/index.php\/2023\/07\/05\/localizan-sin-vida-al-activista-que-cuestionaba-pago-de-tierras-del-corredor-interoceanico-en-mixtequilla-oaxaca\/","url_meta":{"origin":67357,"position":2},"title":"Localizan sin vida al activista que cuestionaba pago de tierras del Corredor Interoce\u00e1nico en Mixtequilla, Oaxaca","author":"grieta","date":"5 julio, 2023","format":false,"excerpt":"Imagen: Ficha de b\u00fasqueda emitida para encontrar a Noel L\u00f3pez Gallegos - Pagina 3 Diana Manzo \/ P\u00e1gina 3 Mixtequilla, Oax.- Noel L\u00f3pez Gallegos, activista zapoteca de 52 a\u00f1os de edad, fue localizado sin vida la tarde de este martes, confirmaron las autoridades locales de este municipio asentado en el\u2026","rel":"","context":"En &quot;CINTILLO&quot;","block_context":{"text":"CINTILLO","link":"http:\/\/www.grieta.org.mx\/index.php\/category\/cintillo\/"},"img":{"alt_text":"","src":"https:\/\/i0.wp.com\/www.grieta.org.mx\/wp-content\/uploads\/2023\/07\/Acivista-Noel-Lopez-Gallegos.webp?resize=350%2C200","width":350,"height":200,"srcset":"https:\/\/i0.wp.com\/www.grieta.org.mx\/wp-content\/uploads\/2023\/07\/Acivista-Noel-Lopez-Gallegos.webp?resize=350%2C200 1x, https:\/\/i0.wp.com\/www.grieta.org.mx\/wp-content\/uploads\/2023\/07\/Acivista-Noel-Lopez-Gallegos.webp?resize=525%2C300 1.5x"},"classes":[]},{"id":67028,"url":"http:\/\/www.grieta.org.mx\/index.php\/2023\/06\/15\/comunidad-indigena-binniza-de-puente-madera-detiene-polo-de-desarrollo-del-corredor-interoceanico-del-istmo-de-tehuantepec\/","url_meta":{"origin":67357,"position":3},"title":"Comunidad ind\u00edgena Binniza de Puente Madera detiene Polo de Desarrollo del Corredor Interoce\u00e1nico del Istmo de Tehuantepec (Oaxaca)","author":"grieta","date":"15 junio, 2023","format":false,"excerpt":"Imagen: P\u00e1gina 3 Pedro Mat\u00edas \/ P\u00e1gina 3 OAXACA, Oax. (pagina3.mx).- La comunidad ind\u00edgena Binniza de Puente Madera logr\u00f3 detener mediante un juicio de amparo el Polo de Desarrollo para el Bienestar en San Blas Atempa que pretende imponer el presidente Andr\u00e9s Manuel L\u00f3pez Obrador como parte del Corredor Interoce\u00e1nico\u2026","rel":"","context":"En &quot;5. Istmo&quot;","block_context":{"text":"5. Istmo","link":"http:\/\/www.grieta.org.mx\/index.php\/category\/espejos-de-la-resistencia\/5-istmo\/"},"img":{"alt_text":"","src":"https:\/\/i0.wp.com\/www.grieta.org.mx\/wp-content\/uploads\/2023\/06\/IMG_4332.webp?resize=350%2C200","width":350,"height":200,"srcset":"https:\/\/i0.wp.com\/www.grieta.org.mx\/wp-content\/uploads\/2023\/06\/IMG_4332.webp?resize=350%2C200 1x, https:\/\/i0.wp.com\/www.grieta.org.mx\/wp-content\/uploads\/2023\/06\/IMG_4332.webp?resize=525%2C300 1.5x"},"classes":[]},{"id":69275,"url":"http:\/\/www.grieta.org.mx\/index.php\/2024\/06\/17\/despoja-marina-cerro-a-juchitan-oaxaca-para-beneficiar-obra-de-linea-k-del-interoceanico\/","url_meta":{"origin":67357,"position":4},"title":"Despoja Marina cerro a Juchit\u00e1n, Oaxaca para beneficiar obra de L\u00ednea K del Interoce\u00e1nico","author":"grieta","date":"17 junio, 2024","format":false,"excerpt":"Imagen: Edgar Mar\u00edn Diana Manzo \/ Agencia de Noticias IstmoPress #Juchit\u00e1n 17 Jun (#Istmopress) \u2013 Sin importar que exista un amparo federal que ordena la no extracci\u00f3n de roca del cerro del Estero Gui\u00e9 \u2013 hogar de aves y donde existe una amplia biodiversidad- en el municipio de Juchit\u00e1n, Oaxaca,\u2026","rel":"","context":"En &quot;5. Istmo&quot;","block_context":{"text":"5. Istmo","link":"http:\/\/www.grieta.org.mx\/index.php\/category\/espejos-de-la-resistencia\/5-istmo\/"},"img":{"alt_text":"","src":"https:\/\/i0.wp.com\/www.grieta.org.mx\/wp-content\/uploads\/2024\/07\/1718682209188-800x445-1.jpg?resize=350%2C200","width":350,"height":200,"srcset":"https:\/\/i0.wp.com\/www.grieta.org.mx\/wp-content\/uploads\/2024\/07\/1718682209188-800x445-1.jpg?resize=350%2C200 1x, https:\/\/i0.wp.com\/www.grieta.org.mx\/wp-content\/uploads\/2024\/07\/1718682209188-800x445-1.jpg?resize=525%2C300 1.5x, https:\/\/i0.wp.com\/www.grieta.org.mx\/wp-content\/uploads\/2024\/07\/1718682209188-800x445-1.jpg?resize=700%2C400 2x"},"classes":[]},{"id":67251,"url":"http:\/\/www.grieta.org.mx\/index.php\/2023\/07\/28\/agresiones-y-violaciones-a-derechos-humanos-en-megaproyecto-del-corredor-interoceanico-alerta-mision-civil-oaxaca\/","url_meta":{"origin":67357,"position":5},"title":"Agresiones y violaciones a derechos humanos en megaproyecto del Corredor Interoce\u00e1nico: Alerta Misi\u00f3n Civil (Oaxaca)","author":"grieta","date":"28 julio, 2023","format":false,"excerpt":"Imagen: Somos El Medio Miranda Chavarr\u00eda \/ Somos El Medio La Misi\u00f3n Civil de Observaci\u00f3n, integrada por 23 organizaciones de la sociedad civil nacionales e internacionales, concluyeron su investigaci\u00f3n en la regi\u00f3n del Istmo de Tehuantepec, en el Estado de Oaxaca. El objetivo de esta misi\u00f3n fue documentar diversas violaciones\u2026","rel":"","context":"En &quot;CINTILLO&quot;","block_context":{"text":"CINTILLO","link":"http:\/\/www.grieta.org.mx\/index.php\/category\/cintillo\/"},"img":{"alt_text":"","src":"https:\/\/i0.wp.com\/www.grieta.org.mx\/wp-content\/uploads\/2023\/07\/363379770_690020123169868_8124757468151930841_n.jpg?resize=350%2C200","width":350,"height":200,"srcset":"https:\/\/i0.wp.com\/www.grieta.org.mx\/wp-content\/uploads\/2023\/07\/363379770_690020123169868_8124757468151930841_n.jpg?resize=350%2C200 1x, https:\/\/i0.wp.com\/www.grieta.org.mx\/wp-content\/uploads\/2023\/07\/363379770_690020123169868_8124757468151930841_n.jpg?resize=525%2C300 1.5x, https:\/\/i0.wp.com\/www.grieta.org.mx\/wp-content\/uploads\/2023\/07\/363379770_690020123169868_8124757468151930841_n.jpg?resize=700%2C400 2x, https:\/\/i0.wp.com\/www.grieta.org.mx\/wp-content\/uploads\/2023\/07\/363379770_690020123169868_8124757468151930841_n.jpg?resize=1050%2C600 3x, https:\/\/i0.wp.com\/www.grieta.org.mx\/wp-content\/uploads\/2023\/07\/363379770_690020123169868_8124757468151930841_n.jpg?resize=1400%2C800 4x"},"classes":[]}],"_links":{"self":[{"href":"http:\/\/www.grieta.org.mx\/index.php\/wp-json\/wp\/v2\/posts\/67357","targetHints":{"allow":["GET"]}}],"collection":[{"href":"http:\/\/www.grieta.org.mx\/index.php\/wp-json\/wp\/v2\/posts"}],"about":[{"href":"http:\/\/www.grieta.org.mx\/index.php\/wp-json\/wp\/v2\/types\/post"}],"author":[{"embeddable":true,"href":"http:\/\/www.grieta.org.mx\/index.php\/wp-json\/wp\/v2\/users\/2"}],"replies":[{"embeddable":true,"href":"http:\/\/www.grieta.org.mx\/index.php\/wp-json\/wp\/v2\/comments?post=67357"}],"version-history":[{"count":1,"href":"http:\/\/www.grieta.org.mx\/index.php\/wp-json\/wp\/v2\/posts\/67357\/revisions"}],"predecessor-version":[{"id":67359,"href":"http:\/\/www.grieta.org.mx\/index.php\/wp-json\/wp\/v2\/posts\/67357\/revisions\/67359"}],"wp:featuredmedia":[{"embeddable":true,"href":"http:\/\/www.grieta.org.mx\/index.php\/wp-json\/wp\/v2\/media\/67358"}],"wp:attachment":[{"href":"http:\/\/www.grieta.org.mx\/index.php\/wp-json\/wp\/v2\/media?parent=67357"}],"wp:term":[{"taxonomy":"category","embeddable":true,"href":"http:\/\/www.grieta.org.mx\/index.php\/wp-json\/wp\/v2\/categories?post=67357"},{"taxonomy":"post_tag","embeddable":true,"href":"http:\/\/www.grieta.org.mx\/index.php\/wp-json\/wp\/v2\/tags?post=67357"}],"curies":[{"name":"wp","href":"https:\/\/api.w.org\/{rel}","templated":true}]}}