{"id":67257,"date":"2023-07-29T11:49:18","date_gmt":"2023-07-29T17:49:18","guid":{"rendered":"https:\/\/www.grieta.org.mx\/?p=67257"},"modified":"2023-07-30T11:57:39","modified_gmt":"2023-07-30T17:57:39","slug":"indira-regresanos-a-fidel-gritan-familiares-luego-de-32-dias-de-inaccion-de-la-fiscalia-colima","status":"publish","type":"post","link":"http:\/\/www.grieta.org.mx\/index.php\/2023\/07\/29\/indira-regresanos-a-fidel-gritan-familiares-luego-de-32-dias-de-inaccion-de-la-fiscalia-colima\/","title":{"rendered":"\u00a1Indira, regr\u00e9sanos a Fidel!, gritan familiares luego de 32 d\u00edas de inacci\u00f3n de la Fiscal\u00eda (Colima)"},"content":{"rendered":"<p>Imagen: Diario Avanzada<\/p>\n<p>Redacci\u00f3n \/ Diario Avanzada<\/p>\n<p>Colima, M\u00e9xico, Avanzada (29\/07\/2023).- Familiares de Fidel Sandoval Garc\u00eda, desaparecido el 25 de julio de 2023, se manifestaron en la autopista Colima-Guadalajara a la altura de El Trapiche, para exigir su aparici\u00f3n con vida.<\/p>\n<p>Este medio d\u00eda, sobrinos, hermanos y la madre de Fidel se apersonaron a un costado de la autopista con lonas ofreciendo recompensa a quien proporcione informaci\u00f3n veraz, que contribuya en su b\u00fasqueda y localizaci\u00f3n.<\/p>\n<p><mark class=\"has-inline-color has-vivid-red-color\"><\/mark>Manifestaron su inconformidad contra la gobernadora de Colima, Indira Vizca\u00edno Silva y el Fiscal General del Estado de Colima, Bryant Alejandro Garc\u00eda Ram\u00edrez por su ineptitud para resolver el caso. Dijeron que tienen 32 d\u00edas esperando soluci\u00f3n y de ser necesario ir\u00edan hasta la casa de la gobernadora, por que \u201cnada hacen\u201d, \u201ces pura habladur\u00eda y hacen como que hacen, pero no hacen\u201d (lo necesario para localizar a la persona). Pidieron la solidaridad de la ciudadan\u00eda y que se sumen en la manifestaci\u00f3n.<\/p>\n<p>Nosotros somos gente trabajadora que vive \u201cel d\u00eda a d\u00eda\u201d, trabajamos por el sustento diario, no es justo que desaparezca tanta gente. A la gobernadora solo le preocupa \u201csu presencia y su imagen\u201d, pero nada m\u00e1s, dijo la sobrina de Fidel.<\/p>\n<p>Adem\u00e1s, aseguraron que en Colima \u201cno hay qui\u00e9n nos proteja, te pueden agarrar a ti, me pueden agarrar a mi y no habr\u00e1 qui\u00e9n nos proteja\u201d, dijo la hermana de Fidel. \u201c\u00a1Regr\u00e9sanos a Fidel, Indira, regr\u00e9sanos a Fidel!\u201d, grit\u00f3 la sobrina.<br \/>\n<a href=\"https:\/\/diarioavanzada.com.mx\/?p=46767\">https:\/\/diarioavanzada.com.mx\/?p=46767<\/a><\/p>\n","protected":false},"excerpt":{"rendered":"<p>Imagen: Diario Avanzada Redacci\u00f3n \/ Diario Avanzada Colima, M\u00e9xico, Avanzada (29\/07\/2023).- Familiares de Fidel Sandoval Garc\u00eda, desaparecido el 25 de julio de 2023, se manifestaron en la autopista Colima-Guadalajara a &hellip; <a href=\"http:\/\/www.grieta.org.mx\/index.php\/2023\/07\/29\/indira-regresanos-a-fidel-gritan-familiares-luego-de-32-dias-de-inaccion-de-la-fiscalia-colima\/\" class=\"more-link\">Leer m\u00e1s<\/a><\/p>\n","protected":false},"author":2,"featured_media":67258,"comment_status":"closed","ping_status":"closed","sticky":false,"template":"","format":"standard","meta":{"ngg_post_thumbnail":0,"_jetpack_newsletter_access":"","_jetpack_dont_email_post_to_subs":false,"_jetpack_newsletter_tier_id":0,"_jetpack_memberships_contains_paywalled_content":false,"_jetpack_memberships_contains_paid_content":false,"footnotes":""},"categories":[80,13,87,1829,2,83],"tags":[3791,3700,1828,121,1668],"class_list":["post-67257","post","type-post","status-publish","format-standard","has-post-thumbnail","hentry","category-cintillo","category-colima","category-desaparecidos","category-desaparecidos-en-colima","category-noticias-nacionales","category-temas-nacionales","tag-acciones-por-desaparecidos","tag-aumento-desaparecidos","tag-busqueda-de-desaparecidos","tag-desaparecidos","tag-familiares-de-desaparecidos","entry"],"jetpack_featured_media_url":"http:\/\/www.grieta.org.mx\/wp-content\/uploads\/2023\/07\/image-222.webp","jetpack_sharing_enabled":true,"jetpack_shortlink":"https:\/\/wp.me\/p7ZJR4-huN","jetpack_likes_enabled":false,"jetpack-related-posts":[{"id":64330,"url":"http:\/\/www.grieta.org.mx\/index.php\/2022\/05\/31\/colectivo-exige-cambio-completo-de-quienes-nos-protegen-por-ser-parte-del-crimen-organizado-colima\/","url_meta":{"origin":67257,"position":0},"title":"Colectivo exige cambio completo de qui\u00e9nes nos protegen, por ser \u201cparte del Crimen organizado\u201d (Colima)","author":"grieta","date":"31 mayo, 2022","format":false,"excerpt":"Foto: Diario Avanzada Redacci\u00f3n \/ Diario Avanzada Colima, M\u00e9xico, Avanzada (31\/05\/2022).- La Red de Desaparecidos en Colima A.C. fij\u00f3 un posicionamiento en el que expresaron su indignaci\u00f3n luego de que el vocero Adri\u00e1n Joya revictimizara y violara los derechos humanos de los familiares de personas desaparecidas. En una rueda de\u2026","rel":"","context":"En &quot;CINTILLO&quot;","block_context":{"text":"CINTILLO","link":"http:\/\/www.grieta.org.mx\/index.php\/category\/cintillo\/"},"img":{"alt_text":"","src":"https:\/\/i0.wp.com\/www.grieta.org.mx\/wp-content\/uploads\/2022\/06\/image-211.png?resize=350%2C200","width":350,"height":200,"srcset":"https:\/\/i0.wp.com\/www.grieta.org.mx\/wp-content\/uploads\/2022\/06\/image-211.png?resize=350%2C200 1x, https:\/\/i0.wp.com\/www.grieta.org.mx\/wp-content\/uploads\/2022\/06\/image-211.png?resize=525%2C300 1.5x"},"classes":[]},{"id":60398,"url":"http:\/\/www.grieta.org.mx\/index.php\/2021\/07\/06\/familias-de-colima-recorren-jalisco-buscando-a-sus-desaparecidos\/","url_meta":{"origin":67257,"position":1},"title":"Familias de Colima recorren Jalisco buscando a sus desaparecidos","author":"grieta","date":"6 julio, 2021","format":false,"excerpt":"Foto:\u00a0 Diario Avanzada Heidi de Le\u00f3n Guti\u00e9rrez \/ Diario Avanzada Colima, M\u00e9xico, Avanzada (06\/07\/2021).- Integrantes de la Red de Personas Desaparecidas en Colima se encuentran en Jalisco para buscar a sus familiares \u00a0en hospitales, albergues,\u00a0 centros penitenciarios \u00a0y en distintos puntos de esa entidad como parte de la Jornada Nacional\u2026","rel":"","context":"En &quot;CINTILLO&quot;","block_context":{"text":"CINTILLO","link":"http:\/\/www.grieta.org.mx\/index.php\/category\/cintillo\/"},"img":{"alt_text":"","src":"https:\/\/i0.wp.com\/www.grieta.org.mx\/wp-content\/uploads\/2021\/07\/Des.png?resize=350%2C200","width":350,"height":200},"classes":[]},{"id":55616,"url":"http:\/\/www.grieta.org.mx\/index.php\/2020\/12\/02\/ante-el-desamparo-gubernamental-familiares-de-desaparecidos-buscan-donaciones-colima\/","url_meta":{"origin":67257,"position":2},"title":"Ante el desamparo gubernamental, familiares de desaparecidos buscan donaciones (Colima)","author":"grieta","date":"2 diciembre, 2020","format":false,"excerpt":"Foto: Diario Avanzada Heidi de Le\u00f3n Guti\u00e9rrez \/ Diario Avanzada Colima, M\u00e9xico, Avanzada (2\/12\/2020).- Integrantes de la Red de Desaparecidos en el Estado de Colima solicitaron el apoyo econ\u00f3mico o en especie de la poblaci\u00f3n para poder comprar instrumentos que necesitan para las b\u00fasquedas que realizan en diferentes partes de\u2026","rel":"","context":"En &quot;CINTILLO&quot;","block_context":{"text":"CINTILLO","link":"http:\/\/www.grieta.org.mx\/index.php\/category\/cintillo\/"},"img":{"alt_text":"","src":"https:\/\/i0.wp.com\/www.grieta.org.mx\/wp-content\/uploads\/2020\/12\/image-3.png?resize=350%2C200","width":350,"height":200,"srcset":"https:\/\/i0.wp.com\/www.grieta.org.mx\/wp-content\/uploads\/2020\/12\/image-3.png?resize=350%2C200 1x, https:\/\/i0.wp.com\/www.grieta.org.mx\/wp-content\/uploads\/2020\/12\/image-3.png?resize=525%2C300 1.5x"},"classes":[]},{"id":57273,"url":"http:\/\/www.grieta.org.mx\/index.php\/2021\/02\/25\/y-nosotros-cuando-tendremos-respuesta-dos-anos-han-esperado-una-cita-con-el-gobernador-los-familiares-de-desaparecidos-colima\/","url_meta":{"origin":67257,"position":3},"title":"\u00bfY nosotros cu\u00e1ndo tendremos respuesta? Dos a\u00f1os han esperado una cita con el gobernador los familiares de desaparecidos (Colima)","author":"grieta","date":"25 febrero, 2021","format":false,"excerpt":"Imagen: Diario Avanzada Heidi de Le\u00f3n Guti\u00e9rrez \/ Diario Avanzada Colima, M\u00e9xico, Avanzada (25\/02\/2021).- Los integrantes de la Red de Personas Desaparecidas en Colima le recodaron al gobernador Ignacio Peralta S\u00e1nchez que desde hace dos a\u00f1os solicitaron una audiencia con \u00e9l y hasta la fecha no han tenido ninguna respuesta.\u2026","rel":"","context":"En &quot;CINTILLO&quot;","block_context":{"text":"CINTILLO","link":"http:\/\/www.grieta.org.mx\/index.php\/category\/cintillo\/"},"img":{"alt_text":"","src":"https:\/\/i0.wp.com\/www.grieta.org.mx\/wp-content\/uploads\/2021\/03\/y-nosotros-cua%CC%81ndo.png?resize=350%2C200","width":350,"height":200},"classes":[]},{"id":49342,"url":"http:\/\/www.grieta.org.mx\/index.php\/2020\/05\/10\/continuan-desapareciendo-personas-en-colima-este-10-de-mayo-nada-que-celebrar\/","url_meta":{"origin":67257,"position":4},"title":"Contin\u00faan desapareciendo personas en Colima, \u201ceste 10 de mayo nada que celebrar\u201d","author":"grieta","date":"10 mayo, 2020","format":false,"excerpt":"Imagen: Diario Avanzada Redacci\u00f3n \/ Diario Avanzada Colima, M\u00e9xico, Avanzada (10\/05\/2020).- La Fiscal\u00eda General del Estado de Colima reporta 8 personas desaparecidas, en el per\u00edodo comprendido del 17 de abril al 6 de mayo de 2020 en su p\u00e1gina web, en el apartado \u201cdesaparecidos\u201d. En otro espacio se encuentran la\u2026","rel":"","context":"En &quot;CINTILLO&quot;","block_context":{"text":"CINTILLO","link":"http:\/\/www.grieta.org.mx\/index.php\/category\/cintillo\/"},"img":{"alt_text":"","src":"https:\/\/i0.wp.com\/www.grieta.org.mx\/wp-content\/uploads\/2020\/05\/97127903_281176699709177_6094025677776879616_n.jpg?resize=350%2C200","width":350,"height":200,"srcset":"https:\/\/i0.wp.com\/www.grieta.org.mx\/wp-content\/uploads\/2020\/05\/97127903_281176699709177_6094025677776879616_n.jpg?resize=350%2C200 1x, https:\/\/i0.wp.com\/www.grieta.org.mx\/wp-content\/uploads\/2020\/05\/97127903_281176699709177_6094025677776879616_n.jpg?resize=525%2C300 1.5x, https:\/\/i0.wp.com\/www.grieta.org.mx\/wp-content\/uploads\/2020\/05\/97127903_281176699709177_6094025677776879616_n.jpg?resize=700%2C400 2x, https:\/\/i0.wp.com\/www.grieta.org.mx\/wp-content\/uploads\/2020\/05\/97127903_281176699709177_6094025677776879616_n.jpg?resize=1050%2C600 3x"},"classes":[]},{"id":48437,"url":"http:\/\/www.grieta.org.mx\/index.php\/2020\/04\/28\/incrementa-la-desaparicion-de-personas-en-colima-colectivo-de-busqueda\/","url_meta":{"origin":67257,"position":5},"title":"Incrementa la desaparici\u00f3n de personas en Colima: Colectivo de B\u00fasqueda","author":"grieta","date":"28 abril, 2020","format":false,"excerpt":"Foto: Diario Avanzada Redacci\u00f3n \/ Diario Avanzada Colima, M\u00e9xico, Avanzada (28\/04\/2020).- Con poco m\u00e1s de 700 personas desaparecidas en Colima, el Colectivo de B\u00fasqueda suspendi\u00f3, por tiempo indefinido, las actividades por la emergencia sanitaria decretada para evitar los contagios de Covid-19. En entrevista, integrantes de esta red en Colima mencionaron\u2026","rel":"","context":"En &quot;CINTILLO&quot;","block_context":{"text":"CINTILLO","link":"http:\/\/www.grieta.org.mx\/index.php\/category\/cintillo\/"},"img":{"alt_text":"","src":"https:\/\/i0.wp.com\/www.grieta.org.mx\/wp-content\/uploads\/2020\/05\/Desaparecidos-En-Colima.jpg?resize=350%2C200","width":350,"height":200,"srcset":"https:\/\/i0.wp.com\/www.grieta.org.mx\/wp-content\/uploads\/2020\/05\/Desaparecidos-En-Colima.jpg?resize=350%2C200 1x, https:\/\/i0.wp.com\/www.grieta.org.mx\/wp-content\/uploads\/2020\/05\/Desaparecidos-En-Colima.jpg?resize=525%2C300 1.5x, https:\/\/i0.wp.com\/www.grieta.org.mx\/wp-content\/uploads\/2020\/05\/Desaparecidos-En-Colima.jpg?resize=700%2C400 2x"},"classes":[]}],"_links":{"self":[{"href":"http:\/\/www.grieta.org.mx\/index.php\/wp-json\/wp\/v2\/posts\/67257","targetHints":{"allow":["GET"]}}],"collection":[{"href":"http:\/\/www.grieta.org.mx\/index.php\/wp-json\/wp\/v2\/posts"}],"about":[{"href":"http:\/\/www.grieta.org.mx\/index.php\/wp-json\/wp\/v2\/types\/post"}],"author":[{"embeddable":true,"href":"http:\/\/www.grieta.org.mx\/index.php\/wp-json\/wp\/v2\/users\/2"}],"replies":[{"embeddable":true,"href":"http:\/\/www.grieta.org.mx\/index.php\/wp-json\/wp\/v2\/comments?post=67257"}],"version-history":[{"count":1,"href":"http:\/\/www.grieta.org.mx\/index.php\/wp-json\/wp\/v2\/posts\/67257\/revisions"}],"predecessor-version":[{"id":67259,"href":"http:\/\/www.grieta.org.mx\/index.php\/wp-json\/wp\/v2\/posts\/67257\/revisions\/67259"}],"wp:featuredmedia":[{"embeddable":true,"href":"http:\/\/www.grieta.org.mx\/index.php\/wp-json\/wp\/v2\/media\/67258"}],"wp:attachment":[{"href":"http:\/\/www.grieta.org.mx\/index.php\/wp-json\/wp\/v2\/media?parent=67257"}],"wp:term":[{"taxonomy":"category","embeddable":true,"href":"http:\/\/www.grieta.org.mx\/index.php\/wp-json\/wp\/v2\/categories?post=67257"},{"taxonomy":"post_tag","embeddable":true,"href":"http:\/\/www.grieta.org.mx\/index.php\/wp-json\/wp\/v2\/tags?post=67257"}],"curies":[{"name":"wp","href":"https:\/\/api.w.org\/{rel}","templated":true}]}}