{"id":67217,"date":"2023-07-23T16:06:15","date_gmt":"2023-07-23T22:06:15","guid":{"rendered":"https:\/\/www.grieta.org.mx\/?p=67217"},"modified":"2023-07-25T16:35:20","modified_gmt":"2023-07-25T22:35:20","slug":"los-impactos-del-tren-maya-amenazan-la-salud-de-la-laguna-de-bacalar-quintana-roo","status":"publish","type":"post","link":"http:\/\/www.grieta.org.mx\/index.php\/2023\/07\/23\/los-impactos-del-tren-maya-amenazan-la-salud-de-la-laguna-de-bacalar-quintana-roo\/","title":{"rendered":"Los impactos del Tren Maya amenazan la salud de la laguna de Bacalar (Quintana Roo)"},"content":{"rendered":"<p>Orsetta Bellani  \/ Animal Pol\u00edtico<\/p>\n<blockquote><p>La poblaci\u00f3n de Bacalar se ha dividido: algunos alertan sobre los da\u00f1os ecol\u00f3gicos y los impactos urbanos de la obra; otros dicen que la comunidad debe dar la bienvenida al \u201cdesarrollo\u201d <\/p><\/blockquote>\n<p>Cuando a principios de julio se enteraron de que el Ej\u00e9rcito estaba rellenando el Estero de Chac para construir el tramo 6 del Tren Maya, los habitantes de Bacalar se acordaron de lo que pas\u00f3 hace unos 25 a\u00f1os, cuando el gobierno de Quintana Roo tap\u00f3 la desembocadura para construir una carretera y el nivel de la laguna subi\u00f3 por arriba de los muelles.<\/p>\n<p>Al no quererse encontrar nuevamente con el agua hasta los tobillos, un grupo de ciudadanos decidi\u00f3 protestar hasta conseguir una reuni\u00f3n con la Secretar\u00eda de la Defensa Nacional (Sedena), que les explic\u00f3 su proyecto. Hasta aquel momento lo desconoc\u00edan, pues jam\u00e1s la poblaci\u00f3n de Bacalar fue informada \u2015y mucho menos consultada\u2015 sobre los detalles de la construcci\u00f3n del Tren Maya.<\/p>\n<p>Fue durante la junta con Sedena que los pobladores descubrieron que, en este caudal, donde el sistema lagunar de Bacalar encuentra al R\u00edo Hondo permitiendo su regulaci\u00f3n h\u00eddrica, el Ej\u00e9rcito est\u00e1 construyendo un camino para que una m\u00e1quina perforadora cruce el estero y ponga los pilotes del puente del Tren Maya. Durante un recorrido realizado en el estero de Chac, el 14 de julio, se pudo averiguar que efectivamente una m\u00e1quina perforadora est\u00e1 en funci\u00f3n en la orilla del estero y que, unos metros m\u00e1s all\u00e1, las excavadoras est\u00e1n trabajando a pleno ritmo en el trazado de la obra.<\/p>\n<p><img loading=\"lazy\" decoding=\"async\" data-attachment-id=\"67219\" data-permalink=\"http:\/\/www.grieta.org.mx\/index.php\/2023\/07\/23\/los-impactos-del-tren-maya-amenazan-la-salud-de-la-laguna-de-bacalar-quintana-roo\/esterochac2\/\" data-orig-file=\"http:\/\/www.grieta.org.mx\/wp-content\/uploads\/2023\/07\/EsteroChac2-e1690323821811.jpg\" data-orig-size=\"800,530\" data-comments-opened=\"0\" data-image-meta=\"{&quot;aperture&quot;:&quot;0&quot;,&quot;credit&quot;:&quot;&quot;,&quot;camera&quot;:&quot;&quot;,&quot;caption&quot;:&quot;&quot;,&quot;created_timestamp&quot;:&quot;0&quot;,&quot;copyright&quot;:&quot;&quot;,&quot;focal_length&quot;:&quot;0&quot;,&quot;iso&quot;:&quot;0&quot;,&quot;shutter_speed&quot;:&quot;0&quot;,&quot;title&quot;:&quot;&quot;,&quot;orientation&quot;:&quot;1&quot;}\" data-image-title=\"EsteroChac2\" data-image-description=\"\" data-image-caption=\"\" data-medium-file=\"http:\/\/www.grieta.org.mx\/wp-content\/uploads\/2023\/07\/EsteroChac2-e1690323821811-300x199.jpg\" data-large-file=\"http:\/\/www.grieta.org.mx\/wp-content\/uploads\/2023\/07\/EsteroChac2-1024x678.jpg\" src=\"http:\/\/www.grieta.org.mx\/wp-content\/uploads\/2023\/07\/EsteroChac2-e1690323821811.jpg\" alt=\"\" width=\"800\" height=\"530\" class=\"alignnone size-full wp-image-67219\" srcset=\"http:\/\/www.grieta.org.mx\/wp-content\/uploads\/2023\/07\/EsteroChac2-e1690323821811.jpg 800w, http:\/\/www.grieta.org.mx\/wp-content\/uploads\/2023\/07\/EsteroChac2-e1690323821811-300x199.jpg 300w, http:\/\/www.grieta.org.mx\/wp-content\/uploads\/2023\/07\/EsteroChac2-e1690323821811-768x509.jpg 768w\" sizes=\"auto, (max-width: 800px) 100vw, 800px\" \/><br \/>\nEl Ej\u00e9rcito est\u00e1 construyendo un camino para que una m\u00e1quina perforadora cruce el Estero de Chac y ponga los pilotes del puente del Tren Maya. | Foto: Mariana Hern\u00e1ndez Garc\u00eda.<\/p>\n<p>\u201cLo primero que hizo Sedena fue afirmar que el relleno del estero hab\u00eda sido un error humano\u2026 un error humano ser\u00eda un volquetazo, \u00bfno? Aqu\u00ed fueron muchos m\u00e1s\u201d, dice Josafat Casasola, representante de la Asociaci\u00f3n de Prestadores de Servicios N\u00e1uticos de Bacalar, quien particip\u00f3 en la reuni\u00f3n<\/p>\n<p>\u201cNo llegamos a un acuerdo escrito, pero el Ej\u00e9rcito se comprometi\u00f3 a volver a dragar una vez que termine de poner los pilotes, para dejar el canal y los humedales lo m\u00e1s cercano a como estaban\u201d.<\/p>\n<p>La situaci\u00f3n en el Estero de Chac dividi\u00f3 a la poblaci\u00f3n de Bacalar.<\/p>\n<p>Unos piensan que las obras afectar\u00e1n irremediablemente a este delicado ecosistema y piden la suspensi\u00f3n de la construcci\u00f3n del tramo del Tren Maya que va de Chetumal a Bacalar, cuya Manifestaci\u00f3n de Impacto Ambiental (MIA) fue aprobada sin los estudios necesarios.<\/p>\n<p>\u201cPor razones de presupuesto y tiempos pol\u00edticos se ha priorizado la celeridad y la urgencia de terminar la obra sin una estrategia de prevenci\u00f3n de impactos\u201d, escriben en una carta p\u00fablica.<\/p>\n<p>Otros quieren que el ferrocarril cruce Bacalar, aunque est\u00e1n preocupados por el medio ambiente. \u201cNo se trata de frenar la construcci\u00f3n del Tren Maya, es una obra que nos va a beneficiar, pero el da\u00f1o ecol\u00f3gico s\u00ed me preocupa\u201d, dice el representante de la Asociaci\u00f3n de Prestadores de Servicios N\u00e1uticos.<\/p>\n<p><img loading=\"lazy\" decoding=\"async\" data-attachment-id=\"67220\" data-permalink=\"http:\/\/www.grieta.org.mx\/index.php\/2023\/07\/23\/los-impactos-del-tren-maya-amenazan-la-salud-de-la-laguna-de-bacalar-quintana-roo\/esterochac3\/\" data-orig-file=\"http:\/\/www.grieta.org.mx\/wp-content\/uploads\/2023\/07\/EsteroChac3-e1690324048998.jpg\" data-orig-size=\"800,532\" data-comments-opened=\"0\" data-image-meta=\"{&quot;aperture&quot;:&quot;0&quot;,&quot;credit&quot;:&quot;&quot;,&quot;camera&quot;:&quot;&quot;,&quot;caption&quot;:&quot;&quot;,&quot;created_timestamp&quot;:&quot;0&quot;,&quot;copyright&quot;:&quot;&quot;,&quot;focal_length&quot;:&quot;0&quot;,&quot;iso&quot;:&quot;0&quot;,&quot;shutter_speed&quot;:&quot;0&quot;,&quot;title&quot;:&quot;&quot;,&quot;orientation&quot;:&quot;1&quot;}\" data-image-title=\"EsteroChac3\" data-image-description=\"\" data-image-caption=\"\" data-medium-file=\"http:\/\/www.grieta.org.mx\/wp-content\/uploads\/2023\/07\/EsteroChac3-e1690324048998-300x200.jpg\" data-large-file=\"http:\/\/www.grieta.org.mx\/wp-content\/uploads\/2023\/07\/EsteroChac3-1024x682.jpg\" src=\"http:\/\/www.grieta.org.mx\/wp-content\/uploads\/2023\/07\/EsteroChac3-e1690324048998.jpg\" alt=\"\" width=\"800\" height=\"532\" class=\"alignnone size-full wp-image-67220\" srcset=\"http:\/\/www.grieta.org.mx\/wp-content\/uploads\/2023\/07\/EsteroChac3-e1690324048998.jpg 800w, http:\/\/www.grieta.org.mx\/wp-content\/uploads\/2023\/07\/EsteroChac3-e1690324048998-300x200.jpg 300w, http:\/\/www.grieta.org.mx\/wp-content\/uploads\/2023\/07\/EsteroChac3-e1690324048998-768x511.jpg 768w\" sizes=\"auto, (max-width: 800px) 100vw, 800px\" \/><br \/>\nObras para la construcci\u00f3n del tramo 6 del Tren Maya a pocos metros del estero de Chac | Foto: Orsetta Bellani<\/p>\n<p>Incremento del turismo y militarizaci\u00f3n<\/p>\n<p>A Josafat Casasola lo encontr\u00e9 en el muelle 18 de Bacalar un domingo temprano, cuando el calor todav\u00eda no hab\u00eda empa\u00f1ado la laguna y el \u00fanico ruido eran los m\u00e1stiles de un par de veleros ondeando. Al se\u00f1alar el terreno a lado del desembarcadero, donde un restaurante con muelle privado reemplaz\u00f3 a la escuela primaria, Casasola record\u00f3 que el proceso de privatizaci\u00f3n de la laguna comenz\u00f3 \u201chace much\u00edsimo tiempo\u201d.<\/p>\n<p>Seg\u00fan una investigaci\u00f3n de Luis Alberto Rojas Castillo y Juan Roberto Calder\u00f3n Maya, de la Universidad Aut\u00f3noma del Estado de M\u00e9xico, en los a\u00f1os 60 empez\u00f3 el proceso de urbanizaci\u00f3n tur\u00edstica del pueblo, cuando empresarios y pol\u00edticos locales se apoderaron de las tierras ejidales para construir sus casas vacacionales.<\/p>\n<p>Bacalar se volvi\u00f3 un centro tur\u00edstico importante en la \u00faltima d\u00e9cada. De acuerdo con la Secretar\u00eda de Turismo de Quintana Roo (SEDETUR), en los 10 a\u00f1os anteriores a la pandemia el municipio registr\u00f3 un incremento en el n\u00famero de visitantes del 800%.<\/p>\n<p>Los colores cristalinos de sus aguas pasaron de boca en boca y el sargazo que iba llenando las playas de la Riviera Maya empuj\u00f3 los turistas hacia nuevos destinos. Esto conllev\u00f3 un aumento vertiginoso de los empleos relacionados con el turismo, que seg\u00fan el Instituto Nacional de Estad\u00edstica y Geograf\u00eda (Inegi) se duplicaron entre 2013 y 2018.<\/p>\n<p>Hoy en d\u00eda, la orilla occidental de la Laguna de Bacalar es una sucesi\u00f3n de bares y restaurantes costosos que tapan casi completamente su acceso, dejando a los habitantes unos pocos muelles p\u00fablicos para asolearse y ba\u00f1arse. Unas cuadras m\u00e1s adentro, Bacalar es un pueblo como los dem\u00e1s: hay carritos que venden tamales, puestos de micheladas y vacas pastando en los pocos lotes que quedaron sin vender. Desde que Sedena empez\u00f3 a construir el Tren Maya, en la tarde el ej\u00e9rcito patrulla el centro del poblado, a pesar de que no tiene problemas relevantes de seguridad.<\/p>\n<p><img loading=\"lazy\" decoding=\"async\" data-attachment-id=\"67221\" data-permalink=\"http:\/\/www.grieta.org.mx\/index.php\/2023\/07\/23\/los-impactos-del-tren-maya-amenazan-la-salud-de-la-laguna-de-bacalar-quintana-roo\/esterochac4\/\" data-orig-file=\"http:\/\/www.grieta.org.mx\/wp-content\/uploads\/2023\/07\/EsteroChac4-e1690324174686.jpg\" data-orig-size=\"800,529\" data-comments-opened=\"0\" data-image-meta=\"{&quot;aperture&quot;:&quot;0&quot;,&quot;credit&quot;:&quot;&quot;,&quot;camera&quot;:&quot;&quot;,&quot;caption&quot;:&quot;&quot;,&quot;created_timestamp&quot;:&quot;0&quot;,&quot;copyright&quot;:&quot;&quot;,&quot;focal_length&quot;:&quot;0&quot;,&quot;iso&quot;:&quot;0&quot;,&quot;shutter_speed&quot;:&quot;0&quot;,&quot;title&quot;:&quot;&quot;,&quot;orientation&quot;:&quot;1&quot;}\" data-image-title=\"EsteroChac4\" data-image-description=\"\" data-image-caption=\"\" data-medium-file=\"http:\/\/www.grieta.org.mx\/wp-content\/uploads\/2023\/07\/EsteroChac4-e1690324174686-300x198.jpg\" data-large-file=\"http:\/\/www.grieta.org.mx\/wp-content\/uploads\/2023\/07\/EsteroChac4-1024x677.jpg\" src=\"http:\/\/www.grieta.org.mx\/wp-content\/uploads\/2023\/07\/EsteroChac4-e1690324174686.jpg\" alt=\"\" width=\"800\" height=\"529\" class=\"alignnone size-full wp-image-67221\" srcset=\"http:\/\/www.grieta.org.mx\/wp-content\/uploads\/2023\/07\/EsteroChac4-e1690324174686.jpg 800w, http:\/\/www.grieta.org.mx\/wp-content\/uploads\/2023\/07\/EsteroChac4-e1690324174686-300x198.jpg 300w, http:\/\/www.grieta.org.mx\/wp-content\/uploads\/2023\/07\/EsteroChac4-e1690324174686-768x508.jpg 768w\" sizes=\"auto, (max-width: 800px) 100vw, 800px\" \/><br \/>\nLa Laguna de Bacalar al amanecer | Foto: Orseta Bellani<\/p>\n<p>\u201cLos pueblos y las comunidades est\u00e1n siendo militarizadas y esto nos alarma. Adem\u00e1s, la llegada de tanta gente de afuera est\u00e1 impactando las din\u00e1micas locales: hay comunidades donde los trabajadores de la obra son m\u00e1s numerosos que los habitantes. La gente se queja porque molestan a las mujeres y toman alcohol en los parques donde juegan los ni\u00f1os\u201d, dice Aldair T\u2019uut\u2019, de la Asamblea de Defensores del Territorio Maya M\u00fauch\u2019 X\u00edinbal.<\/p>\n<p>\u201cNos preocupan tambi\u00e9n los impactos ambientales, que son terribles, y la impunidad de la que goza Sedena: est\u00e1 cortando manglares, tapando humedales y rellenando el Estero de Chac, pero no tendr\u00e1 ninguna sanci\u00f3n\u201d.<\/p>\n<p>Aldair T\u2019uut\u2019 me acompa\u00f1\u00f3 a recorrer una parte del tramo 6, que va de Bacalar a Tulum. Est\u00e1bamos en la orilla del trazado de la obra, esperando a una de las familias que ser\u00e1n desalojadas de su casa para dejar espacio a las v\u00edas, cuando el encargado de seguridad apareci\u00f3 dici\u00e9ndonos que no pod\u00edamos sacar fotos ni quedarnos all\u00ed, a pesar de que ning\u00fan cartel se\u00f1alaba esta prohibici\u00f3n.<\/p>\n<p>\u201cEs una obra que no a todo el mundo le gusta\u201d, contest\u00f3 cuando preguntamos por qu\u00e9 ten\u00edamos que retirarnos. \u201cEs zona federal, por su propia seguridad se tienen que ir\u201d.<\/p>\n<p>Ichkabal, una zona arqueol\u00f3gica por abrir<\/p>\n<p>Felipe de Jes\u00fas Castro G\u00f3mez, comisariado ejidal de Bacalar, no niega los impactos ambientales del Tren Maya, pero piensa que hay que aceptarlos en nombre del crecimiento econ\u00f3mico. \u201cToda obra causa un impacto al medioambiente. Si queremos que la gente tenga m\u00e1s fuentes de trabajo, necesitamos sacrificar algo\u201d, afirma.<\/p>\n<p>En junio de 2022, el ejido de Bacalar cedi\u00f3 a Fonatur 56.4 hect\u00e1reas para la construcci\u00f3n de la obra. La indemnizaci\u00f3n fue de 2 millones 900 mil pesos por hect\u00e1rea y los 165 ejidatarios quedaron contentos.<\/p>\n<p>Hoy, el Agrupamiento de Ingenieros Militares Felipe \u00c1ngeles est\u00e1 construyendo dos tramos del Tren Maya en Bacalar, con una extensi\u00f3n de unos 250 kil\u00f3metros cada uno: el tramo 6, que va hasta Tulum, y el tramo el 7, que lleva a Esc\u00e1rcega. Adem\u00e1s, se construir\u00e1 una estaci\u00f3n del tren que permitir\u00e1 a los turistas bajar en Bacalar y disfrutar de su laguna, sus cenotes y -alg\u00fan d\u00eda- de la zona arqueol\u00f3gica de Ichkabal, que se encuentra a unos 40 km del pueblo.<\/p>\n<p>A mediados de los a\u00f1os 90, un ejidatario de Bacalar se encontraba trabajando en su parcela cuando empez\u00f3 a sospechar que debajo de un mont\u00edculo pod\u00eda haber algo. No sab\u00eda que estaba parado encima de Ichkabal, antigua ciudad maya cuya pir\u00e1mide, con sus 46 metros de altura, es todav\u00eda m\u00e1s imponente que la de Chich\u00e9n Itz\u00e1.<\/p>\n<p>Unos a\u00f1os despu\u00e9s, el Instituto Nacional de Antropolog\u00eda e Historia (INAH) empez\u00f3 las excavaciones y, de acuerdo con el comisariado ejidal, hasta ahora la majestuosa pir\u00e1mide es el \u00fanico edificio visible. El INAH ya delimit\u00f3 el sitio, pero las negociaciones por la cesi\u00f3n de sus 108 hect\u00e1reas est\u00e1n estancadas: el gobierno federal ofreci\u00f3 al ejido de Bacalar una indemnizaci\u00f3n de 470 mil pesos por hect\u00e1reas y, despu\u00e9s de algunas reuniones, dej\u00f3 de acercarse. La cifra propuesta no satisface a los ejidatarios, que piden adem\u00e1s ser involucrados en el proyecto.<\/p>\n<p>\u201cQue sea el ejido quien preste los servicios de transporte, estacionamiento, restaurante y hoteles\u201d, dice Felipe de Jes\u00fas Castro G\u00f3mez.<\/p>\n<p>El comisariado ejidal es dudoso sobre la fecha de apertura al p\u00fablico del sitio arqueol\u00f3gico, pues hasta el momento no hay ning\u00fan tipo de servicio en la zona y los caminos son de terracer\u00eda.<\/p>\n<p>En febrero, en una entrevista con el diario Exc\u00e9lsior, el titular del INAH en Quintana Roo, Margarito Molina, afirm\u00f3 que la zona arqueol\u00f3gica de Ichkabal ser\u00e1 abierta al p\u00fablico en mayo de 2024.<\/p>\n<p>Denuncian falta de servicios p\u00fablicos para proteger la laguna<\/p>\n<p>Una de las mayores preocupaciones de quienes se oponen a la construcci\u00f3n del Tren Maya en Bacalar es que las instituciones no sean capaces de ofrecer los servicios p\u00fablicos necesarios a proteger al medio ambiente de los impactos que el incremento del turismo irremediablemente conllevar\u00e1.<\/p>\n<p>\u201cNo existe una planeaci\u00f3n integral, no hay un plan de c\u00f3mo se va a hacer con el drenaje, el agua potable o la basura. Ya ahora cuando est\u00e1 seco los tiraderos se incendian y el humo baja hasta la laguna, que huele a basura quemada\u201d, dice Sergio Madrid del Consejo Civil Mexicano para la Silvicultura Sostenible.<\/p>\n<p>A la Laguna de Bacalar tambi\u00e9n le dicen Laguna de los Siete Colores. El tinte de sus aguas depende de si hay sol o est\u00e1 nublado, de la hora del d\u00eda y del fondo lagunar.<\/p>\n<p>Algunos pobladores afirman que antes era m\u00e1s f\u00e1cil distinguir sus siete matices azules. De hecho, seg\u00fan Luisa Falc\u00f3n \u00c1lvarez del Instituto de Ecolog\u00eda de la Universidad Aut\u00f3noma de M\u00e9xico (UNAM), los basureros a cielo abierto, los fertilizantes utilizados en los cultivos y la falta de tratamiento de aguas residuales ocasionaron el vertimiento de grandes cantidades de nitr\u00f3geno y f\u00f3sforo a la laguna, modificando sus tonos hacia verdes y caf\u00e9s.<\/p>\n<p>De todas formas, la hora mejor para apreciar sus colores es el mediod\u00eda: usted puede agarrar un kayak, remar un rato y mientras intentar adivinarlos, aprovechando de la luz del sol en su cenit.<\/p>\n<p><a href=\"https:\/\/animalpolitico.com\/sociedad\/tren-maya-impactos-salud-laguna-de-bacalar\" rel=\"noopener\" target=\"_blank\">https:\/\/animalpolitico.com\/sociedad\/tren-maya-impactos-salud-laguna-de-bacalar<\/a><\/p>\n","protected":false},"excerpt":{"rendered":"<p>Orsetta Bellani \/ Animal Pol\u00edtico La poblaci\u00f3n de Bacalar se ha dividido: algunos alertan sobre los da\u00f1os ecol\u00f3gicos y los impactos urbanos de la obra; otros dicen que la comunidad &hellip; <a href=\"http:\/\/www.grieta.org.mx\/index.php\/2023\/07\/23\/los-impactos-del-tren-maya-amenazan-la-salud-de-la-laguna-de-bacalar-quintana-roo\/\" class=\"more-link\">Leer m\u00e1s<\/a><\/p>\n","protected":false},"author":2,"featured_media":67218,"comment_status":"closed","ping_status":"closed","sticky":false,"template":"","format":"standard","meta":{"ngg_post_thumbnail":0,"_jetpack_newsletter_access":"","_jetpack_dont_email_post_to_subs":false,"_jetpack_newsletter_tier_id":0,"_jetpack_memberships_contains_paywalled_content":false,"_jetpack_memberships_contains_paid_content":false,"footnotes":""},"categories":[80,2749,3,922,1785,926,944,952,2,28,1876,2026],"tags":[315,223,2772,2987,614,1878],"class_list":["post-67217","post","type-post","status-publish","format-standard","has-post-thumbnail","hentry","category-cintillo","category-destruccion-y-contaminacion-ambiental-en-quintana-roo","category-megaproyectos","category-megaproyectos-estados","category-militarizacion-en-quintana-roo","category-mp-campeche","category-mp-quintana-roo","category-mp-yucatan","category-noticias-nacionales","category-quintana-roo","category-resistencia-al-tren-maya-en-la-peninsula-de-yucatan-quintana-roo","category-tren-maya","tag-bacalar","tag-ecocidio","tag-ejercito-mexicano","tag-impacto-ecologico-por-tren-maya","tag-militarizacion","tag-tren-maya","entry"],"jetpack_featured_media_url":"http:\/\/www.grieta.org.mx\/wp-content\/uploads\/2023\/07\/EsteroChac-e1690323596155.jpg","jetpack_sharing_enabled":true,"jetpack_shortlink":"https:\/\/wp.me\/p7ZJR4-hu9","jetpack_likes_enabled":false,"jetpack-related-posts":[{"id":67152,"url":"http:\/\/www.grieta.org.mx\/index.php\/2023\/07\/08\/ejercito-suspende-relleno-del-estero-de-chac-ante-quejas-de-habitantes-de-bacalar-quintana-roo\/","url_meta":{"origin":67217,"position":0},"title":"Ej\u00e9rcito suspende relleno del estero de Chac ante quejas de habitantes de Bacalar (Quintana Roo)","author":"grieta","date":"8 julio, 2023","format":false,"excerpt":"Emilio G\u00f3mez \/ Foto: Facebook Acci\u00f3n Juvenil Quintana Roo \/ La Jornada Maya Chetumal, Quintana Roo El Ej\u00e9rcito mexicano suspendi\u00f3 el relleno del estero de Chac, un canal de agua que parte de la ciudad de Chetumal, de norte a sur y que conecta a la laguna de Bacalar con\u2026","rel":"","context":"En &quot;CINTILLO&quot;","block_context":{"text":"CINTILLO","link":"http:\/\/www.grieta.org.mx\/index.php\/category\/cintillo\/"},"img":{"alt_text":"","src":"https:\/\/i0.wp.com\/www.grieta.org.mx\/wp-content\/uploads\/2023\/07\/RellenoChetumal-e1688839701794.jpg?resize=350%2C200","width":350,"height":200,"srcset":"https:\/\/i0.wp.com\/www.grieta.org.mx\/wp-content\/uploads\/2023\/07\/RellenoChetumal-e1688839701794.jpg?resize=350%2C200 1x, https:\/\/i0.wp.com\/www.grieta.org.mx\/wp-content\/uploads\/2023\/07\/RellenoChetumal-e1688839701794.jpg?resize=525%2C300 1.5x, https:\/\/i0.wp.com\/www.grieta.org.mx\/wp-content\/uploads\/2023\/07\/RellenoChetumal-e1688839701794.jpg?resize=700%2C400 2x"},"classes":[]},{"id":70705,"url":"http:\/\/www.grieta.org.mx\/index.php\/2024\/12\/13\/trabajadores-del-tren-maya-bloquean-la-carretera-chetumal-bacalar-por-salarios-atrasados-quintana-roo\/","url_meta":{"origin":67217,"position":1},"title":"Trabajadores del Tren Maya Bloquean la Carretera Chetumal-Bacalar por Salarios Atrasados (Quintana Roo)","author":"grieta","date":"13 diciembre, 2024","format":false,"excerpt":"Antonio Brice\u00f1o \/ CAMBIO 22 Trabajadores del Tren Maya bloquearon esta ma\u00f1ana la carretera Chetumal-Bacalar, en protesta por la falta de pago de sus salarios desde octubre Exigen una soluci\u00f3n inmediata para poder reanudar su labor CHETUMAL, 13 de diciembre.- Un grupo de trabajadores del Tren Maya bloque\u00f3 esta ma\u00f1ana\u2026","rel":"","context":"En &quot;CINTILLO&quot;","block_context":{"text":"CINTILLO","link":"http:\/\/www.grieta.org.mx\/index.php\/category\/cintillo\/"},"img":{"alt_text":"","src":"https:\/\/i0.wp.com\/www.grieta.org.mx\/wp-content\/uploads\/2024\/12\/Bloqueo.jpg?resize=350%2C200","width":350,"height":200},"classes":[]},{"id":68588,"url":"http:\/\/www.grieta.org.mx\/index.php\/2024\/02\/09\/colapsa-estructura-del-tren-maya-cerca-de-bacalar-hay-dos-personas-lesionadas-videoquintana-roo\/","url_meta":{"origin":67217,"position":2},"title":"Colapsa estructura del Tren Maya cerca de Bacalar; hay dos personas lesionadas (Video)(Quintana Roo)","author":"grieta","date":"9 febrero, 2024","format":false,"excerpt":"Octavio Mart\u00ednez \/ Revista Proceso El desplome de una estructura de concreto en las obras del Tren Maya cerca de Bacalar, en Quintana Roo, dej\u00f3 un saldo de dos trabajadores lesionados. CANC\u00daN, Qroo. (apro).\u2013 El desplome de una estructura de concreto en las obras del Tren Maya cerca de Bacalar,\u2026","rel":"","context":"En &quot;CINTILLO&quot;","block_context":{"text":"CINTILLO","link":"http:\/\/www.grieta.org.mx\/index.php\/category\/cintillo\/"},"img":{"alt_text":"","src":"https:\/\/i0.wp.com\/www.grieta.org.mx\/wp-content\/uploads\/2024\/03\/TrenAccidente-e1709625311972.jpg?resize=350%2C200","width":350,"height":200,"srcset":"https:\/\/i0.wp.com\/www.grieta.org.mx\/wp-content\/uploads\/2024\/03\/TrenAccidente-e1709625311972.jpg?resize=350%2C200 1x, https:\/\/i0.wp.com\/www.grieta.org.mx\/wp-content\/uploads\/2024\/03\/TrenAccidente-e1709625311972.jpg?resize=525%2C300 1.5x, https:\/\/i0.wp.com\/www.grieta.org.mx\/wp-content\/uploads\/2024\/03\/TrenAccidente-e1709625311972.jpg?resize=700%2C400 2x"},"classes":[]},{"id":69310,"url":"http:\/\/www.grieta.org.mx\/index.php\/2024\/07\/21\/culpan-a-obras-del-tren-maya-de-inundaciones-en-bacalar-quintana-roo\/","url_meta":{"origin":67217,"position":3},"title":"Culpan a obras del Tren Maya de inundaciones en Bacalar (Quintana Roo)","author":"grieta","date":"21 julio, 2024","format":false,"excerpt":"Carolina Carrasco \/ Foto: @VisionRedTez \/ Infobae Los pobladores de la zona advirtieron a los ingenieros del Tren Maya que esto pod\u00eda ocurrir. Comunidades de la zona de Bacalar que llevan poco m\u00e1s de 10 d\u00edas inundadas aseguran que este fen\u00f3meno ha sido culpa de las construcciones del Tren Maya,\u2026","rel":"","context":"En &quot;CINTILLO&quot;","block_context":{"text":"CINTILLO","link":"http:\/\/www.grieta.org.mx\/index.php\/category\/cintillo\/"},"img":{"alt_text":"","src":"https:\/\/i0.wp.com\/www.grieta.org.mx\/wp-content\/uploads\/2024\/07\/Bacalar-e1721568433550.jpg?resize=350%2C200","width":350,"height":200,"srcset":"https:\/\/i0.wp.com\/www.grieta.org.mx\/wp-content\/uploads\/2024\/07\/Bacalar-e1721568433550.jpg?resize=350%2C200 1x, https:\/\/i0.wp.com\/www.grieta.org.mx\/wp-content\/uploads\/2024\/07\/Bacalar-e1721568433550.jpg?resize=525%2C300 1.5x, https:\/\/i0.wp.com\/www.grieta.org.mx\/wp-content\/uploads\/2024\/07\/Bacalar-e1721568433550.jpg?resize=700%2C400 2x"},"classes":[]},{"id":69827,"url":"http:\/\/www.grieta.org.mx\/index.php\/2024\/09\/06\/ejidatarios-de-limones-bloquean-acceso-al-tren-maya-quintana-roo\/","url_meta":{"origin":67217,"position":4},"title":"Ejidatarios de Limones bloquean acceso al Tren Maya (Quintana Roo)","author":"grieta","date":"6 septiembre, 2024","format":false,"excerpt":"Christian Christ \/ De Peso Quintana Roo Este viernes 6 de septiembre habitantes del poblado de Limones, en el municipio de Bacalar, bloquearon temporalmente la entrada principal que conduce a la estaci\u00f3n del Tren Maya, debido al incumplimiento de acuerdos previamente pactados. El bloqueo se realiz\u00f3 en la carretera Chetumal-Canc\u00fan,\u2026","rel":"","context":"En &quot;CINTILLO&quot;","block_context":{"text":"CINTILLO","link":"http:\/\/www.grieta.org.mx\/index.php\/category\/cintillo\/"},"img":{"alt_text":"","src":"https:\/\/i0.wp.com\/www.grieta.org.mx\/wp-content\/uploads\/2024\/09\/bloqueo-e1727228798471.jpg?resize=350%2C200","width":350,"height":200,"srcset":"https:\/\/i0.wp.com\/www.grieta.org.mx\/wp-content\/uploads\/2024\/09\/bloqueo-e1727228798471.jpg?resize=350%2C200 1x, https:\/\/i0.wp.com\/www.grieta.org.mx\/wp-content\/uploads\/2024\/09\/bloqueo-e1727228798471.jpg?resize=525%2C300 1.5x, https:\/\/i0.wp.com\/www.grieta.org.mx\/wp-content\/uploads\/2024\/09\/bloqueo-e1727228798471.jpg?resize=700%2C400 2x"},"classes":[]},{"id":69528,"url":"http:\/\/www.grieta.org.mx\/index.php\/2024\/07\/31\/responsabilizan-a-las-obras-del-tren-maya-por-crear-diques-y-amenazan-con-bloqueos-realizan-manifestacion-frente-al-palacio-municipal-de-bacalar-colonos-afectados-por-inundaciones-provocadas-por-las\/","url_meta":{"origin":67217,"position":5},"title":"Responsabilizan a las obras del Tren Maya por crear diques y amenazan con bloqueos: Realizan manifestaci\u00f3n frente al palacio municipal de Bacalar colonos afectados por inundaciones provocadas por las lluvias de junio(Quintana Roo)","author":"grieta","date":"31 julio, 2024","format":false,"excerpt":"Rafael Brice\u00f1o \/ Noticaribe BACALAR, MX.- Luego de varias promesas de atenci\u00f3n por la p\u00e9rdida de su patrimonio a consecuencia de las lluvias de junio pasado sin que se hayan cumplido, habitantes de las colonias \u201cDiego Rojas \u201cZapata\u201d y \u201cNuevo Progreso\u201d realizaron una manifestaci\u00f3n frente al municipio de Bacalar en\u2026","rel":"","context":"En &quot;CINTILLO&quot;","block_context":{"text":"CINTILLO","link":"http:\/\/www.grieta.org.mx\/index.php\/category\/cintillo\/"},"img":{"alt_text":"","src":"https:\/\/i0.wp.com\/www.grieta.org.mx\/wp-content\/uploads\/2024\/08\/inundaciones-e1725138793411.jpg?resize=350%2C200","width":350,"height":200,"srcset":"https:\/\/i0.wp.com\/www.grieta.org.mx\/wp-content\/uploads\/2024\/08\/inundaciones-e1725138793411.jpg?resize=350%2C200 1x, https:\/\/i0.wp.com\/www.grieta.org.mx\/wp-content\/uploads\/2024\/08\/inundaciones-e1725138793411.jpg?resize=525%2C300 1.5x, https:\/\/i0.wp.com\/www.grieta.org.mx\/wp-content\/uploads\/2024\/08\/inundaciones-e1725138793411.jpg?resize=700%2C400 2x"},"classes":[]}],"_links":{"self":[{"href":"http:\/\/www.grieta.org.mx\/index.php\/wp-json\/wp\/v2\/posts\/67217","targetHints":{"allow":["GET"]}}],"collection":[{"href":"http:\/\/www.grieta.org.mx\/index.php\/wp-json\/wp\/v2\/posts"}],"about":[{"href":"http:\/\/www.grieta.org.mx\/index.php\/wp-json\/wp\/v2\/types\/post"}],"author":[{"embeddable":true,"href":"http:\/\/www.grieta.org.mx\/index.php\/wp-json\/wp\/v2\/users\/2"}],"replies":[{"embeddable":true,"href":"http:\/\/www.grieta.org.mx\/index.php\/wp-json\/wp\/v2\/comments?post=67217"}],"version-history":[{"count":1,"href":"http:\/\/www.grieta.org.mx\/index.php\/wp-json\/wp\/v2\/posts\/67217\/revisions"}],"predecessor-version":[{"id":67222,"href":"http:\/\/www.grieta.org.mx\/index.php\/wp-json\/wp\/v2\/posts\/67217\/revisions\/67222"}],"wp:featuredmedia":[{"embeddable":true,"href":"http:\/\/www.grieta.org.mx\/index.php\/wp-json\/wp\/v2\/media\/67218"}],"wp:attachment":[{"href":"http:\/\/www.grieta.org.mx\/index.php\/wp-json\/wp\/v2\/media?parent=67217"}],"wp:term":[{"taxonomy":"category","embeddable":true,"href":"http:\/\/www.grieta.org.mx\/index.php\/wp-json\/wp\/v2\/categories?post=67217"},{"taxonomy":"post_tag","embeddable":true,"href":"http:\/\/www.grieta.org.mx\/index.php\/wp-json\/wp\/v2\/tags?post=67217"}],"curies":[{"name":"wp","href":"https:\/\/api.w.org\/{rel}","templated":true}]}}