{"id":67210,"date":"2023-07-20T12:18:15","date_gmt":"2023-07-20T18:18:15","guid":{"rendered":"https:\/\/www.grieta.org.mx\/?p=67210"},"modified":"2023-07-23T12:26:25","modified_gmt":"2023-07-23T18:26:25","slug":"mezcala-acusa-de-venganza-a-invasor-derrotado-jalisco","status":"publish","type":"post","link":"http:\/\/www.grieta.org.mx\/index.php\/2023\/07\/20\/mezcala-acusa-de-venganza-a-invasor-derrotado-jalisco\/","title":{"rendered":"Mezcala acusa de venganza a invasor derrotado (Jalisco)"},"content":{"rendered":"<p>Imagen: El Diario NTR<\/p>\n<p>Agust\u00edn del Castillo \/ El Diario NTR<\/p>\n<p>El conflicto por las tierras de la comunidad coca de Mezcala con el particular Guillermo Moreno Ibarra no termina pese a que las 10 hect\u00e1reas que estaban en posesi\u00f3n de \u00e9ste fueron reintegradas al patrimonio comunal por orden judicial en octubre de 2022. Ahora, el empresario ha decidido acusar a los cocas de la ribera norte de Chapala de presunto abigeato, lo que ha indignado a los comuneros, que ven venganza en el acto y analizan demandarlo por da\u00f1o moral.<\/p>\n<p>El 4 de octubre de 2022, la comunidad recuper\u00f3 las tierras invadidas por Moreno Ibarra, quien desde el 28 de octubre de 2021 estaba enterado de que le hab\u00eda sido negado el amparo contra la sentencia del Tribunal Superior Agrario del 14 de febrero del 2019, misma que confirmaba la del Tribunal Unitario Agrario del Distrito Decimoquinto del 10 de septiembre de 2014.<\/p>\n<p>\u201cSe conden\u00f3 a Moreno Ibarra a restituir a nuestra comunidad ind\u00edgena la superficie de que se hab\u00eda apoderado ilegalmente en el a\u00f1o 2002\u201d, recordaron en un comunicado los ind\u00edgenas.<\/p>\n<p>El d\u00eda se\u00f1alado para la diligencia de desalojo, el particular \u201cenvi\u00f3 a su trabajador Jos\u00e9 Luis Gonz\u00e1lez de la Cruz, con quien se entendi\u00f3 entonces dicha diligencia; nuestra comunidad en un acto de buena voluntad permitimos que esta persona y la cuadrilla de trabajadores a su cargo procedieran a retirar del lugar todos los bienes muebles que pudieran ser retirados, entre otros el reba\u00f1o de chivos que all\u00ed se encontraban, tal y como se desprende y acredita del acta de ejecuci\u00f3n que fue elaborada en esa fecha por la brigada de ejecuciones adscrita al Tribunal Unitario Agrario del Distrito XV, y del recibo que el propio Jos\u00e9 Luis Gonz\u00e1lez de la Cruz firm\u00f3 a nuestro comisariado ejidal al momento en que retir\u00f3 dicho reba\u00f1o\u201d.<\/p>\n<p>Pese a esas evidencias legales, el 14 de julio llegaron a la oficinas de la comunidad \u201cpersonas que se identificaron como miembros de la Polic\u00eda Investigadora, de combate al delito de abigeato y robo de animales\u201d, quienes les hicieron saber que Moreno Ibarra acusaba a los integrantes del comisariado de bienes comunales y a los asesores legales Rub\u00e9n \u00c1vila Tena y Edgar Garc\u00eda Macias \u201cde habernos robados las chivas\u201d.<\/p>\n<p>A la comunidad le parece \u201cindignante\u201d lo que ve como un simple ejercicio de venganza personal de Moreno Ibarra y pidi\u00f3 poner la lupa en el agente del Ministerio P\u00fablico Francisco Javier Gonz\u00e1lez Garc\u00eda, quien, en el mejor de los casos, consideran fue sorprendido por el acusador para, sin pruebas genuinas, dar paso a una acusaci\u00f3n de esa gravedad.<\/p>\n<p><a href=\"https:\/\/www.ntrguadalajara.com\/post.php?id_nota=200761\">https:\/\/www.ntrguadalajara.com\/post.php?id_nota=200761<\/a><\/p>\n","protected":false},"excerpt":{"rendered":"<p>Imagen: El Diario NTR Agust\u00edn del Castillo \/ El Diario NTR El conflicto por las tierras de la comunidad coca de Mezcala con el particular Guillermo Moreno Ibarra no termina &hellip; <a href=\"http:\/\/www.grieta.org.mx\/index.php\/2023\/07\/20\/mezcala-acusa-de-venganza-a-invasor-derrotado-jalisco\/\" class=\"more-link\">Leer m\u00e1s<\/a><\/p>\n","protected":false},"author":2,"featured_media":67211,"comment_status":"closed","ping_status":"closed","sticky":false,"template":"","format":"standard","meta":{"ngg_post_thumbnail":0,"_jetpack_newsletter_access":"","_jetpack_dont_email_post_to_subs":false,"_jetpack_newsletter_tier_id":0,"_jetpack_memberships_contains_paywalled_content":false,"_jetpack_memberships_contains_paid_content":false,"footnotes":""},"categories":[52,80,1736,1278,968,1,954,20,2,83],"tags":[403,628,2465,2311,3752],"class_list":["post-67210","post","type-post","status-publish","format-standard","has-post-thumbnail","hentry","category-8-mezcala","category-cintillo","category-despojo-de-territorio-en-jalisco","category-despojo-de-tierras-y-territorios","category-esp-jalisco","category-espejos-de-la-resistencia","category-espejos-estados","category-jalisco","category-noticias-nacionales","category-temas-nacionales","tag-8-mezcala","tag-defensa-del-territorio","tag-despojo-de-territorios-indigenas","tag-despojo-de-tierras","tag-espejo-8","entry"],"jetpack_featured_media_url":"http:\/\/www.grieta.org.mx\/wp-content\/uploads\/2023\/07\/2023-07-19_10-07-32___3795.jpg","jetpack_sharing_enabled":true,"jetpack_shortlink":"https:\/\/wp.me\/p7ZJR4-hu2","jetpack_likes_enabled":false,"jetpack-related-posts":[{"id":65596,"url":"http:\/\/www.grieta.org.mx\/index.php\/2022\/10\/18\/exigen-pobladores-y-organizaciones-inocencia-para-10-comuneros-de-mezcala-jalisco\/","url_meta":{"origin":67210,"position":0},"title":"Exigen pobladores y organizaciones inocencia para 10 comuneros de Mezcala (Jalisco)","author":"grieta","date":"18 octubre, 2022","format":false,"excerpt":"Imagen: Jorge Alberto Mendoza Jos\u00e9 Toral \/\u00a0 El Diario NTR Diez comuneros de Mezcala de la Asunci\u00f3n, en Poncitl\u00e1n, enfrentan procesos penales tras luchar por la defensa de un territorio que le pertenec\u00eda a la comunidad y que ya le fue entregado tras m\u00e1s de 20 a\u00f1os de litigios. Al\u2026","rel":"","context":"En &quot;8. Mezcala&quot;","block_context":{"text":"8. Mezcala","link":"http:\/\/www.grieta.org.mx\/index.php\/category\/espejos-de-la-resistencia\/8-mezcala\/"},"img":{"alt_text":"","src":"https:\/\/i0.wp.com\/www.grieta.org.mx\/wp-content\/uploads\/2022\/10\/2022-10-17_11-10-48___9568.jpg?resize=350%2C200","width":350,"height":200,"srcset":"https:\/\/i0.wp.com\/www.grieta.org.mx\/wp-content\/uploads\/2022\/10\/2022-10-17_11-10-48___9568.jpg?resize=350%2C200 1x, https:\/\/i0.wp.com\/www.grieta.org.mx\/wp-content\/uploads\/2022\/10\/2022-10-17_11-10-48___9568.jpg?resize=525%2C300 1.5x, https:\/\/i0.wp.com\/www.grieta.org.mx\/wp-content\/uploads\/2022\/10\/2022-10-17_11-10-48___9568.jpg?resize=700%2C400 2x"},"classes":[]},{"id":62290,"url":"http:\/\/www.grieta.org.mx\/index.php\/2021\/10\/07\/comunidad-coca-de-mezcala-continua-lucha-contra-inmobiliarias-jalisco\/","url_meta":{"origin":67210,"position":1},"title":"Comunidad Coca de Mezcala contin\u00faa lucha contra inmobiliarias (Jalisco)","author":"grieta","date":"7 octubre, 2021","format":false,"excerpt":"Foto: Cuartoscuro Redacci\u00f3n \/ El Diario NTR Tras m\u00e1s de 20 a\u00f1os de lucha y de tener en contra al gobierno del Estado, la comunidad ind\u00edgena Coca de Mezcala contin\u00faa su lucha en los juzgados contra la intromisi\u00f3n inmobiliaria en su territorio. Roc\u00edo Moreno, l\u00edder ind\u00edgena de la comunidad, explic\u00f3\u2026","rel":"","context":"En &quot;8. Mezcala&quot;","block_context":{"text":"8. Mezcala","link":"http:\/\/www.grieta.org.mx\/index.php\/category\/espejos-de-la-resistencia\/8-mezcala\/"},"img":{"alt_text":"","src":"https:\/\/i0.wp.com\/www.grieta.org.mx\/wp-content\/uploads\/2021\/10\/2021-10-07_05-10-48___3498.jpg?resize=350%2C200","width":350,"height":200,"srcset":"https:\/\/i0.wp.com\/www.grieta.org.mx\/wp-content\/uploads\/2021\/10\/2021-10-07_05-10-48___3498.jpg?resize=350%2C200 1x, https:\/\/i0.wp.com\/www.grieta.org.mx\/wp-content\/uploads\/2021\/10\/2021-10-07_05-10-48___3498.jpg?resize=525%2C300 1.5x, https:\/\/i0.wp.com\/www.grieta.org.mx\/wp-content\/uploads\/2021\/10\/2021-10-07_05-10-48___3498.jpg?resize=700%2C400 2x"},"classes":[]},{"id":55368,"url":"http:\/\/www.grieta.org.mx\/index.php\/2020\/11\/16\/20-anos-de-lucha-contra-el-despojo-de-tierras-en-mezcala-jalisco\/","url_meta":{"origin":67210,"position":2},"title":"20 a\u00f1os de lucha contra el despojo de tierras en Mezcala (Jalisco)","author":"grieta","date":"16 noviembre, 2020","format":false,"excerpt":"Foto: Especial Redacci\u00f3n \/ El Diario NTR Desde hace 20 a\u00f1os los comuneros de Mezcala de la Asunci\u00f3n luchan por recuperar 10 hect\u00e1reas que les fueron despojadas por el empresario Guillermo Moreno. Roc\u00edo Moreno, l\u00edder de la comunidad ind\u00edgena de Mezcala, explic\u00f3 que el empresario se apropi\u00f3 en un principio\u2026","rel":"","context":"En &quot;8. Mezcala&quot;","block_context":{"text":"8. Mezcala","link":"http:\/\/www.grieta.org.mx\/index.php\/category\/espejos-de-la-resistencia\/8-mezcala\/"},"img":{"alt_text":"","src":"https:\/\/i0.wp.com\/www.grieta.org.mx\/wp-content\/uploads\/2020\/11\/2020-11-16_06-11-44___7369.jpg?resize=350%2C200","width":350,"height":200,"srcset":"https:\/\/i0.wp.com\/www.grieta.org.mx\/wp-content\/uploads\/2020\/11\/2020-11-16_06-11-44___7369.jpg?resize=350%2C200 1x, https:\/\/i0.wp.com\/www.grieta.org.mx\/wp-content\/uploads\/2020\/11\/2020-11-16_06-11-44___7369.jpg?resize=525%2C300 1.5x, https:\/\/i0.wp.com\/www.grieta.org.mx\/wp-content\/uploads\/2020\/11\/2020-11-16_06-11-44___7369.jpg?resize=700%2C400 2x"},"classes":[]},{"id":65438,"url":"http:\/\/www.grieta.org.mx\/index.php\/2022\/10\/04\/llegaron-los-verdaderos-duenos-de-la-tierra-luego-de-23-anos-comunidad-de-mezcala-recupera-tierras-despojadas-jalisco\/","url_meta":{"origin":67210,"position":3},"title":"\u201cLlegaron los verdaderos due\u00f1os de la tierra\u201d: Luego de 23 a\u00f1os, Comunidad de Mezcala recupera tierras despojadas (Jalisco)","author":"grieta","date":"4 octubre, 2022","format":false,"excerpt":"Imagen: Mario Marlo Luego de m\u00e1s de 23 a\u00f1os de lucha, el pueblo ind\u00edgena de Mezcala, Jalisco, recuper\u00f3 el territorio que les fue despojado de manera ilegal por el empresario Guillermo Moreno Ibarra en 1999. \u00a0La recuperaci\u00f3n de estas 10 hect\u00e1reas representa un logro hist\u00f3rico de la lucha comunitaria ind\u00edgena\u2026","rel":"","context":"En &quot;8. Mezcala&quot;","block_context":{"text":"8. Mezcala","link":"http:\/\/www.grieta.org.mx\/index.php\/category\/espejos-de-la-resistencia\/8-mezcala\/"},"img":{"alt_text":"","src":"https:\/\/i0.wp.com\/www.grieta.org.mx\/wp-content\/uploads\/2022\/10\/photo5614236741317797845-1068x712-1.jpg?resize=350%2C200","width":350,"height":200,"srcset":"https:\/\/i0.wp.com\/www.grieta.org.mx\/wp-content\/uploads\/2022\/10\/photo5614236741317797845-1068x712-1.jpg?resize=350%2C200 1x, https:\/\/i0.wp.com\/www.grieta.org.mx\/wp-content\/uploads\/2022\/10\/photo5614236741317797845-1068x712-1.jpg?resize=525%2C300 1.5x, https:\/\/i0.wp.com\/www.grieta.org.mx\/wp-content\/uploads\/2022\/10\/photo5614236741317797845-1068x712-1.jpg?resize=700%2C400 2x, https:\/\/i0.wp.com\/www.grieta.org.mx\/wp-content\/uploads\/2022\/10\/photo5614236741317797845-1068x712-1.jpg?resize=1050%2C600 3x"},"classes":[]},{"id":5532,"url":"http:\/\/www.grieta.org.mx\/index.php\/2015\/11\/19\/resistencia-de-la-comunidad-coca-de-mezcala-contra-el-despojo\/","url_meta":{"origin":67210,"position":4},"title":"Resistencia de la comunidad Coca de Mezcala contra el despojo","author":"grieta","date":"19 noviembre, 2015","format":false,"excerpt":"19\/11\/15. Absuelven a nueve miembros de la Comunidad Ind\u00edgena Coca de Mezcala (Audios). Noticias de abajo ML 17\/11\/15. Tribunal absuelve a comuneros de MezcalaProyecto Diez 16\/10\/15. Mezcala, una comunidad ind\u00edgena en peligro de ser despojadaProyecto Diez 03\/09\/15. La Comunidad Ind\u00edgena Coca de Mezcala de Asunci\u00f3n exige justicia para sus integrantes\u2026","rel":"","context":"En &quot;8. Mezcala&quot;","block_context":{"text":"8. Mezcala","link":"http:\/\/www.grieta.org.mx\/index.php\/category\/espejos-de-la-resistencia\/8-mezcala\/"},"img":{"alt_text":"","src":"https:\/\/i0.wp.com\/www.grieta.org.mx\/wp-content\/uploads\/2018\/03\/14524434_1106112876131411_958039263622046936_o.jpg?resize=350%2C200","width":350,"height":200,"srcset":"https:\/\/i0.wp.com\/www.grieta.org.mx\/wp-content\/uploads\/2018\/03\/14524434_1106112876131411_958039263622046936_o.jpg?resize=350%2C200 1x, https:\/\/i0.wp.com\/www.grieta.org.mx\/wp-content\/uploads\/2018\/03\/14524434_1106112876131411_958039263622046936_o.jpg?resize=525%2C300 1.5x, https:\/\/i0.wp.com\/www.grieta.org.mx\/wp-content\/uploads\/2018\/03\/14524434_1106112876131411_958039263622046936_o.jpg?resize=700%2C400 2x"},"classes":[]},{"id":30691,"url":"http:\/\/www.grieta.org.mx\/index.php\/2019\/03\/14\/exigen-comuneros-de-mezcala-se-reconozca-su-inocencia-jalisco\/","url_meta":{"origin":67210,"position":5},"title":"Exigen comuneros de Mezcala se reconozca su inocencia (Jalisco)","author":"grieta","date":"14 marzo, 2019","format":false,"excerpt":"Dar\u00edo Pereira \/ El Diario NTR Que las autoridades judiciales pongan fin a la criminalizaci\u00f3n de la comunidad ind\u00edgena coca de Mezcala de la Asunci\u00f3n (municipio de Poncitl\u00e1n) ante la lucha que ha emprendido en defensa de su territorio y que se reconozca su derecho a regirse bajo su propio\u2026","rel":"","context":"En &quot;8. Mezcala&quot;","block_context":{"text":"8. Mezcala","link":"http:\/\/www.grieta.org.mx\/index.php\/category\/espejos-de-la-resistencia\/8-mezcala\/"},"img":{"alt_text":"","src":"https:\/\/i0.wp.com\/www.grieta.org.mx\/wp-content\/uploads\/2019\/03\/2019-03-13_11-03-11___6018.jpg?resize=350%2C200","width":350,"height":200,"srcset":"https:\/\/i0.wp.com\/www.grieta.org.mx\/wp-content\/uploads\/2019\/03\/2019-03-13_11-03-11___6018.jpg?resize=350%2C200 1x, https:\/\/i0.wp.com\/www.grieta.org.mx\/wp-content\/uploads\/2019\/03\/2019-03-13_11-03-11___6018.jpg?resize=525%2C300 1.5x, https:\/\/i0.wp.com\/www.grieta.org.mx\/wp-content\/uploads\/2019\/03\/2019-03-13_11-03-11___6018.jpg?resize=700%2C400 2x"},"classes":[]}],"_links":{"self":[{"href":"http:\/\/www.grieta.org.mx\/index.php\/wp-json\/wp\/v2\/posts\/67210","targetHints":{"allow":["GET"]}}],"collection":[{"href":"http:\/\/www.grieta.org.mx\/index.php\/wp-json\/wp\/v2\/posts"}],"about":[{"href":"http:\/\/www.grieta.org.mx\/index.php\/wp-json\/wp\/v2\/types\/post"}],"author":[{"embeddable":true,"href":"http:\/\/www.grieta.org.mx\/index.php\/wp-json\/wp\/v2\/users\/2"}],"replies":[{"embeddable":true,"href":"http:\/\/www.grieta.org.mx\/index.php\/wp-json\/wp\/v2\/comments?post=67210"}],"version-history":[{"count":1,"href":"http:\/\/www.grieta.org.mx\/index.php\/wp-json\/wp\/v2\/posts\/67210\/revisions"}],"predecessor-version":[{"id":67212,"href":"http:\/\/www.grieta.org.mx\/index.php\/wp-json\/wp\/v2\/posts\/67210\/revisions\/67212"}],"wp:featuredmedia":[{"embeddable":true,"href":"http:\/\/www.grieta.org.mx\/index.php\/wp-json\/wp\/v2\/media\/67211"}],"wp:attachment":[{"href":"http:\/\/www.grieta.org.mx\/index.php\/wp-json\/wp\/v2\/media?parent=67210"}],"wp:term":[{"taxonomy":"category","embeddable":true,"href":"http:\/\/www.grieta.org.mx\/index.php\/wp-json\/wp\/v2\/categories?post=67210"},{"taxonomy":"post_tag","embeddable":true,"href":"http:\/\/www.grieta.org.mx\/index.php\/wp-json\/wp\/v2\/tags?post=67210"}],"curies":[{"name":"wp","href":"https:\/\/api.w.org\/{rel}","templated":true}]}}