{"id":67203,"date":"2023-07-10T10:36:40","date_gmt":"2023-07-10T16:36:40","guid":{"rendered":"https:\/\/www.grieta.org.mx\/?p=67203"},"modified":"2023-07-23T10:50:57","modified_gmt":"2023-07-23T16:50:57","slug":"periodistas-protestan-frente-a-la-segob-exigen-justicia-para-luis-martin-sanchez","status":"publish","type":"post","link":"http:\/\/www.grieta.org.mx\/index.php\/2023\/07\/10\/periodistas-protestan-frente-a-la-segob-exigen-justicia-para-luis-martin-sanchez\/","title":{"rendered":"Periodistas protestan frente a la Segob, exigen justicia para Luis Mart\u00edn S\u00e1nchez"},"content":{"rendered":"<p>Imagen:<\/p>\n<p>Periodistas y defensores de la libertad de expresi\u00f3n protestaron este 10 de julio a las afueras de la Secretar\u00eda de Gobernaci\u00f3n para exigir justicia y mayores medidas de protecci\u00f3n tras el reciente asesinato del periodista Luis Mart\u00edn S\u00e1nchez en Nayarit, as\u00ed como las desapariciones de otros dos comunicadores.<\/p>\n<p>Abraham Reyes Garc\u00eda \/ Somos el Medio<\/p>\n<p><strong>Ciudad de M\u00e9xico 10 de julio. \u2013<\/strong>\u00a0Periodistas y organizaciones no gubernamentales se manifestaron esta tarde en punto de las 19:00 hrs a las afueras de la Secretar\u00eda de Gobernaci\u00f3n para protestar por el asesinato de Luis Mart\u00edn S\u00e1nchez el pasado 8 de julio de 2023 en Nayarit, as\u00ed como la desaparici\u00f3n de Osiris Maldonado y Jonatan Lora ambos comunicadores. Por ello exigieron a las autoridades federales justicia por la violencia contra periodistas de esa entidad y todo el pa\u00eds.<\/p>\n<p>\u201c<strong><em>Nuevamente estamos aqu\u00ed reunidos por un asesinato m\u00e1s a un compa\u00f1ero, y nuevamente venimos a exigir aqu\u00ed a las autoridades federales que se haga justicia y que den con los responsables, intelectuales y materiales de estos hechos. Tuvimos secretarios de Gobernaci\u00f3n que fueron omisos y hasta ahora la Subsecretar\u00eda encargada de derechos humanos no ha dado respuesta, apelamos y exigimos a la nueva Secretaria de Gobernaci\u00f3n que d\u00e9 respuesta a estas demandas que hemos venido teniendo como gremio. Siempre lo hemos dicho, es una situaci\u00f3n de emergencia, la que se vive hoy en el gremio period\u00edstico, pero que refleja una situaci\u00f3n de emergencia que hay en el pa\u00eds, el n\u00famero de periodistas asesinados no tiene precedentes en M\u00e9xico<\/em><\/strong>\u201d dijo Jaime Guerrero<\/p>\n<p>Fue el pasado 8 de julio cuando la Fiscal\u00eda de General de Estado de Nayarit confirm\u00f3 el asesinato del periodista de La Jornada Luis Mart\u00edn S\u00e1nchez, mismo que hab\u00eda sido reportado como desaparecido el mi\u00e9rcoles 5 de julio. Su cuerpo fue hallado en la localidad de Ahuacate, en el municipio de Tepic, el cual ten\u00eda signos de tortura, adem\u00e1s tambi\u00e9n encontraron dos cartulinas escritas a mano.<\/p>\n<p>Es por ello que periodistas y organizaciones se manifestaron para exigir a las autoridades justicia por este hecho, adem\u00e1s exigieron a la secretaria de gobernaci\u00f3n Luisa Mar\u00eda Alcalde y a la Fiscal\u00eda General de Nayarit que tenga mayor consideraci\u00f3n y compromiso con la violencia que padecen los periodistas en M\u00e9xico.<\/p>\n<p><strong><em>\u201cExigimos protecci\u00f3n a periodistas. \u00a1Ni un muerto m\u00e1s por informar! El asesinato de nuestro colega Luis Mart\u00edn S\u00e1nchez no es un caso aislado, exigimos al gobierno de Nayarit, una investigaci\u00f3n exhaustiva y justicia para las v\u00edctimas\u2026 exigimos al gobierno de M\u00e9xico que implemente las medidas necesarias para salvaguardar la vida de las y los periodistas en M\u00e9xico<\/em><\/strong>\u201d dijo Alejandro Mel\u00e9ndez.<\/p>\n<p>En un comunicado le\u00eddo por una de las manifestantes, se exigi\u00f3 a las autoridades de los distintos niveles de gobierno, incluyendo al gobernador de la regi\u00f3n, el Presidente de la Rep\u00fablica, la alcaldesa y el alcaldes locales, as\u00ed como a la Fiscal\u00eda General del Estado y a la Fiscal\u00eda General de la Rep\u00fablica, que se realicen las investigaciones correspondientes en cada uno de los casos, tomando en cuenta la posible relaci\u00f3n con el ejercicio period\u00edstico de las personas desaparecidas. Asimismo, se solicit\u00f3 garantizar la seguridad de todas las personas que trabajan en los medios de comunicaci\u00f3n y de la poblaci\u00f3n en general en los 20 municipios de la regi\u00f3n.<\/p>\n<p>Asimismo, se hizo \u00e9nfasis en la necesidad de que las autoridades se pronuncien sobre estos hechos violentos para evitar especulaciones y revictimizaci\u00f3n de las personas involucradas. Adem\u00e1s, se insta a que se brinden garant\u00edas para acceder al derecho a la informaci\u00f3n, de manera que se mantenga informada a la opini\u00f3n p\u00fablica sobre los avances en las investigaciones, considerando que estos casos son de inter\u00e9s p\u00fablico.<\/p>\n<p>De acuerdo con Art\u00edculo 19 en M\u00e9xico hay una agresi\u00f3n a la prensa cada 14 horas, adem\u00e1s hasta el momento se han contabilizado 160 periodistas asesinados en el pa\u00eds en 23 a\u00f1os y que sus muertes est\u00e1n relacionadas con su labor. Es un hecho sin precedentes que es el pa\u00eds con mayor letalidad para este oficio, adem\u00e1s de que la mayor\u00eda de estos asesinatos se quedan en la impunidad.<\/p>\n<p>Tambi\u00e9n hicieron un llamado al gremio period\u00edstico a exigir mayor seguridad y condiciones de trabajo dignas a los due\u00f1os de los medios, ya que muchas veces estos no se hacen responsables de los da\u00f1os causados en esta labor que llevan los periodistas. Seg\u00fan datos proporcionados por los manifestantes en una encuesta el 47.5% no sabes si la empresa se har\u00e1 cargo de alg\u00fan siniestro en horario laboral. Adem\u00e1s, que muchos periodistas negaron tener al menos el seguro m\u00e9dico.<\/p>\n<p>Durante la protesta se solicit\u00f3 modificaciones al mecanismo de protecci\u00f3n a periodistas y defensores de derechos humanos, as\u00ed como investigaciones exhaustivas de todos los casos de violencia contra periodistas, porque hasta el momento no ha habido una respuesta satisfactoria por parte de las autoridades encargadas.<\/p>\n<p>Por \u00faltimo, se hizo un llamado a la unidad entre los periodistas y se pidi\u00f3 un esfuerzo conjunto para cambiar esta situaci\u00f3n. Se resalt\u00f3 la importancia de la solidaridad y la organizaci\u00f3n para lograr mejores condiciones laborales y de seguridad. Adem\u00e1s, se record\u00f3 que existen diversas organizaciones dispuestas a apoyar al gremio period\u00edstico en esta lucha.<\/p>\n<p><a href=\"https:\/\/www.somoselmedio.com\/periodistas-protestan-frente-a-la-segob-exigen-justicia-para-luis-martin-sanchez\/\">https:\/\/www.somoselmedio.com\/periodistas-protestan-frente-a-la-segob-exigen-justicia-para-luis-martin-sanchez\/<\/a><\/p>\n<p>&nbsp;<\/p>\n","protected":false},"excerpt":{"rendered":"<p>Imagen: Periodistas y defensores de la libertad de expresi\u00f3n protestaron este 10 de julio a las afueras de la Secretar\u00eda de Gobernaci\u00f3n para exigir justicia y mayores medidas de protecci\u00f3n &hellip; <a href=\"http:\/\/www.grieta.org.mx\/index.php\/2023\/07\/10\/periodistas-protestan-frente-a-la-segob-exigen-justicia-para-luis-martin-sanchez\/\" class=\"more-link\">Leer m\u00e1s<\/a><\/p>\n","protected":false},"author":2,"featured_media":67205,"comment_status":"closed","ping_status":"closed","sticky":false,"template":"","format":"standard","meta":{"ngg_post_thumbnail":0,"_jetpack_newsletter_access":"","_jetpack_dont_email_post_to_subs":false,"_jetpack_newsletter_tier_id":0,"_jetpack_memberships_contains_paywalled_content":false,"_jetpack_memberships_contains_paid_content":false,"footnotes":""},"categories":[80,23,2,83,88,2301],"tags":[1180,2263,2325,120],"class_list":["post-67203","post","type-post","status-publish","format-standard","has-post-thumbnail","hentry","category-cintillo","category-nayarit","category-noticias-nacionales","category-temas-nacionales","category-violencia-contra-periodistas","category-violencia-contra-periodistas-en-nayarit","tag-asesinato-de-periodistas","tag-hostigamiento-contra-periodistas","tag-protestas-contra-asesionato-de-periodistas","tag-violencia-contra-periodistas","entry"],"jetpack_featured_media_url":"http:\/\/www.grieta.org.mx\/wp-content\/uploads\/2023\/07\/photo1689054384.jpeg","jetpack_sharing_enabled":true,"jetpack_shortlink":"https:\/\/wp.me\/p7ZJR4-htV","jetpack_likes_enabled":false,"jetpack-related-posts":[{"id":67207,"url":"http:\/\/www.grieta.org.mx\/index.php\/2023\/07\/10\/se-manifiestan-periodistas-de-nayarit-frente-a-palacio-de-gobierno\/","url_meta":{"origin":67203,"position":0},"title":"Se manifiestan periodistas de Nayarit frente a Palacio de Gobierno","author":"grieta","date":"10 julio, 2023","format":false,"excerpt":"Imagen: El Sol de Nayarit Redacci\u00f3n \/ El Sol de Nayarit Luego del secuestro de tres comunicadores de Nayarit; uno de ellos asesinado, periodistas del estado se manifestaron este lunes para exigir justicia. Los comunicadores se plantaron con pancartas en mano frente a Palacio de Gobierno para exigir garant\u00edas y\u2026","rel":"","context":"En &quot;CINTILLO&quot;","block_context":{"text":"CINTILLO","link":"http:\/\/www.grieta.org.mx\/index.php\/category\/cintillo\/"},"img":{"alt_text":"","src":"https:\/\/i0.wp.com\/www.grieta.org.mx\/wp-content\/uploads\/2023\/07\/temp_nota_01_91915_17_20230710222412_11765d18ec2-0541-40b9-9091-7cfbd3a5b5c8.jpeg?resize=350%2C200","width":350,"height":200,"srcset":"https:\/\/i0.wp.com\/www.grieta.org.mx\/wp-content\/uploads\/2023\/07\/temp_nota_01_91915_17_20230710222412_11765d18ec2-0541-40b9-9091-7cfbd3a5b5c8.jpeg?resize=350%2C200 1x, https:\/\/i0.wp.com\/www.grieta.org.mx\/wp-content\/uploads\/2023\/07\/temp_nota_01_91915_17_20230710222412_11765d18ec2-0541-40b9-9091-7cfbd3a5b5c8.jpeg?resize=525%2C300 1.5x"},"classes":[]},{"id":63417,"url":"http:\/\/www.grieta.org.mx\/index.php\/2022\/02\/14\/protestan-periodistas-de-nayarit-por-los-multiples-asesinatos-de-colegas-en-mexico\/","url_meta":{"origin":67203,"position":1},"title":"Protestan periodistas de Nayarit por los m\u00faltiples asesinatos de colegas en M\u00e9xico","author":"grieta","date":"14 febrero, 2022","format":false,"excerpt":"Foto: El Sol de Nayarit Lucero Santa Anna\/El Sol de Nayarit Este 14 de Febrero, periodistas del estado de Nayarit alzaron la voz por segunda vez en lo que va del a\u00f1o 2022 para protestar por los m\u00faltiples asesinatos y agresiones a comunicadores en M\u00e9xico. En punto de las 5:00\u2026","rel":"","context":"En &quot;CINTILLO&quot;","block_context":{"text":"CINTILLO","link":"http:\/\/www.grieta.org.mx\/index.php\/category\/cintillo\/"},"img":{"alt_text":"","src":"https:\/\/i0.wp.com\/www.grieta.org.mx\/wp-content\/uploads\/2022\/02\/temp_nota_01_82663__2022021504323_117medios.jpg?resize=350%2C200","width":350,"height":200,"srcset":"https:\/\/i0.wp.com\/www.grieta.org.mx\/wp-content\/uploads\/2022\/02\/temp_nota_01_82663__2022021504323_117medios.jpg?resize=350%2C200 1x, https:\/\/i0.wp.com\/www.grieta.org.mx\/wp-content\/uploads\/2022\/02\/temp_nota_01_82663__2022021504323_117medios.jpg?resize=525%2C300 1.5x"},"classes":[]},{"id":67199,"url":"http:\/\/www.grieta.org.mx\/index.php\/2023\/07\/08\/en-acciones-distintas-desaparecen-a-3-comunicadores-en-nayarit-luis-martin-sanchez-iniguez-periodista-de-la-jornada-es-localizado-asesinadorit\/","url_meta":{"origin":67203,"position":2},"title":"En acciones distintas, desaparecen a 3 comunicadores en Nayarit; Luis Mart\u00edn S\u00e1nchez I\u00f1iguez periodista de La Jornada es localizado asesinado","author":"grieta","date":"8 julio, 2023","format":false,"excerpt":"Imagen: Tomada de la Red Miranda Chavarria \/ Somos el Medio Este s\u00e1bado 8 de julio, la Fiscal\u00eda General de Justicia del estado de Nayarit confirm\u00f3 el asesinato del corresponsal de La Jornada en esa entidad, Luis Mart\u00edn S\u00e1nchez, y se\u00f1al\u00f3 que el ataque est\u00e1 directamente relacionado con su labor\u2026","rel":"","context":"En &quot;CINTILLO&quot;","block_context":{"text":"CINTILLO","link":"http:\/\/www.grieta.org.mx\/index.php\/category\/cintillo\/"},"img":{"alt_text":"","src":"https:\/\/i0.wp.com\/www.grieta.org.mx\/wp-content\/uploads\/2023\/07\/Reportan-desaparicion-del-periodista-Luis-Martin-Sanchez-Iniguez-en-Nayarit.jpg?resize=350%2C200","width":350,"height":200,"srcset":"https:\/\/i0.wp.com\/www.grieta.org.mx\/wp-content\/uploads\/2023\/07\/Reportan-desaparicion-del-periodista-Luis-Martin-Sanchez-Iniguez-en-Nayarit.jpg?resize=350%2C200 1x, https:\/\/i0.wp.com\/www.grieta.org.mx\/wp-content\/uploads\/2023\/07\/Reportan-desaparicion-del-periodista-Luis-Martin-Sanchez-Iniguez-en-Nayarit.jpg?resize=525%2C300 1.5x, https:\/\/i0.wp.com\/www.grieta.org.mx\/wp-content\/uploads\/2023\/07\/Reportan-desaparicion-del-periodista-Luis-Martin-Sanchez-Iniguez-en-Nayarit.jpg?resize=700%2C400 2x"},"classes":[]},{"id":4180,"url":"http:\/\/www.grieta.org.mx\/index.php\/2015\/07\/27\/violencia-contra-periodistas-en-nayarit\/","url_meta":{"origin":67203,"position":3},"title":"Violencia contra periodistas en Nayarit","author":"grieta","date":"27 julio, 2015","format":false,"excerpt":"27\/07\/15. Denuncian acoso e inseguridad para periodistas en Nayarit Elecciones y agresiones 15\/05\/15. Periodista denuncia amenazas del gobierno de Nayarit Proceso","rel":"","context":"En &quot;nayarit&quot;","block_context":{"text":"nayarit","link":"http:\/\/www.grieta.org.mx\/index.php\/category\/nayarit\/"},"img":{"alt_text":"","src":"https:\/\/i0.wp.com\/www.grieta.org.mx\/wp-content\/uploads\/2018\/03\/14524434_1106112876131411_958039263622046936_o.jpg?resize=350%2C200","width":350,"height":200,"srcset":"https:\/\/i0.wp.com\/www.grieta.org.mx\/wp-content\/uploads\/2018\/03\/14524434_1106112876131411_958039263622046936_o.jpg?resize=350%2C200 1x, https:\/\/i0.wp.com\/www.grieta.org.mx\/wp-content\/uploads\/2018\/03\/14524434_1106112876131411_958039263622046936_o.jpg?resize=525%2C300 1.5x, https:\/\/i0.wp.com\/www.grieta.org.mx\/wp-content\/uploads\/2018\/03\/14524434_1106112876131411_958039263622046936_o.jpg?resize=700%2C400 2x"},"classes":[]},{"id":63211,"url":"http:\/\/www.grieta.org.mx\/index.php\/2022\/01\/26\/periodistas-nayaritas-se-unen-a-la-indignacion-nacional-por-el-asesinato-de-companeros\/","url_meta":{"origin":67203,"position":4},"title":"Periodistas nayaritas se unen a la indignaci\u00f3n nacional por el asesinato de compa\u00f1eros","author":"grieta","date":"26 enero, 2022","format":false,"excerpt":"Foto: Crys Ben\u00edtez Crys Ben\u00edtez \/ El Occidental Tepic, Nayarit (OEM-Informex).- Con la finalidad de exigir justicia y protecci\u00f3n a quienes ejercen la labor de informar, tras registrarse el asesinato de tres periodistas en lo que va del presente a\u00f1o, el \u00faltimo perpetrado este domingo en contra de Lourdes Maldonado\u2026","rel":"","context":"En &quot;CINTILLO&quot;","block_context":{"text":"CINTILLO","link":"http:\/\/www.grieta.org.mx\/index.php\/category\/cintillo\/"},"img":{"alt_text":"","src":"https:\/\/i0.wp.com\/www.grieta.org.mx\/wp-content\/uploads\/2022\/01\/El-gremio-de-pertiodistas-se-manifiesta-en-Nayarit.jpg?resize=350%2C200","width":350,"height":200,"srcset":"https:\/\/i0.wp.com\/www.grieta.org.mx\/wp-content\/uploads\/2022\/01\/El-gremio-de-pertiodistas-se-manifiesta-en-Nayarit.jpg?resize=350%2C200 1x, https:\/\/i0.wp.com\/www.grieta.org.mx\/wp-content\/uploads\/2022\/01\/El-gremio-de-pertiodistas-se-manifiesta-en-Nayarit.jpg?resize=525%2C300 1.5x, https:\/\/i0.wp.com\/www.grieta.org.mx\/wp-content\/uploads\/2022\/01\/El-gremio-de-pertiodistas-se-manifiesta-en-Nayarit.jpg?resize=700%2C400 2x"},"classes":[]},{"id":47373,"url":"http:\/\/www.grieta.org.mx\/index.php\/2020\/03\/31\/exigen-un-alto-a-violencia-contra-periodistas-tras-asesinato-en-veracruz-video\/","url_meta":{"origin":67203,"position":5},"title":"Exigen un alto a violencia contra periodistas tras asesinato en Veracruz | Video","author":"Admin","date":"31 marzo, 2020","format":false,"excerpt":"Redacci\u00f3n \/ Aristegui Noticias El periodista \u00c9dgar Escamilla informa que Mar\u00eda Elena Ferral ten\u00eda 30 a\u00f1os informando en los municipios de la zona totonaca, donde se dedic\u00f3 a la cobertura de las manifestaciones y exigencias que se registraban en la zona. Informa desde la protesta por el asesinato de la\u2026","rel":"","context":"En &quot;CINTILLO&quot;","block_context":{"text":"CINTILLO","link":"http:\/\/www.grieta.org.mx\/index.php\/category\/cintillo\/"},"img":{"alt_text":"","src":"https:\/\/i0.wp.com\/www.grieta.org.mx\/wp-content\/uploads\/2020\/04\/Screenshot_2020-04-07-Exigen-un-alto-a-violencia-contra-periodistas-tras-asesinato-en-Veracruz-Video.png?resize=350%2C200","width":350,"height":200,"srcset":"https:\/\/i0.wp.com\/www.grieta.org.mx\/wp-content\/uploads\/2020\/04\/Screenshot_2020-04-07-Exigen-un-alto-a-violencia-contra-periodistas-tras-asesinato-en-Veracruz-Video.png?resize=350%2C200 1x, https:\/\/i0.wp.com\/www.grieta.org.mx\/wp-content\/uploads\/2020\/04\/Screenshot_2020-04-07-Exigen-un-alto-a-violencia-contra-periodistas-tras-asesinato-en-Veracruz-Video.png?resize=525%2C300 1.5x"},"classes":[]}],"_links":{"self":[{"href":"http:\/\/www.grieta.org.mx\/index.php\/wp-json\/wp\/v2\/posts\/67203","targetHints":{"allow":["GET"]}}],"collection":[{"href":"http:\/\/www.grieta.org.mx\/index.php\/wp-json\/wp\/v2\/posts"}],"about":[{"href":"http:\/\/www.grieta.org.mx\/index.php\/wp-json\/wp\/v2\/types\/post"}],"author":[{"embeddable":true,"href":"http:\/\/www.grieta.org.mx\/index.php\/wp-json\/wp\/v2\/users\/2"}],"replies":[{"embeddable":true,"href":"http:\/\/www.grieta.org.mx\/index.php\/wp-json\/wp\/v2\/comments?post=67203"}],"version-history":[{"count":1,"href":"http:\/\/www.grieta.org.mx\/index.php\/wp-json\/wp\/v2\/posts\/67203\/revisions"}],"predecessor-version":[{"id":67206,"href":"http:\/\/www.grieta.org.mx\/index.php\/wp-json\/wp\/v2\/posts\/67203\/revisions\/67206"}],"wp:featuredmedia":[{"embeddable":true,"href":"http:\/\/www.grieta.org.mx\/index.php\/wp-json\/wp\/v2\/media\/67205"}],"wp:attachment":[{"href":"http:\/\/www.grieta.org.mx\/index.php\/wp-json\/wp\/v2\/media?parent=67203"}],"wp:term":[{"taxonomy":"category","embeddable":true,"href":"http:\/\/www.grieta.org.mx\/index.php\/wp-json\/wp\/v2\/categories?post=67203"},{"taxonomy":"post_tag","embeddable":true,"href":"http:\/\/www.grieta.org.mx\/index.php\/wp-json\/wp\/v2\/tags?post=67203"}],"curies":[{"name":"wp","href":"https:\/\/api.w.org\/{rel}","templated":true}]}}